{"id":80042,"date":"2021-11-11T16:40:59","date_gmt":"2021-11-11T15:40:59","guid":{"rendered":"https:\/\/www.copealcoy.es\/?p=80042"},"modified":"2021-11-11T17:08:17","modified_gmt":"2021-11-11T16:08:17","slug":"rodes-comenca-a-ser-una-realitat","status":"publish","type":"post","link":"https:\/\/www.copealcoy.es\/es\/rodes-comenca-a-ser-una-realitat\/","title":{"rendered":"Rodes comen\u00e7a a ser una realitat"},"content":{"rendered":"<p style=\"text-align: justify;\">Les <strong>obres per a la conversi\u00f3 de l&#8217;illa de Rodes en Parc Tecnol\u00f2gic-Sociocultural<\/strong> han comen\u00e7at aquesta mateixa setmana i <strong>les m\u00e0quines ja estan dins del recinte<\/strong> per tal de <strong>comen\u00e7ar a fer els primers enderrocaments<\/strong>. Aquests treballs, adjudicats a <strong>la\u00a0<span class=\"hiddenSpellError\">UTE<\/span>\u00a0de V\u00edctor Tormo S.L. i\u00a0<span class=\"hiddenSpellError\">Eladio<\/span>\u00a0Silvestre S.A.<\/strong>, tenen un termini d&#8217;execuci\u00f3 de <strong>vint-i-vuit mesos<\/strong> segons ha recordat en aquest dijous l&#8217;Ajuntament d&#8217;Alcoi.<\/p>\n<p style=\"text-align: justify;\">L&#8217;alcalde <strong>ha visitat aquest mat\u00ed l&#8217;inici de la intervenci\u00f3<\/strong> i ha destacat <strong>els usos que tindran els diferents espais de Rodes<\/strong>. En aquest sentit ha destacat que <strong>els edificis amb entrada des del carrer Vistabella<\/strong> tindran un car\u00e0cter cultural, aix\u00ed com social per als ve\u00efns del barri, mentre que <strong>les naus de la part central<\/strong> acolliran tota mena d&#8217;activitats relacionades amb l&#8217;economia, l&#8217;empresa, la formaci\u00f3 o les noves tecnologies. Seguidament <strong>la part pr\u00f2xima a Cervantes<\/strong> donar\u00e0 cabuda a empreses tecnol\u00f2giques, Districte Digital, les start-ups del Campus d&#8217;Alcoi de la UPV i les firmes de nova creaci\u00f3. A tot a\u00e7\u00f2 se li sumar\u00e0<strong> la seu del Centre de Desenvolupament Tur\u00edstic d&#8217;Interior (<span class=\"hiddenSpellError\">CDTi<\/span>)<\/strong> i <strong>la transformaci\u00f3 dels dos edificis del carrer Tibi<\/strong> per a empla\u00e7ar all\u00ed serveis administratius, oficines municipals, espai per a emprenedors i fins i tot habitatges temporals per al fet que aquests \u00faltims puguen residir a la nostra ciutat mentre desenvolupen el seu projecte &#8220;<em>estem davant el projecte m\u00e9s important de les \u00faltimes d\u00e8cades a Alcoi, una iniciativa que ser\u00e0 tamb\u00e9 un referent per a tota la Comunitat Valenciana. M\u00e9s de 250 professionals de diferents oficis treballen des de ja mateix en les obres d&#8217;aquest edifici i, si a aix\u00f2 se sumen les futures obres d&#8217;implantaci\u00f3 del\u00a0<span class=\"hiddenSpellError\">CDTi<\/span>\u00a0i la recuperaci\u00f3 dels habitatges del carrer Tibi, podem afirmar que en dos anys seran m\u00e9s de 400 els treballadors que contribuiran a fer realitat aquest gran projecte<\/em>&#8220;, ha dit T<strong>oni Franc\u00e9s<\/strong> al respecte.<\/p>\n<p style=\"text-align: justify;\">Aquesta fase inicial de Rodes t\u00e9 un cost de <strong>7 milions d&#8217;euros<\/strong> i d&#8217;aquests\u00a0<strong>2,6\u00a0els aporta la Generalitat Valenciana<\/strong>, <strong>la meitat la Uni\u00f3 Europea<\/strong>, a trav\u00e9s dels Fons Europeus de Desenvolupament Regional (FEDER); i <strong>els 900.000 restants l&#8217;Ajuntament d&#8217;Alcoi<\/strong>. A tot a\u00e7\u00f2 cal sumar\u00a0<strong>2,2\u00a0milions d&#8217;euros tamb\u00e9 del Consell<\/strong>, a trav\u00e9s de l&#8217;Ag\u00e8ncia Valenciana de Turisme, per a fer possible el\u00a0<span class=\"hiddenSpellError\">CDTi<\/span>. Finalment <strong>l&#8217;adequaci\u00f3\u00a0dels edificis del carrer Tibi tindr\u00e0 un cost de\u00a02,3\u00a0milions d&#8217;euros<\/strong>, dels quals <strong>la Diputaci\u00f3 d&#8217;Alacant<\/strong> aportar\u00e0 el 45% i <strong>l&#8217;Ajuntament d&#8217;Alcoi<\/strong> el 55%.<\/p>\n","protected":false},"excerpt":{"rendered":"<p>Les obres per a la conversi\u00f3 de l&#8217;illa de Rodes en Parc Tecnol\u00f2gic-Sociocultural han comen\u00e7at aquesta mateixa setmana i les&#8230;<\/p>\n","protected":false},"author":1,"featured_media":80043,"comment_status":"open","ping_status":"open","sticky":false,"template":"","format":"standard","meta":{"footnotes":""},"categories":[97,75,79],"tags":[9963,7770,7728,7791,803,681],"class_list":["post-80042","post","type-post","status-publish","format-standard","has-post-thumbnail","hentry","category-alcoy","category-noticias","category-politicayeconomia","tag-inici","tag-obres","tag-projecte","tag-rehabilitacio","tag-rodes","tag-toni-frances"],"yoast_head":"<!-- This site is optimized with the Yoast SEO plugin v27.3 - https:\/\/yoast.com\/product\/yoast-seo-wordpress\/ -->\n<title>Rodes comen\u00e7a a ser una realitat - COPE Alcoy<\/title>\n<meta name=\"robots\" content=\"index, follow, max-snippet:-1, max-image-preview:large, max-video-preview:-1\" \/>\n<link rel=\"canonical\" href=\"https:\/\/www.copealcoy.es\/es\/rodes-comenca-a-ser-una-realitat\/\" \/>\n<meta property=\"og:locale\" content=\"es_ES\" \/>\n<meta property=\"og:type\" content=\"article\" \/>\n<meta property=\"og:title\" content=\"Rodes comen\u00e7a a ser una realitat - COPE Alcoy\" \/>\n<meta property=\"og:description\" content=\"Les obres per a la conversi\u00f3 de l&#8217;illa de Rodes en Parc Tecnol\u00f2gic-Sociocultural han comen\u00e7at aquesta mateixa setmana i les...\" \/>\n<meta property=\"og:url\" content=\"https:\/\/www.copealcoy.es\/es\/rodes-comenca-a-ser-una-realitat\/\" \/>\n<meta property=\"og:site_name\" content=\"COPE Alcoy\" \/>\n<meta property=\"article:published_time\" content=\"2021-11-11T15:40:59+00:00\" \/>\n<meta property=\"article:modified_time\" content=\"2021-11-11T16:08:17+00:00\" \/>\n<meta property=\"og:image\" content=\"https:\/\/www.copealcoy.es\/wp-content\/uploads\/2021\/11\/254685362_2549234155220054_7266906549329157024_n.jpg\" \/>\n\t<meta property=\"og:image:width\" content=\"1440\" \/>\n\t<meta property=\"og:image:height\" content=\"1078\" \/>\n\t<meta property=\"og:image:type\" content=\"image\/jpeg\" \/>\n<meta name=\"author\" content=\"Cope Alcoy\" \/>\n<meta name=\"twitter:label1\" content=\"Escrito por\" \/>\n\t<meta name=\"twitter:data1\" content=\"Cope Alcoy\" \/>\n\t<meta name=\"twitter:label2\" content=\"Tiempo de lectura\" \/>\n\t<meta name=\"twitter:data2\" content=\"2 minutos\" \/>\n<script type=\"application\/ld+json\" class=\"yoast-schema-graph\">{\"@context\":\"https:\\\/\\\/schema.org\",\"@graph\":[{\"@type\":\"Article\",\"@id\":\"https:\\\/\\\/www.copealcoy.es\\\/es\\\/rodes-comenca-a-ser-una-realitat\\\/#article\",\"isPartOf\":{\"@id\":\"https:\\\/\\\/www.copealcoy.es\\\/es\\\/rodes-comenca-a-ser-una-realitat\\\/\"},\"author\":{\"name\":\"Cope Alcoy\",\"@id\":\"https:\\\/\\\/www.copealcoy.es\\\/es\\\/#\\\/schema\\\/person\\\/e777c87fa024e57d40170af9df39882c\"},\"headline\":\"Rodes comen\u00e7a a ser una realitat\",\"datePublished\":\"2021-11-11T15:40:59+00:00\",\"dateModified\":\"2021-11-11T16:08:17+00:00\",\"mainEntityOfPage\":{\"@id\":\"https:\\\/\\\/www.copealcoy.es\\\/es\\\/rodes-comenca-a-ser-una-realitat\\\/\"},\"wordCount\":441,\"commentCount\":0,\"image\":{\"@id\":\"https:\\\/\\\/www.copealcoy.es\\\/es\\\/rodes-comenca-a-ser-una-realitat\\\/#primaryimage\"},\"thumbnailUrl\":\"https:\\\/\\\/www.copealcoy.es\\\/wp-content\\\/uploads\\\/2021\\\/11\\\/254685362_2549234155220054_7266906549329157024_n.jpg\",\"keywords\":[\"inici\",\"obres\",\"projecte\",\"Rehabilitaci\u00f3\",\"Rodes\",\"Toni Franc\u00e9s\"],\"articleSection\":[\"Alcoy\",\"Noticias\",\"Pol\u00edtica y Econom\u00eda\"],\"inLanguage\":\"es\"},{\"@type\":\"WebPage\",\"@id\":\"https:\\\/\\\/www.copealcoy.es\\\/es\\\/rodes-comenca-a-ser-una-realitat\\\/\",\"url\":\"https:\\\/\\\/www.copealcoy.es\\\/es\\\/rodes-comenca-a-ser-una-realitat\\\/\",\"name\":\"Rodes comen\u00e7a a ser una realitat - COPE Alcoy\",\"isPartOf\":{\"@id\":\"https:\\\/\\\/www.copealcoy.es\\\/es\\\/#website\"},\"primaryImageOfPage\":{\"@id\":\"https:\\\/\\\/www.copealcoy.es\\\/es\\\/rodes-comenca-a-ser-una-realitat\\\/#primaryimage\"},\"image\":{\"@id\":\"https:\\\/\\\/www.copealcoy.es\\\/es\\\/rodes-comenca-a-ser-una-realitat\\\/#primaryimage\"},\"thumbnailUrl\":\"https:\\\/\\\/www.copealcoy.es\\\/wp-content\\\/uploads\\\/2021\\\/11\\\/254685362_2549234155220054_7266906549329157024_n.jpg\",\"datePublished\":\"2021-11-11T15:40:59+00:00\",\"dateModified\":\"2021-11-11T16:08:17+00:00\",\"author\":{\"@id\":\"https:\\\/\\\/www.copealcoy.es\\\/es\\\/#\\\/schema\\\/person\\\/e777c87fa024e57d40170af9df39882c\"},\"breadcrumb\":{\"@id\":\"https:\\\/\\\/www.copealcoy.es\\\/es\\\/rodes-comenca-a-ser-una-realitat\\\/#breadcrumb\"},\"inLanguage\":\"es\",\"potentialAction\":[{\"@type\":\"ReadAction\",\"target\":[\"https:\\\/\\\/www.copealcoy.es\\\/es\\\/rodes-comenca-a-ser-una-realitat\\\/\"]}]},{\"@type\":\"ImageObject\",\"inLanguage\":\"es\",\"@id\":\"https:\\\/\\\/www.copealcoy.es\\\/es\\\/rodes-comenca-a-ser-una-realitat\\\/#primaryimage\",\"url\":\"https:\\\/\\\/www.copealcoy.es\\\/wp-content\\\/uploads\\\/2021\\\/11\\\/254685362_2549234155220054_7266906549329157024_n.jpg\",\"contentUrl\":\"https:\\\/\\\/www.copealcoy.es\\\/wp-content\\\/uploads\\\/2021\\\/11\\\/254685362_2549234155220054_7266906549329157024_n.jpg\",\"width\":1440,\"height\":1078},{\"@type\":\"BreadcrumbList\",\"@id\":\"https:\\\/\\\/www.copealcoy.es\\\/es\\\/rodes-comenca-a-ser-una-realitat\\\/#breadcrumb\",\"itemListElement\":[{\"@type\":\"ListItem\",\"position\":1,\"name\":\"Portada\",\"item\":\"https:\\\/\\\/www.copealcoy.es\\\/es\\\/\"},{\"@type\":\"ListItem\",\"position\":2,\"name\":\"Rodes comen\u00e7a a ser una realitat\"}]},{\"@type\":\"WebSite\",\"@id\":\"https:\\\/\\\/www.copealcoy.es\\\/es\\\/#website\",\"url\":\"https:\\\/\\\/www.copealcoy.es\\\/es\\\/\",\"name\":\"COPE Alcoy\",\"description\":\"Emisora COPE de radio local con emisi\u00f3n online. Pont de Sant Jordi 8-10 03803 Alcoy\",\"potentialAction\":[{\"@type\":\"SearchAction\",\"target\":{\"@type\":\"EntryPoint\",\"urlTemplate\":\"https:\\\/\\\/www.copealcoy.es\\\/es\\\/?s={search_term_string}\"},\"query-input\":{\"@type\":\"PropertyValueSpecification\",\"valueRequired\":true,\"valueName\":\"search_term_string\"}}],\"inLanguage\":\"es\"},{\"@type\":\"Person\",\"@id\":\"https:\\\/\\\/www.copealcoy.es\\\/es\\\/#\\\/schema\\\/person\\\/e777c87fa024e57d40170af9df39882c\",\"name\":\"Cope Alcoy\",\"image\":{\"@type\":\"ImageObject\",\"inLanguage\":\"es\",\"@id\":\"https:\\\/\\\/secure.gravatar.com\\\/avatar\\\/bb65d0283347e303893ba14f0692005417c1e0e690a325a4c5d8bb2b3943ee14?s=96&d=mm&r=g\",\"url\":\"https:\\\/\\\/secure.gravatar.com\\\/avatar\\\/bb65d0283347e303893ba14f0692005417c1e0e690a325a4c5d8bb2b3943ee14?s=96&d=mm&r=g\",\"contentUrl\":\"https:\\\/\\\/secure.gravatar.com\\\/avatar\\\/bb65d0283347e303893ba14f0692005417c1e0e690a325a4c5d8bb2b3943ee14?s=96&d=mm&r=g\",\"caption\":\"Cope Alcoy\"}}]}<\/script>\n<!-- \/ Yoast SEO plugin. -->","yoast_head_json":{"title":"Rodes comen\u00e7a a ser una realitat - COPE Alcoy","robots":{"index":"index","follow":"follow","max-snippet":"max-snippet:-1","max-image-preview":"max-image-preview:large","max-video-preview":"max-video-preview:-1"},"canonical":"https:\/\/www.copealcoy.es\/es\/rodes-comenca-a-ser-una-realitat\/","og_locale":"es_ES","og_type":"article","og_title":"Rodes comen\u00e7a a ser una realitat - COPE Alcoy","og_description":"Les obres per a la conversi\u00f3 de l&#8217;illa de Rodes en Parc Tecnol\u00f2gic-Sociocultural han comen\u00e7at aquesta mateixa setmana i les...","og_url":"https:\/\/www.copealcoy.es\/es\/rodes-comenca-a-ser-una-realitat\/","og_site_name":"COPE Alcoy","article_published_time":"2021-11-11T15:40:59+00:00","article_modified_time":"2021-11-11T16:08:17+00:00","og_image":[{"width":1440,"height":1078,"url":"https:\/\/www.copealcoy.es\/wp-content\/uploads\/2021\/11\/254685362_2549234155220054_7266906549329157024_n.jpg","type":"image\/jpeg"}],"author":"Cope Alcoy","twitter_misc":{"Escrito por":"Cope Alcoy","Tiempo de lectura":"2 minutos"},"schema":{"@context":"https:\/\/schema.org","@graph":[{"@type":"Article","@id":"https:\/\/www.copealcoy.es\/es\/rodes-comenca-a-ser-una-realitat\/#article","isPartOf":{"@id":"https:\/\/www.copealcoy.es\/es\/rodes-comenca-a-ser-una-realitat\/"},"author":{"name":"Cope Alcoy","@id":"https:\/\/www.copealcoy.es\/es\/#\/schema\/person\/e777c87fa024e57d40170af9df39882c"},"headline":"Rodes comen\u00e7a a ser una realitat","datePublished":"2021-11-11T15:40:59+00:00","dateModified":"2021-11-11T16:08:17+00:00","mainEntityOfPage":{"@id":"https:\/\/www.copealcoy.es\/es\/rodes-comenca-a-ser-una-realitat\/"},"wordCount":441,"commentCount":0,"image":{"@id":"https:\/\/www.copealcoy.es\/es\/rodes-comenca-a-ser-una-realitat\/#primaryimage"},"thumbnailUrl":"https:\/\/www.copealcoy.es\/wp-content\/uploads\/2021\/11\/254685362_2549234155220054_7266906549329157024_n.jpg","keywords":["inici","obres","projecte","Rehabilitaci\u00f3","Rodes","Toni Franc\u00e9s"],"articleSection":["Alcoy","Noticias","Pol\u00edtica y Econom\u00eda"],"inLanguage":"es"},{"@type":"WebPage","@id":"https:\/\/www.copealcoy.es\/es\/rodes-comenca-a-ser-una-realitat\/","url":"https:\/\/www.copealcoy.es\/es\/rodes-comenca-a-ser-una-realitat\/","name":"Rodes comen\u00e7a a ser una realitat - COPE Alcoy","isPartOf":{"@id":"https:\/\/www.copealcoy.es\/es\/#website"},"primaryImageOfPage":{"@id":"https:\/\/www.copealcoy.es\/es\/rodes-comenca-a-ser-una-realitat\/#primaryimage"},"image":{"@id":"https:\/\/www.copealcoy.es\/es\/rodes-comenca-a-ser-una-realitat\/#primaryimage"},"thumbnailUrl":"https:\/\/www.copealcoy.es\/wp-content\/uploads\/2021\/11\/254685362_2549234155220054_7266906549329157024_n.jpg","datePublished":"2021-11-11T15:40:59+00:00","dateModified":"2021-11-11T16:08:17+00:00","author":{"@id":"https:\/\/www.copealcoy.es\/es\/#\/schema\/person\/e777c87fa024e57d40170af9df39882c"},"breadcrumb":{"@id":"https:\/\/www.copealcoy.es\/es\/rodes-comenca-a-ser-una-realitat\/#breadcrumb"},"inLanguage":"es","potentialAction":[{"@type":"ReadAction","target":["https:\/\/www.copealcoy.es\/es\/rodes-comenca-a-ser-una-realitat\/"]}]},{"@type":"ImageObject","inLanguage":"es","@id":"https:\/\/www.copealcoy.es\/es\/rodes-comenca-a-ser-una-realitat\/#primaryimage","url":"https:\/\/www.copealcoy.es\/wp-content\/uploads\/2021\/11\/254685362_2549234155220054_7266906549329157024_n.jpg","contentUrl":"https:\/\/www.copealcoy.es\/wp-content\/uploads\/2021\/11\/254685362_2549234155220054_7266906549329157024_n.jpg","width":1440,"height":1078},{"@type":"BreadcrumbList","@id":"https:\/\/www.copealcoy.es\/es\/rodes-comenca-a-ser-una-realitat\/#breadcrumb","itemListElement":[{"@type":"ListItem","position":1,"name":"Portada","item":"https:\/\/www.copealcoy.es\/es\/"},{"@type":"ListItem","position":2,"name":"Rodes comen\u00e7a a ser una realitat"}]},{"@type":"WebSite","@id":"https:\/\/www.copealcoy.es\/es\/#website","url":"https:\/\/www.copealcoy.es\/es\/","name":"COPE Alcoy","description":"Emisora COPE de radio local con emisi\u00f3n online. Pont de Sant Jordi 8-10 03803 Alcoy","potentialAction":[{"@type":"SearchAction","target":{"@type":"EntryPoint","urlTemplate":"https:\/\/www.copealcoy.es\/es\/?s={search_term_string}"},"query-input":{"@type":"PropertyValueSpecification","valueRequired":true,"valueName":"search_term_string"}}],"inLanguage":"es"},{"@type":"Person","@id":"https:\/\/www.copealcoy.es\/es\/#\/schema\/person\/e777c87fa024e57d40170af9df39882c","name":"Cope Alcoy","image":{"@type":"ImageObject","inLanguage":"es","@id":"https:\/\/secure.gravatar.com\/avatar\/bb65d0283347e303893ba14f0692005417c1e0e690a325a4c5d8bb2b3943ee14?s=96&d=mm&r=g","url":"https:\/\/secure.gravatar.com\/avatar\/bb65d0283347e303893ba14f0692005417c1e0e690a325a4c5d8bb2b3943ee14?s=96&d=mm&r=g","contentUrl":"https:\/\/secure.gravatar.com\/avatar\/bb65d0283347e303893ba14f0692005417c1e0e690a325a4c5d8bb2b3943ee14?s=96&d=mm&r=g","caption":"Cope Alcoy"}}]}},"_links":{"self":[{"href":"https:\/\/www.copealcoy.es\/es\/wp-json\/wp\/v2\/posts\/80042","targetHints":{"allow":["GET"]}}],"collection":[{"href":"https:\/\/www.copealcoy.es\/es\/wp-json\/wp\/v2\/posts"}],"about":[{"href":"https:\/\/www.copealcoy.es\/es\/wp-json\/wp\/v2\/types\/post"}],"author":[{"embeddable":true,"href":"https:\/\/www.copealcoy.es\/es\/wp-json\/wp\/v2\/users\/1"}],"replies":[{"embeddable":true,"href":"https:\/\/www.copealcoy.es\/es\/wp-json\/wp\/v2\/comments?post=80042"}],"version-history":[{"count":0,"href":"https:\/\/www.copealcoy.es\/es\/wp-json\/wp\/v2\/posts\/80042\/revisions"}],"wp:featuredmedia":[{"embeddable":true,"href":"https:\/\/www.copealcoy.es\/es\/wp-json\/wp\/v2\/media\/80043"}],"wp:attachment":[{"href":"https:\/\/www.copealcoy.es\/es\/wp-json\/wp\/v2\/media?parent=80042"}],"wp:term":[{"taxonomy":"category","embeddable":true,"href":"https:\/\/www.copealcoy.es\/es\/wp-json\/wp\/v2\/categories?post=80042"},{"taxonomy":"post_tag","embeddable":true,"href":"https:\/\/www.copealcoy.es\/es\/wp-json\/wp\/v2\/tags?post=80042"}],"curies":[{"name":"wp","href":"https:\/\/api.w.org\/{rel}","templated":true}]}}