{"id":79846,"date":"2021-11-08T09:31:15","date_gmt":"2021-11-08T08:31:15","guid":{"rendered":"https:\/\/www.copealcoy.es\/?p=79846"},"modified":"2021-11-08T15:48:18","modified_gmt":"2021-11-08T14:48:18","slug":"brillante-colofon-para-la-675-edicion-de-la-fira-de-tots-sants","status":"publish","type":"post","link":"https:\/\/www.copealcoy.es\/es\/brillante-colofon-para-la-675-edicion-de-la-fira-de-tots-sants\/","title":{"rendered":"Brillante colof\u00f3n para la 675 edici\u00f3n de la Fira de Tots Sants"},"content":{"rendered":"<p style=\"text-align: justify;\">La <strong>675 edici\u00f3n de la Fira de Tots Sants de Cocentaina<\/strong> ya es historia despu\u00e9s de que anoche <strong>se pusiese el punto y final a la misma<\/strong> con un <strong>gran espect\u00e1culo a cargo de la &#8216;Colla Dimonis Rafolins&#8217; de l&#8217;Alqueria d&#8217;Asnar<\/strong>. En las <strong>pistas polideportivas del IES Pare Arques<\/strong> se pudo ver <strong>&#8216;El Somni de Posid\u00f3&#8217;<\/strong>, una <strong>impresionante puesta en escena<\/strong> que combin\u00f3 <strong>danza, m\u00fasica en directo, proyecciones audiovisuales, grandes figuras y pirotecnia<\/strong>. De esta forma se puso <strong>un brillante colof\u00f3n<\/strong> a una edici\u00f3n de la Fira que <strong>ha vuelto a ser hist\u00f3rica<\/strong> ya que se adaptado a la pandemia del Coronavirus, ha vuelto a la calle tras los meses m\u00e1s duros de la crisis sanitaria y se ha llevado a cabo en dos fines de semana consecutivos.<\/p>\n<p style=\"text-align: justify;\">A falta del balance final de cifras, hay que destacar que <strong>la asistencia a la Fira ha vuelto a rozar el medio mill\u00f3n de visitantes<\/strong>. En el<strong> primer fin de semana<\/strong> fueron m\u00e1s de <strong>360.000 asistentes<\/strong> mientras que <strong>en este<\/strong>, <strong>hasta \u00faltima hora del s\u00e1bado<\/strong>, hab\u00edan sido unas <strong>114.000 las personas<\/strong> que hab\u00edan acudido hasta Cocentaina para disfrutar de la oferta del centenario evento. A ellos hay que sumar<strong> los que asistieron ayer domingo<\/strong>, un d\u00eda que <strong>fue multitudinario desde primera hora de la ma\u00f1ana<\/strong> &#8220;<em>estamos muy satisfechas por el desarrollo que ha tenido esta Fira y a partir de ahora se tendr\u00e1n que analizar con detalle todos los cambios aplicados para tomar decisiones de cara al futuro as\u00ed como la 676 edici\u00f3n. Esta Fira ha marcado un antes y\u00a0 un despu\u00e9s<\/em>&#8220;, dijo ayer por la ma\u00f1ana en COPE ALCOY la alcaldesa contestana; <strong>Mireia Estepa<\/strong>. Tambi\u00e9n la edil de Fira <strong>alababa el trabajo hecho por la organizaci\u00f3n para desmontar y montar todo el engranaje durante quince d\u00edas<\/strong> &#8220;<em>ha sido de r\u00e9cord pero hemos superado la prueba de fuego con nota. A partir de ma\u00f1ana se agilizar\u00e1 al m\u00e1ximo el desmontaje, despu\u00e9s entrar\u00e1 en funcionamiento el dispositivo de limpieza y esperamos que todo el pueblo vuelva a la normalidad el martes a mediod\u00eda<\/em>&#8220;, apunt\u00f3 <strong>Eugenia Miguel<\/strong>.<\/p>\n<p style=\"text-align: justify;\">La Fira, aunque ha culminado la actividad comercial en la calle, <strong>a\u00fan no ha cerrado definitivamente su programaci\u00f3n<\/strong>. Quedan citas culturales por delante como <strong>la 41 edici\u00f3n del Certamen Coral<\/strong> el s\u00e1bado 13 de noviembre y <strong>el fallo del Aove Forum Internacional<\/strong> del d\u00eda 27.<\/p>\n","protected":false},"excerpt":{"rendered":"<p>La 675 edici\u00f3n de la Fira de Tots Sants de Cocentaina ya es historia despu\u00e9s de que anoche se pusiese&#8230;<\/p>\n","protected":false},"author":1,"featured_media":79847,"comment_status":"open","ping_status":"open","sticky":false,"template":"","format":"standard","meta":{"footnotes":""},"categories":[6909,98,75,125],"tags":[11848,430,5793,132,635],"class_list":["post-79846","post","type-post","status-publish","format-standard","has-post-thumbnail","hentry","category-actualidad","category-comarcas","category-noticias","category-portada","tag-675-edicion","tag-balance","tag-brillante-colofon","tag-cocentaina","tag-fira-de-tots-sants"],"yoast_head":"<!-- This site is optimized with the Yoast SEO plugin v27.3 - https:\/\/yoast.com\/product\/yoast-seo-wordpress\/ -->\n<title>Brillante colof\u00f3n para la 675 edici\u00f3n de la Fira de Tots Sants - COPE Alcoy<\/title>\n<meta name=\"robots\" content=\"index, follow, max-snippet:-1, max-image-preview:large, max-video-preview:-1\" \/>\n<link rel=\"canonical\" href=\"https:\/\/www.copealcoy.es\/es\/brillante-colofon-para-la-675-edicion-de-la-fira-de-tots-sants\/\" \/>\n<meta property=\"og:locale\" content=\"es_ES\" \/>\n<meta property=\"og:type\" content=\"article\" \/>\n<meta property=\"og:title\" content=\"Brillante colof\u00f3n para la 675 edici\u00f3n de la Fira de Tots Sants - COPE Alcoy\" \/>\n<meta property=\"og:description\" content=\"La 675 edici\u00f3n de la Fira de Tots Sants de Cocentaina ya es historia despu\u00e9s de que anoche se pusiese...\" \/>\n<meta property=\"og:url\" content=\"https:\/\/www.copealcoy.es\/es\/brillante-colofon-para-la-675-edicion-de-la-fira-de-tots-sants\/\" \/>\n<meta property=\"og:site_name\" content=\"COPE Alcoy\" \/>\n<meta property=\"article:published_time\" content=\"2021-11-08T08:31:15+00:00\" \/>\n<meta property=\"article:modified_time\" content=\"2021-11-08T14:48:18+00:00\" \/>\n<meta property=\"og:image\" content=\"https:\/\/www.copealcoy.es\/wp-content\/uploads\/2021\/11\/254301725_2546192332190903_2675229573346813962_n.jpg\" \/>\n\t<meta property=\"og:image:width\" content=\"1440\" \/>\n\t<meta property=\"og:image:height\" content=\"960\" \/>\n\t<meta property=\"og:image:type\" content=\"image\/jpeg\" \/>\n<meta name=\"author\" content=\"Cope Alcoy\" \/>\n<meta name=\"twitter:label1\" content=\"Escrito por\" \/>\n\t<meta name=\"twitter:data1\" content=\"Cope Alcoy\" \/>\n\t<meta name=\"twitter:label2\" content=\"Tiempo de lectura\" \/>\n\t<meta name=\"twitter:data2\" content=\"2 minutos\" \/>\n<script type=\"application\/ld+json\" class=\"yoast-schema-graph\">{\"@context\":\"https:\\\/\\\/schema.org\",\"@graph\":[{\"@type\":\"Article\",\"@id\":\"https:\\\/\\\/www.copealcoy.es\\\/es\\\/brillante-colofon-para-la-675-edicion-de-la-fira-de-tots-sants\\\/#article\",\"isPartOf\":{\"@id\":\"https:\\\/\\\/www.copealcoy.es\\\/es\\\/brillante-colofon-para-la-675-edicion-de-la-fira-de-tots-sants\\\/\"},\"author\":{\"name\":\"Cope Alcoy\",\"@id\":\"https:\\\/\\\/www.copealcoy.es\\\/es\\\/#\\\/schema\\\/person\\\/e777c87fa024e57d40170af9df39882c\"},\"headline\":\"Brillante colof\u00f3n para la 675 edici\u00f3n de la Fira de Tots Sants\",\"datePublished\":\"2021-11-08T08:31:15+00:00\",\"dateModified\":\"2021-11-08T14:48:18+00:00\",\"mainEntityOfPage\":{\"@id\":\"https:\\\/\\\/www.copealcoy.es\\\/es\\\/brillante-colofon-para-la-675-edicion-de-la-fira-de-tots-sants\\\/\"},\"wordCount\":428,\"commentCount\":0,\"image\":{\"@id\":\"https:\\\/\\\/www.copealcoy.es\\\/es\\\/brillante-colofon-para-la-675-edicion-de-la-fira-de-tots-sants\\\/#primaryimage\"},\"thumbnailUrl\":\"https:\\\/\\\/www.copealcoy.es\\\/wp-content\\\/uploads\\\/2021\\\/11\\\/254301725_2546192332190903_2675229573346813962_n.jpg\",\"keywords\":[\"675 edici\u00f3n\",\"Balance\",\"brillante colof\u00f3n\",\"Cocentaina\",\"Fira de Tots Sants\"],\"articleSection\":[\"Actualidad\",\"Comarcas\",\"Noticias\",\"Portada\"],\"inLanguage\":\"es\"},{\"@type\":\"WebPage\",\"@id\":\"https:\\\/\\\/www.copealcoy.es\\\/es\\\/brillante-colofon-para-la-675-edicion-de-la-fira-de-tots-sants\\\/\",\"url\":\"https:\\\/\\\/www.copealcoy.es\\\/es\\\/brillante-colofon-para-la-675-edicion-de-la-fira-de-tots-sants\\\/\",\"name\":\"Brillante colof\u00f3n para la 675 edici\u00f3n de la Fira de Tots Sants - COPE Alcoy\",\"isPartOf\":{\"@id\":\"https:\\\/\\\/www.copealcoy.es\\\/es\\\/#website\"},\"primaryImageOfPage\":{\"@id\":\"https:\\\/\\\/www.copealcoy.es\\\/es\\\/brillante-colofon-para-la-675-edicion-de-la-fira-de-tots-sants\\\/#primaryimage\"},\"image\":{\"@id\":\"https:\\\/\\\/www.copealcoy.es\\\/es\\\/brillante-colofon-para-la-675-edicion-de-la-fira-de-tots-sants\\\/#primaryimage\"},\"thumbnailUrl\":\"https:\\\/\\\/www.copealcoy.es\\\/wp-content\\\/uploads\\\/2021\\\/11\\\/254301725_2546192332190903_2675229573346813962_n.jpg\",\"datePublished\":\"2021-11-08T08:31:15+00:00\",\"dateModified\":\"2021-11-08T14:48:18+00:00\",\"author\":{\"@id\":\"https:\\\/\\\/www.copealcoy.es\\\/es\\\/#\\\/schema\\\/person\\\/e777c87fa024e57d40170af9df39882c\"},\"breadcrumb\":{\"@id\":\"https:\\\/\\\/www.copealcoy.es\\\/es\\\/brillante-colofon-para-la-675-edicion-de-la-fira-de-tots-sants\\\/#breadcrumb\"},\"inLanguage\":\"es\",\"potentialAction\":[{\"@type\":\"ReadAction\",\"target\":[\"https:\\\/\\\/www.copealcoy.es\\\/es\\\/brillante-colofon-para-la-675-edicion-de-la-fira-de-tots-sants\\\/\"]}]},{\"@type\":\"ImageObject\",\"inLanguage\":\"es\",\"@id\":\"https:\\\/\\\/www.copealcoy.es\\\/es\\\/brillante-colofon-para-la-675-edicion-de-la-fira-de-tots-sants\\\/#primaryimage\",\"url\":\"https:\\\/\\\/www.copealcoy.es\\\/wp-content\\\/uploads\\\/2021\\\/11\\\/254301725_2546192332190903_2675229573346813962_n.jpg\",\"contentUrl\":\"https:\\\/\\\/www.copealcoy.es\\\/wp-content\\\/uploads\\\/2021\\\/11\\\/254301725_2546192332190903_2675229573346813962_n.jpg\",\"width\":1440,\"height\":960},{\"@type\":\"BreadcrumbList\",\"@id\":\"https:\\\/\\\/www.copealcoy.es\\\/es\\\/brillante-colofon-para-la-675-edicion-de-la-fira-de-tots-sants\\\/#breadcrumb\",\"itemListElement\":[{\"@type\":\"ListItem\",\"position\":1,\"name\":\"Portada\",\"item\":\"https:\\\/\\\/www.copealcoy.es\\\/es\\\/\"},{\"@type\":\"ListItem\",\"position\":2,\"name\":\"Brillante colof\u00f3n para la 675 edici\u00f3n de la Fira de Tots Sants\"}]},{\"@type\":\"WebSite\",\"@id\":\"https:\\\/\\\/www.copealcoy.es\\\/es\\\/#website\",\"url\":\"https:\\\/\\\/www.copealcoy.es\\\/es\\\/\",\"name\":\"COPE Alcoy\",\"description\":\"Emisora COPE de radio local con emisi\u00f3n online. Pont de Sant Jordi 8-10 03803 Alcoy\",\"potentialAction\":[{\"@type\":\"SearchAction\",\"target\":{\"@type\":\"EntryPoint\",\"urlTemplate\":\"https:\\\/\\\/www.copealcoy.es\\\/es\\\/?s={search_term_string}\"},\"query-input\":{\"@type\":\"PropertyValueSpecification\",\"valueRequired\":true,\"valueName\":\"search_term_string\"}}],\"inLanguage\":\"es\"},{\"@type\":\"Person\",\"@id\":\"https:\\\/\\\/www.copealcoy.es\\\/es\\\/#\\\/schema\\\/person\\\/e777c87fa024e57d40170af9df39882c\",\"name\":\"Cope Alcoy\",\"image\":{\"@type\":\"ImageObject\",\"inLanguage\":\"es\",\"@id\":\"https:\\\/\\\/secure.gravatar.com\\\/avatar\\\/bb65d0283347e303893ba14f0692005417c1e0e690a325a4c5d8bb2b3943ee14?s=96&d=mm&r=g\",\"url\":\"https:\\\/\\\/secure.gravatar.com\\\/avatar\\\/bb65d0283347e303893ba14f0692005417c1e0e690a325a4c5d8bb2b3943ee14?s=96&d=mm&r=g\",\"contentUrl\":\"https:\\\/\\\/secure.gravatar.com\\\/avatar\\\/bb65d0283347e303893ba14f0692005417c1e0e690a325a4c5d8bb2b3943ee14?s=96&d=mm&r=g\",\"caption\":\"Cope Alcoy\"}}]}<\/script>\n<!-- \/ Yoast SEO plugin. -->","yoast_head_json":{"title":"Brillante colof\u00f3n para la 675 edici\u00f3n de la Fira de Tots Sants - COPE Alcoy","robots":{"index":"index","follow":"follow","max-snippet":"max-snippet:-1","max-image-preview":"max-image-preview:large","max-video-preview":"max-video-preview:-1"},"canonical":"https:\/\/www.copealcoy.es\/es\/brillante-colofon-para-la-675-edicion-de-la-fira-de-tots-sants\/","og_locale":"es_ES","og_type":"article","og_title":"Brillante colof\u00f3n para la 675 edici\u00f3n de la Fira de Tots Sants - COPE Alcoy","og_description":"La 675 edici\u00f3n de la Fira de Tots Sants de Cocentaina ya es historia despu\u00e9s de que anoche se pusiese...","og_url":"https:\/\/www.copealcoy.es\/es\/brillante-colofon-para-la-675-edicion-de-la-fira-de-tots-sants\/","og_site_name":"COPE Alcoy","article_published_time":"2021-11-08T08:31:15+00:00","article_modified_time":"2021-11-08T14:48:18+00:00","og_image":[{"width":1440,"height":960,"url":"https:\/\/www.copealcoy.es\/wp-content\/uploads\/2021\/11\/254301725_2546192332190903_2675229573346813962_n.jpg","type":"image\/jpeg"}],"author":"Cope Alcoy","twitter_misc":{"Escrito por":"Cope Alcoy","Tiempo de lectura":"2 minutos"},"schema":{"@context":"https:\/\/schema.org","@graph":[{"@type":"Article","@id":"https:\/\/www.copealcoy.es\/es\/brillante-colofon-para-la-675-edicion-de-la-fira-de-tots-sants\/#article","isPartOf":{"@id":"https:\/\/www.copealcoy.es\/es\/brillante-colofon-para-la-675-edicion-de-la-fira-de-tots-sants\/"},"author":{"name":"Cope Alcoy","@id":"https:\/\/www.copealcoy.es\/es\/#\/schema\/person\/e777c87fa024e57d40170af9df39882c"},"headline":"Brillante colof\u00f3n para la 675 edici\u00f3n de la Fira de Tots Sants","datePublished":"2021-11-08T08:31:15+00:00","dateModified":"2021-11-08T14:48:18+00:00","mainEntityOfPage":{"@id":"https:\/\/www.copealcoy.es\/es\/brillante-colofon-para-la-675-edicion-de-la-fira-de-tots-sants\/"},"wordCount":428,"commentCount":0,"image":{"@id":"https:\/\/www.copealcoy.es\/es\/brillante-colofon-para-la-675-edicion-de-la-fira-de-tots-sants\/#primaryimage"},"thumbnailUrl":"https:\/\/www.copealcoy.es\/wp-content\/uploads\/2021\/11\/254301725_2546192332190903_2675229573346813962_n.jpg","keywords":["675 edici\u00f3n","Balance","brillante colof\u00f3n","Cocentaina","Fira de Tots Sants"],"articleSection":["Actualidad","Comarcas","Noticias","Portada"],"inLanguage":"es"},{"@type":"WebPage","@id":"https:\/\/www.copealcoy.es\/es\/brillante-colofon-para-la-675-edicion-de-la-fira-de-tots-sants\/","url":"https:\/\/www.copealcoy.es\/es\/brillante-colofon-para-la-675-edicion-de-la-fira-de-tots-sants\/","name":"Brillante colof\u00f3n para la 675 edici\u00f3n de la Fira de Tots Sants - COPE Alcoy","isPartOf":{"@id":"https:\/\/www.copealcoy.es\/es\/#website"},"primaryImageOfPage":{"@id":"https:\/\/www.copealcoy.es\/es\/brillante-colofon-para-la-675-edicion-de-la-fira-de-tots-sants\/#primaryimage"},"image":{"@id":"https:\/\/www.copealcoy.es\/es\/brillante-colofon-para-la-675-edicion-de-la-fira-de-tots-sants\/#primaryimage"},"thumbnailUrl":"https:\/\/www.copealcoy.es\/wp-content\/uploads\/2021\/11\/254301725_2546192332190903_2675229573346813962_n.jpg","datePublished":"2021-11-08T08:31:15+00:00","dateModified":"2021-11-08T14:48:18+00:00","author":{"@id":"https:\/\/www.copealcoy.es\/es\/#\/schema\/person\/e777c87fa024e57d40170af9df39882c"},"breadcrumb":{"@id":"https:\/\/www.copealcoy.es\/es\/brillante-colofon-para-la-675-edicion-de-la-fira-de-tots-sants\/#breadcrumb"},"inLanguage":"es","potentialAction":[{"@type":"ReadAction","target":["https:\/\/www.copealcoy.es\/es\/brillante-colofon-para-la-675-edicion-de-la-fira-de-tots-sants\/"]}]},{"@type":"ImageObject","inLanguage":"es","@id":"https:\/\/www.copealcoy.es\/es\/brillante-colofon-para-la-675-edicion-de-la-fira-de-tots-sants\/#primaryimage","url":"https:\/\/www.copealcoy.es\/wp-content\/uploads\/2021\/11\/254301725_2546192332190903_2675229573346813962_n.jpg","contentUrl":"https:\/\/www.copealcoy.es\/wp-content\/uploads\/2021\/11\/254301725_2546192332190903_2675229573346813962_n.jpg","width":1440,"height":960},{"@type":"BreadcrumbList","@id":"https:\/\/www.copealcoy.es\/es\/brillante-colofon-para-la-675-edicion-de-la-fira-de-tots-sants\/#breadcrumb","itemListElement":[{"@type":"ListItem","position":1,"name":"Portada","item":"https:\/\/www.copealcoy.es\/es\/"},{"@type":"ListItem","position":2,"name":"Brillante colof\u00f3n para la 675 edici\u00f3n de la Fira de Tots Sants"}]},{"@type":"WebSite","@id":"https:\/\/www.copealcoy.es\/es\/#website","url":"https:\/\/www.copealcoy.es\/es\/","name":"COPE Alcoy","description":"Emisora COPE de radio local con emisi\u00f3n online. Pont de Sant Jordi 8-10 03803 Alcoy","potentialAction":[{"@type":"SearchAction","target":{"@type":"EntryPoint","urlTemplate":"https:\/\/www.copealcoy.es\/es\/?s={search_term_string}"},"query-input":{"@type":"PropertyValueSpecification","valueRequired":true,"valueName":"search_term_string"}}],"inLanguage":"es"},{"@type":"Person","@id":"https:\/\/www.copealcoy.es\/es\/#\/schema\/person\/e777c87fa024e57d40170af9df39882c","name":"Cope Alcoy","image":{"@type":"ImageObject","inLanguage":"es","@id":"https:\/\/secure.gravatar.com\/avatar\/bb65d0283347e303893ba14f0692005417c1e0e690a325a4c5d8bb2b3943ee14?s=96&d=mm&r=g","url":"https:\/\/secure.gravatar.com\/avatar\/bb65d0283347e303893ba14f0692005417c1e0e690a325a4c5d8bb2b3943ee14?s=96&d=mm&r=g","contentUrl":"https:\/\/secure.gravatar.com\/avatar\/bb65d0283347e303893ba14f0692005417c1e0e690a325a4c5d8bb2b3943ee14?s=96&d=mm&r=g","caption":"Cope Alcoy"}}]}},"_links":{"self":[{"href":"https:\/\/www.copealcoy.es\/es\/wp-json\/wp\/v2\/posts\/79846","targetHints":{"allow":["GET"]}}],"collection":[{"href":"https:\/\/www.copealcoy.es\/es\/wp-json\/wp\/v2\/posts"}],"about":[{"href":"https:\/\/www.copealcoy.es\/es\/wp-json\/wp\/v2\/types\/post"}],"author":[{"embeddable":true,"href":"https:\/\/www.copealcoy.es\/es\/wp-json\/wp\/v2\/users\/1"}],"replies":[{"embeddable":true,"href":"https:\/\/www.copealcoy.es\/es\/wp-json\/wp\/v2\/comments?post=79846"}],"version-history":[{"count":0,"href":"https:\/\/www.copealcoy.es\/es\/wp-json\/wp\/v2\/posts\/79846\/revisions"}],"wp:featuredmedia":[{"embeddable":true,"href":"https:\/\/www.copealcoy.es\/es\/wp-json\/wp\/v2\/media\/79847"}],"wp:attachment":[{"href":"https:\/\/www.copealcoy.es\/es\/wp-json\/wp\/v2\/media?parent=79846"}],"wp:term":[{"taxonomy":"category","embeddable":true,"href":"https:\/\/www.copealcoy.es\/es\/wp-json\/wp\/v2\/categories?post=79846"},{"taxonomy":"post_tag","embeddable":true,"href":"https:\/\/www.copealcoy.es\/es\/wp-json\/wp\/v2\/tags?post=79846"}],"curies":[{"name":"wp","href":"https:\/\/api.w.org\/{rel}","templated":true}]}}