{"id":79835,"date":"2021-11-06T07:39:35","date_gmt":"2021-11-06T06:39:35","guid":{"rendered":"https:\/\/www.copealcoy.es\/?p=79835"},"modified":"2021-11-06T07:52:47","modified_gmt":"2021-11-06T06:52:47","slug":"cocentaina-ya-disfruta-del-segundo-fin-de-semana-de-fira","status":"publish","type":"post","link":"https:\/\/www.copealcoy.es\/es\/cocentaina-ya-disfruta-del-segundo-fin-de-semana-de-fira\/","title":{"rendered":"Cocentaina ya disfruta del segundo fin de semana de Fira"},"content":{"rendered":"<p style=\"text-align: justify;\">Cocentaina <strong>vuelve a despertar en Fira en este s\u00e1bado 6 de noviembre<\/strong> y lo hace con <strong>una nueva oferta expositiva<\/strong> que ya comenz\u00f3 a funcionar <strong>a primera hora de la ma\u00f1ana de ayer<\/strong>. La <strong>lluvia<\/strong>, protagonista durante la pasada noche y madrugada, <strong>no ha restado afluencia a la recta final de un evento<\/strong> que cumple en este 2021 nada m\u00e1s y nada menos que 675 a\u00f1os de historia.<\/p>\n<p style=\"text-align: justify;\">Durante este fin de semana, <strong>la Fira nos ofrece en las calles de la Villa Condal una variada oferta de expositores<\/strong> entre los que destacan <strong>la maquinaria agr\u00edcola e industrial<\/strong> as\u00ed como <strong>los veh\u00edculos de automoci\u00f3n<\/strong>. Estos se reparten por <strong>las avenidas del Pa\u00eds Valenci\u00e0 y por el Passeig del Comtat<\/strong>, dos arterias contestanas que cuentan con los recursos necesarios para ofrecer el mejor espacio a las empresas que promocionan aqu\u00ed sus art\u00edculos. Adem\u00e1s en <strong>la Pla\u00e7a del Mercat y en la Pla\u00e7a del Pla<\/strong> encontramos <strong>una variada oferta de productos de alimentaci\u00f3n<\/strong> como carnes, embutidos, salazones, encurtidos, aceite de oliva, quesos o dulces artesanos. Al lado de ambos enclaves destacan <strong>los tradicionales puestos de turrones<\/strong> que se reparten por <strong>las calles Jaume I, Bisbe Estanya y Sant Francesc<\/strong>. En este \u00faltima, y <strong>hasta la Plaza Anselmo Mart\u00ed<\/strong>, podemos disfrutar de <strong>un amplio abanico de &#8216;Food Trucks&#8217;<\/strong> que nos ofrecen todo tipo de propuestas culinarias. Finalmente en <strong>la parte baja de la Avenida Jaume I, y parte de Pa\u00eds Valenci\u00e0<\/strong>, encontramos <strong>la Venta Ambulante<\/strong> y a todo ello se le suman <strong>las exposiciones culturales del Palau Comtal<\/strong> as\u00ed como <strong>las atracciones infantiles junto al Centre Cultural El Teular<\/strong>.<\/p>\n<p style=\"text-align: justify;\">La organizaci\u00f3n de la Fira 2021 <strong>maneja unas buenas previsiones de negocio a d\u00eda de hoy<\/strong> y <strong>tambi\u00e9n de presencia de visitantes<\/strong> ya que los sectores expuestos esta semana tambi\u00e9n <strong>despiertan gran inter\u00e9s<\/strong> entre el p\u00fablico. La Fira de Tots Sants concluir\u00e1 ma\u00f1ana domingo por la tarde con <strong>la puesta en escena del espect\u00e1culo &#8216;El Somni de Posid\u00f3&#8217; en el patio del instituto Pare Arques<\/strong> a cargo de la colla &#8216;Dimonis Rafolins&#8217; de l&#8217;Alqueria d&#8217;Asnar.<\/p>\n","protected":false},"excerpt":{"rendered":"<p>Cocentaina vuelve a despertar en Fira en este s\u00e1bado 6 de noviembre y lo hace con una nueva oferta expositiva&#8230;<\/p>\n","protected":false},"author":1,"featured_media":79836,"comment_status":"open","ping_status":"open","sticky":false,"template":"","format":"standard","meta":{"footnotes":""},"categories":[6909,98,75,125],"tags":[11848,132,237,635,12018],"class_list":["post-79835","post","type-post","status-publish","format-standard","has-post-thumbnail","hentry","category-actualidad","category-comarcas","category-noticias","category-portada","tag-675-edicion","tag-cocentaina","tag-comtat","tag-fira-de-tots-sants","tag-segundo-fin-de-semana"],"yoast_head":"<!-- This site is optimized with the Yoast SEO plugin v27.3 - https:\/\/yoast.com\/product\/yoast-seo-wordpress\/ -->\n<title>Cocentaina ya disfruta del segundo fin de semana de Fira - COPE Alcoy<\/title>\n<meta name=\"robots\" content=\"index, follow, max-snippet:-1, max-image-preview:large, max-video-preview:-1\" \/>\n<link rel=\"canonical\" href=\"https:\/\/www.copealcoy.es\/es\/cocentaina-ya-disfruta-del-segundo-fin-de-semana-de-fira\/\" \/>\n<meta property=\"og:locale\" content=\"es_ES\" \/>\n<meta property=\"og:type\" content=\"article\" \/>\n<meta property=\"og:title\" content=\"Cocentaina ya disfruta del segundo fin de semana de Fira - COPE Alcoy\" \/>\n<meta property=\"og:description\" content=\"Cocentaina vuelve a despertar en Fira en este s\u00e1bado 6 de noviembre y lo hace con una nueva oferta expositiva...\" \/>\n<meta property=\"og:url\" content=\"https:\/\/www.copealcoy.es\/es\/cocentaina-ya-disfruta-del-segundo-fin-de-semana-de-fira\/\" \/>\n<meta property=\"og:site_name\" content=\"COPE Alcoy\" \/>\n<meta property=\"article:published_time\" content=\"2021-11-06T06:39:35+00:00\" \/>\n<meta property=\"article:modified_time\" content=\"2021-11-06T06:52:47+00:00\" \/>\n<meta property=\"og:image\" content=\"https:\/\/www.copealcoy.es\/wp-content\/uploads\/2021\/11\/unnamed-3-scaled.jpg\" \/>\n\t<meta property=\"og:image:width\" content=\"2560\" \/>\n\t<meta property=\"og:image:height\" content=\"1699\" \/>\n\t<meta property=\"og:image:type\" content=\"image\/jpeg\" \/>\n<meta name=\"author\" content=\"Cope Alcoy\" \/>\n<meta name=\"twitter:label1\" content=\"Escrito por\" \/>\n\t<meta name=\"twitter:data1\" content=\"Cope Alcoy\" \/>\n\t<meta name=\"twitter:label2\" content=\"Tiempo de lectura\" \/>\n\t<meta name=\"twitter:data2\" content=\"2 minutos\" \/>\n<script type=\"application\/ld+json\" class=\"yoast-schema-graph\">{\"@context\":\"https:\\\/\\\/schema.org\",\"@graph\":[{\"@type\":\"Article\",\"@id\":\"https:\\\/\\\/www.copealcoy.es\\\/es\\\/cocentaina-ya-disfruta-del-segundo-fin-de-semana-de-fira\\\/#article\",\"isPartOf\":{\"@id\":\"https:\\\/\\\/www.copealcoy.es\\\/es\\\/cocentaina-ya-disfruta-del-segundo-fin-de-semana-de-fira\\\/\"},\"author\":{\"name\":\"Cope Alcoy\",\"@id\":\"https:\\\/\\\/www.copealcoy.es\\\/es\\\/#\\\/schema\\\/person\\\/e777c87fa024e57d40170af9df39882c\"},\"headline\":\"Cocentaina ya disfruta del segundo fin de semana de Fira\",\"datePublished\":\"2021-11-06T06:39:35+00:00\",\"dateModified\":\"2021-11-06T06:52:47+00:00\",\"mainEntityOfPage\":{\"@id\":\"https:\\\/\\\/www.copealcoy.es\\\/es\\\/cocentaina-ya-disfruta-del-segundo-fin-de-semana-de-fira\\\/\"},\"wordCount\":371,\"commentCount\":0,\"image\":{\"@id\":\"https:\\\/\\\/www.copealcoy.es\\\/es\\\/cocentaina-ya-disfruta-del-segundo-fin-de-semana-de-fira\\\/#primaryimage\"},\"thumbnailUrl\":\"https:\\\/\\\/www.copealcoy.es\\\/wp-content\\\/uploads\\\/2021\\\/11\\\/unnamed-3-scaled.jpg\",\"keywords\":[\"675 edici\u00f3n\",\"Cocentaina\",\"Comtat\",\"Fira de Tots Sants\",\"segundo fin de semana\"],\"articleSection\":[\"Actualidad\",\"Comarcas\",\"Noticias\",\"Portada\"],\"inLanguage\":\"es\"},{\"@type\":\"WebPage\",\"@id\":\"https:\\\/\\\/www.copealcoy.es\\\/es\\\/cocentaina-ya-disfruta-del-segundo-fin-de-semana-de-fira\\\/\",\"url\":\"https:\\\/\\\/www.copealcoy.es\\\/es\\\/cocentaina-ya-disfruta-del-segundo-fin-de-semana-de-fira\\\/\",\"name\":\"Cocentaina ya disfruta del segundo fin de semana de Fira - COPE Alcoy\",\"isPartOf\":{\"@id\":\"https:\\\/\\\/www.copealcoy.es\\\/es\\\/#website\"},\"primaryImageOfPage\":{\"@id\":\"https:\\\/\\\/www.copealcoy.es\\\/es\\\/cocentaina-ya-disfruta-del-segundo-fin-de-semana-de-fira\\\/#primaryimage\"},\"image\":{\"@id\":\"https:\\\/\\\/www.copealcoy.es\\\/es\\\/cocentaina-ya-disfruta-del-segundo-fin-de-semana-de-fira\\\/#primaryimage\"},\"thumbnailUrl\":\"https:\\\/\\\/www.copealcoy.es\\\/wp-content\\\/uploads\\\/2021\\\/11\\\/unnamed-3-scaled.jpg\",\"datePublished\":\"2021-11-06T06:39:35+00:00\",\"dateModified\":\"2021-11-06T06:52:47+00:00\",\"author\":{\"@id\":\"https:\\\/\\\/www.copealcoy.es\\\/es\\\/#\\\/schema\\\/person\\\/e777c87fa024e57d40170af9df39882c\"},\"breadcrumb\":{\"@id\":\"https:\\\/\\\/www.copealcoy.es\\\/es\\\/cocentaina-ya-disfruta-del-segundo-fin-de-semana-de-fira\\\/#breadcrumb\"},\"inLanguage\":\"es\",\"potentialAction\":[{\"@type\":\"ReadAction\",\"target\":[\"https:\\\/\\\/www.copealcoy.es\\\/es\\\/cocentaina-ya-disfruta-del-segundo-fin-de-semana-de-fira\\\/\"]}]},{\"@type\":\"ImageObject\",\"inLanguage\":\"es\",\"@id\":\"https:\\\/\\\/www.copealcoy.es\\\/es\\\/cocentaina-ya-disfruta-del-segundo-fin-de-semana-de-fira\\\/#primaryimage\",\"url\":\"https:\\\/\\\/www.copealcoy.es\\\/wp-content\\\/uploads\\\/2021\\\/11\\\/unnamed-3-scaled.jpg\",\"contentUrl\":\"https:\\\/\\\/www.copealcoy.es\\\/wp-content\\\/uploads\\\/2021\\\/11\\\/unnamed-3-scaled.jpg\",\"width\":2560,\"height\":1699},{\"@type\":\"BreadcrumbList\",\"@id\":\"https:\\\/\\\/www.copealcoy.es\\\/es\\\/cocentaina-ya-disfruta-del-segundo-fin-de-semana-de-fira\\\/#breadcrumb\",\"itemListElement\":[{\"@type\":\"ListItem\",\"position\":1,\"name\":\"Portada\",\"item\":\"https:\\\/\\\/www.copealcoy.es\\\/es\\\/\"},{\"@type\":\"ListItem\",\"position\":2,\"name\":\"Cocentaina ya disfruta del segundo fin de semana de Fira\"}]},{\"@type\":\"WebSite\",\"@id\":\"https:\\\/\\\/www.copealcoy.es\\\/es\\\/#website\",\"url\":\"https:\\\/\\\/www.copealcoy.es\\\/es\\\/\",\"name\":\"COPE Alcoy\",\"description\":\"Emisora COPE de radio local con emisi\u00f3n online. Pont de Sant Jordi 8-10 03803 Alcoy\",\"potentialAction\":[{\"@type\":\"SearchAction\",\"target\":{\"@type\":\"EntryPoint\",\"urlTemplate\":\"https:\\\/\\\/www.copealcoy.es\\\/es\\\/?s={search_term_string}\"},\"query-input\":{\"@type\":\"PropertyValueSpecification\",\"valueRequired\":true,\"valueName\":\"search_term_string\"}}],\"inLanguage\":\"es\"},{\"@type\":\"Person\",\"@id\":\"https:\\\/\\\/www.copealcoy.es\\\/es\\\/#\\\/schema\\\/person\\\/e777c87fa024e57d40170af9df39882c\",\"name\":\"Cope Alcoy\",\"image\":{\"@type\":\"ImageObject\",\"inLanguage\":\"es\",\"@id\":\"https:\\\/\\\/secure.gravatar.com\\\/avatar\\\/bb65d0283347e303893ba14f0692005417c1e0e690a325a4c5d8bb2b3943ee14?s=96&d=mm&r=g\",\"url\":\"https:\\\/\\\/secure.gravatar.com\\\/avatar\\\/bb65d0283347e303893ba14f0692005417c1e0e690a325a4c5d8bb2b3943ee14?s=96&d=mm&r=g\",\"contentUrl\":\"https:\\\/\\\/secure.gravatar.com\\\/avatar\\\/bb65d0283347e303893ba14f0692005417c1e0e690a325a4c5d8bb2b3943ee14?s=96&d=mm&r=g\",\"caption\":\"Cope Alcoy\"}}]}<\/script>\n<!-- \/ Yoast SEO plugin. -->","yoast_head_json":{"title":"Cocentaina ya disfruta del segundo fin de semana de Fira - COPE Alcoy","robots":{"index":"index","follow":"follow","max-snippet":"max-snippet:-1","max-image-preview":"max-image-preview:large","max-video-preview":"max-video-preview:-1"},"canonical":"https:\/\/www.copealcoy.es\/es\/cocentaina-ya-disfruta-del-segundo-fin-de-semana-de-fira\/","og_locale":"es_ES","og_type":"article","og_title":"Cocentaina ya disfruta del segundo fin de semana de Fira - COPE Alcoy","og_description":"Cocentaina vuelve a despertar en Fira en este s\u00e1bado 6 de noviembre y lo hace con una nueva oferta expositiva...","og_url":"https:\/\/www.copealcoy.es\/es\/cocentaina-ya-disfruta-del-segundo-fin-de-semana-de-fira\/","og_site_name":"COPE Alcoy","article_published_time":"2021-11-06T06:39:35+00:00","article_modified_time":"2021-11-06T06:52:47+00:00","og_image":[{"width":2560,"height":1699,"url":"https:\/\/www.copealcoy.es\/wp-content\/uploads\/2021\/11\/unnamed-3-scaled.jpg","type":"image\/jpeg"}],"author":"Cope Alcoy","twitter_misc":{"Escrito por":"Cope Alcoy","Tiempo de lectura":"2 minutos"},"schema":{"@context":"https:\/\/schema.org","@graph":[{"@type":"Article","@id":"https:\/\/www.copealcoy.es\/es\/cocentaina-ya-disfruta-del-segundo-fin-de-semana-de-fira\/#article","isPartOf":{"@id":"https:\/\/www.copealcoy.es\/es\/cocentaina-ya-disfruta-del-segundo-fin-de-semana-de-fira\/"},"author":{"name":"Cope Alcoy","@id":"https:\/\/www.copealcoy.es\/es\/#\/schema\/person\/e777c87fa024e57d40170af9df39882c"},"headline":"Cocentaina ya disfruta del segundo fin de semana de Fira","datePublished":"2021-11-06T06:39:35+00:00","dateModified":"2021-11-06T06:52:47+00:00","mainEntityOfPage":{"@id":"https:\/\/www.copealcoy.es\/es\/cocentaina-ya-disfruta-del-segundo-fin-de-semana-de-fira\/"},"wordCount":371,"commentCount":0,"image":{"@id":"https:\/\/www.copealcoy.es\/es\/cocentaina-ya-disfruta-del-segundo-fin-de-semana-de-fira\/#primaryimage"},"thumbnailUrl":"https:\/\/www.copealcoy.es\/wp-content\/uploads\/2021\/11\/unnamed-3-scaled.jpg","keywords":["675 edici\u00f3n","Cocentaina","Comtat","Fira de Tots Sants","segundo fin de semana"],"articleSection":["Actualidad","Comarcas","Noticias","Portada"],"inLanguage":"es"},{"@type":"WebPage","@id":"https:\/\/www.copealcoy.es\/es\/cocentaina-ya-disfruta-del-segundo-fin-de-semana-de-fira\/","url":"https:\/\/www.copealcoy.es\/es\/cocentaina-ya-disfruta-del-segundo-fin-de-semana-de-fira\/","name":"Cocentaina ya disfruta del segundo fin de semana de Fira - COPE Alcoy","isPartOf":{"@id":"https:\/\/www.copealcoy.es\/es\/#website"},"primaryImageOfPage":{"@id":"https:\/\/www.copealcoy.es\/es\/cocentaina-ya-disfruta-del-segundo-fin-de-semana-de-fira\/#primaryimage"},"image":{"@id":"https:\/\/www.copealcoy.es\/es\/cocentaina-ya-disfruta-del-segundo-fin-de-semana-de-fira\/#primaryimage"},"thumbnailUrl":"https:\/\/www.copealcoy.es\/wp-content\/uploads\/2021\/11\/unnamed-3-scaled.jpg","datePublished":"2021-11-06T06:39:35+00:00","dateModified":"2021-11-06T06:52:47+00:00","author":{"@id":"https:\/\/www.copealcoy.es\/es\/#\/schema\/person\/e777c87fa024e57d40170af9df39882c"},"breadcrumb":{"@id":"https:\/\/www.copealcoy.es\/es\/cocentaina-ya-disfruta-del-segundo-fin-de-semana-de-fira\/#breadcrumb"},"inLanguage":"es","potentialAction":[{"@type":"ReadAction","target":["https:\/\/www.copealcoy.es\/es\/cocentaina-ya-disfruta-del-segundo-fin-de-semana-de-fira\/"]}]},{"@type":"ImageObject","inLanguage":"es","@id":"https:\/\/www.copealcoy.es\/es\/cocentaina-ya-disfruta-del-segundo-fin-de-semana-de-fira\/#primaryimage","url":"https:\/\/www.copealcoy.es\/wp-content\/uploads\/2021\/11\/unnamed-3-scaled.jpg","contentUrl":"https:\/\/www.copealcoy.es\/wp-content\/uploads\/2021\/11\/unnamed-3-scaled.jpg","width":2560,"height":1699},{"@type":"BreadcrumbList","@id":"https:\/\/www.copealcoy.es\/es\/cocentaina-ya-disfruta-del-segundo-fin-de-semana-de-fira\/#breadcrumb","itemListElement":[{"@type":"ListItem","position":1,"name":"Portada","item":"https:\/\/www.copealcoy.es\/es\/"},{"@type":"ListItem","position":2,"name":"Cocentaina ya disfruta del segundo fin de semana de Fira"}]},{"@type":"WebSite","@id":"https:\/\/www.copealcoy.es\/es\/#website","url":"https:\/\/www.copealcoy.es\/es\/","name":"COPE Alcoy","description":"Emisora COPE de radio local con emisi\u00f3n online. Pont de Sant Jordi 8-10 03803 Alcoy","potentialAction":[{"@type":"SearchAction","target":{"@type":"EntryPoint","urlTemplate":"https:\/\/www.copealcoy.es\/es\/?s={search_term_string}"},"query-input":{"@type":"PropertyValueSpecification","valueRequired":true,"valueName":"search_term_string"}}],"inLanguage":"es"},{"@type":"Person","@id":"https:\/\/www.copealcoy.es\/es\/#\/schema\/person\/e777c87fa024e57d40170af9df39882c","name":"Cope Alcoy","image":{"@type":"ImageObject","inLanguage":"es","@id":"https:\/\/secure.gravatar.com\/avatar\/bb65d0283347e303893ba14f0692005417c1e0e690a325a4c5d8bb2b3943ee14?s=96&d=mm&r=g","url":"https:\/\/secure.gravatar.com\/avatar\/bb65d0283347e303893ba14f0692005417c1e0e690a325a4c5d8bb2b3943ee14?s=96&d=mm&r=g","contentUrl":"https:\/\/secure.gravatar.com\/avatar\/bb65d0283347e303893ba14f0692005417c1e0e690a325a4c5d8bb2b3943ee14?s=96&d=mm&r=g","caption":"Cope Alcoy"}}]}},"_links":{"self":[{"href":"https:\/\/www.copealcoy.es\/es\/wp-json\/wp\/v2\/posts\/79835","targetHints":{"allow":["GET"]}}],"collection":[{"href":"https:\/\/www.copealcoy.es\/es\/wp-json\/wp\/v2\/posts"}],"about":[{"href":"https:\/\/www.copealcoy.es\/es\/wp-json\/wp\/v2\/types\/post"}],"author":[{"embeddable":true,"href":"https:\/\/www.copealcoy.es\/es\/wp-json\/wp\/v2\/users\/1"}],"replies":[{"embeddable":true,"href":"https:\/\/www.copealcoy.es\/es\/wp-json\/wp\/v2\/comments?post=79835"}],"version-history":[{"count":0,"href":"https:\/\/www.copealcoy.es\/es\/wp-json\/wp\/v2\/posts\/79835\/revisions"}],"wp:featuredmedia":[{"embeddable":true,"href":"https:\/\/www.copealcoy.es\/es\/wp-json\/wp\/v2\/media\/79836"}],"wp:attachment":[{"href":"https:\/\/www.copealcoy.es\/es\/wp-json\/wp\/v2\/media?parent=79835"}],"wp:term":[{"taxonomy":"category","embeddable":true,"href":"https:\/\/www.copealcoy.es\/es\/wp-json\/wp\/v2\/categories?post=79835"},{"taxonomy":"post_tag","embeddable":true,"href":"https:\/\/www.copealcoy.es\/es\/wp-json\/wp\/v2\/tags?post=79835"}],"curies":[{"name":"wp","href":"https:\/\/api.w.org\/{rel}","templated":true}]}}