{"id":79812,"date":"2021-11-05T16:11:02","date_gmt":"2021-11-05T15:11:02","guid":{"rendered":"https:\/\/www.copealcoy.es\/?p=79812"},"modified":"2021-11-05T16:15:33","modified_gmt":"2021-11-05T15:15:33","slug":"sanidad-elimina-la-obligacion-de-mascarilla-en-patios-y-clase-de-educacion-fisica-en-los-colegios-de-la-comunitat","status":"publish","type":"post","link":"https:\/\/www.copealcoy.es\/es\/sanidad-elimina-la-obligacion-de-mascarilla-en-patios-y-clase-de-educacion-fisica-en-los-colegios-de-la-comunitat\/","title":{"rendered":"Sanidad elimina la obligaci\u00f3n de mascarilla en patios y clase de educaci\u00f3n f\u00edsica en los colegios de la Comunitat"},"content":{"rendered":"<p style=\"text-align: justify;\">La <strong>eliminaci\u00f3n de la mascarilla obligatoria en la clase de Educaci\u00f3n F\u00edsica cuando se realice al aire libre<\/strong>; la <strong>flexibilizaci\u00f3n de la interactuaci\u00f3n de los grupos de alumnos en el recreo<\/strong> y el <strong>acceso a los centros de las asociaciones de padres y madres del alumnado<\/strong> son las principales novedades de la actualizaci\u00f3n del protocolo de seguridad en colegios e institutos frente a la Covid-19.<\/p>\n<p style=\"text-align: justify;\">El documento <strong>se adapta a la actual situaci\u00f3n epidemiol\u00f3gica en el \u00e1mbito de la Comunitat<\/strong> y al hecho de que &#8220;<em>un alto porcentaje del personal docente y no docente de los centros se encuentre vacunado y de que tambi\u00e9n cuente con la pauta completa de vacunaci\u00f3n una gran parte del alumnado mayor de 12 a\u00f1os<\/em>&#8220;, lo que &#8220;<em>permite flexibilizar la distancia interpersonal en el interior del aula en los centros docentes<\/em>&#8220;.<\/p>\n<p>No obstante, <strong>advierte el protocolo<\/strong>, &#8220;<em>si se producen cambios la autoridad sanitaria tomar\u00e1 las decisiones pertinentes en las Zonas B\u00e1sicas de Salud que correspondan<\/em>&#8220;.<\/p>\n<p style=\"text-align: justify;\">Entre las novedades que se incorporan destaca que <strong>se permitir\u00e1 durante el tiempo de recreo la interacci\u00f3n al aire libre entre alumnado de grupos de convivencia estable<\/strong>, los llamados &#8216;burbuja&#8217; que se han establecido en Infantil y Primaria, <strong>de edades similares<\/strong>.<\/p>\n<p style=\"text-align: justify;\">En el caso del <strong>alumnado de ESO, Bachillerato y FP, <\/strong>que no se organiza en grupos de convivencia estable durante el tiempo de recreo,<strong> se permitir\u00e1 la interacci\u00f3n entre el alumnado de diferentes grupos al aire libre. <\/strong>Para<strong> las ense\u00f1anzas de formaci\u00f3n de personas adultas <\/strong>es aplicable lo previsto<strong> para las ense\u00f1anzas de Secundaria y FP<\/strong>.<\/p>\n<p style=\"text-align: justify;\">Asimismo, <strong>se facilitar\u00e1 a las asociaciones de padres y madres del alumnado de los centros el acceso a los mismos<\/strong> para que puedan desarrollar las actividades que les son propias, cumpliendo siempre las medidas de prevenci\u00f3n e higiene, y lo establecido en el plan de contingencia del centro educativo correspondiente.<\/p>\n<p style=\"text-align: justify;\">Respecto al <strong>uso de la mascarilla<\/strong>, las nuevas normas, consultadas por Europa Press, se\u00f1alan que no ser\u00e1 obligatorio el uso de la misma durante el desarrollo de la clase de Educaci\u00f3n F\u00edsica, cuando esta se realice al aire libre, tanto para el alumnado como para el profesorado.<\/p>\n<p style=\"text-align: justify;\">En el caso de<strong> alumnado<\/strong>\u00a0a partir de primero de Primaria, que acuda al centro sin mascarilla sin que conste justificaci\u00f3n de ser susceptible de cumplir alguna de las exenciones previstas en el ordenamiento jur\u00eddico, <strong>se har\u00e1 un requerimiento a la familia o a los representantes legales<\/strong> para instarles a que la utilice o para que presenten documentaci\u00f3n que justifique su no utilizaci\u00f3n.<\/p>\n<aside class=\"add add-300 centeradv\">\n<div id=\"Left5\" data-google-query-id=\"CIzaifC-gfQCFYIhBgAd6SgDKQ\">\n<div id=\"google_ads_iframe_\/21692685822\/cope\/left5_0__container__\" style=\"text-align: justify;\">En caso de no hacerlo, contin\u00faa el documento, <strong>no se permitir\u00e1 la entrada al Centro a este alumnado<\/strong> y <strong>se dar\u00e1 traslado de esta situaci\u00f3n a la comisi\u00f3n de absentismo correspondiente<\/strong> para que se adopten las medidas que se consideren.<\/div>\n<\/div>\n<\/aside>\n","protected":false},"excerpt":{"rendered":"<p>La eliminaci\u00f3n de la mascarilla obligatoria en la clase de Educaci\u00f3n F\u00edsica cuando se realice al aire libre; la flexibilizaci\u00f3n&#8230;<\/p>\n","protected":false},"author":1,"featured_media":61289,"comment_status":"open","ping_status":"open","sticky":false,"template":"","format":"standard","meta":{"footnotes":""},"categories":[6909,900,75],"tags":[12014,7317,423,12015,11679,3865],"class_list":["post-79812","post","type-post","status-publish","format-standard","has-post-thumbnail","hentry","category-actualidad","category-educacion","category-noticias","tag-clase","tag-conselleria-de-sanitat","tag-educacion","tag-educacion-fisica","tag-mascarilla","tag-uso"],"yoast_head":"<!-- This site is optimized with the Yoast SEO plugin v27.3 - https:\/\/yoast.com\/product\/yoast-seo-wordpress\/ -->\n<title>Sanidad elimina la obligaci\u00f3n de mascarilla en patios y clase de educaci\u00f3n f\u00edsica en los colegios de la Comunitat - COPE Alcoy<\/title>\n<meta name=\"robots\" content=\"index, follow, max-snippet:-1, max-image-preview:large, max-video-preview:-1\" \/>\n<link rel=\"canonical\" href=\"https:\/\/www.copealcoy.es\/es\/sanidad-elimina-la-obligacion-de-mascarilla-en-patios-y-clase-de-educacion-fisica-en-los-colegios-de-la-comunitat\/\" \/>\n<meta property=\"og:locale\" content=\"es_ES\" \/>\n<meta property=\"og:type\" content=\"article\" \/>\n<meta property=\"og:title\" content=\"Sanidad elimina la obligaci\u00f3n de mascarilla en patios y clase de educaci\u00f3n f\u00edsica en los colegios de la Comunitat - COPE Alcoy\" \/>\n<meta property=\"og:description\" content=\"La eliminaci\u00f3n de la mascarilla obligatoria en la clase de Educaci\u00f3n F\u00edsica cuando se realice al aire libre; la flexibilizaci\u00f3n...\" \/>\n<meta property=\"og:url\" content=\"https:\/\/www.copealcoy.es\/es\/sanidad-elimina-la-obligacion-de-mascarilla-en-patios-y-clase-de-educacion-fisica-en-los-colegios-de-la-comunitat\/\" \/>\n<meta property=\"og:site_name\" content=\"COPE Alcoy\" \/>\n<meta property=\"article:published_time\" content=\"2021-11-05T15:11:02+00:00\" \/>\n<meta property=\"article:modified_time\" content=\"2021-11-05T15:15:33+00:00\" \/>\n<meta property=\"og:image\" content=\"https:\/\/www.copealcoy.es\/wp-content\/uploads\/2020\/03\/mascarillas-1.jpg\" \/>\n\t<meta property=\"og:image:width\" content=\"690\" \/>\n\t<meta property=\"og:image:height\" content=\"309\" \/>\n\t<meta property=\"og:image:type\" content=\"image\/jpeg\" \/>\n<meta name=\"author\" content=\"Cope Alcoy\" \/>\n<meta name=\"twitter:label1\" content=\"Escrito por\" \/>\n\t<meta name=\"twitter:data1\" content=\"Cope Alcoy\" \/>\n\t<meta name=\"twitter:label2\" content=\"Tiempo de lectura\" \/>\n\t<meta name=\"twitter:data2\" content=\"3 minutos\" \/>\n<script type=\"application\/ld+json\" class=\"yoast-schema-graph\">{\"@context\":\"https:\\\/\\\/schema.org\",\"@graph\":[{\"@type\":\"Article\",\"@id\":\"https:\\\/\\\/www.copealcoy.es\\\/es\\\/sanidad-elimina-la-obligacion-de-mascarilla-en-patios-y-clase-de-educacion-fisica-en-los-colegios-de-la-comunitat\\\/#article\",\"isPartOf\":{\"@id\":\"https:\\\/\\\/www.copealcoy.es\\\/es\\\/sanidad-elimina-la-obligacion-de-mascarilla-en-patios-y-clase-de-educacion-fisica-en-los-colegios-de-la-comunitat\\\/\"},\"author\":{\"name\":\"Cope Alcoy\",\"@id\":\"https:\\\/\\\/www.copealcoy.es\\\/es\\\/#\\\/schema\\\/person\\\/e777c87fa024e57d40170af9df39882c\"},\"headline\":\"Sanidad elimina la obligaci\u00f3n de mascarilla en patios y clase de educaci\u00f3n f\u00edsica en los colegios de la Comunitat\",\"datePublished\":\"2021-11-05T15:11:02+00:00\",\"dateModified\":\"2021-11-05T15:15:33+00:00\",\"mainEntityOfPage\":{\"@id\":\"https:\\\/\\\/www.copealcoy.es\\\/es\\\/sanidad-elimina-la-obligacion-de-mascarilla-en-patios-y-clase-de-educacion-fisica-en-los-colegios-de-la-comunitat\\\/\"},\"wordCount\":506,\"commentCount\":0,\"image\":{\"@id\":\"https:\\\/\\\/www.copealcoy.es\\\/es\\\/sanidad-elimina-la-obligacion-de-mascarilla-en-patios-y-clase-de-educacion-fisica-en-los-colegios-de-la-comunitat\\\/#primaryimage\"},\"thumbnailUrl\":\"https:\\\/\\\/www.copealcoy.es\\\/wp-content\\\/uploads\\\/2020\\\/03\\\/mascarillas-1.jpg\",\"keywords\":[\"clase\",\"Conselleria de Sanitat\",\"Educaci\u00f3n\",\"Educaci\u00f3n F\u00edsica\",\"Mascarilla\",\"uso\"],\"articleSection\":[\"Actualidad\",\"Educaci\u00f3n\",\"Noticias\"],\"inLanguage\":\"es\"},{\"@type\":\"WebPage\",\"@id\":\"https:\\\/\\\/www.copealcoy.es\\\/es\\\/sanidad-elimina-la-obligacion-de-mascarilla-en-patios-y-clase-de-educacion-fisica-en-los-colegios-de-la-comunitat\\\/\",\"url\":\"https:\\\/\\\/www.copealcoy.es\\\/es\\\/sanidad-elimina-la-obligacion-de-mascarilla-en-patios-y-clase-de-educacion-fisica-en-los-colegios-de-la-comunitat\\\/\",\"name\":\"Sanidad elimina la obligaci\u00f3n de mascarilla en patios y clase de educaci\u00f3n f\u00edsica en los colegios de la Comunitat - COPE Alcoy\",\"isPartOf\":{\"@id\":\"https:\\\/\\\/www.copealcoy.es\\\/es\\\/#website\"},\"primaryImageOfPage\":{\"@id\":\"https:\\\/\\\/www.copealcoy.es\\\/es\\\/sanidad-elimina-la-obligacion-de-mascarilla-en-patios-y-clase-de-educacion-fisica-en-los-colegios-de-la-comunitat\\\/#primaryimage\"},\"image\":{\"@id\":\"https:\\\/\\\/www.copealcoy.es\\\/es\\\/sanidad-elimina-la-obligacion-de-mascarilla-en-patios-y-clase-de-educacion-fisica-en-los-colegios-de-la-comunitat\\\/#primaryimage\"},\"thumbnailUrl\":\"https:\\\/\\\/www.copealcoy.es\\\/wp-content\\\/uploads\\\/2020\\\/03\\\/mascarillas-1.jpg\",\"datePublished\":\"2021-11-05T15:11:02+00:00\",\"dateModified\":\"2021-11-05T15:15:33+00:00\",\"author\":{\"@id\":\"https:\\\/\\\/www.copealcoy.es\\\/es\\\/#\\\/schema\\\/person\\\/e777c87fa024e57d40170af9df39882c\"},\"breadcrumb\":{\"@id\":\"https:\\\/\\\/www.copealcoy.es\\\/es\\\/sanidad-elimina-la-obligacion-de-mascarilla-en-patios-y-clase-de-educacion-fisica-en-los-colegios-de-la-comunitat\\\/#breadcrumb\"},\"inLanguage\":\"es\",\"potentialAction\":[{\"@type\":\"ReadAction\",\"target\":[\"https:\\\/\\\/www.copealcoy.es\\\/es\\\/sanidad-elimina-la-obligacion-de-mascarilla-en-patios-y-clase-de-educacion-fisica-en-los-colegios-de-la-comunitat\\\/\"]}]},{\"@type\":\"ImageObject\",\"inLanguage\":\"es\",\"@id\":\"https:\\\/\\\/www.copealcoy.es\\\/es\\\/sanidad-elimina-la-obligacion-de-mascarilla-en-patios-y-clase-de-educacion-fisica-en-los-colegios-de-la-comunitat\\\/#primaryimage\",\"url\":\"https:\\\/\\\/www.copealcoy.es\\\/wp-content\\\/uploads\\\/2020\\\/03\\\/mascarillas-1.jpg\",\"contentUrl\":\"https:\\\/\\\/www.copealcoy.es\\\/wp-content\\\/uploads\\\/2020\\\/03\\\/mascarillas-1.jpg\",\"width\":690,\"height\":309},{\"@type\":\"BreadcrumbList\",\"@id\":\"https:\\\/\\\/www.copealcoy.es\\\/es\\\/sanidad-elimina-la-obligacion-de-mascarilla-en-patios-y-clase-de-educacion-fisica-en-los-colegios-de-la-comunitat\\\/#breadcrumb\",\"itemListElement\":[{\"@type\":\"ListItem\",\"position\":1,\"name\":\"Portada\",\"item\":\"https:\\\/\\\/www.copealcoy.es\\\/es\\\/\"},{\"@type\":\"ListItem\",\"position\":2,\"name\":\"Sanidad elimina la obligaci\u00f3n de mascarilla en patios y clase de educaci\u00f3n f\u00edsica en los colegios de la Comunitat\"}]},{\"@type\":\"WebSite\",\"@id\":\"https:\\\/\\\/www.copealcoy.es\\\/es\\\/#website\",\"url\":\"https:\\\/\\\/www.copealcoy.es\\\/es\\\/\",\"name\":\"COPE Alcoy\",\"description\":\"Emisora COPE de radio local con emisi\u00f3n online. Pont de Sant Jordi 8-10 03803 Alcoy\",\"potentialAction\":[{\"@type\":\"SearchAction\",\"target\":{\"@type\":\"EntryPoint\",\"urlTemplate\":\"https:\\\/\\\/www.copealcoy.es\\\/es\\\/?s={search_term_string}\"},\"query-input\":{\"@type\":\"PropertyValueSpecification\",\"valueRequired\":true,\"valueName\":\"search_term_string\"}}],\"inLanguage\":\"es\"},{\"@type\":\"Person\",\"@id\":\"https:\\\/\\\/www.copealcoy.es\\\/es\\\/#\\\/schema\\\/person\\\/e777c87fa024e57d40170af9df39882c\",\"name\":\"Cope Alcoy\",\"image\":{\"@type\":\"ImageObject\",\"inLanguage\":\"es\",\"@id\":\"https:\\\/\\\/secure.gravatar.com\\\/avatar\\\/bb65d0283347e303893ba14f0692005417c1e0e690a325a4c5d8bb2b3943ee14?s=96&d=mm&r=g\",\"url\":\"https:\\\/\\\/secure.gravatar.com\\\/avatar\\\/bb65d0283347e303893ba14f0692005417c1e0e690a325a4c5d8bb2b3943ee14?s=96&d=mm&r=g\",\"contentUrl\":\"https:\\\/\\\/secure.gravatar.com\\\/avatar\\\/bb65d0283347e303893ba14f0692005417c1e0e690a325a4c5d8bb2b3943ee14?s=96&d=mm&r=g\",\"caption\":\"Cope Alcoy\"}}]}<\/script>\n<!-- \/ Yoast SEO plugin. -->","yoast_head_json":{"title":"Sanidad elimina la obligaci\u00f3n de mascarilla en patios y clase de educaci\u00f3n f\u00edsica en los colegios de la Comunitat - COPE Alcoy","robots":{"index":"index","follow":"follow","max-snippet":"max-snippet:-1","max-image-preview":"max-image-preview:large","max-video-preview":"max-video-preview:-1"},"canonical":"https:\/\/www.copealcoy.es\/es\/sanidad-elimina-la-obligacion-de-mascarilla-en-patios-y-clase-de-educacion-fisica-en-los-colegios-de-la-comunitat\/","og_locale":"es_ES","og_type":"article","og_title":"Sanidad elimina la obligaci\u00f3n de mascarilla en patios y clase de educaci\u00f3n f\u00edsica en los colegios de la Comunitat - COPE Alcoy","og_description":"La eliminaci\u00f3n de la mascarilla obligatoria en la clase de Educaci\u00f3n F\u00edsica cuando se realice al aire libre; la flexibilizaci\u00f3n...","og_url":"https:\/\/www.copealcoy.es\/es\/sanidad-elimina-la-obligacion-de-mascarilla-en-patios-y-clase-de-educacion-fisica-en-los-colegios-de-la-comunitat\/","og_site_name":"COPE Alcoy","article_published_time":"2021-11-05T15:11:02+00:00","article_modified_time":"2021-11-05T15:15:33+00:00","og_image":[{"width":690,"height":309,"url":"https:\/\/www.copealcoy.es\/wp-content\/uploads\/2020\/03\/mascarillas-1.jpg","type":"image\/jpeg"}],"author":"Cope Alcoy","twitter_misc":{"Escrito por":"Cope Alcoy","Tiempo de lectura":"3 minutos"},"schema":{"@context":"https:\/\/schema.org","@graph":[{"@type":"Article","@id":"https:\/\/www.copealcoy.es\/es\/sanidad-elimina-la-obligacion-de-mascarilla-en-patios-y-clase-de-educacion-fisica-en-los-colegios-de-la-comunitat\/#article","isPartOf":{"@id":"https:\/\/www.copealcoy.es\/es\/sanidad-elimina-la-obligacion-de-mascarilla-en-patios-y-clase-de-educacion-fisica-en-los-colegios-de-la-comunitat\/"},"author":{"name":"Cope Alcoy","@id":"https:\/\/www.copealcoy.es\/es\/#\/schema\/person\/e777c87fa024e57d40170af9df39882c"},"headline":"Sanidad elimina la obligaci\u00f3n de mascarilla en patios y clase de educaci\u00f3n f\u00edsica en los colegios de la Comunitat","datePublished":"2021-11-05T15:11:02+00:00","dateModified":"2021-11-05T15:15:33+00:00","mainEntityOfPage":{"@id":"https:\/\/www.copealcoy.es\/es\/sanidad-elimina-la-obligacion-de-mascarilla-en-patios-y-clase-de-educacion-fisica-en-los-colegios-de-la-comunitat\/"},"wordCount":506,"commentCount":0,"image":{"@id":"https:\/\/www.copealcoy.es\/es\/sanidad-elimina-la-obligacion-de-mascarilla-en-patios-y-clase-de-educacion-fisica-en-los-colegios-de-la-comunitat\/#primaryimage"},"thumbnailUrl":"https:\/\/www.copealcoy.es\/wp-content\/uploads\/2020\/03\/mascarillas-1.jpg","keywords":["clase","Conselleria de Sanitat","Educaci\u00f3n","Educaci\u00f3n F\u00edsica","Mascarilla","uso"],"articleSection":["Actualidad","Educaci\u00f3n","Noticias"],"inLanguage":"es"},{"@type":"WebPage","@id":"https:\/\/www.copealcoy.es\/es\/sanidad-elimina-la-obligacion-de-mascarilla-en-patios-y-clase-de-educacion-fisica-en-los-colegios-de-la-comunitat\/","url":"https:\/\/www.copealcoy.es\/es\/sanidad-elimina-la-obligacion-de-mascarilla-en-patios-y-clase-de-educacion-fisica-en-los-colegios-de-la-comunitat\/","name":"Sanidad elimina la obligaci\u00f3n de mascarilla en patios y clase de educaci\u00f3n f\u00edsica en los colegios de la Comunitat - COPE Alcoy","isPartOf":{"@id":"https:\/\/www.copealcoy.es\/es\/#website"},"primaryImageOfPage":{"@id":"https:\/\/www.copealcoy.es\/es\/sanidad-elimina-la-obligacion-de-mascarilla-en-patios-y-clase-de-educacion-fisica-en-los-colegios-de-la-comunitat\/#primaryimage"},"image":{"@id":"https:\/\/www.copealcoy.es\/es\/sanidad-elimina-la-obligacion-de-mascarilla-en-patios-y-clase-de-educacion-fisica-en-los-colegios-de-la-comunitat\/#primaryimage"},"thumbnailUrl":"https:\/\/www.copealcoy.es\/wp-content\/uploads\/2020\/03\/mascarillas-1.jpg","datePublished":"2021-11-05T15:11:02+00:00","dateModified":"2021-11-05T15:15:33+00:00","author":{"@id":"https:\/\/www.copealcoy.es\/es\/#\/schema\/person\/e777c87fa024e57d40170af9df39882c"},"breadcrumb":{"@id":"https:\/\/www.copealcoy.es\/es\/sanidad-elimina-la-obligacion-de-mascarilla-en-patios-y-clase-de-educacion-fisica-en-los-colegios-de-la-comunitat\/#breadcrumb"},"inLanguage":"es","potentialAction":[{"@type":"ReadAction","target":["https:\/\/www.copealcoy.es\/es\/sanidad-elimina-la-obligacion-de-mascarilla-en-patios-y-clase-de-educacion-fisica-en-los-colegios-de-la-comunitat\/"]}]},{"@type":"ImageObject","inLanguage":"es","@id":"https:\/\/www.copealcoy.es\/es\/sanidad-elimina-la-obligacion-de-mascarilla-en-patios-y-clase-de-educacion-fisica-en-los-colegios-de-la-comunitat\/#primaryimage","url":"https:\/\/www.copealcoy.es\/wp-content\/uploads\/2020\/03\/mascarillas-1.jpg","contentUrl":"https:\/\/www.copealcoy.es\/wp-content\/uploads\/2020\/03\/mascarillas-1.jpg","width":690,"height":309},{"@type":"BreadcrumbList","@id":"https:\/\/www.copealcoy.es\/es\/sanidad-elimina-la-obligacion-de-mascarilla-en-patios-y-clase-de-educacion-fisica-en-los-colegios-de-la-comunitat\/#breadcrumb","itemListElement":[{"@type":"ListItem","position":1,"name":"Portada","item":"https:\/\/www.copealcoy.es\/es\/"},{"@type":"ListItem","position":2,"name":"Sanidad elimina la obligaci\u00f3n de mascarilla en patios y clase de educaci\u00f3n f\u00edsica en los colegios de la Comunitat"}]},{"@type":"WebSite","@id":"https:\/\/www.copealcoy.es\/es\/#website","url":"https:\/\/www.copealcoy.es\/es\/","name":"COPE Alcoy","description":"Emisora COPE de radio local con emisi\u00f3n online. Pont de Sant Jordi 8-10 03803 Alcoy","potentialAction":[{"@type":"SearchAction","target":{"@type":"EntryPoint","urlTemplate":"https:\/\/www.copealcoy.es\/es\/?s={search_term_string}"},"query-input":{"@type":"PropertyValueSpecification","valueRequired":true,"valueName":"search_term_string"}}],"inLanguage":"es"},{"@type":"Person","@id":"https:\/\/www.copealcoy.es\/es\/#\/schema\/person\/e777c87fa024e57d40170af9df39882c","name":"Cope Alcoy","image":{"@type":"ImageObject","inLanguage":"es","@id":"https:\/\/secure.gravatar.com\/avatar\/bb65d0283347e303893ba14f0692005417c1e0e690a325a4c5d8bb2b3943ee14?s=96&d=mm&r=g","url":"https:\/\/secure.gravatar.com\/avatar\/bb65d0283347e303893ba14f0692005417c1e0e690a325a4c5d8bb2b3943ee14?s=96&d=mm&r=g","contentUrl":"https:\/\/secure.gravatar.com\/avatar\/bb65d0283347e303893ba14f0692005417c1e0e690a325a4c5d8bb2b3943ee14?s=96&d=mm&r=g","caption":"Cope Alcoy"}}]}},"_links":{"self":[{"href":"https:\/\/www.copealcoy.es\/es\/wp-json\/wp\/v2\/posts\/79812","targetHints":{"allow":["GET"]}}],"collection":[{"href":"https:\/\/www.copealcoy.es\/es\/wp-json\/wp\/v2\/posts"}],"about":[{"href":"https:\/\/www.copealcoy.es\/es\/wp-json\/wp\/v2\/types\/post"}],"author":[{"embeddable":true,"href":"https:\/\/www.copealcoy.es\/es\/wp-json\/wp\/v2\/users\/1"}],"replies":[{"embeddable":true,"href":"https:\/\/www.copealcoy.es\/es\/wp-json\/wp\/v2\/comments?post=79812"}],"version-history":[{"count":0,"href":"https:\/\/www.copealcoy.es\/es\/wp-json\/wp\/v2\/posts\/79812\/revisions"}],"wp:featuredmedia":[{"embeddable":true,"href":"https:\/\/www.copealcoy.es\/es\/wp-json\/wp\/v2\/media\/61289"}],"wp:attachment":[{"href":"https:\/\/www.copealcoy.es\/es\/wp-json\/wp\/v2\/media?parent=79812"}],"wp:term":[{"taxonomy":"category","embeddable":true,"href":"https:\/\/www.copealcoy.es\/es\/wp-json\/wp\/v2\/categories?post=79812"},{"taxonomy":"post_tag","embeddable":true,"href":"https:\/\/www.copealcoy.es\/es\/wp-json\/wp\/v2\/tags?post=79812"}],"curies":[{"name":"wp","href":"https:\/\/api.w.org\/{rel}","templated":true}]}}