{"id":79791,"date":"2021-11-05T12:40:26","date_gmt":"2021-11-05T11:40:26","guid":{"rendered":"https:\/\/www.copealcoy.es\/?p=79791"},"modified":"2021-11-05T13:21:55","modified_gmt":"2021-11-05T12:21:55","slug":"els-dimonis-rafolins-posaran-punt-final-a-la-fira-vint-i-cinc-anys-despres","status":"publish","type":"post","link":"https:\/\/www.copealcoy.es\/es\/els-dimonis-rafolins-posaran-punt-final-a-la-fira-vint-i-cinc-anys-despres\/","title":{"rendered":"Els &#8216;Dimonis Rafolins&#8217; posaran punt final a la Fira  vint-i-cinc anys despr\u00e9s"},"content":{"rendered":"<p style=\"text-align: justify;\">La <strong>Colla dels &#8216;Dimonis Rafolins&#8217; de l&#8217;Alqueria d&#8217;Asnar<\/strong> tornaran a clausurar <strong>la Fira de Tots Sants<\/strong> tal com van fer ara fa vint-i-cinc anys. Aquell <strong>1996<\/strong> l&#8217;agrupaci\u00f3, que acabava de n\u00e0ixer feia poc temps, <strong>va realitzar un espectacular &#8216;Correfocs&#8217; pels carrers del nucli antic de Cocentaina<\/strong> per tal de posar el colof\u00f3 a <strong>una espectacular edici\u00f3 de la Fira<\/strong> en la qual es van commemorar els sis-cents cinquanta anys del Certamen.<\/p>\n<p style=\"text-align: justify;\">En aquesta ocasi\u00f3 la Fira de Tots Sants posar\u00e0 fi a la seua 675 edici\u00f3 <strong>amb una cloenda que es dur\u00e0 a terme el diumenge 7 de novembre<\/strong>, a partir de les 18.30 hores, a<strong> les pistes esportives de l&#8217;Institut Pare Arques<\/strong> de la localitat. Els &#8216;Dimonis Rafolins&#8217; de l&#8217;Alqueria d&#8217;Asnar oferiran<strong> la seua representaci\u00f3 anomenada &#8216;El Somni de Posid\u00f3&#8217;<\/strong>, un espectacle de carrer de gran format on es combina <strong>la pirot\u00e8cnia, teatre, m\u00fasica, llum, dansa, estructures m\u00f2bils i efectes piromusicals<\/strong>.<\/p>\n<p style=\"text-align: justify;\">L\u2019entrada \u00e9s <strong>gratu\u00efta<\/strong> i s\u2019ha de reservar a la web:<span style=\"color: #0000ff;\"><a style=\"color: #0000ff;\" href=\"https:\/\/entrades.cocentaina.es\/par-public\/rest\/evento\/id\/3288240\"><strong> entrades.cocentaina.<span class=\"hiddenSpellError\">es<\/span>.<\/strong><\/a><\/span> Aquesta cita\u00a0<strong>se suma a altres &#8216;Correfocs&#8217; que els &#8216;Dimonis Rafolins&#8217; han realitzat al llarg de la hist\u00f2ria per a clausurar edicions de la Fira<\/strong> com, per exemple, les dels anys 2005 i 2006.<\/p>\n","protected":false},"excerpt":{"rendered":"<p>La Colla dels &#8216;Dimonis Rafolins&#8217; de l&#8217;Alqueria d&#8217;Asnar tornaran a clausurar la Fira de Tots Sants tal com van fer&#8230;<\/p>\n","protected":false},"author":1,"featured_media":79793,"comment_status":"open","ping_status":"open","sticky":false,"template":"","format":"standard","meta":{"footnotes":""},"categories":[98,75],"tags":[12012,10118,132,4738,10123,635],"class_list":["post-79791","post","type-post","status-publish","format-standard","has-post-thumbnail","hentry","category-comarcas","category-noticias","tag-el-somni-de-posido","tag-cloenda","tag-cocentaina","tag-dimonis-rafolins","tag-espectacle","tag-fira-de-tots-sants"],"yoast_head":"<!-- This site is optimized with the Yoast SEO plugin v27.3 - https:\/\/yoast.com\/product\/yoast-seo-wordpress\/ -->\n<title>Els &#039;Dimonis Rafolins&#039; posaran punt final a la Fira vint-i-cinc anys despr\u00e9s - COPE Alcoy<\/title>\n<meta name=\"robots\" content=\"index, follow, max-snippet:-1, max-image-preview:large, max-video-preview:-1\" \/>\n<link rel=\"canonical\" href=\"https:\/\/www.copealcoy.es\/es\/els-dimonis-rafolins-posaran-punt-final-a-la-fira-vint-i-cinc-anys-despres\/\" \/>\n<meta property=\"og:locale\" content=\"es_ES\" \/>\n<meta property=\"og:type\" content=\"article\" \/>\n<meta property=\"og:title\" content=\"Els &#039;Dimonis Rafolins&#039; posaran punt final a la Fira vint-i-cinc anys despr\u00e9s - COPE Alcoy\" \/>\n<meta property=\"og:description\" content=\"La Colla dels &#8216;Dimonis Rafolins&#8217; de l&#8217;Alqueria d&#8217;Asnar tornaran a clausurar la Fira de Tots Sants tal com van fer...\" \/>\n<meta property=\"og:url\" content=\"https:\/\/www.copealcoy.es\/es\/els-dimonis-rafolins-posaran-punt-final-a-la-fira-vint-i-cinc-anys-despres\/\" \/>\n<meta property=\"og:site_name\" content=\"COPE Alcoy\" \/>\n<meta property=\"article:published_time\" content=\"2021-11-05T11:40:26+00:00\" \/>\n<meta property=\"article:modified_time\" content=\"2021-11-05T12:21:55+00:00\" \/>\n<meta property=\"og:image\" content=\"https:\/\/www.copealcoy.es\/wp-content\/uploads\/2021\/11\/unnamed-2.jpg\" \/>\n\t<meta property=\"og:image:width\" content=\"828\" \/>\n\t<meta property=\"og:image:height\" content=\"607\" \/>\n\t<meta property=\"og:image:type\" content=\"image\/jpeg\" \/>\n<meta name=\"author\" content=\"Cope Alcoy\" \/>\n<meta name=\"twitter:label1\" content=\"Escrito por\" \/>\n\t<meta name=\"twitter:data1\" content=\"Cope Alcoy\" \/>\n\t<meta name=\"twitter:label2\" content=\"Tiempo de lectura\" \/>\n\t<meta name=\"twitter:data2\" content=\"1 minuto\" \/>\n<script type=\"application\/ld+json\" class=\"yoast-schema-graph\">{\"@context\":\"https:\\\/\\\/schema.org\",\"@graph\":[{\"@type\":\"Article\",\"@id\":\"https:\\\/\\\/www.copealcoy.es\\\/es\\\/els-dimonis-rafolins-posaran-punt-final-a-la-fira-vint-i-cinc-anys-despres\\\/#article\",\"isPartOf\":{\"@id\":\"https:\\\/\\\/www.copealcoy.es\\\/es\\\/els-dimonis-rafolins-posaran-punt-final-a-la-fira-vint-i-cinc-anys-despres\\\/\"},\"author\":{\"name\":\"Cope Alcoy\",\"@id\":\"https:\\\/\\\/www.copealcoy.es\\\/es\\\/#\\\/schema\\\/person\\\/e777c87fa024e57d40170af9df39882c\"},\"headline\":\"Els &#8216;Dimonis Rafolins&#8217; posaran punt final a la Fira vint-i-cinc anys despr\u00e9s\",\"datePublished\":\"2021-11-05T11:40:26+00:00\",\"dateModified\":\"2021-11-05T12:21:55+00:00\",\"mainEntityOfPage\":{\"@id\":\"https:\\\/\\\/www.copealcoy.es\\\/es\\\/els-dimonis-rafolins-posaran-punt-final-a-la-fira-vint-i-cinc-anys-despres\\\/\"},\"wordCount\":220,\"commentCount\":0,\"image\":{\"@id\":\"https:\\\/\\\/www.copealcoy.es\\\/es\\\/els-dimonis-rafolins-posaran-punt-final-a-la-fira-vint-i-cinc-anys-despres\\\/#primaryimage\"},\"thumbnailUrl\":\"https:\\\/\\\/www.copealcoy.es\\\/wp-content\\\/uploads\\\/2021\\\/11\\\/unnamed-2.jpg\",\"keywords\":[\"'El Somni de Posid\u00f3'\",\"Cloenda\",\"Cocentaina\",\"Dimonis Rafol\u00edns\",\"espectacle\",\"Fira de Tots Sants\"],\"articleSection\":[\"Comarcas\",\"Noticias\"],\"inLanguage\":\"es\"},{\"@type\":\"WebPage\",\"@id\":\"https:\\\/\\\/www.copealcoy.es\\\/es\\\/els-dimonis-rafolins-posaran-punt-final-a-la-fira-vint-i-cinc-anys-despres\\\/\",\"url\":\"https:\\\/\\\/www.copealcoy.es\\\/es\\\/els-dimonis-rafolins-posaran-punt-final-a-la-fira-vint-i-cinc-anys-despres\\\/\",\"name\":\"Els 'Dimonis Rafolins' posaran punt final a la Fira vint-i-cinc anys despr\u00e9s - COPE Alcoy\",\"isPartOf\":{\"@id\":\"https:\\\/\\\/www.copealcoy.es\\\/es\\\/#website\"},\"primaryImageOfPage\":{\"@id\":\"https:\\\/\\\/www.copealcoy.es\\\/es\\\/els-dimonis-rafolins-posaran-punt-final-a-la-fira-vint-i-cinc-anys-despres\\\/#primaryimage\"},\"image\":{\"@id\":\"https:\\\/\\\/www.copealcoy.es\\\/es\\\/els-dimonis-rafolins-posaran-punt-final-a-la-fira-vint-i-cinc-anys-despres\\\/#primaryimage\"},\"thumbnailUrl\":\"https:\\\/\\\/www.copealcoy.es\\\/wp-content\\\/uploads\\\/2021\\\/11\\\/unnamed-2.jpg\",\"datePublished\":\"2021-11-05T11:40:26+00:00\",\"dateModified\":\"2021-11-05T12:21:55+00:00\",\"author\":{\"@id\":\"https:\\\/\\\/www.copealcoy.es\\\/es\\\/#\\\/schema\\\/person\\\/e777c87fa024e57d40170af9df39882c\"},\"breadcrumb\":{\"@id\":\"https:\\\/\\\/www.copealcoy.es\\\/es\\\/els-dimonis-rafolins-posaran-punt-final-a-la-fira-vint-i-cinc-anys-despres\\\/#breadcrumb\"},\"inLanguage\":\"es\",\"potentialAction\":[{\"@type\":\"ReadAction\",\"target\":[\"https:\\\/\\\/www.copealcoy.es\\\/es\\\/els-dimonis-rafolins-posaran-punt-final-a-la-fira-vint-i-cinc-anys-despres\\\/\"]}]},{\"@type\":\"ImageObject\",\"inLanguage\":\"es\",\"@id\":\"https:\\\/\\\/www.copealcoy.es\\\/es\\\/els-dimonis-rafolins-posaran-punt-final-a-la-fira-vint-i-cinc-anys-despres\\\/#primaryimage\",\"url\":\"https:\\\/\\\/www.copealcoy.es\\\/wp-content\\\/uploads\\\/2021\\\/11\\\/unnamed-2.jpg\",\"contentUrl\":\"https:\\\/\\\/www.copealcoy.es\\\/wp-content\\\/uploads\\\/2021\\\/11\\\/unnamed-2.jpg\",\"width\":828,\"height\":607},{\"@type\":\"BreadcrumbList\",\"@id\":\"https:\\\/\\\/www.copealcoy.es\\\/es\\\/els-dimonis-rafolins-posaran-punt-final-a-la-fira-vint-i-cinc-anys-despres\\\/#breadcrumb\",\"itemListElement\":[{\"@type\":\"ListItem\",\"position\":1,\"name\":\"Portada\",\"item\":\"https:\\\/\\\/www.copealcoy.es\\\/es\\\/\"},{\"@type\":\"ListItem\",\"position\":2,\"name\":\"Els &#8216;Dimonis Rafolins&#8217; posaran punt final a la Fira vint-i-cinc anys despr\u00e9s\"}]},{\"@type\":\"WebSite\",\"@id\":\"https:\\\/\\\/www.copealcoy.es\\\/es\\\/#website\",\"url\":\"https:\\\/\\\/www.copealcoy.es\\\/es\\\/\",\"name\":\"COPE Alcoy\",\"description\":\"Emisora COPE de radio local con emisi\u00f3n online. Pont de Sant Jordi 8-10 03803 Alcoy\",\"potentialAction\":[{\"@type\":\"SearchAction\",\"target\":{\"@type\":\"EntryPoint\",\"urlTemplate\":\"https:\\\/\\\/www.copealcoy.es\\\/es\\\/?s={search_term_string}\"},\"query-input\":{\"@type\":\"PropertyValueSpecification\",\"valueRequired\":true,\"valueName\":\"search_term_string\"}}],\"inLanguage\":\"es\"},{\"@type\":\"Person\",\"@id\":\"https:\\\/\\\/www.copealcoy.es\\\/es\\\/#\\\/schema\\\/person\\\/e777c87fa024e57d40170af9df39882c\",\"name\":\"Cope Alcoy\",\"image\":{\"@type\":\"ImageObject\",\"inLanguage\":\"es\",\"@id\":\"https:\\\/\\\/secure.gravatar.com\\\/avatar\\\/bb65d0283347e303893ba14f0692005417c1e0e690a325a4c5d8bb2b3943ee14?s=96&d=mm&r=g\",\"url\":\"https:\\\/\\\/secure.gravatar.com\\\/avatar\\\/bb65d0283347e303893ba14f0692005417c1e0e690a325a4c5d8bb2b3943ee14?s=96&d=mm&r=g\",\"contentUrl\":\"https:\\\/\\\/secure.gravatar.com\\\/avatar\\\/bb65d0283347e303893ba14f0692005417c1e0e690a325a4c5d8bb2b3943ee14?s=96&d=mm&r=g\",\"caption\":\"Cope Alcoy\"}}]}<\/script>\n<!-- \/ Yoast SEO plugin. -->","yoast_head_json":{"title":"Els 'Dimonis Rafolins' posaran punt final a la Fira vint-i-cinc anys despr\u00e9s - COPE Alcoy","robots":{"index":"index","follow":"follow","max-snippet":"max-snippet:-1","max-image-preview":"max-image-preview:large","max-video-preview":"max-video-preview:-1"},"canonical":"https:\/\/www.copealcoy.es\/es\/els-dimonis-rafolins-posaran-punt-final-a-la-fira-vint-i-cinc-anys-despres\/","og_locale":"es_ES","og_type":"article","og_title":"Els 'Dimonis Rafolins' posaran punt final a la Fira vint-i-cinc anys despr\u00e9s - COPE Alcoy","og_description":"La Colla dels &#8216;Dimonis Rafolins&#8217; de l&#8217;Alqueria d&#8217;Asnar tornaran a clausurar la Fira de Tots Sants tal com van fer...","og_url":"https:\/\/www.copealcoy.es\/es\/els-dimonis-rafolins-posaran-punt-final-a-la-fira-vint-i-cinc-anys-despres\/","og_site_name":"COPE Alcoy","article_published_time":"2021-11-05T11:40:26+00:00","article_modified_time":"2021-11-05T12:21:55+00:00","og_image":[{"width":828,"height":607,"url":"https:\/\/www.copealcoy.es\/wp-content\/uploads\/2021\/11\/unnamed-2.jpg","type":"image\/jpeg"}],"author":"Cope Alcoy","twitter_misc":{"Escrito por":"Cope Alcoy","Tiempo de lectura":"1 minuto"},"schema":{"@context":"https:\/\/schema.org","@graph":[{"@type":"Article","@id":"https:\/\/www.copealcoy.es\/es\/els-dimonis-rafolins-posaran-punt-final-a-la-fira-vint-i-cinc-anys-despres\/#article","isPartOf":{"@id":"https:\/\/www.copealcoy.es\/es\/els-dimonis-rafolins-posaran-punt-final-a-la-fira-vint-i-cinc-anys-despres\/"},"author":{"name":"Cope Alcoy","@id":"https:\/\/www.copealcoy.es\/es\/#\/schema\/person\/e777c87fa024e57d40170af9df39882c"},"headline":"Els &#8216;Dimonis Rafolins&#8217; posaran punt final a la Fira vint-i-cinc anys despr\u00e9s","datePublished":"2021-11-05T11:40:26+00:00","dateModified":"2021-11-05T12:21:55+00:00","mainEntityOfPage":{"@id":"https:\/\/www.copealcoy.es\/es\/els-dimonis-rafolins-posaran-punt-final-a-la-fira-vint-i-cinc-anys-despres\/"},"wordCount":220,"commentCount":0,"image":{"@id":"https:\/\/www.copealcoy.es\/es\/els-dimonis-rafolins-posaran-punt-final-a-la-fira-vint-i-cinc-anys-despres\/#primaryimage"},"thumbnailUrl":"https:\/\/www.copealcoy.es\/wp-content\/uploads\/2021\/11\/unnamed-2.jpg","keywords":["'El Somni de Posid\u00f3'","Cloenda","Cocentaina","Dimonis Rafol\u00edns","espectacle","Fira de Tots Sants"],"articleSection":["Comarcas","Noticias"],"inLanguage":"es"},{"@type":"WebPage","@id":"https:\/\/www.copealcoy.es\/es\/els-dimonis-rafolins-posaran-punt-final-a-la-fira-vint-i-cinc-anys-despres\/","url":"https:\/\/www.copealcoy.es\/es\/els-dimonis-rafolins-posaran-punt-final-a-la-fira-vint-i-cinc-anys-despres\/","name":"Els 'Dimonis Rafolins' posaran punt final a la Fira vint-i-cinc anys despr\u00e9s - COPE Alcoy","isPartOf":{"@id":"https:\/\/www.copealcoy.es\/es\/#website"},"primaryImageOfPage":{"@id":"https:\/\/www.copealcoy.es\/es\/els-dimonis-rafolins-posaran-punt-final-a-la-fira-vint-i-cinc-anys-despres\/#primaryimage"},"image":{"@id":"https:\/\/www.copealcoy.es\/es\/els-dimonis-rafolins-posaran-punt-final-a-la-fira-vint-i-cinc-anys-despres\/#primaryimage"},"thumbnailUrl":"https:\/\/www.copealcoy.es\/wp-content\/uploads\/2021\/11\/unnamed-2.jpg","datePublished":"2021-11-05T11:40:26+00:00","dateModified":"2021-11-05T12:21:55+00:00","author":{"@id":"https:\/\/www.copealcoy.es\/es\/#\/schema\/person\/e777c87fa024e57d40170af9df39882c"},"breadcrumb":{"@id":"https:\/\/www.copealcoy.es\/es\/els-dimonis-rafolins-posaran-punt-final-a-la-fira-vint-i-cinc-anys-despres\/#breadcrumb"},"inLanguage":"es","potentialAction":[{"@type":"ReadAction","target":["https:\/\/www.copealcoy.es\/es\/els-dimonis-rafolins-posaran-punt-final-a-la-fira-vint-i-cinc-anys-despres\/"]}]},{"@type":"ImageObject","inLanguage":"es","@id":"https:\/\/www.copealcoy.es\/es\/els-dimonis-rafolins-posaran-punt-final-a-la-fira-vint-i-cinc-anys-despres\/#primaryimage","url":"https:\/\/www.copealcoy.es\/wp-content\/uploads\/2021\/11\/unnamed-2.jpg","contentUrl":"https:\/\/www.copealcoy.es\/wp-content\/uploads\/2021\/11\/unnamed-2.jpg","width":828,"height":607},{"@type":"BreadcrumbList","@id":"https:\/\/www.copealcoy.es\/es\/els-dimonis-rafolins-posaran-punt-final-a-la-fira-vint-i-cinc-anys-despres\/#breadcrumb","itemListElement":[{"@type":"ListItem","position":1,"name":"Portada","item":"https:\/\/www.copealcoy.es\/es\/"},{"@type":"ListItem","position":2,"name":"Els &#8216;Dimonis Rafolins&#8217; posaran punt final a la Fira vint-i-cinc anys despr\u00e9s"}]},{"@type":"WebSite","@id":"https:\/\/www.copealcoy.es\/es\/#website","url":"https:\/\/www.copealcoy.es\/es\/","name":"COPE Alcoy","description":"Emisora COPE de radio local con emisi\u00f3n online. Pont de Sant Jordi 8-10 03803 Alcoy","potentialAction":[{"@type":"SearchAction","target":{"@type":"EntryPoint","urlTemplate":"https:\/\/www.copealcoy.es\/es\/?s={search_term_string}"},"query-input":{"@type":"PropertyValueSpecification","valueRequired":true,"valueName":"search_term_string"}}],"inLanguage":"es"},{"@type":"Person","@id":"https:\/\/www.copealcoy.es\/es\/#\/schema\/person\/e777c87fa024e57d40170af9df39882c","name":"Cope Alcoy","image":{"@type":"ImageObject","inLanguage":"es","@id":"https:\/\/secure.gravatar.com\/avatar\/bb65d0283347e303893ba14f0692005417c1e0e690a325a4c5d8bb2b3943ee14?s=96&d=mm&r=g","url":"https:\/\/secure.gravatar.com\/avatar\/bb65d0283347e303893ba14f0692005417c1e0e690a325a4c5d8bb2b3943ee14?s=96&d=mm&r=g","contentUrl":"https:\/\/secure.gravatar.com\/avatar\/bb65d0283347e303893ba14f0692005417c1e0e690a325a4c5d8bb2b3943ee14?s=96&d=mm&r=g","caption":"Cope Alcoy"}}]}},"_links":{"self":[{"href":"https:\/\/www.copealcoy.es\/es\/wp-json\/wp\/v2\/posts\/79791","targetHints":{"allow":["GET"]}}],"collection":[{"href":"https:\/\/www.copealcoy.es\/es\/wp-json\/wp\/v2\/posts"}],"about":[{"href":"https:\/\/www.copealcoy.es\/es\/wp-json\/wp\/v2\/types\/post"}],"author":[{"embeddable":true,"href":"https:\/\/www.copealcoy.es\/es\/wp-json\/wp\/v2\/users\/1"}],"replies":[{"embeddable":true,"href":"https:\/\/www.copealcoy.es\/es\/wp-json\/wp\/v2\/comments?post=79791"}],"version-history":[{"count":0,"href":"https:\/\/www.copealcoy.es\/es\/wp-json\/wp\/v2\/posts\/79791\/revisions"}],"wp:featuredmedia":[{"embeddable":true,"href":"https:\/\/www.copealcoy.es\/es\/wp-json\/wp\/v2\/media\/79793"}],"wp:attachment":[{"href":"https:\/\/www.copealcoy.es\/es\/wp-json\/wp\/v2\/media?parent=79791"}],"wp:term":[{"taxonomy":"category","embeddable":true,"href":"https:\/\/www.copealcoy.es\/es\/wp-json\/wp\/v2\/categories?post=79791"},{"taxonomy":"post_tag","embeddable":true,"href":"https:\/\/www.copealcoy.es\/es\/wp-json\/wp\/v2\/tags?post=79791"}],"curies":[{"name":"wp","href":"https:\/\/api.w.org\/{rel}","templated":true}]}}