{"id":79703,"date":"2021-11-03T12:03:15","date_gmt":"2021-11-03T11:03:15","guid":{"rendered":"https:\/\/www.copealcoy.es\/?p=79703"},"modified":"2021-11-03T12:08:19","modified_gmt":"2021-11-03T11:08:19","slug":"educacion-da-respaldo-al-proyecto-proactiu-de-cotes-baixes","status":"publish","type":"post","link":"https:\/\/www.copealcoy.es\/es\/educacion-da-respaldo-al-proyecto-proactiu-de-cotes-baixes\/","title":{"rendered":"Educaci\u00f3n da respaldo al proyecto &#8216;Proactiu&#8217; de Cotes Baixes"},"content":{"rendered":"<p style=\"text-align: justify;\">La <strong>Conselleria de Educaci\u00f3n <\/strong>destina una inversi\u00f3n de 1.924.928,54 euros para potenciar durante este curso <strong>un total 721 proyectos de innovaci\u00f3n correspondientes <\/strong>tanto a institutos como a escuelas de la Comunidad Valenciana. El presupuesto por provincias <strong>prev\u00e9 que en Alicante 274 centros cuenten con 678.024,44 euros para impulsar 232 PIIE<\/strong> (Proyectos de Innovaci\u00f3n e Investigaci\u00f3n Educativa).<\/p>\n<p style=\"text-align: justify;\">Precisamente en nuestra provincia la propuesta m\u00e1s valorada ha sido la presentada por el <strong>IES Cotes Baixes de Alcoy<\/strong>. Se trata del <strong>proyecto &#8216;Proactiu&#8217;<\/strong> y tiene en sus objetivos principales la transformaci\u00f3n del centro bas\u00e1ndose en el &#8220;<em>aprendizaje activo y colaborativo a trav\u00e9s de la metodolog\u00eda basada en retos significativos de car\u00e1cter interdisciplinario, que mejore la adquisici\u00f3n de las competencias transversales y profesionales para el desarrollo pleno del alumnado ante el modelo superado de materias aisladas<\/em>&#8220;.<\/p>\n<p style=\"text-align: justify;\">Con estas inversiones, la Conselleria es <strong>promover la innovaci\u00f3n pedag\u00f3gica, transofrmaciones curriculares de dichos centros, la implicaci\u00f3n de las comunidades educativas y el impacto del entorno social,\u00a0<\/strong>as\u00ed como proyectos que sigan lo marcado por los Objetivos de Desarrollo Sostenible (ODS) marcados en la Agenda 2030.<\/p>\n","protected":false},"excerpt":{"rendered":"<p>La Conselleria de Educaci\u00f3n destina una inversi\u00f3n de 1.924.928,54 euros para potenciar durante este curso un total 721 proyectos de&#8230;<\/p>\n","protected":false},"author":1,"featured_media":13829,"comment_status":"open","ping_status":"open","sticky":false,"template":"","format":"standard","meta":{"footnotes":""},"categories":[97,900,75],"tags":[1784,559,4710,5045],"class_list":["post-79703","post","type-post","status-publish","format-standard","has-post-thumbnail","hentry","category-alcoy","category-educacion","category-noticias","tag-conselleria-de-educacion","tag-cotes-baixes","tag-proyecto-educativo","tag-respaldo"],"yoast_head":"<!-- This site is optimized with the Yoast SEO plugin v27.3 - https:\/\/yoast.com\/product\/yoast-seo-wordpress\/ -->\n<title>Educaci\u00f3n da respaldo al proyecto &#039;Proactiu&#039; de Cotes Baixes - COPE Alcoy<\/title>\n<meta name=\"robots\" content=\"index, follow, max-snippet:-1, max-image-preview:large, max-video-preview:-1\" \/>\n<link rel=\"canonical\" href=\"https:\/\/www.copealcoy.es\/es\/educacion-da-respaldo-al-proyecto-proactiu-de-cotes-baixes\/\" \/>\n<meta property=\"og:locale\" content=\"es_ES\" \/>\n<meta property=\"og:type\" content=\"article\" \/>\n<meta property=\"og:title\" content=\"Educaci\u00f3n da respaldo al proyecto &#039;Proactiu&#039; de Cotes Baixes - COPE Alcoy\" \/>\n<meta property=\"og:description\" content=\"La Conselleria de Educaci\u00f3n destina una inversi\u00f3n de 1.924.928,54 euros para potenciar durante este curso un total 721 proyectos de...\" \/>\n<meta property=\"og:url\" content=\"https:\/\/www.copealcoy.es\/es\/educacion-da-respaldo-al-proyecto-proactiu-de-cotes-baixes\/\" \/>\n<meta property=\"og:site_name\" content=\"COPE Alcoy\" \/>\n<meta property=\"article:published_time\" content=\"2021-11-03T11:03:15+00:00\" \/>\n<meta property=\"article:modified_time\" content=\"2021-11-03T11:08:19+00:00\" \/>\n<meta property=\"og:image\" content=\"https:\/\/www.copealcoy.es\/wp-content\/uploads\/2015\/06\/cotes-baixes.jpg\" \/>\n\t<meta property=\"og:image:width\" content=\"640\" \/>\n\t<meta property=\"og:image:height\" content=\"480\" \/>\n\t<meta property=\"og:image:type\" content=\"image\/jpeg\" \/>\n<meta name=\"author\" content=\"Cope Alcoy\" \/>\n<meta name=\"twitter:label1\" content=\"Escrito por\" \/>\n\t<meta name=\"twitter:data1\" content=\"Cope Alcoy\" \/>\n\t<meta name=\"twitter:label2\" content=\"Tiempo de lectura\" \/>\n\t<meta name=\"twitter:data2\" content=\"1 minuto\" \/>\n<script type=\"application\/ld+json\" class=\"yoast-schema-graph\">{\"@context\":\"https:\\\/\\\/schema.org\",\"@graph\":[{\"@type\":\"Article\",\"@id\":\"https:\\\/\\\/www.copealcoy.es\\\/es\\\/educacion-da-respaldo-al-proyecto-proactiu-de-cotes-baixes\\\/#article\",\"isPartOf\":{\"@id\":\"https:\\\/\\\/www.copealcoy.es\\\/es\\\/educacion-da-respaldo-al-proyecto-proactiu-de-cotes-baixes\\\/\"},\"author\":{\"name\":\"Cope Alcoy\",\"@id\":\"https:\\\/\\\/www.copealcoy.es\\\/es\\\/#\\\/schema\\\/person\\\/e777c87fa024e57d40170af9df39882c\"},\"headline\":\"Educaci\u00f3n da respaldo al proyecto &#8216;Proactiu&#8217; de Cotes Baixes\",\"datePublished\":\"2021-11-03T11:03:15+00:00\",\"dateModified\":\"2021-11-03T11:08:19+00:00\",\"mainEntityOfPage\":{\"@id\":\"https:\\\/\\\/www.copealcoy.es\\\/es\\\/educacion-da-respaldo-al-proyecto-proactiu-de-cotes-baixes\\\/\"},\"wordCount\":197,\"commentCount\":0,\"image\":{\"@id\":\"https:\\\/\\\/www.copealcoy.es\\\/es\\\/educacion-da-respaldo-al-proyecto-proactiu-de-cotes-baixes\\\/#primaryimage\"},\"thumbnailUrl\":\"https:\\\/\\\/www.copealcoy.es\\\/wp-content\\\/uploads\\\/2015\\\/06\\\/cotes-baixes.jpg\",\"keywords\":[\"Conseller\u00eda de Educaci\u00f3n\",\"Cotes Baixes\",\"Proyecto Educativo\",\"respaldo\"],\"articleSection\":[\"Alcoy\",\"Educaci\u00f3n\",\"Noticias\"],\"inLanguage\":\"es\"},{\"@type\":\"WebPage\",\"@id\":\"https:\\\/\\\/www.copealcoy.es\\\/es\\\/educacion-da-respaldo-al-proyecto-proactiu-de-cotes-baixes\\\/\",\"url\":\"https:\\\/\\\/www.copealcoy.es\\\/es\\\/educacion-da-respaldo-al-proyecto-proactiu-de-cotes-baixes\\\/\",\"name\":\"Educaci\u00f3n da respaldo al proyecto 'Proactiu' de Cotes Baixes - COPE Alcoy\",\"isPartOf\":{\"@id\":\"https:\\\/\\\/www.copealcoy.es\\\/es\\\/#website\"},\"primaryImageOfPage\":{\"@id\":\"https:\\\/\\\/www.copealcoy.es\\\/es\\\/educacion-da-respaldo-al-proyecto-proactiu-de-cotes-baixes\\\/#primaryimage\"},\"image\":{\"@id\":\"https:\\\/\\\/www.copealcoy.es\\\/es\\\/educacion-da-respaldo-al-proyecto-proactiu-de-cotes-baixes\\\/#primaryimage\"},\"thumbnailUrl\":\"https:\\\/\\\/www.copealcoy.es\\\/wp-content\\\/uploads\\\/2015\\\/06\\\/cotes-baixes.jpg\",\"datePublished\":\"2021-11-03T11:03:15+00:00\",\"dateModified\":\"2021-11-03T11:08:19+00:00\",\"author\":{\"@id\":\"https:\\\/\\\/www.copealcoy.es\\\/es\\\/#\\\/schema\\\/person\\\/e777c87fa024e57d40170af9df39882c\"},\"breadcrumb\":{\"@id\":\"https:\\\/\\\/www.copealcoy.es\\\/es\\\/educacion-da-respaldo-al-proyecto-proactiu-de-cotes-baixes\\\/#breadcrumb\"},\"inLanguage\":\"es\",\"potentialAction\":[{\"@type\":\"ReadAction\",\"target\":[\"https:\\\/\\\/www.copealcoy.es\\\/es\\\/educacion-da-respaldo-al-proyecto-proactiu-de-cotes-baixes\\\/\"]}]},{\"@type\":\"ImageObject\",\"inLanguage\":\"es\",\"@id\":\"https:\\\/\\\/www.copealcoy.es\\\/es\\\/educacion-da-respaldo-al-proyecto-proactiu-de-cotes-baixes\\\/#primaryimage\",\"url\":\"https:\\\/\\\/www.copealcoy.es\\\/wp-content\\\/uploads\\\/2015\\\/06\\\/cotes-baixes.jpg\",\"contentUrl\":\"https:\\\/\\\/www.copealcoy.es\\\/wp-content\\\/uploads\\\/2015\\\/06\\\/cotes-baixes.jpg\",\"width\":640,\"height\":480},{\"@type\":\"BreadcrumbList\",\"@id\":\"https:\\\/\\\/www.copealcoy.es\\\/es\\\/educacion-da-respaldo-al-proyecto-proactiu-de-cotes-baixes\\\/#breadcrumb\",\"itemListElement\":[{\"@type\":\"ListItem\",\"position\":1,\"name\":\"Portada\",\"item\":\"https:\\\/\\\/www.copealcoy.es\\\/es\\\/\"},{\"@type\":\"ListItem\",\"position\":2,\"name\":\"Educaci\u00f3n da respaldo al proyecto &#8216;Proactiu&#8217; de Cotes Baixes\"}]},{\"@type\":\"WebSite\",\"@id\":\"https:\\\/\\\/www.copealcoy.es\\\/es\\\/#website\",\"url\":\"https:\\\/\\\/www.copealcoy.es\\\/es\\\/\",\"name\":\"COPE Alcoy\",\"description\":\"Emisora COPE de radio local con emisi\u00f3n online. Pont de Sant Jordi 8-10 03803 Alcoy\",\"potentialAction\":[{\"@type\":\"SearchAction\",\"target\":{\"@type\":\"EntryPoint\",\"urlTemplate\":\"https:\\\/\\\/www.copealcoy.es\\\/es\\\/?s={search_term_string}\"},\"query-input\":{\"@type\":\"PropertyValueSpecification\",\"valueRequired\":true,\"valueName\":\"search_term_string\"}}],\"inLanguage\":\"es\"},{\"@type\":\"Person\",\"@id\":\"https:\\\/\\\/www.copealcoy.es\\\/es\\\/#\\\/schema\\\/person\\\/e777c87fa024e57d40170af9df39882c\",\"name\":\"Cope Alcoy\",\"image\":{\"@type\":\"ImageObject\",\"inLanguage\":\"es\",\"@id\":\"https:\\\/\\\/secure.gravatar.com\\\/avatar\\\/bb65d0283347e303893ba14f0692005417c1e0e690a325a4c5d8bb2b3943ee14?s=96&d=mm&r=g\",\"url\":\"https:\\\/\\\/secure.gravatar.com\\\/avatar\\\/bb65d0283347e303893ba14f0692005417c1e0e690a325a4c5d8bb2b3943ee14?s=96&d=mm&r=g\",\"contentUrl\":\"https:\\\/\\\/secure.gravatar.com\\\/avatar\\\/bb65d0283347e303893ba14f0692005417c1e0e690a325a4c5d8bb2b3943ee14?s=96&d=mm&r=g\",\"caption\":\"Cope Alcoy\"}}]}<\/script>\n<!-- \/ Yoast SEO plugin. -->","yoast_head_json":{"title":"Educaci\u00f3n da respaldo al proyecto 'Proactiu' de Cotes Baixes - COPE Alcoy","robots":{"index":"index","follow":"follow","max-snippet":"max-snippet:-1","max-image-preview":"max-image-preview:large","max-video-preview":"max-video-preview:-1"},"canonical":"https:\/\/www.copealcoy.es\/es\/educacion-da-respaldo-al-proyecto-proactiu-de-cotes-baixes\/","og_locale":"es_ES","og_type":"article","og_title":"Educaci\u00f3n da respaldo al proyecto 'Proactiu' de Cotes Baixes - COPE Alcoy","og_description":"La Conselleria de Educaci\u00f3n destina una inversi\u00f3n de 1.924.928,54 euros para potenciar durante este curso un total 721 proyectos de...","og_url":"https:\/\/www.copealcoy.es\/es\/educacion-da-respaldo-al-proyecto-proactiu-de-cotes-baixes\/","og_site_name":"COPE Alcoy","article_published_time":"2021-11-03T11:03:15+00:00","article_modified_time":"2021-11-03T11:08:19+00:00","og_image":[{"width":640,"height":480,"url":"https:\/\/www.copealcoy.es\/wp-content\/uploads\/2015\/06\/cotes-baixes.jpg","type":"image\/jpeg"}],"author":"Cope Alcoy","twitter_misc":{"Escrito por":"Cope Alcoy","Tiempo de lectura":"1 minuto"},"schema":{"@context":"https:\/\/schema.org","@graph":[{"@type":"Article","@id":"https:\/\/www.copealcoy.es\/es\/educacion-da-respaldo-al-proyecto-proactiu-de-cotes-baixes\/#article","isPartOf":{"@id":"https:\/\/www.copealcoy.es\/es\/educacion-da-respaldo-al-proyecto-proactiu-de-cotes-baixes\/"},"author":{"name":"Cope Alcoy","@id":"https:\/\/www.copealcoy.es\/es\/#\/schema\/person\/e777c87fa024e57d40170af9df39882c"},"headline":"Educaci\u00f3n da respaldo al proyecto &#8216;Proactiu&#8217; de Cotes Baixes","datePublished":"2021-11-03T11:03:15+00:00","dateModified":"2021-11-03T11:08:19+00:00","mainEntityOfPage":{"@id":"https:\/\/www.copealcoy.es\/es\/educacion-da-respaldo-al-proyecto-proactiu-de-cotes-baixes\/"},"wordCount":197,"commentCount":0,"image":{"@id":"https:\/\/www.copealcoy.es\/es\/educacion-da-respaldo-al-proyecto-proactiu-de-cotes-baixes\/#primaryimage"},"thumbnailUrl":"https:\/\/www.copealcoy.es\/wp-content\/uploads\/2015\/06\/cotes-baixes.jpg","keywords":["Conseller\u00eda de Educaci\u00f3n","Cotes Baixes","Proyecto Educativo","respaldo"],"articleSection":["Alcoy","Educaci\u00f3n","Noticias"],"inLanguage":"es"},{"@type":"WebPage","@id":"https:\/\/www.copealcoy.es\/es\/educacion-da-respaldo-al-proyecto-proactiu-de-cotes-baixes\/","url":"https:\/\/www.copealcoy.es\/es\/educacion-da-respaldo-al-proyecto-proactiu-de-cotes-baixes\/","name":"Educaci\u00f3n da respaldo al proyecto 'Proactiu' de Cotes Baixes - COPE Alcoy","isPartOf":{"@id":"https:\/\/www.copealcoy.es\/es\/#website"},"primaryImageOfPage":{"@id":"https:\/\/www.copealcoy.es\/es\/educacion-da-respaldo-al-proyecto-proactiu-de-cotes-baixes\/#primaryimage"},"image":{"@id":"https:\/\/www.copealcoy.es\/es\/educacion-da-respaldo-al-proyecto-proactiu-de-cotes-baixes\/#primaryimage"},"thumbnailUrl":"https:\/\/www.copealcoy.es\/wp-content\/uploads\/2015\/06\/cotes-baixes.jpg","datePublished":"2021-11-03T11:03:15+00:00","dateModified":"2021-11-03T11:08:19+00:00","author":{"@id":"https:\/\/www.copealcoy.es\/es\/#\/schema\/person\/e777c87fa024e57d40170af9df39882c"},"breadcrumb":{"@id":"https:\/\/www.copealcoy.es\/es\/educacion-da-respaldo-al-proyecto-proactiu-de-cotes-baixes\/#breadcrumb"},"inLanguage":"es","potentialAction":[{"@type":"ReadAction","target":["https:\/\/www.copealcoy.es\/es\/educacion-da-respaldo-al-proyecto-proactiu-de-cotes-baixes\/"]}]},{"@type":"ImageObject","inLanguage":"es","@id":"https:\/\/www.copealcoy.es\/es\/educacion-da-respaldo-al-proyecto-proactiu-de-cotes-baixes\/#primaryimage","url":"https:\/\/www.copealcoy.es\/wp-content\/uploads\/2015\/06\/cotes-baixes.jpg","contentUrl":"https:\/\/www.copealcoy.es\/wp-content\/uploads\/2015\/06\/cotes-baixes.jpg","width":640,"height":480},{"@type":"BreadcrumbList","@id":"https:\/\/www.copealcoy.es\/es\/educacion-da-respaldo-al-proyecto-proactiu-de-cotes-baixes\/#breadcrumb","itemListElement":[{"@type":"ListItem","position":1,"name":"Portada","item":"https:\/\/www.copealcoy.es\/es\/"},{"@type":"ListItem","position":2,"name":"Educaci\u00f3n da respaldo al proyecto &#8216;Proactiu&#8217; de Cotes Baixes"}]},{"@type":"WebSite","@id":"https:\/\/www.copealcoy.es\/es\/#website","url":"https:\/\/www.copealcoy.es\/es\/","name":"COPE Alcoy","description":"Emisora COPE de radio local con emisi\u00f3n online. Pont de Sant Jordi 8-10 03803 Alcoy","potentialAction":[{"@type":"SearchAction","target":{"@type":"EntryPoint","urlTemplate":"https:\/\/www.copealcoy.es\/es\/?s={search_term_string}"},"query-input":{"@type":"PropertyValueSpecification","valueRequired":true,"valueName":"search_term_string"}}],"inLanguage":"es"},{"@type":"Person","@id":"https:\/\/www.copealcoy.es\/es\/#\/schema\/person\/e777c87fa024e57d40170af9df39882c","name":"Cope Alcoy","image":{"@type":"ImageObject","inLanguage":"es","@id":"https:\/\/secure.gravatar.com\/avatar\/bb65d0283347e303893ba14f0692005417c1e0e690a325a4c5d8bb2b3943ee14?s=96&d=mm&r=g","url":"https:\/\/secure.gravatar.com\/avatar\/bb65d0283347e303893ba14f0692005417c1e0e690a325a4c5d8bb2b3943ee14?s=96&d=mm&r=g","contentUrl":"https:\/\/secure.gravatar.com\/avatar\/bb65d0283347e303893ba14f0692005417c1e0e690a325a4c5d8bb2b3943ee14?s=96&d=mm&r=g","caption":"Cope Alcoy"}}]}},"_links":{"self":[{"href":"https:\/\/www.copealcoy.es\/es\/wp-json\/wp\/v2\/posts\/79703","targetHints":{"allow":["GET"]}}],"collection":[{"href":"https:\/\/www.copealcoy.es\/es\/wp-json\/wp\/v2\/posts"}],"about":[{"href":"https:\/\/www.copealcoy.es\/es\/wp-json\/wp\/v2\/types\/post"}],"author":[{"embeddable":true,"href":"https:\/\/www.copealcoy.es\/es\/wp-json\/wp\/v2\/users\/1"}],"replies":[{"embeddable":true,"href":"https:\/\/www.copealcoy.es\/es\/wp-json\/wp\/v2\/comments?post=79703"}],"version-history":[{"count":0,"href":"https:\/\/www.copealcoy.es\/es\/wp-json\/wp\/v2\/posts\/79703\/revisions"}],"wp:featuredmedia":[{"embeddable":true,"href":"https:\/\/www.copealcoy.es\/es\/wp-json\/wp\/v2\/media\/13829"}],"wp:attachment":[{"href":"https:\/\/www.copealcoy.es\/es\/wp-json\/wp\/v2\/media?parent=79703"}],"wp:term":[{"taxonomy":"category","embeddable":true,"href":"https:\/\/www.copealcoy.es\/es\/wp-json\/wp\/v2\/categories?post=79703"},{"taxonomy":"post_tag","embeddable":true,"href":"https:\/\/www.copealcoy.es\/es\/wp-json\/wp\/v2\/tags?post=79703"}],"curies":[{"name":"wp","href":"https:\/\/api.w.org\/{rel}","templated":true}]}}