{"id":79670,"date":"2021-11-02T19:16:51","date_gmt":"2021-11-02T18:16:51","guid":{"rendered":"https:\/\/www.copealcoy.es\/?p=79670"},"modified":"2021-11-02T19:17:22","modified_gmt":"2021-11-02T18:17:22","slug":"miles-de-pegatinas-de-la-itv-tienen-la-fecha-erronea","status":"publish","type":"post","link":"https:\/\/www.copealcoy.es\/es\/miles-de-pegatinas-de-la-itv-tienen-la-fecha-erronea\/","title":{"rendered":"Miles de pegatinas de la ITV tienen la fecha err\u00f3nea"},"content":{"rendered":"<p style=\"text-align: justify;\">La pol\u00e9mica Orden Ministerial aprobada en Mayo del pasado a\u00f1o para solucionar el colapso en la revisi\u00f3n en las estaciones de ITV, y que ahora ha sido definitivamente declarada nula por el Tribunal Supremo a instancias de Fenadismer, recortaba injustificadamente el plazo para pasar las revisiones peri\u00f3dicas de los veh\u00edculos sin motivos t\u00e9cnicos que lo justificaran. Los titulares de los veh\u00edculos afectados, en concreto\u00a0<strong>los que les venc\u00eda su ITV entre el 14 de marzo y el 20 de junio del pasado a\u00f1o, deber\u00e1n pasar la pr\u00f3xima revisi\u00f3n teniendo en cuenta la fecha en que hicieron la \u00faltima revisi\u00f3n, y no la que figure como fecha l\u00edmite en la tarjeta de su ITV o en la pegatina situada en el parabrisas.<\/strong><\/p>\n<p style=\"text-align: justify;\">Como ya adelant\u00f3 Fenadismer, el pasado lunes <strong>la Sala de lo Contencioso-Administrativo del Tribunal Supremo notific\u00f3 tanto al Ministerio de Industria como a la asociaci\u00f3n nacional que agrupa a las Estaciones de ITV<\/strong> el contenido \u00edntegro de la sentencia dictada frente al recurso judicial promovido el pasado a\u00f1o contra <strong>la pol\u00e9mica Orden Ministerial<\/strong> que estableci\u00f3 el calendario excepcional para que pudieran pasar la revisi\u00f3n los aproximadamente 5 millones de veh\u00edculos afectados por el cierre de las estaciones de inspecci\u00f3n t\u00e9cnica durante el estado de alarma.<\/p>\n<p style=\"text-align: justify;\">Como se recordar\u00e1, <strong>la Orden aprobada por el Ministerio de Industria<\/strong> en mayo del pasado a\u00f1o plante\u00f3 un calendario flexible para poder pasar la revisi\u00f3n t\u00e9cnica a todos los veh\u00edculos afectados por el cierre de las estaciones de ITV durante el estado de alarma para evitar de este modo que se colapsaran. Sin embargo, la misma Orden incluy\u00f3 una trampa por la cual, contraviniendo el Real Decreto que regula la inspecci\u00f3n t\u00e9cnica de veh\u00edculos en Espa\u00f1a, al pasar los veh\u00edculos la revisi\u00f3n se les pone en su ficha t\u00e9cnica, no la fecha del d\u00eda que acudieron a la ITV, sino la de la fecha en que les caduc\u00f3 durante el estado de alarma, recortando de modo sustancial la vigencia peri\u00f3dica para pasar la siguiente.<\/p>\n<p style=\"text-align: justify;\">El texto \u00edntegro de la Sentencia del Tribunal Supremos que la declara nula puede obtenerse\u00a0<strong><span style=\"color: #0000ff;\"><a style=\"color: #0000ff;\" href=\"https:\/\/www.fenadismer.es\/download\/sentencia-ts-prorroga-itv\/\">aqu\u00ed<\/a><\/span>.<\/strong><\/p>\n<p style=\"text-align: justify;\">Ante las numerosas consultas que est\u00e1n llegando estos d\u00edas a Fenadismer sobre la aplicaci\u00f3n pr\u00e1ctica de la sentencia, ante todo <strong>debe quedar claro cuales son los veh\u00edculos afectados por dicha decisi\u00f3n judicial<\/strong>, teniendo en cuenta que fueron dos las normas extraordinarias aprobadas por el Ministerio de Industria el pasado a\u00f1o para poder pasar la revisi\u00f3n tras el cierre de las estaciones de ITV:<\/p>\n<p style=\"text-align: justify;\"><strong>-Veh\u00edculos que les venc\u00eda la ITV entre el 21 de junio y el 31 de Agosto de 2020: aunque las estaciones ya se encontraban abiertas en dicho per\u00edodo, el colapso y las aglomeraciones existentes obligaron al Ministerio de Industria a establecer mediante un Decreto-Ley una pr\u00f3rroga de hasta 3 meses para pasar la revisi\u00f3n,<\/strong>\u00a0pero una vez realizada, la fecha de la siguiente revisi\u00f3n se computa a partir del d\u00eda en que correspond\u00eda haberla pasado y no desde el d\u00eda en que efectivamente se acudi\u00f3 a la ITV. Al tratarse de una norma con rango de ley no pudo ser recurrida ante los Tribunales, ya que est\u00e1 vedada tal posibilidad a los ciudadanos o las organizaciones que los representan, por lo que a dicha norma no le es de aplicaci\u00f3n la sentencia del Tribunal Supremo.<\/p>\n<p style=\"text-align: justify;\"><strong>-Veh\u00edculos que les venc\u00eda la ITV entre el 14 de Marzo y el 20 de Junio de 2020: en este caso el Ministerio de Industria aprob\u00f3 mediante la Orden Ministerial, ahora declarada nula, un calendario de pr\u00f3rroga muy amplio para pasar la revisi\u00f3n, en concreto, hasta el pasado el 1 de Marzo.\u00a0<\/strong>En este caso, como en el anterior, la norma establec\u00eda la \u201ctrampa\u201d de que, al pasar la revisi\u00f3n, la estaci\u00f3n ITV establec\u00eda como fecha de revisi\u00f3n no la del d\u00eda de realizaci\u00f3n sino la fecha l\u00edmite que correspond\u00eda pasar al veh\u00edculo la ITV durante el estado de alarma, es decir,\u00a0<strong>recortando varios meses la vigencia para pasar la siguiente revisi\u00f3n.<\/strong>\u00a0Y es precisamente este \u201crecorte injustificado\u201d lo que el Tribunal Supremo ha declarado nulo. En consecuencia, sus titulares podr\u00e1n pasar la siguiente revisi\u00f3n t\u00e9cnica computando el plazo para pasarla desde que hicieron la \u00faltima revisi\u00f3n, sin descontar la reducci\u00f3n de plazo que consignaron las estaciones de ITV el pasado a\u00f1o en las fichas t\u00e9cnicas y en las pegatinas identificativas de los parabrisas de los veh\u00edculos.<strong> Para ello, la fecha que debe tenerse en cuenta para pasar la pr\u00f3xima revisi\u00f3n, aplicando la periodicidad que corresponda en funci\u00f3n de la antig\u00fcedad y categor\u00eda del veh\u00edculo, es la que figura en la propia ficha t\u00e9cnica del veh\u00edculo justo encima de la fecha l\u00edmite \u201crecortada\u201d que las ITVs reflejaron para pasar la siguiente.\u00a0<\/strong><\/p>\n","protected":false},"excerpt":{"rendered":"<p>La pol\u00e9mica Orden Ministerial aprobada en Mayo del pasado a\u00f1o para solucionar el colapso en la revisi\u00f3n en las estaciones&#8230;<\/p>\n","protected":false},"author":1,"featured_media":79671,"comment_status":"open","ping_status":"open","sticky":false,"template":"","format":"standard","meta":{"footnotes":""},"categories":[6909,75,79],"tags":[639,11998,11999,11833],"class_list":["post-79670","post","type-post","status-publish","format-standard","has-post-thumbnail","hentry","category-actualidad","category-noticias","category-politicayeconomia","tag-comunidad-valenciana","tag-eriquetas","tag-errores","tag-itv"],"yoast_head":"<!-- This site is optimized with the Yoast SEO plugin v27.3 - https:\/\/yoast.com\/product\/yoast-seo-wordpress\/ -->\n<title>Miles de pegatinas de la ITV tienen la fecha err\u00f3nea - COPE Alcoy<\/title>\n<meta name=\"robots\" content=\"index, follow, max-snippet:-1, max-image-preview:large, max-video-preview:-1\" \/>\n<link rel=\"canonical\" href=\"https:\/\/www.copealcoy.es\/es\/miles-de-pegatinas-de-la-itv-tienen-la-fecha-erronea\/\" \/>\n<meta property=\"og:locale\" content=\"es_ES\" \/>\n<meta property=\"og:type\" content=\"article\" \/>\n<meta property=\"og:title\" content=\"Miles de pegatinas de la ITV tienen la fecha err\u00f3nea - COPE Alcoy\" \/>\n<meta property=\"og:description\" content=\"La pol\u00e9mica Orden Ministerial aprobada en Mayo del pasado a\u00f1o para solucionar el colapso en la revisi\u00f3n en las estaciones...\" \/>\n<meta property=\"og:url\" content=\"https:\/\/www.copealcoy.es\/es\/miles-de-pegatinas-de-la-itv-tienen-la-fecha-erronea\/\" \/>\n<meta property=\"og:site_name\" content=\"COPE Alcoy\" \/>\n<meta property=\"article:published_time\" content=\"2021-11-02T18:16:51+00:00\" \/>\n<meta property=\"article:modified_time\" content=\"2021-11-02T18:17:22+00:00\" \/>\n<meta property=\"og:image\" content=\"https:\/\/www.copealcoy.es\/wp-content\/uploads\/2021\/11\/1635638614265.jpg\" \/>\n\t<meta property=\"og:image:width\" content=\"976\" \/>\n\t<meta property=\"og:image:height\" content=\"732\" \/>\n\t<meta property=\"og:image:type\" content=\"image\/jpeg\" \/>\n<meta name=\"author\" content=\"Cope Alcoy\" \/>\n<meta name=\"twitter:label1\" content=\"Escrito por\" \/>\n\t<meta name=\"twitter:data1\" content=\"Cope Alcoy\" \/>\n\t<meta name=\"twitter:label2\" content=\"Tiempo de lectura\" \/>\n\t<meta name=\"twitter:data2\" content=\"4 minutos\" \/>\n<script type=\"application\/ld+json\" class=\"yoast-schema-graph\">{\"@context\":\"https:\\\/\\\/schema.org\",\"@graph\":[{\"@type\":\"Article\",\"@id\":\"https:\\\/\\\/www.copealcoy.es\\\/es\\\/miles-de-pegatinas-de-la-itv-tienen-la-fecha-erronea\\\/#article\",\"isPartOf\":{\"@id\":\"https:\\\/\\\/www.copealcoy.es\\\/es\\\/miles-de-pegatinas-de-la-itv-tienen-la-fecha-erronea\\\/\"},\"author\":{\"name\":\"Cope Alcoy\",\"@id\":\"https:\\\/\\\/www.copealcoy.es\\\/es\\\/#\\\/schema\\\/person\\\/e777c87fa024e57d40170af9df39882c\"},\"headline\":\"Miles de pegatinas de la ITV tienen la fecha err\u00f3nea\",\"datePublished\":\"2021-11-02T18:16:51+00:00\",\"dateModified\":\"2021-11-02T18:17:22+00:00\",\"mainEntityOfPage\":{\"@id\":\"https:\\\/\\\/www.copealcoy.es\\\/es\\\/miles-de-pegatinas-de-la-itv-tienen-la-fecha-erronea\\\/\"},\"wordCount\":859,\"commentCount\":0,\"image\":{\"@id\":\"https:\\\/\\\/www.copealcoy.es\\\/es\\\/miles-de-pegatinas-de-la-itv-tienen-la-fecha-erronea\\\/#primaryimage\"},\"thumbnailUrl\":\"https:\\\/\\\/www.copealcoy.es\\\/wp-content\\\/uploads\\\/2021\\\/11\\\/1635638614265.jpg\",\"keywords\":[\"Comunidad Valenciana\",\"Eriquetas\",\"errores\",\"ITV\"],\"articleSection\":[\"Actualidad\",\"Noticias\",\"Pol\u00edtica y Econom\u00eda\"],\"inLanguage\":\"es\"},{\"@type\":\"WebPage\",\"@id\":\"https:\\\/\\\/www.copealcoy.es\\\/es\\\/miles-de-pegatinas-de-la-itv-tienen-la-fecha-erronea\\\/\",\"url\":\"https:\\\/\\\/www.copealcoy.es\\\/es\\\/miles-de-pegatinas-de-la-itv-tienen-la-fecha-erronea\\\/\",\"name\":\"Miles de pegatinas de la ITV tienen la fecha err\u00f3nea - COPE Alcoy\",\"isPartOf\":{\"@id\":\"https:\\\/\\\/www.copealcoy.es\\\/es\\\/#website\"},\"primaryImageOfPage\":{\"@id\":\"https:\\\/\\\/www.copealcoy.es\\\/es\\\/miles-de-pegatinas-de-la-itv-tienen-la-fecha-erronea\\\/#primaryimage\"},\"image\":{\"@id\":\"https:\\\/\\\/www.copealcoy.es\\\/es\\\/miles-de-pegatinas-de-la-itv-tienen-la-fecha-erronea\\\/#primaryimage\"},\"thumbnailUrl\":\"https:\\\/\\\/www.copealcoy.es\\\/wp-content\\\/uploads\\\/2021\\\/11\\\/1635638614265.jpg\",\"datePublished\":\"2021-11-02T18:16:51+00:00\",\"dateModified\":\"2021-11-02T18:17:22+00:00\",\"author\":{\"@id\":\"https:\\\/\\\/www.copealcoy.es\\\/es\\\/#\\\/schema\\\/person\\\/e777c87fa024e57d40170af9df39882c\"},\"breadcrumb\":{\"@id\":\"https:\\\/\\\/www.copealcoy.es\\\/es\\\/miles-de-pegatinas-de-la-itv-tienen-la-fecha-erronea\\\/#breadcrumb\"},\"inLanguage\":\"es\",\"potentialAction\":[{\"@type\":\"ReadAction\",\"target\":[\"https:\\\/\\\/www.copealcoy.es\\\/es\\\/miles-de-pegatinas-de-la-itv-tienen-la-fecha-erronea\\\/\"]}]},{\"@type\":\"ImageObject\",\"inLanguage\":\"es\",\"@id\":\"https:\\\/\\\/www.copealcoy.es\\\/es\\\/miles-de-pegatinas-de-la-itv-tienen-la-fecha-erronea\\\/#primaryimage\",\"url\":\"https:\\\/\\\/www.copealcoy.es\\\/wp-content\\\/uploads\\\/2021\\\/11\\\/1635638614265.jpg\",\"contentUrl\":\"https:\\\/\\\/www.copealcoy.es\\\/wp-content\\\/uploads\\\/2021\\\/11\\\/1635638614265.jpg\",\"width\":976,\"height\":732},{\"@type\":\"BreadcrumbList\",\"@id\":\"https:\\\/\\\/www.copealcoy.es\\\/es\\\/miles-de-pegatinas-de-la-itv-tienen-la-fecha-erronea\\\/#breadcrumb\",\"itemListElement\":[{\"@type\":\"ListItem\",\"position\":1,\"name\":\"Portada\",\"item\":\"https:\\\/\\\/www.copealcoy.es\\\/es\\\/\"},{\"@type\":\"ListItem\",\"position\":2,\"name\":\"Miles de pegatinas de la ITV tienen la fecha err\u00f3nea\"}]},{\"@type\":\"WebSite\",\"@id\":\"https:\\\/\\\/www.copealcoy.es\\\/es\\\/#website\",\"url\":\"https:\\\/\\\/www.copealcoy.es\\\/es\\\/\",\"name\":\"COPE Alcoy\",\"description\":\"Emisora COPE de radio local con emisi\u00f3n online. Pont de Sant Jordi 8-10 03803 Alcoy\",\"potentialAction\":[{\"@type\":\"SearchAction\",\"target\":{\"@type\":\"EntryPoint\",\"urlTemplate\":\"https:\\\/\\\/www.copealcoy.es\\\/es\\\/?s={search_term_string}\"},\"query-input\":{\"@type\":\"PropertyValueSpecification\",\"valueRequired\":true,\"valueName\":\"search_term_string\"}}],\"inLanguage\":\"es\"},{\"@type\":\"Person\",\"@id\":\"https:\\\/\\\/www.copealcoy.es\\\/es\\\/#\\\/schema\\\/person\\\/e777c87fa024e57d40170af9df39882c\",\"name\":\"Cope Alcoy\",\"image\":{\"@type\":\"ImageObject\",\"inLanguage\":\"es\",\"@id\":\"https:\\\/\\\/secure.gravatar.com\\\/avatar\\\/bb65d0283347e303893ba14f0692005417c1e0e690a325a4c5d8bb2b3943ee14?s=96&d=mm&r=g\",\"url\":\"https:\\\/\\\/secure.gravatar.com\\\/avatar\\\/bb65d0283347e303893ba14f0692005417c1e0e690a325a4c5d8bb2b3943ee14?s=96&d=mm&r=g\",\"contentUrl\":\"https:\\\/\\\/secure.gravatar.com\\\/avatar\\\/bb65d0283347e303893ba14f0692005417c1e0e690a325a4c5d8bb2b3943ee14?s=96&d=mm&r=g\",\"caption\":\"Cope Alcoy\"}}]}<\/script>\n<!-- \/ Yoast SEO plugin. -->","yoast_head_json":{"title":"Miles de pegatinas de la ITV tienen la fecha err\u00f3nea - COPE Alcoy","robots":{"index":"index","follow":"follow","max-snippet":"max-snippet:-1","max-image-preview":"max-image-preview:large","max-video-preview":"max-video-preview:-1"},"canonical":"https:\/\/www.copealcoy.es\/es\/miles-de-pegatinas-de-la-itv-tienen-la-fecha-erronea\/","og_locale":"es_ES","og_type":"article","og_title":"Miles de pegatinas de la ITV tienen la fecha err\u00f3nea - COPE Alcoy","og_description":"La pol\u00e9mica Orden Ministerial aprobada en Mayo del pasado a\u00f1o para solucionar el colapso en la revisi\u00f3n en las estaciones...","og_url":"https:\/\/www.copealcoy.es\/es\/miles-de-pegatinas-de-la-itv-tienen-la-fecha-erronea\/","og_site_name":"COPE Alcoy","article_published_time":"2021-11-02T18:16:51+00:00","article_modified_time":"2021-11-02T18:17:22+00:00","og_image":[{"width":976,"height":732,"url":"https:\/\/www.copealcoy.es\/wp-content\/uploads\/2021\/11\/1635638614265.jpg","type":"image\/jpeg"}],"author":"Cope Alcoy","twitter_misc":{"Escrito por":"Cope Alcoy","Tiempo de lectura":"4 minutos"},"schema":{"@context":"https:\/\/schema.org","@graph":[{"@type":"Article","@id":"https:\/\/www.copealcoy.es\/es\/miles-de-pegatinas-de-la-itv-tienen-la-fecha-erronea\/#article","isPartOf":{"@id":"https:\/\/www.copealcoy.es\/es\/miles-de-pegatinas-de-la-itv-tienen-la-fecha-erronea\/"},"author":{"name":"Cope Alcoy","@id":"https:\/\/www.copealcoy.es\/es\/#\/schema\/person\/e777c87fa024e57d40170af9df39882c"},"headline":"Miles de pegatinas de la ITV tienen la fecha err\u00f3nea","datePublished":"2021-11-02T18:16:51+00:00","dateModified":"2021-11-02T18:17:22+00:00","mainEntityOfPage":{"@id":"https:\/\/www.copealcoy.es\/es\/miles-de-pegatinas-de-la-itv-tienen-la-fecha-erronea\/"},"wordCount":859,"commentCount":0,"image":{"@id":"https:\/\/www.copealcoy.es\/es\/miles-de-pegatinas-de-la-itv-tienen-la-fecha-erronea\/#primaryimage"},"thumbnailUrl":"https:\/\/www.copealcoy.es\/wp-content\/uploads\/2021\/11\/1635638614265.jpg","keywords":["Comunidad Valenciana","Eriquetas","errores","ITV"],"articleSection":["Actualidad","Noticias","Pol\u00edtica y Econom\u00eda"],"inLanguage":"es"},{"@type":"WebPage","@id":"https:\/\/www.copealcoy.es\/es\/miles-de-pegatinas-de-la-itv-tienen-la-fecha-erronea\/","url":"https:\/\/www.copealcoy.es\/es\/miles-de-pegatinas-de-la-itv-tienen-la-fecha-erronea\/","name":"Miles de pegatinas de la ITV tienen la fecha err\u00f3nea - COPE Alcoy","isPartOf":{"@id":"https:\/\/www.copealcoy.es\/es\/#website"},"primaryImageOfPage":{"@id":"https:\/\/www.copealcoy.es\/es\/miles-de-pegatinas-de-la-itv-tienen-la-fecha-erronea\/#primaryimage"},"image":{"@id":"https:\/\/www.copealcoy.es\/es\/miles-de-pegatinas-de-la-itv-tienen-la-fecha-erronea\/#primaryimage"},"thumbnailUrl":"https:\/\/www.copealcoy.es\/wp-content\/uploads\/2021\/11\/1635638614265.jpg","datePublished":"2021-11-02T18:16:51+00:00","dateModified":"2021-11-02T18:17:22+00:00","author":{"@id":"https:\/\/www.copealcoy.es\/es\/#\/schema\/person\/e777c87fa024e57d40170af9df39882c"},"breadcrumb":{"@id":"https:\/\/www.copealcoy.es\/es\/miles-de-pegatinas-de-la-itv-tienen-la-fecha-erronea\/#breadcrumb"},"inLanguage":"es","potentialAction":[{"@type":"ReadAction","target":["https:\/\/www.copealcoy.es\/es\/miles-de-pegatinas-de-la-itv-tienen-la-fecha-erronea\/"]}]},{"@type":"ImageObject","inLanguage":"es","@id":"https:\/\/www.copealcoy.es\/es\/miles-de-pegatinas-de-la-itv-tienen-la-fecha-erronea\/#primaryimage","url":"https:\/\/www.copealcoy.es\/wp-content\/uploads\/2021\/11\/1635638614265.jpg","contentUrl":"https:\/\/www.copealcoy.es\/wp-content\/uploads\/2021\/11\/1635638614265.jpg","width":976,"height":732},{"@type":"BreadcrumbList","@id":"https:\/\/www.copealcoy.es\/es\/miles-de-pegatinas-de-la-itv-tienen-la-fecha-erronea\/#breadcrumb","itemListElement":[{"@type":"ListItem","position":1,"name":"Portada","item":"https:\/\/www.copealcoy.es\/es\/"},{"@type":"ListItem","position":2,"name":"Miles de pegatinas de la ITV tienen la fecha err\u00f3nea"}]},{"@type":"WebSite","@id":"https:\/\/www.copealcoy.es\/es\/#website","url":"https:\/\/www.copealcoy.es\/es\/","name":"COPE Alcoy","description":"Emisora COPE de radio local con emisi\u00f3n online. Pont de Sant Jordi 8-10 03803 Alcoy","potentialAction":[{"@type":"SearchAction","target":{"@type":"EntryPoint","urlTemplate":"https:\/\/www.copealcoy.es\/es\/?s={search_term_string}"},"query-input":{"@type":"PropertyValueSpecification","valueRequired":true,"valueName":"search_term_string"}}],"inLanguage":"es"},{"@type":"Person","@id":"https:\/\/www.copealcoy.es\/es\/#\/schema\/person\/e777c87fa024e57d40170af9df39882c","name":"Cope Alcoy","image":{"@type":"ImageObject","inLanguage":"es","@id":"https:\/\/secure.gravatar.com\/avatar\/bb65d0283347e303893ba14f0692005417c1e0e690a325a4c5d8bb2b3943ee14?s=96&d=mm&r=g","url":"https:\/\/secure.gravatar.com\/avatar\/bb65d0283347e303893ba14f0692005417c1e0e690a325a4c5d8bb2b3943ee14?s=96&d=mm&r=g","contentUrl":"https:\/\/secure.gravatar.com\/avatar\/bb65d0283347e303893ba14f0692005417c1e0e690a325a4c5d8bb2b3943ee14?s=96&d=mm&r=g","caption":"Cope Alcoy"}}]}},"_links":{"self":[{"href":"https:\/\/www.copealcoy.es\/es\/wp-json\/wp\/v2\/posts\/79670","targetHints":{"allow":["GET"]}}],"collection":[{"href":"https:\/\/www.copealcoy.es\/es\/wp-json\/wp\/v2\/posts"}],"about":[{"href":"https:\/\/www.copealcoy.es\/es\/wp-json\/wp\/v2\/types\/post"}],"author":[{"embeddable":true,"href":"https:\/\/www.copealcoy.es\/es\/wp-json\/wp\/v2\/users\/1"}],"replies":[{"embeddable":true,"href":"https:\/\/www.copealcoy.es\/es\/wp-json\/wp\/v2\/comments?post=79670"}],"version-history":[{"count":0,"href":"https:\/\/www.copealcoy.es\/es\/wp-json\/wp\/v2\/posts\/79670\/revisions"}],"wp:featuredmedia":[{"embeddable":true,"href":"https:\/\/www.copealcoy.es\/es\/wp-json\/wp\/v2\/media\/79671"}],"wp:attachment":[{"href":"https:\/\/www.copealcoy.es\/es\/wp-json\/wp\/v2\/media?parent=79670"}],"wp:term":[{"taxonomy":"category","embeddable":true,"href":"https:\/\/www.copealcoy.es\/es\/wp-json\/wp\/v2\/categories?post=79670"},{"taxonomy":"post_tag","embeddable":true,"href":"https:\/\/www.copealcoy.es\/es\/wp-json\/wp\/v2\/tags?post=79670"}],"curies":[{"name":"wp","href":"https:\/\/api.w.org\/{rel}","templated":true}]}}