{"id":79645,"date":"2021-11-02T10:20:26","date_gmt":"2021-11-02T09:20:26","guid":{"rendered":"https:\/\/www.copealcoy.es\/?p=79645"},"modified":"2021-11-02T13:05:11","modified_gmt":"2021-11-02T12:05:11","slug":"la-fira-cierra-su-primer-fin-de-semana-superando-todas-las-previsiones","status":"publish","type":"post","link":"https:\/\/www.copealcoy.es\/es\/la-fira-cierra-su-primer-fin-de-semana-superando-todas-las-previsiones\/","title":{"rendered":"La Fira cierra su primer fin de semana superando todas las previsiones"},"content":{"rendered":"<p style=\"text-align: justify;\">Cocentaina puso anoche <strong>el punto y seguido a la Fira del 2021<\/strong> tras <strong>un intenso puente festivo de Todos los Santos<\/strong> en el que centenares de personas han pasado por la Villa Condal para disfrutar de<strong> la 675 edici\u00f3n del Certamen<\/strong>. La climatolog\u00eda, que en un primer momento se presentaba adversa, <strong>ha respetado la convocatoria<\/strong> y tan solo <strong>la lluvia apareci\u00f3<\/strong> en algunas noches <strong>sin llegar a complicar el desarrollo del evento<\/strong>. Por su parte<strong> las fuertes rachas de viento fueron la t\u00f3nica dominante<\/strong> durante pr\u00e1cticamente los cuatro d\u00edas de Feria provocando <strong>alg\u00fan leve incidente en carpas y tendales<\/strong> de los puestos de venta.<\/p>\n<p style=\"text-align: justify;\">Desde la organizaci\u00f3n ten\u00edan cifrados hasta el domingo por la noche <strong>m\u00e1s de 264.000 asistentes<\/strong> por lo que, si a estos datos les sumamos las personas que pasaron ayer por Cocentaina, se puede decir que <strong>han sido m\u00e1s de 300.000 los visitantes<\/strong> que ha tenido este primer fin de semana de Fira. Todo ello a la espera de los datos oficiales que se dar\u00e1n a conocer en las pr\u00f3ximas horas. Desde primera hora de la ma\u00f1ana del viernes 29 de octubre y hasta \u00faltima de la noche del 1 de noviembre <strong>la oferta de Fira se ha centrado en el Mercado Medieval, el Zoco \u00c1rabe, el Porrat Valenci\u00e0 y sectores como el Turismo, Innovaci\u00f3n, Moda, Hogar, Deporte, Medio Ambiente, Venta Ambulante, Productos T\u00edpicos, Gastronom\u00eda y Hogar. Tambi\u00e9n hubo espacio para competiciones deportivas como las partidas de Pilota Valenciana a cargo del Club Pilota Cocentaina, las exposiciones culturales o los espect\u00e1culos con aforo limitado en el Patio de Armas del Palau Comtal<\/strong> &#8220;<em>estamos muy contentas porque la Fira, perfectamente adaptada a la pandemia y en su regreso al formato presencial en la calle, ha superado todas las previsiones. Apenas se han registrado incidentes rese\u00f1ables y todo el engranaje ha vuelto a funcionar muy bien<\/em>&#8220;, afirmaban ayer en directo en COPE ALCOY la alcaldesa; <strong>Mireia Estepa<\/strong>; y la edil de Fira, <strong>Eugenia Miguel<\/strong>.<\/p>\n<p style=\"text-align: justify;\">La jornada del 1 de noviembre, d\u00eda grande de la Fira de Tots Sants, comenz\u00f3 con <strong>el tradicional &#8216;Esmorzar de Fira&#8217;<\/strong> pero en vez de celebrarse en el Pla de la Font este tuvo lugar en bares as\u00ed como restaurantes del municipio para evitar aglomeraciones. Muchos aprovecharon tambi\u00e9n para <strong>visitar la Fira de Animales en el Pla de la Font<\/strong>, rindiendo as\u00ed homenaje a los or\u00edgenes del Certamen de 1346, o para <strong>&#8216;Firarse&#8217; alguno de los muchos productos expuestos en la calle<\/strong>. Recordar que la Fira de Tots Sants regresa al municipio el viernes 5 de noviembre y esta vez ser\u00e1 el turno de sectores como<strong> la automoci\u00f3n, la maquinaria agr\u00edcola o los utensilios industriales<\/strong>.<\/p>\n","protected":false},"excerpt":{"rendered":"<p>Cocentaina puso anoche el punto y seguido a la Fira del 2021 tras un intenso puente festivo de Todos los&#8230;<\/p>\n","protected":false},"author":1,"featured_media":79646,"comment_status":"open","ping_status":"open","sticky":false,"template":"","format":"standard","meta":{"footnotes":""},"categories":[6909,98,75,125],"tags":[11848,430,132,635,1799,11990],"class_list":["post-79645","post","type-post","status-publish","format-standard","has-post-thumbnail","hentry","category-actualidad","category-comarcas","category-noticias","category-portada","tag-675-edicion","tag-balance","tag-cocentaina","tag-fira-de-tots-sants","tag-mireia-estepa","tag-primer-fin-de-semana"],"yoast_head":"<!-- This site is optimized with the Yoast SEO plugin v27.3 - https:\/\/yoast.com\/product\/yoast-seo-wordpress\/ -->\n<title>La Fira cierra su primer fin de semana superando todas las previsiones - COPE Alcoy<\/title>\n<meta name=\"robots\" content=\"index, follow, max-snippet:-1, max-image-preview:large, max-video-preview:-1\" \/>\n<link rel=\"canonical\" href=\"https:\/\/www.copealcoy.es\/es\/la-fira-cierra-su-primer-fin-de-semana-superando-todas-las-previsiones\/\" \/>\n<meta property=\"og:locale\" content=\"es_ES\" \/>\n<meta property=\"og:type\" content=\"article\" \/>\n<meta property=\"og:title\" content=\"La Fira cierra su primer fin de semana superando todas las previsiones - COPE Alcoy\" \/>\n<meta property=\"og:description\" content=\"Cocentaina puso anoche el punto y seguido a la Fira del 2021 tras un intenso puente festivo de Todos los...\" \/>\n<meta property=\"og:url\" content=\"https:\/\/www.copealcoy.es\/es\/la-fira-cierra-su-primer-fin-de-semana-superando-todas-las-previsiones\/\" \/>\n<meta property=\"og:site_name\" content=\"COPE Alcoy\" \/>\n<meta property=\"article:published_time\" content=\"2021-11-02T09:20:26+00:00\" \/>\n<meta property=\"article:modified_time\" content=\"2021-11-02T12:05:11+00:00\" \/>\n<meta property=\"og:image\" content=\"https:\/\/www.copealcoy.es\/wp-content\/uploads\/2021\/11\/unnamed-scaled.jpg\" \/>\n\t<meta property=\"og:image:width\" content=\"2560\" \/>\n\t<meta property=\"og:image:height\" content=\"1574\" \/>\n\t<meta property=\"og:image:type\" content=\"image\/jpeg\" \/>\n<meta name=\"author\" content=\"Cope Alcoy\" \/>\n<meta name=\"twitter:label1\" content=\"Escrito por\" \/>\n\t<meta name=\"twitter:data1\" content=\"Cope Alcoy\" \/>\n\t<meta name=\"twitter:label2\" content=\"Tiempo de lectura\" \/>\n\t<meta name=\"twitter:data2\" content=\"2 minutos\" \/>\n<script type=\"application\/ld+json\" class=\"yoast-schema-graph\">{\"@context\":\"https:\\\/\\\/schema.org\",\"@graph\":[{\"@type\":\"Article\",\"@id\":\"https:\\\/\\\/www.copealcoy.es\\\/es\\\/la-fira-cierra-su-primer-fin-de-semana-superando-todas-las-previsiones\\\/#article\",\"isPartOf\":{\"@id\":\"https:\\\/\\\/www.copealcoy.es\\\/es\\\/la-fira-cierra-su-primer-fin-de-semana-superando-todas-las-previsiones\\\/\"},\"author\":{\"name\":\"Cope Alcoy\",\"@id\":\"https:\\\/\\\/www.copealcoy.es\\\/es\\\/#\\\/schema\\\/person\\\/e777c87fa024e57d40170af9df39882c\"},\"headline\":\"La Fira cierra su primer fin de semana superando todas las previsiones\",\"datePublished\":\"2021-11-02T09:20:26+00:00\",\"dateModified\":\"2021-11-02T12:05:11+00:00\",\"mainEntityOfPage\":{\"@id\":\"https:\\\/\\\/www.copealcoy.es\\\/es\\\/la-fira-cierra-su-primer-fin-de-semana-superando-todas-las-previsiones\\\/\"},\"wordCount\":467,\"commentCount\":0,\"image\":{\"@id\":\"https:\\\/\\\/www.copealcoy.es\\\/es\\\/la-fira-cierra-su-primer-fin-de-semana-superando-todas-las-previsiones\\\/#primaryimage\"},\"thumbnailUrl\":\"https:\\\/\\\/www.copealcoy.es\\\/wp-content\\\/uploads\\\/2021\\\/11\\\/unnamed-scaled.jpg\",\"keywords\":[\"675 edici\u00f3n\",\"Balance\",\"Cocentaina\",\"Fira de Tots Sants\",\"Mireia Estepa\",\"primer fin de semana\"],\"articleSection\":[\"Actualidad\",\"Comarcas\",\"Noticias\",\"Portada\"],\"inLanguage\":\"es\"},{\"@type\":\"WebPage\",\"@id\":\"https:\\\/\\\/www.copealcoy.es\\\/es\\\/la-fira-cierra-su-primer-fin-de-semana-superando-todas-las-previsiones\\\/\",\"url\":\"https:\\\/\\\/www.copealcoy.es\\\/es\\\/la-fira-cierra-su-primer-fin-de-semana-superando-todas-las-previsiones\\\/\",\"name\":\"La Fira cierra su primer fin de semana superando todas las previsiones - COPE Alcoy\",\"isPartOf\":{\"@id\":\"https:\\\/\\\/www.copealcoy.es\\\/es\\\/#website\"},\"primaryImageOfPage\":{\"@id\":\"https:\\\/\\\/www.copealcoy.es\\\/es\\\/la-fira-cierra-su-primer-fin-de-semana-superando-todas-las-previsiones\\\/#primaryimage\"},\"image\":{\"@id\":\"https:\\\/\\\/www.copealcoy.es\\\/es\\\/la-fira-cierra-su-primer-fin-de-semana-superando-todas-las-previsiones\\\/#primaryimage\"},\"thumbnailUrl\":\"https:\\\/\\\/www.copealcoy.es\\\/wp-content\\\/uploads\\\/2021\\\/11\\\/unnamed-scaled.jpg\",\"datePublished\":\"2021-11-02T09:20:26+00:00\",\"dateModified\":\"2021-11-02T12:05:11+00:00\",\"author\":{\"@id\":\"https:\\\/\\\/www.copealcoy.es\\\/es\\\/#\\\/schema\\\/person\\\/e777c87fa024e57d40170af9df39882c\"},\"breadcrumb\":{\"@id\":\"https:\\\/\\\/www.copealcoy.es\\\/es\\\/la-fira-cierra-su-primer-fin-de-semana-superando-todas-las-previsiones\\\/#breadcrumb\"},\"inLanguage\":\"es\",\"potentialAction\":[{\"@type\":\"ReadAction\",\"target\":[\"https:\\\/\\\/www.copealcoy.es\\\/es\\\/la-fira-cierra-su-primer-fin-de-semana-superando-todas-las-previsiones\\\/\"]}]},{\"@type\":\"ImageObject\",\"inLanguage\":\"es\",\"@id\":\"https:\\\/\\\/www.copealcoy.es\\\/es\\\/la-fira-cierra-su-primer-fin-de-semana-superando-todas-las-previsiones\\\/#primaryimage\",\"url\":\"https:\\\/\\\/www.copealcoy.es\\\/wp-content\\\/uploads\\\/2021\\\/11\\\/unnamed-scaled.jpg\",\"contentUrl\":\"https:\\\/\\\/www.copealcoy.es\\\/wp-content\\\/uploads\\\/2021\\\/11\\\/unnamed-scaled.jpg\",\"width\":2560,\"height\":1574},{\"@type\":\"BreadcrumbList\",\"@id\":\"https:\\\/\\\/www.copealcoy.es\\\/es\\\/la-fira-cierra-su-primer-fin-de-semana-superando-todas-las-previsiones\\\/#breadcrumb\",\"itemListElement\":[{\"@type\":\"ListItem\",\"position\":1,\"name\":\"Portada\",\"item\":\"https:\\\/\\\/www.copealcoy.es\\\/es\\\/\"},{\"@type\":\"ListItem\",\"position\":2,\"name\":\"La Fira cierra su primer fin de semana superando todas las previsiones\"}]},{\"@type\":\"WebSite\",\"@id\":\"https:\\\/\\\/www.copealcoy.es\\\/es\\\/#website\",\"url\":\"https:\\\/\\\/www.copealcoy.es\\\/es\\\/\",\"name\":\"COPE Alcoy\",\"description\":\"Emisora COPE de radio local con emisi\u00f3n online. Pont de Sant Jordi 8-10 03803 Alcoy\",\"potentialAction\":[{\"@type\":\"SearchAction\",\"target\":{\"@type\":\"EntryPoint\",\"urlTemplate\":\"https:\\\/\\\/www.copealcoy.es\\\/es\\\/?s={search_term_string}\"},\"query-input\":{\"@type\":\"PropertyValueSpecification\",\"valueRequired\":true,\"valueName\":\"search_term_string\"}}],\"inLanguage\":\"es\"},{\"@type\":\"Person\",\"@id\":\"https:\\\/\\\/www.copealcoy.es\\\/es\\\/#\\\/schema\\\/person\\\/e777c87fa024e57d40170af9df39882c\",\"name\":\"Cope Alcoy\",\"image\":{\"@type\":\"ImageObject\",\"inLanguage\":\"es\",\"@id\":\"https:\\\/\\\/secure.gravatar.com\\\/avatar\\\/bb65d0283347e303893ba14f0692005417c1e0e690a325a4c5d8bb2b3943ee14?s=96&d=mm&r=g\",\"url\":\"https:\\\/\\\/secure.gravatar.com\\\/avatar\\\/bb65d0283347e303893ba14f0692005417c1e0e690a325a4c5d8bb2b3943ee14?s=96&d=mm&r=g\",\"contentUrl\":\"https:\\\/\\\/secure.gravatar.com\\\/avatar\\\/bb65d0283347e303893ba14f0692005417c1e0e690a325a4c5d8bb2b3943ee14?s=96&d=mm&r=g\",\"caption\":\"Cope Alcoy\"}}]}<\/script>\n<!-- \/ Yoast SEO plugin. -->","yoast_head_json":{"title":"La Fira cierra su primer fin de semana superando todas las previsiones - COPE Alcoy","robots":{"index":"index","follow":"follow","max-snippet":"max-snippet:-1","max-image-preview":"max-image-preview:large","max-video-preview":"max-video-preview:-1"},"canonical":"https:\/\/www.copealcoy.es\/es\/la-fira-cierra-su-primer-fin-de-semana-superando-todas-las-previsiones\/","og_locale":"es_ES","og_type":"article","og_title":"La Fira cierra su primer fin de semana superando todas las previsiones - COPE Alcoy","og_description":"Cocentaina puso anoche el punto y seguido a la Fira del 2021 tras un intenso puente festivo de Todos los...","og_url":"https:\/\/www.copealcoy.es\/es\/la-fira-cierra-su-primer-fin-de-semana-superando-todas-las-previsiones\/","og_site_name":"COPE Alcoy","article_published_time":"2021-11-02T09:20:26+00:00","article_modified_time":"2021-11-02T12:05:11+00:00","og_image":[{"width":2560,"height":1574,"url":"https:\/\/www.copealcoy.es\/wp-content\/uploads\/2021\/11\/unnamed-scaled.jpg","type":"image\/jpeg"}],"author":"Cope Alcoy","twitter_misc":{"Escrito por":"Cope Alcoy","Tiempo de lectura":"2 minutos"},"schema":{"@context":"https:\/\/schema.org","@graph":[{"@type":"Article","@id":"https:\/\/www.copealcoy.es\/es\/la-fira-cierra-su-primer-fin-de-semana-superando-todas-las-previsiones\/#article","isPartOf":{"@id":"https:\/\/www.copealcoy.es\/es\/la-fira-cierra-su-primer-fin-de-semana-superando-todas-las-previsiones\/"},"author":{"name":"Cope Alcoy","@id":"https:\/\/www.copealcoy.es\/es\/#\/schema\/person\/e777c87fa024e57d40170af9df39882c"},"headline":"La Fira cierra su primer fin de semana superando todas las previsiones","datePublished":"2021-11-02T09:20:26+00:00","dateModified":"2021-11-02T12:05:11+00:00","mainEntityOfPage":{"@id":"https:\/\/www.copealcoy.es\/es\/la-fira-cierra-su-primer-fin-de-semana-superando-todas-las-previsiones\/"},"wordCount":467,"commentCount":0,"image":{"@id":"https:\/\/www.copealcoy.es\/es\/la-fira-cierra-su-primer-fin-de-semana-superando-todas-las-previsiones\/#primaryimage"},"thumbnailUrl":"https:\/\/www.copealcoy.es\/wp-content\/uploads\/2021\/11\/unnamed-scaled.jpg","keywords":["675 edici\u00f3n","Balance","Cocentaina","Fira de Tots Sants","Mireia Estepa","primer fin de semana"],"articleSection":["Actualidad","Comarcas","Noticias","Portada"],"inLanguage":"es"},{"@type":"WebPage","@id":"https:\/\/www.copealcoy.es\/es\/la-fira-cierra-su-primer-fin-de-semana-superando-todas-las-previsiones\/","url":"https:\/\/www.copealcoy.es\/es\/la-fira-cierra-su-primer-fin-de-semana-superando-todas-las-previsiones\/","name":"La Fira cierra su primer fin de semana superando todas las previsiones - COPE Alcoy","isPartOf":{"@id":"https:\/\/www.copealcoy.es\/es\/#website"},"primaryImageOfPage":{"@id":"https:\/\/www.copealcoy.es\/es\/la-fira-cierra-su-primer-fin-de-semana-superando-todas-las-previsiones\/#primaryimage"},"image":{"@id":"https:\/\/www.copealcoy.es\/es\/la-fira-cierra-su-primer-fin-de-semana-superando-todas-las-previsiones\/#primaryimage"},"thumbnailUrl":"https:\/\/www.copealcoy.es\/wp-content\/uploads\/2021\/11\/unnamed-scaled.jpg","datePublished":"2021-11-02T09:20:26+00:00","dateModified":"2021-11-02T12:05:11+00:00","author":{"@id":"https:\/\/www.copealcoy.es\/es\/#\/schema\/person\/e777c87fa024e57d40170af9df39882c"},"breadcrumb":{"@id":"https:\/\/www.copealcoy.es\/es\/la-fira-cierra-su-primer-fin-de-semana-superando-todas-las-previsiones\/#breadcrumb"},"inLanguage":"es","potentialAction":[{"@type":"ReadAction","target":["https:\/\/www.copealcoy.es\/es\/la-fira-cierra-su-primer-fin-de-semana-superando-todas-las-previsiones\/"]}]},{"@type":"ImageObject","inLanguage":"es","@id":"https:\/\/www.copealcoy.es\/es\/la-fira-cierra-su-primer-fin-de-semana-superando-todas-las-previsiones\/#primaryimage","url":"https:\/\/www.copealcoy.es\/wp-content\/uploads\/2021\/11\/unnamed-scaled.jpg","contentUrl":"https:\/\/www.copealcoy.es\/wp-content\/uploads\/2021\/11\/unnamed-scaled.jpg","width":2560,"height":1574},{"@type":"BreadcrumbList","@id":"https:\/\/www.copealcoy.es\/es\/la-fira-cierra-su-primer-fin-de-semana-superando-todas-las-previsiones\/#breadcrumb","itemListElement":[{"@type":"ListItem","position":1,"name":"Portada","item":"https:\/\/www.copealcoy.es\/es\/"},{"@type":"ListItem","position":2,"name":"La Fira cierra su primer fin de semana superando todas las previsiones"}]},{"@type":"WebSite","@id":"https:\/\/www.copealcoy.es\/es\/#website","url":"https:\/\/www.copealcoy.es\/es\/","name":"COPE Alcoy","description":"Emisora COPE de radio local con emisi\u00f3n online. Pont de Sant Jordi 8-10 03803 Alcoy","potentialAction":[{"@type":"SearchAction","target":{"@type":"EntryPoint","urlTemplate":"https:\/\/www.copealcoy.es\/es\/?s={search_term_string}"},"query-input":{"@type":"PropertyValueSpecification","valueRequired":true,"valueName":"search_term_string"}}],"inLanguage":"es"},{"@type":"Person","@id":"https:\/\/www.copealcoy.es\/es\/#\/schema\/person\/e777c87fa024e57d40170af9df39882c","name":"Cope Alcoy","image":{"@type":"ImageObject","inLanguage":"es","@id":"https:\/\/secure.gravatar.com\/avatar\/bb65d0283347e303893ba14f0692005417c1e0e690a325a4c5d8bb2b3943ee14?s=96&d=mm&r=g","url":"https:\/\/secure.gravatar.com\/avatar\/bb65d0283347e303893ba14f0692005417c1e0e690a325a4c5d8bb2b3943ee14?s=96&d=mm&r=g","contentUrl":"https:\/\/secure.gravatar.com\/avatar\/bb65d0283347e303893ba14f0692005417c1e0e690a325a4c5d8bb2b3943ee14?s=96&d=mm&r=g","caption":"Cope Alcoy"}}]}},"_links":{"self":[{"href":"https:\/\/www.copealcoy.es\/es\/wp-json\/wp\/v2\/posts\/79645","targetHints":{"allow":["GET"]}}],"collection":[{"href":"https:\/\/www.copealcoy.es\/es\/wp-json\/wp\/v2\/posts"}],"about":[{"href":"https:\/\/www.copealcoy.es\/es\/wp-json\/wp\/v2\/types\/post"}],"author":[{"embeddable":true,"href":"https:\/\/www.copealcoy.es\/es\/wp-json\/wp\/v2\/users\/1"}],"replies":[{"embeddable":true,"href":"https:\/\/www.copealcoy.es\/es\/wp-json\/wp\/v2\/comments?post=79645"}],"version-history":[{"count":0,"href":"https:\/\/www.copealcoy.es\/es\/wp-json\/wp\/v2\/posts\/79645\/revisions"}],"wp:featuredmedia":[{"embeddable":true,"href":"https:\/\/www.copealcoy.es\/es\/wp-json\/wp\/v2\/media\/79646"}],"wp:attachment":[{"href":"https:\/\/www.copealcoy.es\/es\/wp-json\/wp\/v2\/media?parent=79645"}],"wp:term":[{"taxonomy":"category","embeddable":true,"href":"https:\/\/www.copealcoy.es\/es\/wp-json\/wp\/v2\/categories?post=79645"},{"taxonomy":"post_tag","embeddable":true,"href":"https:\/\/www.copealcoy.es\/es\/wp-json\/wp\/v2\/tags?post=79645"}],"curies":[{"name":"wp","href":"https:\/\/api.w.org\/{rel}","templated":true}]}}