{"id":79639,"date":"2021-10-31T23:49:38","date_gmt":"2021-10-31T22:49:38","guid":{"rendered":"https:\/\/www.copealcoy.es\/?p=79639"},"modified":"2021-11-01T00:07:06","modified_gmt":"2021-10-31T23:07:06","slug":"los-caballeros-de-jaume-i-han-vuelto-a-entrar-en-alcoy","status":"publish","type":"post","link":"https:\/\/www.copealcoy.es\/es\/los-caballeros-de-jaume-i-han-vuelto-a-entrar-en-alcoy\/","title":{"rendered":"Los caballeros de Jaume I han vuelto a entrar en Alcoy"},"content":{"rendered":"<p style=\"text-align: justify;\">Alcoy <strong>ha culminado en este 31 de octubre<\/strong> los diferentes actos que se han llevado a cabo en la ciudad a lo largo de la segunda quincena del mes para <strong>retomar la actividad festiva en la calle<\/strong> ante la buena evoluci\u00f3n de la crisis del Coronavirus. El broche de oro lo ha puesto <strong>la misa solemne celebrada este mediod\u00eda<\/strong>, en homenaje a San Jorge y en recuerdo de los difuntos, as\u00ed como<strong> la recreaci\u00f3n hist\u00f3rica de la venida a la ciudad del Rey Jaume I con sus cuarenta caballeros<\/strong>.<\/p>\n<p style=\"text-align: justify;\">El desfile <strong>ha dado inicio en la parte alta de El Cam\u00ed<\/strong> pasadas las 17:30h de la tarde y ha estado encabezado por <strong>los heraldos as\u00ed como los trompeteros<\/strong> a caballo. A continuaci\u00f3n se ha podido ver <strong>una peque\u00f1a representaci\u00f3n del pueblo medieval<\/strong> repartiendo hierbas arom\u00e1ticas de la Serra de Mariola junto a folletos informativos con todos los detalles de la ceremonia que se estaba representante en la calle. En una posici\u00f3n central<strong> han desfilado tambi\u00e9n Moss\u00e9n Torregrosa<\/strong>, encarnado por V\u00edctor Hugo Ribes, y <strong>el Sant Jordiet de 2020<\/strong>. <strong>Fernando Rius Mestre<\/strong>, a lomos de un caballo blanco, ha sido el que ha representado el papel de Jaume I <strong>arropado detr\u00e1s por sus cuarenta caballeros<\/strong> representados por Primers Trons y miembros de la Asociaci\u00f3n de San Jorge.<\/p>\n<p style=\"text-align: justify;\">La <strong>Uni\u00f3n Musical de Alcoy, la Societat Musical Nova d&#8217;Alcoi y la Corporaci\u00f3n Musical Primitiva<\/strong> han puesto las notas a un desfile que tambi\u00e9n ha marcado el regreso de la Festa a la calle <strong>a\u00f1o y medio despu\u00e9s de que todo se parase a causa de la pandemia<\/strong>. Las campanas de la iglesia de Santa Mar\u00eda<strong> han recibido al Monarca Conquistador<\/strong> a su paso por la Plaza de Espa\u00f1a y todos los asistentes, p\u00fablico y participantes; han reflejado en sus rostros<strong> la esperanza<\/strong> ante el hecho de que dentro de medio a\u00f1o se puedan celebrar con normalidad nuestras Fiestas de Moros y Cristianos en honor a San Jorge.<\/p>\n","protected":false},"excerpt":{"rendered":"<p>Alcoy ha culminado en este 31 de octubre los diferentes actos que se han llevado a cabo en la ciudad&#8230;<\/p>\n","protected":false},"author":1,"featured_media":79640,"comment_status":"open","ping_status":"open","sticky":false,"template":"","format":"standard","meta":{"footnotes":""},"categories":[97,78,75],"tags":[1494,11874,497,11875,461],"class_list":["post-79639","post","type-post","status-publish","format-standard","has-post-thumbnail","hentry","category-alcoy","category-fiestaycultura","category-noticias","tag-alcoy","tag-caballeros","tag-desfile","tag-jaume-i","tag-sant-jordiet"],"yoast_head":"<!-- This site is optimized with the Yoast SEO plugin v27.3 - https:\/\/yoast.com\/product\/yoast-seo-wordpress\/ -->\n<title>Los caballeros de Jaume I han vuelto a entrar en Alcoy - COPE Alcoy<\/title>\n<meta name=\"robots\" content=\"index, follow, max-snippet:-1, max-image-preview:large, max-video-preview:-1\" \/>\n<link rel=\"canonical\" href=\"https:\/\/www.copealcoy.es\/es\/los-caballeros-de-jaume-i-han-vuelto-a-entrar-en-alcoy\/\" \/>\n<meta property=\"og:locale\" content=\"es_ES\" \/>\n<meta property=\"og:type\" content=\"article\" \/>\n<meta property=\"og:title\" content=\"Los caballeros de Jaume I han vuelto a entrar en Alcoy - COPE Alcoy\" \/>\n<meta property=\"og:description\" content=\"Alcoy ha culminado en este 31 de octubre los diferentes actos que se han llevado a cabo en la ciudad...\" \/>\n<meta property=\"og:url\" content=\"https:\/\/www.copealcoy.es\/es\/los-caballeros-de-jaume-i-han-vuelto-a-entrar-en-alcoy\/\" \/>\n<meta property=\"og:site_name\" content=\"COPE Alcoy\" \/>\n<meta property=\"article:published_time\" content=\"2021-10-31T22:49:38+00:00\" \/>\n<meta property=\"article:modified_time\" content=\"2021-10-31T23:07:06+00:00\" \/>\n<meta property=\"og:image\" content=\"https:\/\/www.copealcoy.es\/wp-content\/uploads\/2021\/10\/250581126_7056019037757553_265352441192224561_n-e1635720555568.jpg\" \/>\n\t<meta property=\"og:image:width\" content=\"847\" \/>\n\t<meta property=\"og:image:height\" content=\"530\" \/>\n\t<meta property=\"og:image:type\" content=\"image\/jpeg\" \/>\n<meta name=\"author\" content=\"Cope Alcoy\" \/>\n<meta name=\"twitter:label1\" content=\"Escrito por\" \/>\n\t<meta name=\"twitter:data1\" content=\"Cope Alcoy\" \/>\n\t<meta name=\"twitter:label2\" content=\"Tiempo de lectura\" \/>\n\t<meta name=\"twitter:data2\" content=\"2 minutos\" \/>\n<script type=\"application\/ld+json\" class=\"yoast-schema-graph\">{\"@context\":\"https:\\\/\\\/schema.org\",\"@graph\":[{\"@type\":\"Article\",\"@id\":\"https:\\\/\\\/www.copealcoy.es\\\/es\\\/los-caballeros-de-jaume-i-han-vuelto-a-entrar-en-alcoy\\\/#article\",\"isPartOf\":{\"@id\":\"https:\\\/\\\/www.copealcoy.es\\\/es\\\/los-caballeros-de-jaume-i-han-vuelto-a-entrar-en-alcoy\\\/\"},\"author\":{\"name\":\"Cope Alcoy\",\"@id\":\"https:\\\/\\\/www.copealcoy.es\\\/es\\\/#\\\/schema\\\/person\\\/e777c87fa024e57d40170af9df39882c\"},\"headline\":\"Los caballeros de Jaume I han vuelto a entrar en Alcoy\",\"datePublished\":\"2021-10-31T22:49:38+00:00\",\"dateModified\":\"2021-10-31T23:07:06+00:00\",\"mainEntityOfPage\":{\"@id\":\"https:\\\/\\\/www.copealcoy.es\\\/es\\\/los-caballeros-de-jaume-i-han-vuelto-a-entrar-en-alcoy\\\/\"},\"wordCount\":357,\"commentCount\":0,\"image\":{\"@id\":\"https:\\\/\\\/www.copealcoy.es\\\/es\\\/los-caballeros-de-jaume-i-han-vuelto-a-entrar-en-alcoy\\\/#primaryimage\"},\"thumbnailUrl\":\"https:\\\/\\\/www.copealcoy.es\\\/wp-content\\\/uploads\\\/2021\\\/10\\\/250581126_7056019037757553_265352441192224561_n-e1635720555568.jpg\",\"keywords\":[\"Alcoy\",\"caballeros\",\"Desfile\",\"Jaume I\",\"Sant Jordiet\"],\"articleSection\":[\"Alcoy\",\"Fiesta y Cultura\",\"Noticias\"],\"inLanguage\":\"es\"},{\"@type\":\"WebPage\",\"@id\":\"https:\\\/\\\/www.copealcoy.es\\\/es\\\/los-caballeros-de-jaume-i-han-vuelto-a-entrar-en-alcoy\\\/\",\"url\":\"https:\\\/\\\/www.copealcoy.es\\\/es\\\/los-caballeros-de-jaume-i-han-vuelto-a-entrar-en-alcoy\\\/\",\"name\":\"Los caballeros de Jaume I han vuelto a entrar en Alcoy - COPE Alcoy\",\"isPartOf\":{\"@id\":\"https:\\\/\\\/www.copealcoy.es\\\/es\\\/#website\"},\"primaryImageOfPage\":{\"@id\":\"https:\\\/\\\/www.copealcoy.es\\\/es\\\/los-caballeros-de-jaume-i-han-vuelto-a-entrar-en-alcoy\\\/#primaryimage\"},\"image\":{\"@id\":\"https:\\\/\\\/www.copealcoy.es\\\/es\\\/los-caballeros-de-jaume-i-han-vuelto-a-entrar-en-alcoy\\\/#primaryimage\"},\"thumbnailUrl\":\"https:\\\/\\\/www.copealcoy.es\\\/wp-content\\\/uploads\\\/2021\\\/10\\\/250581126_7056019037757553_265352441192224561_n-e1635720555568.jpg\",\"datePublished\":\"2021-10-31T22:49:38+00:00\",\"dateModified\":\"2021-10-31T23:07:06+00:00\",\"author\":{\"@id\":\"https:\\\/\\\/www.copealcoy.es\\\/es\\\/#\\\/schema\\\/person\\\/e777c87fa024e57d40170af9df39882c\"},\"breadcrumb\":{\"@id\":\"https:\\\/\\\/www.copealcoy.es\\\/es\\\/los-caballeros-de-jaume-i-han-vuelto-a-entrar-en-alcoy\\\/#breadcrumb\"},\"inLanguage\":\"es\",\"potentialAction\":[{\"@type\":\"ReadAction\",\"target\":[\"https:\\\/\\\/www.copealcoy.es\\\/es\\\/los-caballeros-de-jaume-i-han-vuelto-a-entrar-en-alcoy\\\/\"]}]},{\"@type\":\"ImageObject\",\"inLanguage\":\"es\",\"@id\":\"https:\\\/\\\/www.copealcoy.es\\\/es\\\/los-caballeros-de-jaume-i-han-vuelto-a-entrar-en-alcoy\\\/#primaryimage\",\"url\":\"https:\\\/\\\/www.copealcoy.es\\\/wp-content\\\/uploads\\\/2021\\\/10\\\/250581126_7056019037757553_265352441192224561_n-e1635720555568.jpg\",\"contentUrl\":\"https:\\\/\\\/www.copealcoy.es\\\/wp-content\\\/uploads\\\/2021\\\/10\\\/250581126_7056019037757553_265352441192224561_n-e1635720555568.jpg\",\"width\":847,\"height\":530},{\"@type\":\"BreadcrumbList\",\"@id\":\"https:\\\/\\\/www.copealcoy.es\\\/es\\\/los-caballeros-de-jaume-i-han-vuelto-a-entrar-en-alcoy\\\/#breadcrumb\",\"itemListElement\":[{\"@type\":\"ListItem\",\"position\":1,\"name\":\"Portada\",\"item\":\"https:\\\/\\\/www.copealcoy.es\\\/es\\\/\"},{\"@type\":\"ListItem\",\"position\":2,\"name\":\"Los caballeros de Jaume I han vuelto a entrar en Alcoy\"}]},{\"@type\":\"WebSite\",\"@id\":\"https:\\\/\\\/www.copealcoy.es\\\/es\\\/#website\",\"url\":\"https:\\\/\\\/www.copealcoy.es\\\/es\\\/\",\"name\":\"COPE Alcoy\",\"description\":\"Emisora COPE de radio local con emisi\u00f3n online. Pont de Sant Jordi 8-10 03803 Alcoy\",\"potentialAction\":[{\"@type\":\"SearchAction\",\"target\":{\"@type\":\"EntryPoint\",\"urlTemplate\":\"https:\\\/\\\/www.copealcoy.es\\\/es\\\/?s={search_term_string}\"},\"query-input\":{\"@type\":\"PropertyValueSpecification\",\"valueRequired\":true,\"valueName\":\"search_term_string\"}}],\"inLanguage\":\"es\"},{\"@type\":\"Person\",\"@id\":\"https:\\\/\\\/www.copealcoy.es\\\/es\\\/#\\\/schema\\\/person\\\/e777c87fa024e57d40170af9df39882c\",\"name\":\"Cope Alcoy\",\"image\":{\"@type\":\"ImageObject\",\"inLanguage\":\"es\",\"@id\":\"https:\\\/\\\/secure.gravatar.com\\\/avatar\\\/bb65d0283347e303893ba14f0692005417c1e0e690a325a4c5d8bb2b3943ee14?s=96&d=mm&r=g\",\"url\":\"https:\\\/\\\/secure.gravatar.com\\\/avatar\\\/bb65d0283347e303893ba14f0692005417c1e0e690a325a4c5d8bb2b3943ee14?s=96&d=mm&r=g\",\"contentUrl\":\"https:\\\/\\\/secure.gravatar.com\\\/avatar\\\/bb65d0283347e303893ba14f0692005417c1e0e690a325a4c5d8bb2b3943ee14?s=96&d=mm&r=g\",\"caption\":\"Cope Alcoy\"}}]}<\/script>\n<!-- \/ Yoast SEO plugin. -->","yoast_head_json":{"title":"Los caballeros de Jaume I han vuelto a entrar en Alcoy - COPE Alcoy","robots":{"index":"index","follow":"follow","max-snippet":"max-snippet:-1","max-image-preview":"max-image-preview:large","max-video-preview":"max-video-preview:-1"},"canonical":"https:\/\/www.copealcoy.es\/es\/los-caballeros-de-jaume-i-han-vuelto-a-entrar-en-alcoy\/","og_locale":"es_ES","og_type":"article","og_title":"Los caballeros de Jaume I han vuelto a entrar en Alcoy - COPE Alcoy","og_description":"Alcoy ha culminado en este 31 de octubre los diferentes actos que se han llevado a cabo en la ciudad...","og_url":"https:\/\/www.copealcoy.es\/es\/los-caballeros-de-jaume-i-han-vuelto-a-entrar-en-alcoy\/","og_site_name":"COPE Alcoy","article_published_time":"2021-10-31T22:49:38+00:00","article_modified_time":"2021-10-31T23:07:06+00:00","og_image":[{"width":847,"height":530,"url":"https:\/\/www.copealcoy.es\/wp-content\/uploads\/2021\/10\/250581126_7056019037757553_265352441192224561_n-e1635720555568.jpg","type":"image\/jpeg"}],"author":"Cope Alcoy","twitter_misc":{"Escrito por":"Cope Alcoy","Tiempo de lectura":"2 minutos"},"schema":{"@context":"https:\/\/schema.org","@graph":[{"@type":"Article","@id":"https:\/\/www.copealcoy.es\/es\/los-caballeros-de-jaume-i-han-vuelto-a-entrar-en-alcoy\/#article","isPartOf":{"@id":"https:\/\/www.copealcoy.es\/es\/los-caballeros-de-jaume-i-han-vuelto-a-entrar-en-alcoy\/"},"author":{"name":"Cope Alcoy","@id":"https:\/\/www.copealcoy.es\/es\/#\/schema\/person\/e777c87fa024e57d40170af9df39882c"},"headline":"Los caballeros de Jaume I han vuelto a entrar en Alcoy","datePublished":"2021-10-31T22:49:38+00:00","dateModified":"2021-10-31T23:07:06+00:00","mainEntityOfPage":{"@id":"https:\/\/www.copealcoy.es\/es\/los-caballeros-de-jaume-i-han-vuelto-a-entrar-en-alcoy\/"},"wordCount":357,"commentCount":0,"image":{"@id":"https:\/\/www.copealcoy.es\/es\/los-caballeros-de-jaume-i-han-vuelto-a-entrar-en-alcoy\/#primaryimage"},"thumbnailUrl":"https:\/\/www.copealcoy.es\/wp-content\/uploads\/2021\/10\/250581126_7056019037757553_265352441192224561_n-e1635720555568.jpg","keywords":["Alcoy","caballeros","Desfile","Jaume I","Sant Jordiet"],"articleSection":["Alcoy","Fiesta y Cultura","Noticias"],"inLanguage":"es"},{"@type":"WebPage","@id":"https:\/\/www.copealcoy.es\/es\/los-caballeros-de-jaume-i-han-vuelto-a-entrar-en-alcoy\/","url":"https:\/\/www.copealcoy.es\/es\/los-caballeros-de-jaume-i-han-vuelto-a-entrar-en-alcoy\/","name":"Los caballeros de Jaume I han vuelto a entrar en Alcoy - COPE Alcoy","isPartOf":{"@id":"https:\/\/www.copealcoy.es\/es\/#website"},"primaryImageOfPage":{"@id":"https:\/\/www.copealcoy.es\/es\/los-caballeros-de-jaume-i-han-vuelto-a-entrar-en-alcoy\/#primaryimage"},"image":{"@id":"https:\/\/www.copealcoy.es\/es\/los-caballeros-de-jaume-i-han-vuelto-a-entrar-en-alcoy\/#primaryimage"},"thumbnailUrl":"https:\/\/www.copealcoy.es\/wp-content\/uploads\/2021\/10\/250581126_7056019037757553_265352441192224561_n-e1635720555568.jpg","datePublished":"2021-10-31T22:49:38+00:00","dateModified":"2021-10-31T23:07:06+00:00","author":{"@id":"https:\/\/www.copealcoy.es\/es\/#\/schema\/person\/e777c87fa024e57d40170af9df39882c"},"breadcrumb":{"@id":"https:\/\/www.copealcoy.es\/es\/los-caballeros-de-jaume-i-han-vuelto-a-entrar-en-alcoy\/#breadcrumb"},"inLanguage":"es","potentialAction":[{"@type":"ReadAction","target":["https:\/\/www.copealcoy.es\/es\/los-caballeros-de-jaume-i-han-vuelto-a-entrar-en-alcoy\/"]}]},{"@type":"ImageObject","inLanguage":"es","@id":"https:\/\/www.copealcoy.es\/es\/los-caballeros-de-jaume-i-han-vuelto-a-entrar-en-alcoy\/#primaryimage","url":"https:\/\/www.copealcoy.es\/wp-content\/uploads\/2021\/10\/250581126_7056019037757553_265352441192224561_n-e1635720555568.jpg","contentUrl":"https:\/\/www.copealcoy.es\/wp-content\/uploads\/2021\/10\/250581126_7056019037757553_265352441192224561_n-e1635720555568.jpg","width":847,"height":530},{"@type":"BreadcrumbList","@id":"https:\/\/www.copealcoy.es\/es\/los-caballeros-de-jaume-i-han-vuelto-a-entrar-en-alcoy\/#breadcrumb","itemListElement":[{"@type":"ListItem","position":1,"name":"Portada","item":"https:\/\/www.copealcoy.es\/es\/"},{"@type":"ListItem","position":2,"name":"Los caballeros de Jaume I han vuelto a entrar en Alcoy"}]},{"@type":"WebSite","@id":"https:\/\/www.copealcoy.es\/es\/#website","url":"https:\/\/www.copealcoy.es\/es\/","name":"COPE Alcoy","description":"Emisora COPE de radio local con emisi\u00f3n online. Pont de Sant Jordi 8-10 03803 Alcoy","potentialAction":[{"@type":"SearchAction","target":{"@type":"EntryPoint","urlTemplate":"https:\/\/www.copealcoy.es\/es\/?s={search_term_string}"},"query-input":{"@type":"PropertyValueSpecification","valueRequired":true,"valueName":"search_term_string"}}],"inLanguage":"es"},{"@type":"Person","@id":"https:\/\/www.copealcoy.es\/es\/#\/schema\/person\/e777c87fa024e57d40170af9df39882c","name":"Cope Alcoy","image":{"@type":"ImageObject","inLanguage":"es","@id":"https:\/\/secure.gravatar.com\/avatar\/bb65d0283347e303893ba14f0692005417c1e0e690a325a4c5d8bb2b3943ee14?s=96&d=mm&r=g","url":"https:\/\/secure.gravatar.com\/avatar\/bb65d0283347e303893ba14f0692005417c1e0e690a325a4c5d8bb2b3943ee14?s=96&d=mm&r=g","contentUrl":"https:\/\/secure.gravatar.com\/avatar\/bb65d0283347e303893ba14f0692005417c1e0e690a325a4c5d8bb2b3943ee14?s=96&d=mm&r=g","caption":"Cope Alcoy"}}]}},"_links":{"self":[{"href":"https:\/\/www.copealcoy.es\/es\/wp-json\/wp\/v2\/posts\/79639","targetHints":{"allow":["GET"]}}],"collection":[{"href":"https:\/\/www.copealcoy.es\/es\/wp-json\/wp\/v2\/posts"}],"about":[{"href":"https:\/\/www.copealcoy.es\/es\/wp-json\/wp\/v2\/types\/post"}],"author":[{"embeddable":true,"href":"https:\/\/www.copealcoy.es\/es\/wp-json\/wp\/v2\/users\/1"}],"replies":[{"embeddable":true,"href":"https:\/\/www.copealcoy.es\/es\/wp-json\/wp\/v2\/comments?post=79639"}],"version-history":[{"count":0,"href":"https:\/\/www.copealcoy.es\/es\/wp-json\/wp\/v2\/posts\/79639\/revisions"}],"wp:featuredmedia":[{"embeddable":true,"href":"https:\/\/www.copealcoy.es\/es\/wp-json\/wp\/v2\/media\/79640"}],"wp:attachment":[{"href":"https:\/\/www.copealcoy.es\/es\/wp-json\/wp\/v2\/media?parent=79639"}],"wp:term":[{"taxonomy":"category","embeddable":true,"href":"https:\/\/www.copealcoy.es\/es\/wp-json\/wp\/v2\/categories?post=79639"},{"taxonomy":"post_tag","embeddable":true,"href":"https:\/\/www.copealcoy.es\/es\/wp-json\/wp\/v2\/tags?post=79639"}],"curies":[{"name":"wp","href":"https:\/\/api.w.org\/{rel}","templated":true}]}}