{"id":79621,"date":"2021-10-30T20:51:18","date_gmt":"2021-10-30T19:51:18","guid":{"rendered":"https:\/\/www.copealcoy.es\/?p=79621"},"modified":"2021-10-30T21:27:49","modified_gmt":"2021-10-30T20:27:49","slug":"los-caballeros-de-jaume-i-entraran-de-nuevo-en-alcoy","status":"publish","type":"post","link":"https:\/\/www.copealcoy.es\/es\/los-caballeros-de-jaume-i-entraran-de-nuevo-en-alcoy\/","title":{"rendered":"Los Caballeros de Jaume I entrar\u00e1n de nuevo en Alcoy"},"content":{"rendered":"<p style=\"text-align: justify;\">Alcoy pone fin este domingo a <strong>todos los actos programados para la segunda quincena del mes de octubre<\/strong> con ocasi\u00f3n del <strong>Mig Any Fester<\/strong>. Esta tarde, a partir de las 17:30h, tendr\u00e1 lugar el <strong>desfile de los cuarenta caballeros del Rey Jaume I por las calles del Centro<\/strong> de nuestra ciudad.<\/p>\n<p style=\"text-align: justify;\">Esta actividad impulsada por la Asociaci\u00f3n de San Jorge supondr\u00e1<strong> la recreaci\u00f3n de un acto hist\u00f3rico de nuestras Fiestas de Moros y Cristianos<\/strong> que se celebraba anta\u00f1o para recordar ese s\u00e9quito del Rey Conqueridor que vino hasta la entonces Villa de Alcoy para <strong>hacer frente al asedio de las tropas moras<\/strong> encabezadas por el caudillo Al-Azraq. La <strong>primera constancia escrita de la Cabalgata<\/strong> refleja que la misma se hizo por primera vez el 21 de abril de 1862 y se realiz\u00f3 de forma ininterrumpida hasta 1886. Posteriormente, en 1924, <strong>se propuso la recuperaci\u00f3n<\/strong> por el pintor Fernando Cabrera y esa fue la \u00faltima vez que se llev\u00f3 a cabo esta ceremonia.<\/p>\n<p style=\"text-align: justify;\">Hoy domingo 31 de octubre <strong>podremos volver a ver el desfile<\/strong> y en este <strong>se prev\u00e9 la participaci\u00f3n de un centenar de personas<\/strong>. Se espera que por las calles de Alcoy, adem\u00e1s del Rey Jaume I y sus cuarenta caballeros, desfilen <strong>representantes de la nobleza de la ciudad, los heraldos as\u00ed como los trompeteros, bandas de m\u00fasica o personajes de la Fiesta como Moss\u00e9n Torregrosa<\/strong>.<\/p>\n<p style=\"text-align: justify;\">La recreaci\u00f3n hist\u00f3rica <strong>arrancar\u00e1 en El Cam\u00ed y discurrir\u00e1 hasta la parte final de la Avinguda del Pa\u00eds Valenci\u00e0<\/strong>. En la Plaza de Espa\u00f1a <strong>se dar\u00e1 la vuelta a La Bandeja<\/strong> mientras que <strong>se ha editado un folleto informativo<\/strong> para que los asistentes puedan tener toda la informaci\u00f3n sobre lo que se ver\u00e1 en la calle.<\/p>\n","protected":false},"excerpt":{"rendered":"<p>Alcoy pone fin este domingo a todos los actos programados para la segunda quincena del mes de octubre con ocasi\u00f3n&#8230;<\/p>\n","protected":false},"author":1,"featured_media":79622,"comment_status":"open","ping_status":"open","sticky":false,"template":"","format":"standard","meta":{"footnotes":""},"categories":[97,78,75],"tags":[1494,11874,497,11875,1455,11985],"class_list":["post-79621","post","type-post","status-publish","format-standard","has-post-thumbnail","hentry","category-alcoy","category-fiestaycultura","category-noticias","tag-alcoy","tag-caballeros","tag-desfile","tag-jaume-i","tag-mig-any","tag-recreacion-historica"],"yoast_head":"<!-- This site is optimized with the Yoast SEO plugin v27.3 - https:\/\/yoast.com\/product\/yoast-seo-wordpress\/ -->\n<title>Los Caballeros de Jaume I entrar\u00e1n de nuevo en Alcoy - COPE Alcoy<\/title>\n<meta name=\"robots\" content=\"index, follow, max-snippet:-1, max-image-preview:large, max-video-preview:-1\" \/>\n<link rel=\"canonical\" href=\"https:\/\/www.copealcoy.es\/es\/los-caballeros-de-jaume-i-entraran-de-nuevo-en-alcoy\/\" \/>\n<meta property=\"og:locale\" content=\"es_ES\" \/>\n<meta property=\"og:type\" content=\"article\" \/>\n<meta property=\"og:title\" content=\"Los Caballeros de Jaume I entrar\u00e1n de nuevo en Alcoy - COPE Alcoy\" \/>\n<meta property=\"og:description\" content=\"Alcoy pone fin este domingo a todos los actos programados para la segunda quincena del mes de octubre con ocasi\u00f3n...\" \/>\n<meta property=\"og:url\" content=\"https:\/\/www.copealcoy.es\/es\/los-caballeros-de-jaume-i-entraran-de-nuevo-en-alcoy\/\" \/>\n<meta property=\"og:site_name\" content=\"COPE Alcoy\" \/>\n<meta property=\"article:published_time\" content=\"2021-10-30T19:51:18+00:00\" \/>\n<meta property=\"article:modified_time\" content=\"2021-10-30T20:27:49+00:00\" \/>\n<meta property=\"og:image\" content=\"https:\/\/www.copealcoy.es\/wp-content\/uploads\/2021\/10\/248069565_10227274823964508_8693241106353196065_n-e1635623444103.jpg\" \/>\n\t<meta property=\"og:image:width\" content=\"841\" \/>\n\t<meta property=\"og:image:height\" content=\"546\" \/>\n\t<meta property=\"og:image:type\" content=\"image\/jpeg\" \/>\n<meta name=\"author\" content=\"Cope Alcoy\" \/>\n<meta name=\"twitter:label1\" content=\"Escrito por\" \/>\n\t<meta name=\"twitter:data1\" content=\"Cope Alcoy\" \/>\n\t<meta name=\"twitter:label2\" content=\"Tiempo de lectura\" \/>\n\t<meta name=\"twitter:data2\" content=\"2 minutos\" \/>\n<script type=\"application\/ld+json\" class=\"yoast-schema-graph\">{\"@context\":\"https:\\\/\\\/schema.org\",\"@graph\":[{\"@type\":\"Article\",\"@id\":\"https:\\\/\\\/www.copealcoy.es\\\/es\\\/los-caballeros-de-jaume-i-entraran-de-nuevo-en-alcoy\\\/#article\",\"isPartOf\":{\"@id\":\"https:\\\/\\\/www.copealcoy.es\\\/es\\\/los-caballeros-de-jaume-i-entraran-de-nuevo-en-alcoy\\\/\"},\"author\":{\"name\":\"Cope Alcoy\",\"@id\":\"https:\\\/\\\/www.copealcoy.es\\\/es\\\/#\\\/schema\\\/person\\\/e777c87fa024e57d40170af9df39882c\"},\"headline\":\"Los Caballeros de Jaume I entrar\u00e1n de nuevo en Alcoy\",\"datePublished\":\"2021-10-30T19:51:18+00:00\",\"dateModified\":\"2021-10-30T20:27:49+00:00\",\"mainEntityOfPage\":{\"@id\":\"https:\\\/\\\/www.copealcoy.es\\\/es\\\/los-caballeros-de-jaume-i-entraran-de-nuevo-en-alcoy\\\/\"},\"wordCount\":305,\"commentCount\":0,\"image\":{\"@id\":\"https:\\\/\\\/www.copealcoy.es\\\/es\\\/los-caballeros-de-jaume-i-entraran-de-nuevo-en-alcoy\\\/#primaryimage\"},\"thumbnailUrl\":\"https:\\\/\\\/www.copealcoy.es\\\/wp-content\\\/uploads\\\/2021\\\/10\\\/248069565_10227274823964508_8693241106353196065_n-e1635623444103.jpg\",\"keywords\":[\"Alcoy\",\"caballeros\",\"Desfile\",\"Jaume I\",\"Mig Any\",\"recreaci\u00f3n hist\u00f3rica\"],\"articleSection\":[\"Alcoy\",\"Fiesta y Cultura\",\"Noticias\"],\"inLanguage\":\"es\"},{\"@type\":\"WebPage\",\"@id\":\"https:\\\/\\\/www.copealcoy.es\\\/es\\\/los-caballeros-de-jaume-i-entraran-de-nuevo-en-alcoy\\\/\",\"url\":\"https:\\\/\\\/www.copealcoy.es\\\/es\\\/los-caballeros-de-jaume-i-entraran-de-nuevo-en-alcoy\\\/\",\"name\":\"Los Caballeros de Jaume I entrar\u00e1n de nuevo en Alcoy - COPE Alcoy\",\"isPartOf\":{\"@id\":\"https:\\\/\\\/www.copealcoy.es\\\/es\\\/#website\"},\"primaryImageOfPage\":{\"@id\":\"https:\\\/\\\/www.copealcoy.es\\\/es\\\/los-caballeros-de-jaume-i-entraran-de-nuevo-en-alcoy\\\/#primaryimage\"},\"image\":{\"@id\":\"https:\\\/\\\/www.copealcoy.es\\\/es\\\/los-caballeros-de-jaume-i-entraran-de-nuevo-en-alcoy\\\/#primaryimage\"},\"thumbnailUrl\":\"https:\\\/\\\/www.copealcoy.es\\\/wp-content\\\/uploads\\\/2021\\\/10\\\/248069565_10227274823964508_8693241106353196065_n-e1635623444103.jpg\",\"datePublished\":\"2021-10-30T19:51:18+00:00\",\"dateModified\":\"2021-10-30T20:27:49+00:00\",\"author\":{\"@id\":\"https:\\\/\\\/www.copealcoy.es\\\/es\\\/#\\\/schema\\\/person\\\/e777c87fa024e57d40170af9df39882c\"},\"breadcrumb\":{\"@id\":\"https:\\\/\\\/www.copealcoy.es\\\/es\\\/los-caballeros-de-jaume-i-entraran-de-nuevo-en-alcoy\\\/#breadcrumb\"},\"inLanguage\":\"es\",\"potentialAction\":[{\"@type\":\"ReadAction\",\"target\":[\"https:\\\/\\\/www.copealcoy.es\\\/es\\\/los-caballeros-de-jaume-i-entraran-de-nuevo-en-alcoy\\\/\"]}]},{\"@type\":\"ImageObject\",\"inLanguage\":\"es\",\"@id\":\"https:\\\/\\\/www.copealcoy.es\\\/es\\\/los-caballeros-de-jaume-i-entraran-de-nuevo-en-alcoy\\\/#primaryimage\",\"url\":\"https:\\\/\\\/www.copealcoy.es\\\/wp-content\\\/uploads\\\/2021\\\/10\\\/248069565_10227274823964508_8693241106353196065_n-e1635623444103.jpg\",\"contentUrl\":\"https:\\\/\\\/www.copealcoy.es\\\/wp-content\\\/uploads\\\/2021\\\/10\\\/248069565_10227274823964508_8693241106353196065_n-e1635623444103.jpg\",\"width\":841,\"height\":546},{\"@type\":\"BreadcrumbList\",\"@id\":\"https:\\\/\\\/www.copealcoy.es\\\/es\\\/los-caballeros-de-jaume-i-entraran-de-nuevo-en-alcoy\\\/#breadcrumb\",\"itemListElement\":[{\"@type\":\"ListItem\",\"position\":1,\"name\":\"Portada\",\"item\":\"https:\\\/\\\/www.copealcoy.es\\\/es\\\/\"},{\"@type\":\"ListItem\",\"position\":2,\"name\":\"Los Caballeros de Jaume I entrar\u00e1n de nuevo en Alcoy\"}]},{\"@type\":\"WebSite\",\"@id\":\"https:\\\/\\\/www.copealcoy.es\\\/es\\\/#website\",\"url\":\"https:\\\/\\\/www.copealcoy.es\\\/es\\\/\",\"name\":\"COPE Alcoy\",\"description\":\"Emisora COPE de radio local con emisi\u00f3n online. Pont de Sant Jordi 8-10 03803 Alcoy\",\"potentialAction\":[{\"@type\":\"SearchAction\",\"target\":{\"@type\":\"EntryPoint\",\"urlTemplate\":\"https:\\\/\\\/www.copealcoy.es\\\/es\\\/?s={search_term_string}\"},\"query-input\":{\"@type\":\"PropertyValueSpecification\",\"valueRequired\":true,\"valueName\":\"search_term_string\"}}],\"inLanguage\":\"es\"},{\"@type\":\"Person\",\"@id\":\"https:\\\/\\\/www.copealcoy.es\\\/es\\\/#\\\/schema\\\/person\\\/e777c87fa024e57d40170af9df39882c\",\"name\":\"Cope Alcoy\",\"image\":{\"@type\":\"ImageObject\",\"inLanguage\":\"es\",\"@id\":\"https:\\\/\\\/secure.gravatar.com\\\/avatar\\\/bb65d0283347e303893ba14f0692005417c1e0e690a325a4c5d8bb2b3943ee14?s=96&d=mm&r=g\",\"url\":\"https:\\\/\\\/secure.gravatar.com\\\/avatar\\\/bb65d0283347e303893ba14f0692005417c1e0e690a325a4c5d8bb2b3943ee14?s=96&d=mm&r=g\",\"contentUrl\":\"https:\\\/\\\/secure.gravatar.com\\\/avatar\\\/bb65d0283347e303893ba14f0692005417c1e0e690a325a4c5d8bb2b3943ee14?s=96&d=mm&r=g\",\"caption\":\"Cope Alcoy\"}}]}<\/script>\n<!-- \/ Yoast SEO plugin. -->","yoast_head_json":{"title":"Los Caballeros de Jaume I entrar\u00e1n de nuevo en Alcoy - COPE Alcoy","robots":{"index":"index","follow":"follow","max-snippet":"max-snippet:-1","max-image-preview":"max-image-preview:large","max-video-preview":"max-video-preview:-1"},"canonical":"https:\/\/www.copealcoy.es\/es\/los-caballeros-de-jaume-i-entraran-de-nuevo-en-alcoy\/","og_locale":"es_ES","og_type":"article","og_title":"Los Caballeros de Jaume I entrar\u00e1n de nuevo en Alcoy - COPE Alcoy","og_description":"Alcoy pone fin este domingo a todos los actos programados para la segunda quincena del mes de octubre con ocasi\u00f3n...","og_url":"https:\/\/www.copealcoy.es\/es\/los-caballeros-de-jaume-i-entraran-de-nuevo-en-alcoy\/","og_site_name":"COPE Alcoy","article_published_time":"2021-10-30T19:51:18+00:00","article_modified_time":"2021-10-30T20:27:49+00:00","og_image":[{"width":841,"height":546,"url":"https:\/\/www.copealcoy.es\/wp-content\/uploads\/2021\/10\/248069565_10227274823964508_8693241106353196065_n-e1635623444103.jpg","type":"image\/jpeg"}],"author":"Cope Alcoy","twitter_misc":{"Escrito por":"Cope Alcoy","Tiempo de lectura":"2 minutos"},"schema":{"@context":"https:\/\/schema.org","@graph":[{"@type":"Article","@id":"https:\/\/www.copealcoy.es\/es\/los-caballeros-de-jaume-i-entraran-de-nuevo-en-alcoy\/#article","isPartOf":{"@id":"https:\/\/www.copealcoy.es\/es\/los-caballeros-de-jaume-i-entraran-de-nuevo-en-alcoy\/"},"author":{"name":"Cope Alcoy","@id":"https:\/\/www.copealcoy.es\/es\/#\/schema\/person\/e777c87fa024e57d40170af9df39882c"},"headline":"Los Caballeros de Jaume I entrar\u00e1n de nuevo en Alcoy","datePublished":"2021-10-30T19:51:18+00:00","dateModified":"2021-10-30T20:27:49+00:00","mainEntityOfPage":{"@id":"https:\/\/www.copealcoy.es\/es\/los-caballeros-de-jaume-i-entraran-de-nuevo-en-alcoy\/"},"wordCount":305,"commentCount":0,"image":{"@id":"https:\/\/www.copealcoy.es\/es\/los-caballeros-de-jaume-i-entraran-de-nuevo-en-alcoy\/#primaryimage"},"thumbnailUrl":"https:\/\/www.copealcoy.es\/wp-content\/uploads\/2021\/10\/248069565_10227274823964508_8693241106353196065_n-e1635623444103.jpg","keywords":["Alcoy","caballeros","Desfile","Jaume I","Mig Any","recreaci\u00f3n hist\u00f3rica"],"articleSection":["Alcoy","Fiesta y Cultura","Noticias"],"inLanguage":"es"},{"@type":"WebPage","@id":"https:\/\/www.copealcoy.es\/es\/los-caballeros-de-jaume-i-entraran-de-nuevo-en-alcoy\/","url":"https:\/\/www.copealcoy.es\/es\/los-caballeros-de-jaume-i-entraran-de-nuevo-en-alcoy\/","name":"Los Caballeros de Jaume I entrar\u00e1n de nuevo en Alcoy - COPE Alcoy","isPartOf":{"@id":"https:\/\/www.copealcoy.es\/es\/#website"},"primaryImageOfPage":{"@id":"https:\/\/www.copealcoy.es\/es\/los-caballeros-de-jaume-i-entraran-de-nuevo-en-alcoy\/#primaryimage"},"image":{"@id":"https:\/\/www.copealcoy.es\/es\/los-caballeros-de-jaume-i-entraran-de-nuevo-en-alcoy\/#primaryimage"},"thumbnailUrl":"https:\/\/www.copealcoy.es\/wp-content\/uploads\/2021\/10\/248069565_10227274823964508_8693241106353196065_n-e1635623444103.jpg","datePublished":"2021-10-30T19:51:18+00:00","dateModified":"2021-10-30T20:27:49+00:00","author":{"@id":"https:\/\/www.copealcoy.es\/es\/#\/schema\/person\/e777c87fa024e57d40170af9df39882c"},"breadcrumb":{"@id":"https:\/\/www.copealcoy.es\/es\/los-caballeros-de-jaume-i-entraran-de-nuevo-en-alcoy\/#breadcrumb"},"inLanguage":"es","potentialAction":[{"@type":"ReadAction","target":["https:\/\/www.copealcoy.es\/es\/los-caballeros-de-jaume-i-entraran-de-nuevo-en-alcoy\/"]}]},{"@type":"ImageObject","inLanguage":"es","@id":"https:\/\/www.copealcoy.es\/es\/los-caballeros-de-jaume-i-entraran-de-nuevo-en-alcoy\/#primaryimage","url":"https:\/\/www.copealcoy.es\/wp-content\/uploads\/2021\/10\/248069565_10227274823964508_8693241106353196065_n-e1635623444103.jpg","contentUrl":"https:\/\/www.copealcoy.es\/wp-content\/uploads\/2021\/10\/248069565_10227274823964508_8693241106353196065_n-e1635623444103.jpg","width":841,"height":546},{"@type":"BreadcrumbList","@id":"https:\/\/www.copealcoy.es\/es\/los-caballeros-de-jaume-i-entraran-de-nuevo-en-alcoy\/#breadcrumb","itemListElement":[{"@type":"ListItem","position":1,"name":"Portada","item":"https:\/\/www.copealcoy.es\/es\/"},{"@type":"ListItem","position":2,"name":"Los Caballeros de Jaume I entrar\u00e1n de nuevo en Alcoy"}]},{"@type":"WebSite","@id":"https:\/\/www.copealcoy.es\/es\/#website","url":"https:\/\/www.copealcoy.es\/es\/","name":"COPE Alcoy","description":"Emisora COPE de radio local con emisi\u00f3n online. Pont de Sant Jordi 8-10 03803 Alcoy","potentialAction":[{"@type":"SearchAction","target":{"@type":"EntryPoint","urlTemplate":"https:\/\/www.copealcoy.es\/es\/?s={search_term_string}"},"query-input":{"@type":"PropertyValueSpecification","valueRequired":true,"valueName":"search_term_string"}}],"inLanguage":"es"},{"@type":"Person","@id":"https:\/\/www.copealcoy.es\/es\/#\/schema\/person\/e777c87fa024e57d40170af9df39882c","name":"Cope Alcoy","image":{"@type":"ImageObject","inLanguage":"es","@id":"https:\/\/secure.gravatar.com\/avatar\/bb65d0283347e303893ba14f0692005417c1e0e690a325a4c5d8bb2b3943ee14?s=96&d=mm&r=g","url":"https:\/\/secure.gravatar.com\/avatar\/bb65d0283347e303893ba14f0692005417c1e0e690a325a4c5d8bb2b3943ee14?s=96&d=mm&r=g","contentUrl":"https:\/\/secure.gravatar.com\/avatar\/bb65d0283347e303893ba14f0692005417c1e0e690a325a4c5d8bb2b3943ee14?s=96&d=mm&r=g","caption":"Cope Alcoy"}}]}},"_links":{"self":[{"href":"https:\/\/www.copealcoy.es\/es\/wp-json\/wp\/v2\/posts\/79621","targetHints":{"allow":["GET"]}}],"collection":[{"href":"https:\/\/www.copealcoy.es\/es\/wp-json\/wp\/v2\/posts"}],"about":[{"href":"https:\/\/www.copealcoy.es\/es\/wp-json\/wp\/v2\/types\/post"}],"author":[{"embeddable":true,"href":"https:\/\/www.copealcoy.es\/es\/wp-json\/wp\/v2\/users\/1"}],"replies":[{"embeddable":true,"href":"https:\/\/www.copealcoy.es\/es\/wp-json\/wp\/v2\/comments?post=79621"}],"version-history":[{"count":0,"href":"https:\/\/www.copealcoy.es\/es\/wp-json\/wp\/v2\/posts\/79621\/revisions"}],"wp:featuredmedia":[{"embeddable":true,"href":"https:\/\/www.copealcoy.es\/es\/wp-json\/wp\/v2\/media\/79622"}],"wp:attachment":[{"href":"https:\/\/www.copealcoy.es\/es\/wp-json\/wp\/v2\/media?parent=79621"}],"wp:term":[{"taxonomy":"category","embeddable":true,"href":"https:\/\/www.copealcoy.es\/es\/wp-json\/wp\/v2\/categories?post=79621"},{"taxonomy":"post_tag","embeddable":true,"href":"https:\/\/www.copealcoy.es\/es\/wp-json\/wp\/v2\/tags?post=79621"}],"curies":[{"name":"wp","href":"https:\/\/api.w.org\/{rel}","templated":true}]}}