{"id":79607,"date":"2021-10-30T18:55:59","date_gmt":"2021-10-30T17:55:59","guid":{"rendered":"https:\/\/www.copealcoy.es\/?p=79607"},"modified":"2021-11-18T16:31:05","modified_gmt":"2021-11-18T15:31:05","slug":"cocentaina-estrena-una-historica-675-edicion-de-la-fira-de-tots-sants","status":"publish","type":"post","link":"https:\/\/www.copealcoy.es\/es\/cocentaina-estrena-una-historica-675-edicion-de-la-fira-de-tots-sants\/","title":{"rendered":"Cocentaina estrena una hist\u00f3rica 675 edici\u00f3n de la Fira de Tots Sants"},"content":{"rendered":"<p style=\"text-align: justify;\">Cocentaina ha vivido en este s\u00e1bado 30 de octubre <strong>una nueva in\u00e9dita inauguraci\u00f3n de la Fira de Tots Sants<\/strong> ya que la misma<strong> ha tenido lugar justo un d\u00eda despu\u00e9s de que el Certamen abriese oficialmente sus puertas<\/strong> en el d\u00eda de ayer, algo que <strong>no hab\u00eda sucedido nunca hasta ahora<\/strong>. La apertura ha contado con <strong>una amplia representaci\u00f3n institucional<\/strong> y la misma ha estado encabezada por el Presidente de la Generalitat Valenciana; <strong>Ximo Puig<\/strong>.<\/p>\n<p style=\"text-align: justify;\">El d\u00eda de la inauguraci\u00f3n <strong>ha amanecido con nubes y ventoso<\/strong> pero la climatolog\u00eda ha respetado en todo momento <strong>un acto que ha dado inicio pasadas las once de la ma\u00f1ana con la recepci\u00f3n de autoridades<\/strong> en la Biblioteca Municipal junto al emblem\u00e1tico Pla de la Font. De all\u00ed <strong>la comitiva ha salido en direcci\u00f3n al Palau Comtal<\/strong> realizando un breve recorrido por la Fira de Tots Sants que <strong>ha culminado a las puertas del hist\u00f3rico edificio<\/strong> mientras numeroso p\u00fablico aguardaba en la Plaza del Pla a la espera de que se produjese <strong>uno de los momentos m\u00e1s esperados de esta inauguraci\u00f3n<\/strong>. Se trata de <strong>la lectura del Privilegi<\/strong> que otorg\u00f3 en 1346 el Rei Pere IV El Cerimoni\u00f3s al municipio para que se celebrase una Feria con car\u00e1cter anual, una tarea que ha desempe\u00f1ado de forma magistral <strong>la psic\u00f3loga contestana Stella Vicens Llorca<\/strong> &#8220;<em>me siento muy orgullosa de haber le\u00eddo el documento, ha sido un momento m\u00e1gico y muy especial para una contestana que ha vivido la Fira con intensidad desde siempre. Gracias al Ayuntamiento de Cocentaina por haber confiado en mi y a todos los que lo han hecho posible<\/em>&#8220;, ha dicho emocionada.<\/p>\n<p style=\"text-align: justify;\">Por su parte <strong>el Jefe del Consell<\/strong> ha alabado al pueblo de Cocentaina, y a la organizaci\u00f3n de la Fira, por haber conseguido que <strong>la misma volviese al formato presencial en la calle<\/strong> tras los meses m\u00e1s duros de la pandemia. Ximo Puig ha hecho tambi\u00e9n <strong>un llamamiento a la responsabilidad<\/strong> y ha instado a que <strong>se vacunen contra el Coronavirus aquellos que todav\u00eda no lo han hecho<\/strong> &#8220;<em>tenemos que mirar al futuro con esperanza. Estamos au\u0301n en un momento en el que hay que seguir teniendo mucha prudencia y m\u00e1s si cabe sabiendo que vamos a mejor. Desde la ma\u0301xima prudencia, disfrutemos al ma\u0301ximo de una fiesta que va ma\u0301s alla\u0301 del intercambio comercial y que es un punto de encuentro y convivencia<\/em>&#8220;, ha manifestado. Tambi\u00e9n <strong>la alcaldesa de la poblaci\u00f3n<\/strong>, acompa\u00f1ada de la edil de Fira Eugenia Miguel, ha agradecido <strong>el gran respaldo institucional que ha tenido la inauguraci\u00f3n de una Fira que es de Inter\u00e9s Tur\u00edstico Internacional as\u00ed como Bien de Inter\u00e9s Cultural (BIC)<\/strong> &#8220;<em>Cocentaina tiene el orgullo y la responsabilidad de haber preparado el evento ma\u0301s multitudinario en la calle, despue\u0301s de las Fallas de Valencia y vamos a demostrar que podemos pasarlo muy bien y disfrutar con todas las condiciones de seguridad. Todos somos importantes para hacer esta Fira grande, y que tiene el orgullo de ser de Intere\u0301s Turi\u0301stico Internacional y la u\u0301nica Fira BIC de toda la Comunitat Valenciana<\/em>&#8220;, ha concluido <strong>Mireia Estepa<\/strong>.<\/p>\n<p style=\"text-align: justify;\">Tras la inauguraci\u00f3n de la Fira <strong>las autoridades han realizado un paseo por las exposiciones culturales del Palau Comtal<\/strong> as\u00ed como\u00a0 han visitado <strong>parte del sector de innovaci\u00f3n, nuevas tecnolog\u00edas y turismo que se ubica por el Passeig del Comtat<\/strong>. Tambi\u00e9n <strong>han acudido a rendir homenaje hist\u00f3ricos Feriantes<\/strong> que acuden a la localidad desde hace muchos a\u00f1os al mismo tiempo que han pasado por el Mercado Medieval hasta alcanzar el Pla de la Font. All\u00ed, y de nuevo a las puertas de la Biblioteca Municipal, se ha efectuado <strong>un vino de honor<\/strong> al aire libre.<\/p>\n","protected":false},"excerpt":{"rendered":"<p>Cocentaina ha vivido en este s\u00e1bado 30 de octubre una nueva in\u00e9dita inauguraci\u00f3n de la Fira de Tots Sants ya&#8230;<\/p>\n","protected":false},"author":1,"featured_media":79608,"comment_status":"open","ping_status":"open","sticky":false,"template":"","format":"standard","meta":{"footnotes":""},"categories":[98,75,125],"tags":[11848,132,635,1550,11984,1728],"class_list":["post-79607","post","type-post","status-publish","format-standard","has-post-thumbnail","hentry","category-comarcas","category-noticias","category-portada","tag-675-edicion","tag-cocentaina","tag-fira-de-tots-sants","tag-inauguracion","tag-stella-vicens","tag-ximo-puig"],"yoast_head":"<!-- This site is optimized with the Yoast SEO plugin v27.3 - https:\/\/yoast.com\/product\/yoast-seo-wordpress\/ -->\n<title>Cocentaina estrena una hist\u00f3rica 675 edici\u00f3n de la Fira de Tots Sants - COPE Alcoy<\/title>\n<meta name=\"robots\" content=\"index, follow, max-snippet:-1, max-image-preview:large, max-video-preview:-1\" \/>\n<link rel=\"canonical\" href=\"https:\/\/www.copealcoy.es\/es\/cocentaina-estrena-una-historica-675-edicion-de-la-fira-de-tots-sants\/\" \/>\n<meta property=\"og:locale\" content=\"es_ES\" \/>\n<meta property=\"og:type\" content=\"article\" \/>\n<meta property=\"og:title\" content=\"Cocentaina estrena una hist\u00f3rica 675 edici\u00f3n de la Fira de Tots Sants - COPE Alcoy\" \/>\n<meta property=\"og:description\" content=\"Cocentaina ha vivido en este s\u00e1bado 30 de octubre una nueva in\u00e9dita inauguraci\u00f3n de la Fira de Tots Sants ya...\" \/>\n<meta property=\"og:url\" content=\"https:\/\/www.copealcoy.es\/es\/cocentaina-estrena-una-historica-675-edicion-de-la-fira-de-tots-sants\/\" \/>\n<meta property=\"og:site_name\" content=\"COPE Alcoy\" \/>\n<meta property=\"article:published_time\" content=\"2021-10-30T17:55:59+00:00\" \/>\n<meta property=\"article:modified_time\" content=\"2021-11-18T15:31:05+00:00\" \/>\n<meta property=\"og:image\" content=\"https:\/\/www.copealcoy.es\/wp-content\/uploads\/2021\/10\/Inauguracio\u0301-011.jpeg\" \/>\n\t<meta property=\"og:image:width\" content=\"1599\" \/>\n\t<meta property=\"og:image:height\" content=\"1066\" \/>\n\t<meta property=\"og:image:type\" content=\"image\/jpeg\" \/>\n<meta name=\"author\" content=\"Cope Alcoy\" \/>\n<meta name=\"twitter:label1\" content=\"Escrito por\" \/>\n\t<meta name=\"twitter:data1\" content=\"Cope Alcoy\" \/>\n\t<meta name=\"twitter:label2\" content=\"Tiempo de lectura\" \/>\n\t<meta name=\"twitter:data2\" content=\"3 minutos\" \/>\n<script type=\"application\/ld+json\" class=\"yoast-schema-graph\">{\"@context\":\"https:\\\/\\\/schema.org\",\"@graph\":[{\"@type\":\"Article\",\"@id\":\"https:\\\/\\\/www.copealcoy.es\\\/es\\\/cocentaina-estrena-una-historica-675-edicion-de-la-fira-de-tots-sants\\\/#article\",\"isPartOf\":{\"@id\":\"https:\\\/\\\/www.copealcoy.es\\\/es\\\/cocentaina-estrena-una-historica-675-edicion-de-la-fira-de-tots-sants\\\/\"},\"author\":{\"name\":\"Cope Alcoy\",\"@id\":\"https:\\\/\\\/www.copealcoy.es\\\/es\\\/#\\\/schema\\\/person\\\/e777c87fa024e57d40170af9df39882c\"},\"headline\":\"Cocentaina estrena una hist\u00f3rica 675 edici\u00f3n de la Fira de Tots Sants\",\"datePublished\":\"2021-10-30T17:55:59+00:00\",\"dateModified\":\"2021-11-18T15:31:05+00:00\",\"mainEntityOfPage\":{\"@id\":\"https:\\\/\\\/www.copealcoy.es\\\/es\\\/cocentaina-estrena-una-historica-675-edicion-de-la-fira-de-tots-sants\\\/\"},\"wordCount\":668,\"commentCount\":0,\"image\":{\"@id\":\"https:\\\/\\\/www.copealcoy.es\\\/es\\\/cocentaina-estrena-una-historica-675-edicion-de-la-fira-de-tots-sants\\\/#primaryimage\"},\"thumbnailUrl\":\"https:\\\/\\\/www.copealcoy.es\\\/wp-content\\\/uploads\\\/2021\\\/10\\\/Inauguracio\u0301-011.jpeg\",\"keywords\":[\"675 edici\u00f3n\",\"Cocentaina\",\"Fira de Tots Sants\",\"Inauguraci\u00f3n\",\"Stella Vicens\",\"Ximo Puig\"],\"articleSection\":[\"Comarcas\",\"Noticias\",\"Portada\"],\"inLanguage\":\"es\"},{\"@type\":\"WebPage\",\"@id\":\"https:\\\/\\\/www.copealcoy.es\\\/es\\\/cocentaina-estrena-una-historica-675-edicion-de-la-fira-de-tots-sants\\\/\",\"url\":\"https:\\\/\\\/www.copealcoy.es\\\/es\\\/cocentaina-estrena-una-historica-675-edicion-de-la-fira-de-tots-sants\\\/\",\"name\":\"Cocentaina estrena una hist\u00f3rica 675 edici\u00f3n de la Fira de Tots Sants - COPE Alcoy\",\"isPartOf\":{\"@id\":\"https:\\\/\\\/www.copealcoy.es\\\/es\\\/#website\"},\"primaryImageOfPage\":{\"@id\":\"https:\\\/\\\/www.copealcoy.es\\\/es\\\/cocentaina-estrena-una-historica-675-edicion-de-la-fira-de-tots-sants\\\/#primaryimage\"},\"image\":{\"@id\":\"https:\\\/\\\/www.copealcoy.es\\\/es\\\/cocentaina-estrena-una-historica-675-edicion-de-la-fira-de-tots-sants\\\/#primaryimage\"},\"thumbnailUrl\":\"https:\\\/\\\/www.copealcoy.es\\\/wp-content\\\/uploads\\\/2021\\\/10\\\/Inauguracio\u0301-011.jpeg\",\"datePublished\":\"2021-10-30T17:55:59+00:00\",\"dateModified\":\"2021-11-18T15:31:05+00:00\",\"author\":{\"@id\":\"https:\\\/\\\/www.copealcoy.es\\\/es\\\/#\\\/schema\\\/person\\\/e777c87fa024e57d40170af9df39882c\"},\"breadcrumb\":{\"@id\":\"https:\\\/\\\/www.copealcoy.es\\\/es\\\/cocentaina-estrena-una-historica-675-edicion-de-la-fira-de-tots-sants\\\/#breadcrumb\"},\"inLanguage\":\"es\",\"potentialAction\":[{\"@type\":\"ReadAction\",\"target\":[\"https:\\\/\\\/www.copealcoy.es\\\/es\\\/cocentaina-estrena-una-historica-675-edicion-de-la-fira-de-tots-sants\\\/\"]}]},{\"@type\":\"ImageObject\",\"inLanguage\":\"es\",\"@id\":\"https:\\\/\\\/www.copealcoy.es\\\/es\\\/cocentaina-estrena-una-historica-675-edicion-de-la-fira-de-tots-sants\\\/#primaryimage\",\"url\":\"https:\\\/\\\/www.copealcoy.es\\\/wp-content\\\/uploads\\\/2021\\\/10\\\/Inauguracio\u0301-011.jpeg\",\"contentUrl\":\"https:\\\/\\\/www.copealcoy.es\\\/wp-content\\\/uploads\\\/2021\\\/10\\\/Inauguracio\u0301-011.jpeg\",\"width\":1599,\"height\":1066},{\"@type\":\"BreadcrumbList\",\"@id\":\"https:\\\/\\\/www.copealcoy.es\\\/es\\\/cocentaina-estrena-una-historica-675-edicion-de-la-fira-de-tots-sants\\\/#breadcrumb\",\"itemListElement\":[{\"@type\":\"ListItem\",\"position\":1,\"name\":\"Portada\",\"item\":\"https:\\\/\\\/www.copealcoy.es\\\/es\\\/\"},{\"@type\":\"ListItem\",\"position\":2,\"name\":\"Cocentaina estrena una hist\u00f3rica 675 edici\u00f3n de la Fira de Tots Sants\"}]},{\"@type\":\"WebSite\",\"@id\":\"https:\\\/\\\/www.copealcoy.es\\\/es\\\/#website\",\"url\":\"https:\\\/\\\/www.copealcoy.es\\\/es\\\/\",\"name\":\"COPE Alcoy\",\"description\":\"Emisora COPE de radio local con emisi\u00f3n online. Pont de Sant Jordi 8-10 03803 Alcoy\",\"potentialAction\":[{\"@type\":\"SearchAction\",\"target\":{\"@type\":\"EntryPoint\",\"urlTemplate\":\"https:\\\/\\\/www.copealcoy.es\\\/es\\\/?s={search_term_string}\"},\"query-input\":{\"@type\":\"PropertyValueSpecification\",\"valueRequired\":true,\"valueName\":\"search_term_string\"}}],\"inLanguage\":\"es\"},{\"@type\":\"Person\",\"@id\":\"https:\\\/\\\/www.copealcoy.es\\\/es\\\/#\\\/schema\\\/person\\\/e777c87fa024e57d40170af9df39882c\",\"name\":\"Cope Alcoy\",\"image\":{\"@type\":\"ImageObject\",\"inLanguage\":\"es\",\"@id\":\"https:\\\/\\\/secure.gravatar.com\\\/avatar\\\/bb65d0283347e303893ba14f0692005417c1e0e690a325a4c5d8bb2b3943ee14?s=96&d=mm&r=g\",\"url\":\"https:\\\/\\\/secure.gravatar.com\\\/avatar\\\/bb65d0283347e303893ba14f0692005417c1e0e690a325a4c5d8bb2b3943ee14?s=96&d=mm&r=g\",\"contentUrl\":\"https:\\\/\\\/secure.gravatar.com\\\/avatar\\\/bb65d0283347e303893ba14f0692005417c1e0e690a325a4c5d8bb2b3943ee14?s=96&d=mm&r=g\",\"caption\":\"Cope Alcoy\"}}]}<\/script>\n<!-- \/ Yoast SEO plugin. -->","yoast_head_json":{"title":"Cocentaina estrena una hist\u00f3rica 675 edici\u00f3n de la Fira de Tots Sants - COPE Alcoy","robots":{"index":"index","follow":"follow","max-snippet":"max-snippet:-1","max-image-preview":"max-image-preview:large","max-video-preview":"max-video-preview:-1"},"canonical":"https:\/\/www.copealcoy.es\/es\/cocentaina-estrena-una-historica-675-edicion-de-la-fira-de-tots-sants\/","og_locale":"es_ES","og_type":"article","og_title":"Cocentaina estrena una hist\u00f3rica 675 edici\u00f3n de la Fira de Tots Sants - COPE Alcoy","og_description":"Cocentaina ha vivido en este s\u00e1bado 30 de octubre una nueva in\u00e9dita inauguraci\u00f3n de la Fira de Tots Sants ya...","og_url":"https:\/\/www.copealcoy.es\/es\/cocentaina-estrena-una-historica-675-edicion-de-la-fira-de-tots-sants\/","og_site_name":"COPE Alcoy","article_published_time":"2021-10-30T17:55:59+00:00","article_modified_time":"2021-11-18T15:31:05+00:00","og_image":[{"width":1599,"height":1066,"url":"https:\/\/www.copealcoy.es\/wp-content\/uploads\/2021\/10\/Inauguracio\u0301-011.jpeg","type":"image\/jpeg"}],"author":"Cope Alcoy","twitter_misc":{"Escrito por":"Cope Alcoy","Tiempo de lectura":"3 minutos"},"schema":{"@context":"https:\/\/schema.org","@graph":[{"@type":"Article","@id":"https:\/\/www.copealcoy.es\/es\/cocentaina-estrena-una-historica-675-edicion-de-la-fira-de-tots-sants\/#article","isPartOf":{"@id":"https:\/\/www.copealcoy.es\/es\/cocentaina-estrena-una-historica-675-edicion-de-la-fira-de-tots-sants\/"},"author":{"name":"Cope Alcoy","@id":"https:\/\/www.copealcoy.es\/es\/#\/schema\/person\/e777c87fa024e57d40170af9df39882c"},"headline":"Cocentaina estrena una hist\u00f3rica 675 edici\u00f3n de la Fira de Tots Sants","datePublished":"2021-10-30T17:55:59+00:00","dateModified":"2021-11-18T15:31:05+00:00","mainEntityOfPage":{"@id":"https:\/\/www.copealcoy.es\/es\/cocentaina-estrena-una-historica-675-edicion-de-la-fira-de-tots-sants\/"},"wordCount":668,"commentCount":0,"image":{"@id":"https:\/\/www.copealcoy.es\/es\/cocentaina-estrena-una-historica-675-edicion-de-la-fira-de-tots-sants\/#primaryimage"},"thumbnailUrl":"https:\/\/www.copealcoy.es\/wp-content\/uploads\/2021\/10\/Inauguracio\u0301-011.jpeg","keywords":["675 edici\u00f3n","Cocentaina","Fira de Tots Sants","Inauguraci\u00f3n","Stella Vicens","Ximo Puig"],"articleSection":["Comarcas","Noticias","Portada"],"inLanguage":"es"},{"@type":"WebPage","@id":"https:\/\/www.copealcoy.es\/es\/cocentaina-estrena-una-historica-675-edicion-de-la-fira-de-tots-sants\/","url":"https:\/\/www.copealcoy.es\/es\/cocentaina-estrena-una-historica-675-edicion-de-la-fira-de-tots-sants\/","name":"Cocentaina estrena una hist\u00f3rica 675 edici\u00f3n de la Fira de Tots Sants - COPE Alcoy","isPartOf":{"@id":"https:\/\/www.copealcoy.es\/es\/#website"},"primaryImageOfPage":{"@id":"https:\/\/www.copealcoy.es\/es\/cocentaina-estrena-una-historica-675-edicion-de-la-fira-de-tots-sants\/#primaryimage"},"image":{"@id":"https:\/\/www.copealcoy.es\/es\/cocentaina-estrena-una-historica-675-edicion-de-la-fira-de-tots-sants\/#primaryimage"},"thumbnailUrl":"https:\/\/www.copealcoy.es\/wp-content\/uploads\/2021\/10\/Inauguracio\u0301-011.jpeg","datePublished":"2021-10-30T17:55:59+00:00","dateModified":"2021-11-18T15:31:05+00:00","author":{"@id":"https:\/\/www.copealcoy.es\/es\/#\/schema\/person\/e777c87fa024e57d40170af9df39882c"},"breadcrumb":{"@id":"https:\/\/www.copealcoy.es\/es\/cocentaina-estrena-una-historica-675-edicion-de-la-fira-de-tots-sants\/#breadcrumb"},"inLanguage":"es","potentialAction":[{"@type":"ReadAction","target":["https:\/\/www.copealcoy.es\/es\/cocentaina-estrena-una-historica-675-edicion-de-la-fira-de-tots-sants\/"]}]},{"@type":"ImageObject","inLanguage":"es","@id":"https:\/\/www.copealcoy.es\/es\/cocentaina-estrena-una-historica-675-edicion-de-la-fira-de-tots-sants\/#primaryimage","url":"https:\/\/www.copealcoy.es\/wp-content\/uploads\/2021\/10\/Inauguracio\u0301-011.jpeg","contentUrl":"https:\/\/www.copealcoy.es\/wp-content\/uploads\/2021\/10\/Inauguracio\u0301-011.jpeg","width":1599,"height":1066},{"@type":"BreadcrumbList","@id":"https:\/\/www.copealcoy.es\/es\/cocentaina-estrena-una-historica-675-edicion-de-la-fira-de-tots-sants\/#breadcrumb","itemListElement":[{"@type":"ListItem","position":1,"name":"Portada","item":"https:\/\/www.copealcoy.es\/es\/"},{"@type":"ListItem","position":2,"name":"Cocentaina estrena una hist\u00f3rica 675 edici\u00f3n de la Fira de Tots Sants"}]},{"@type":"WebSite","@id":"https:\/\/www.copealcoy.es\/es\/#website","url":"https:\/\/www.copealcoy.es\/es\/","name":"COPE Alcoy","description":"Emisora COPE de radio local con emisi\u00f3n online. Pont de Sant Jordi 8-10 03803 Alcoy","potentialAction":[{"@type":"SearchAction","target":{"@type":"EntryPoint","urlTemplate":"https:\/\/www.copealcoy.es\/es\/?s={search_term_string}"},"query-input":{"@type":"PropertyValueSpecification","valueRequired":true,"valueName":"search_term_string"}}],"inLanguage":"es"},{"@type":"Person","@id":"https:\/\/www.copealcoy.es\/es\/#\/schema\/person\/e777c87fa024e57d40170af9df39882c","name":"Cope Alcoy","image":{"@type":"ImageObject","inLanguage":"es","@id":"https:\/\/secure.gravatar.com\/avatar\/bb65d0283347e303893ba14f0692005417c1e0e690a325a4c5d8bb2b3943ee14?s=96&d=mm&r=g","url":"https:\/\/secure.gravatar.com\/avatar\/bb65d0283347e303893ba14f0692005417c1e0e690a325a4c5d8bb2b3943ee14?s=96&d=mm&r=g","contentUrl":"https:\/\/secure.gravatar.com\/avatar\/bb65d0283347e303893ba14f0692005417c1e0e690a325a4c5d8bb2b3943ee14?s=96&d=mm&r=g","caption":"Cope Alcoy"}}]}},"_links":{"self":[{"href":"https:\/\/www.copealcoy.es\/es\/wp-json\/wp\/v2\/posts\/79607","targetHints":{"allow":["GET"]}}],"collection":[{"href":"https:\/\/www.copealcoy.es\/es\/wp-json\/wp\/v2\/posts"}],"about":[{"href":"https:\/\/www.copealcoy.es\/es\/wp-json\/wp\/v2\/types\/post"}],"author":[{"embeddable":true,"href":"https:\/\/www.copealcoy.es\/es\/wp-json\/wp\/v2\/users\/1"}],"replies":[{"embeddable":true,"href":"https:\/\/www.copealcoy.es\/es\/wp-json\/wp\/v2\/comments?post=79607"}],"version-history":[{"count":0,"href":"https:\/\/www.copealcoy.es\/es\/wp-json\/wp\/v2\/posts\/79607\/revisions"}],"wp:featuredmedia":[{"embeddable":true,"href":"https:\/\/www.copealcoy.es\/es\/wp-json\/wp\/v2\/media\/79608"}],"wp:attachment":[{"href":"https:\/\/www.copealcoy.es\/es\/wp-json\/wp\/v2\/media?parent=79607"}],"wp:term":[{"taxonomy":"category","embeddable":true,"href":"https:\/\/www.copealcoy.es\/es\/wp-json\/wp\/v2\/categories?post=79607"},{"taxonomy":"post_tag","embeddable":true,"href":"https:\/\/www.copealcoy.es\/es\/wp-json\/wp\/v2\/tags?post=79607"}],"curies":[{"name":"wp","href":"https:\/\/api.w.org\/{rel}","templated":true}]}}