{"id":79559,"date":"2021-10-29T06:33:45","date_gmt":"2021-10-29T05:33:45","guid":{"rendered":"https:\/\/www.copealcoy.es\/?p=79559"},"modified":"2021-10-29T07:13:26","modified_gmt":"2021-10-29T06:13:26","slug":"el-president-puig-inaugurara-manana-la-fira-de-cocentaina","status":"publish","type":"post","link":"https:\/\/www.copealcoy.es\/es\/el-president-puig-inaugurara-manana-la-fira-de-cocentaina\/","title":{"rendered":"El President Puig inaugurar\u00e1 ma\u00f1ana la Fira de Cocentaina"},"content":{"rendered":"<p style=\"text-align: justify;\">Cocentaina estrena<strong> en este viernes 29 de octubre<\/strong> la <strong>675 edici\u00f3n de la Fira de Tots Sants<\/strong>, un evento que <strong>regresa a la calle tras los meses m\u00e1s duros de la crisis sanitaria del Coronavirus<\/strong> y que extraordinariamente <strong>ser\u00e1 inaugurado ma\u00f1ana s\u00e1bado<\/strong>; un d\u00eda despu\u00e9s de haber abierto sus puertas. La <strong>buena evoluci\u00f3n de la pandemia<\/strong> en la Comunitat Valenciana, junto al hecho de que <strong>la mayor parte de la poblaci\u00f3n estemos vacunados<\/strong> frente a la Covid-19, han sido determinantes para que el hist\u00f3rico evento <strong>pueda recuperar gran parte de la normalidad<\/strong> a la que nos tiene acostumbrados.<\/p>\n<p style=\"text-align: justify;\">El Presidente de la Generalitat Valenciana, <strong>Ximo Puig<\/strong>, ha confirmado su asistencia a <strong>la inauguraci\u00f3n oficial del Certamen<\/strong> que se llevar\u00e1 a cabo a lo largo de la ma\u00f1ana del 30 de octubre. Junto a \u00e9l destacan otras autoridades como <strong>el President de Les Corts<\/strong> (Enric Morera), <strong>Consellers<\/strong> del Gobierno Regional como los titulares de Econom\u00eda Sostenible (Rafael Climent), Innovaci\u00f3n y Universidad (Carolina Pascual), Participaci\u00f3n y Transparencia (Rosa P\u00e9rez), Pol\u00edtica Territorial (Arcadi Espa\u00f1a), <strong>la Vicepresidenta de la Diputaci\u00f3n de Alicante<\/strong> (Ana Serna) o <strong>la Subdelegada del Gobierno en la Provincia de Alicante<\/strong> (Araceli Poblador). A ellos se le suman <strong>diputados nacionales, diputados auton\u00f3micos<\/strong> de todas las formaciones presentes en las Cortes Valencianas, alcaldes de la Comarca, <strong>diputados provinciales, representantes de la Universidad de Alicante y del Campus de Alcoy de la UPV, o Fuerzas y Cuerpos de seguridad del Estado<\/strong>. Todas los asistentes, si la adversa climatolog\u00eda no lo impide, <strong>ser\u00e1n recibidos en el Pla de la Font<\/strong> y de all\u00ed <strong>se trasladar\u00e1n al Palau Comtal<\/strong> para que <strong>la psic\u00f3loga Stella Vicens<\/strong> lea desde uno de los balcones <strong>el Privilegi que en 1346 otorg\u00f3 el Rey Pere IV al municipio<\/strong> para que se pudiese celebrar una Feria con car\u00e1cter anual &#8220;<em>todos los servicios y las infraestructuras que habitualmente tiene la Fira de Tots Sants se han tenido que duplicar este a\u00f1o para dar respuesta a los expositores, as\u00ed como a los vecinos o visitantes, durante los dos fines de semana que dura el evento<\/em>. <em>Estamos seguros que este hecho generar\u00e1 incomodidades en nuestro d\u00eda a d\u00eda, y que se alterar\u00e1 la cotidianidad del pueblo, pero a buen seguro que el aprecio por nuestras ra\u00edces y el hecho de garantizar la supervivencia de nuestra Feria valdr\u00e1n la pena<\/em>\u201d, apunta la alcaldesa de la Villa Condal; <strong>Mireia Estepa<\/strong>.<\/p>\n<p style=\"text-align: justify;\">Indicar que en esta primera entrega, hasta el 1 de noviembre, tendremos a nuestro alcance <strong>el Mercado Medieval, el Zoco \u00c1rabe y el Porrat Valenci\u00e0. Tambi\u00e9n la Feria Caballar del Pla de la Font, el sector del Turismo, Medio Ambiente, Deportes, Dise\u00f1o y Moda, Innovaci\u00f3n, Tecnolog\u00eda, Exteriores y Hogar<\/strong>. A ello se le suman <strong>las exposiciones y actividades culturales, las atracciones de Fira y zona infantil, la zona gastron\u00f3mica de Food Trucks y los tenderetes ambulantes<\/strong>. Tambi\u00e9n destacan <strong>espect\u00e1culos con aforo limitado en el patio de armas del Palau Comtal o partidas de Pilota Valenciana<\/strong> de la mano del Club Pilota Cocentaina. Para visitar la Fira <strong>ser\u00e1 obligatorio el uso de la mascarilla<\/strong>, <strong>mantener la distancia de seguridad<\/strong>, <strong>usar gel desinfectante<\/strong> para hacer nuestras compras y <strong>evitar<\/strong> en todo momento las aglomeraciones.<\/p>\n","protected":false},"excerpt":{"rendered":"<p>Cocentaina estrena en este viernes 29 de octubre la 675 edici\u00f3n de la Fira de Tots Sants, un evento que&#8230;<\/p>\n","protected":false},"author":1,"featured_media":79571,"comment_status":"open","ping_status":"open","sticky":false,"template":"","format":"standard","meta":{"footnotes":""},"categories":[6909,98,75,125],"tags":[11848,132,635,1728],"class_list":["post-79559","post","type-post","status-publish","format-standard","has-post-thumbnail","hentry","category-actualidad","category-comarcas","category-noticias","category-portada","tag-675-edicion","tag-cocentaina","tag-fira-de-tots-sants","tag-ximo-puig"],"yoast_head":"<!-- This site is optimized with the Yoast SEO plugin v27.3 - https:\/\/yoast.com\/product\/yoast-seo-wordpress\/ -->\n<title>El President Puig inaugurar\u00e1 ma\u00f1ana la Fira de Cocentaina - COPE Alcoy<\/title>\n<meta name=\"robots\" content=\"index, follow, max-snippet:-1, max-image-preview:large, max-video-preview:-1\" \/>\n<link rel=\"canonical\" href=\"https:\/\/www.copealcoy.es\/es\/el-president-puig-inaugurara-manana-la-fira-de-cocentaina\/\" \/>\n<meta property=\"og:locale\" content=\"es_ES\" \/>\n<meta property=\"og:type\" content=\"article\" \/>\n<meta property=\"og:title\" content=\"El President Puig inaugurar\u00e1 ma\u00f1ana la Fira de Cocentaina - COPE Alcoy\" \/>\n<meta property=\"og:description\" content=\"Cocentaina estrena en este viernes 29 de octubre la 675 edici\u00f3n de la Fira de Tots Sants, un evento que...\" \/>\n<meta property=\"og:url\" content=\"https:\/\/www.copealcoy.es\/es\/el-president-puig-inaugurara-manana-la-fira-de-cocentaina\/\" \/>\n<meta property=\"og:site_name\" content=\"COPE Alcoy\" \/>\n<meta property=\"article:published_time\" content=\"2021-10-29T05:33:45+00:00\" \/>\n<meta property=\"article:modified_time\" content=\"2021-10-29T06:13:26+00:00\" \/>\n<meta property=\"og:image\" content=\"https:\/\/www.copealcoy.es\/wp-content\/uploads\/2021\/10\/XPCoc1-1.jpg\" \/>\n\t<meta property=\"og:image:width\" content=\"2016\" \/>\n\t<meta property=\"og:image:height\" content=\"1512\" \/>\n\t<meta property=\"og:image:type\" content=\"image\/jpeg\" \/>\n<meta name=\"author\" content=\"Cope Alcoy\" \/>\n<meta name=\"twitter:label1\" content=\"Escrito por\" \/>\n\t<meta name=\"twitter:data1\" content=\"Cope Alcoy\" \/>\n\t<meta name=\"twitter:label2\" content=\"Tiempo de lectura\" \/>\n\t<meta name=\"twitter:data2\" content=\"3 minutos\" \/>\n<script type=\"application\/ld+json\" class=\"yoast-schema-graph\">{\"@context\":\"https:\\\/\\\/schema.org\",\"@graph\":[{\"@type\":\"Article\",\"@id\":\"https:\\\/\\\/www.copealcoy.es\\\/es\\\/el-president-puig-inaugurara-manana-la-fira-de-cocentaina\\\/#article\",\"isPartOf\":{\"@id\":\"https:\\\/\\\/www.copealcoy.es\\\/es\\\/el-president-puig-inaugurara-manana-la-fira-de-cocentaina\\\/\"},\"author\":{\"name\":\"Cope Alcoy\",\"@id\":\"https:\\\/\\\/www.copealcoy.es\\\/es\\\/#\\\/schema\\\/person\\\/e777c87fa024e57d40170af9df39882c\"},\"headline\":\"El President Puig inaugurar\u00e1 ma\u00f1ana la Fira de Cocentaina\",\"datePublished\":\"2021-10-29T05:33:45+00:00\",\"dateModified\":\"2021-10-29T06:13:26+00:00\",\"mainEntityOfPage\":{\"@id\":\"https:\\\/\\\/www.copealcoy.es\\\/es\\\/el-president-puig-inaugurara-manana-la-fira-de-cocentaina\\\/\"},\"wordCount\":567,\"commentCount\":0,\"image\":{\"@id\":\"https:\\\/\\\/www.copealcoy.es\\\/es\\\/el-president-puig-inaugurara-manana-la-fira-de-cocentaina\\\/#primaryimage\"},\"thumbnailUrl\":\"https:\\\/\\\/www.copealcoy.es\\\/wp-content\\\/uploads\\\/2021\\\/10\\\/XPCoc1-1.jpg\",\"keywords\":[\"675 edici\u00f3n\",\"Cocentaina\",\"Fira de Tots Sants\",\"Ximo Puig\"],\"articleSection\":[\"Actualidad\",\"Comarcas\",\"Noticias\",\"Portada\"],\"inLanguage\":\"es\"},{\"@type\":\"WebPage\",\"@id\":\"https:\\\/\\\/www.copealcoy.es\\\/es\\\/el-president-puig-inaugurara-manana-la-fira-de-cocentaina\\\/\",\"url\":\"https:\\\/\\\/www.copealcoy.es\\\/es\\\/el-president-puig-inaugurara-manana-la-fira-de-cocentaina\\\/\",\"name\":\"El President Puig inaugurar\u00e1 ma\u00f1ana la Fira de Cocentaina - COPE Alcoy\",\"isPartOf\":{\"@id\":\"https:\\\/\\\/www.copealcoy.es\\\/es\\\/#website\"},\"primaryImageOfPage\":{\"@id\":\"https:\\\/\\\/www.copealcoy.es\\\/es\\\/el-president-puig-inaugurara-manana-la-fira-de-cocentaina\\\/#primaryimage\"},\"image\":{\"@id\":\"https:\\\/\\\/www.copealcoy.es\\\/es\\\/el-president-puig-inaugurara-manana-la-fira-de-cocentaina\\\/#primaryimage\"},\"thumbnailUrl\":\"https:\\\/\\\/www.copealcoy.es\\\/wp-content\\\/uploads\\\/2021\\\/10\\\/XPCoc1-1.jpg\",\"datePublished\":\"2021-10-29T05:33:45+00:00\",\"dateModified\":\"2021-10-29T06:13:26+00:00\",\"author\":{\"@id\":\"https:\\\/\\\/www.copealcoy.es\\\/es\\\/#\\\/schema\\\/person\\\/e777c87fa024e57d40170af9df39882c\"},\"breadcrumb\":{\"@id\":\"https:\\\/\\\/www.copealcoy.es\\\/es\\\/el-president-puig-inaugurara-manana-la-fira-de-cocentaina\\\/#breadcrumb\"},\"inLanguage\":\"es\",\"potentialAction\":[{\"@type\":\"ReadAction\",\"target\":[\"https:\\\/\\\/www.copealcoy.es\\\/es\\\/el-president-puig-inaugurara-manana-la-fira-de-cocentaina\\\/\"]}]},{\"@type\":\"ImageObject\",\"inLanguage\":\"es\",\"@id\":\"https:\\\/\\\/www.copealcoy.es\\\/es\\\/el-president-puig-inaugurara-manana-la-fira-de-cocentaina\\\/#primaryimage\",\"url\":\"https:\\\/\\\/www.copealcoy.es\\\/wp-content\\\/uploads\\\/2021\\\/10\\\/XPCoc1-1.jpg\",\"contentUrl\":\"https:\\\/\\\/www.copealcoy.es\\\/wp-content\\\/uploads\\\/2021\\\/10\\\/XPCoc1-1.jpg\",\"width\":2016,\"height\":1512},{\"@type\":\"BreadcrumbList\",\"@id\":\"https:\\\/\\\/www.copealcoy.es\\\/es\\\/el-president-puig-inaugurara-manana-la-fira-de-cocentaina\\\/#breadcrumb\",\"itemListElement\":[{\"@type\":\"ListItem\",\"position\":1,\"name\":\"Portada\",\"item\":\"https:\\\/\\\/www.copealcoy.es\\\/es\\\/\"},{\"@type\":\"ListItem\",\"position\":2,\"name\":\"El President Puig inaugurar\u00e1 ma\u00f1ana la Fira de Cocentaina\"}]},{\"@type\":\"WebSite\",\"@id\":\"https:\\\/\\\/www.copealcoy.es\\\/es\\\/#website\",\"url\":\"https:\\\/\\\/www.copealcoy.es\\\/es\\\/\",\"name\":\"COPE Alcoy\",\"description\":\"Emisora COPE de radio local con emisi\u00f3n online. Pont de Sant Jordi 8-10 03803 Alcoy\",\"potentialAction\":[{\"@type\":\"SearchAction\",\"target\":{\"@type\":\"EntryPoint\",\"urlTemplate\":\"https:\\\/\\\/www.copealcoy.es\\\/es\\\/?s={search_term_string}\"},\"query-input\":{\"@type\":\"PropertyValueSpecification\",\"valueRequired\":true,\"valueName\":\"search_term_string\"}}],\"inLanguage\":\"es\"},{\"@type\":\"Person\",\"@id\":\"https:\\\/\\\/www.copealcoy.es\\\/es\\\/#\\\/schema\\\/person\\\/e777c87fa024e57d40170af9df39882c\",\"name\":\"Cope Alcoy\",\"image\":{\"@type\":\"ImageObject\",\"inLanguage\":\"es\",\"@id\":\"https:\\\/\\\/secure.gravatar.com\\\/avatar\\\/bb65d0283347e303893ba14f0692005417c1e0e690a325a4c5d8bb2b3943ee14?s=96&d=mm&r=g\",\"url\":\"https:\\\/\\\/secure.gravatar.com\\\/avatar\\\/bb65d0283347e303893ba14f0692005417c1e0e690a325a4c5d8bb2b3943ee14?s=96&d=mm&r=g\",\"contentUrl\":\"https:\\\/\\\/secure.gravatar.com\\\/avatar\\\/bb65d0283347e303893ba14f0692005417c1e0e690a325a4c5d8bb2b3943ee14?s=96&d=mm&r=g\",\"caption\":\"Cope Alcoy\"}}]}<\/script>\n<!-- \/ Yoast SEO plugin. -->","yoast_head_json":{"title":"El President Puig inaugurar\u00e1 ma\u00f1ana la Fira de Cocentaina - COPE Alcoy","robots":{"index":"index","follow":"follow","max-snippet":"max-snippet:-1","max-image-preview":"max-image-preview:large","max-video-preview":"max-video-preview:-1"},"canonical":"https:\/\/www.copealcoy.es\/es\/el-president-puig-inaugurara-manana-la-fira-de-cocentaina\/","og_locale":"es_ES","og_type":"article","og_title":"El President Puig inaugurar\u00e1 ma\u00f1ana la Fira de Cocentaina - COPE Alcoy","og_description":"Cocentaina estrena en este viernes 29 de octubre la 675 edici\u00f3n de la Fira de Tots Sants, un evento que...","og_url":"https:\/\/www.copealcoy.es\/es\/el-president-puig-inaugurara-manana-la-fira-de-cocentaina\/","og_site_name":"COPE Alcoy","article_published_time":"2021-10-29T05:33:45+00:00","article_modified_time":"2021-10-29T06:13:26+00:00","og_image":[{"width":2016,"height":1512,"url":"https:\/\/www.copealcoy.es\/wp-content\/uploads\/2021\/10\/XPCoc1-1.jpg","type":"image\/jpeg"}],"author":"Cope Alcoy","twitter_misc":{"Escrito por":"Cope Alcoy","Tiempo de lectura":"3 minutos"},"schema":{"@context":"https:\/\/schema.org","@graph":[{"@type":"Article","@id":"https:\/\/www.copealcoy.es\/es\/el-president-puig-inaugurara-manana-la-fira-de-cocentaina\/#article","isPartOf":{"@id":"https:\/\/www.copealcoy.es\/es\/el-president-puig-inaugurara-manana-la-fira-de-cocentaina\/"},"author":{"name":"Cope Alcoy","@id":"https:\/\/www.copealcoy.es\/es\/#\/schema\/person\/e777c87fa024e57d40170af9df39882c"},"headline":"El President Puig inaugurar\u00e1 ma\u00f1ana la Fira de Cocentaina","datePublished":"2021-10-29T05:33:45+00:00","dateModified":"2021-10-29T06:13:26+00:00","mainEntityOfPage":{"@id":"https:\/\/www.copealcoy.es\/es\/el-president-puig-inaugurara-manana-la-fira-de-cocentaina\/"},"wordCount":567,"commentCount":0,"image":{"@id":"https:\/\/www.copealcoy.es\/es\/el-president-puig-inaugurara-manana-la-fira-de-cocentaina\/#primaryimage"},"thumbnailUrl":"https:\/\/www.copealcoy.es\/wp-content\/uploads\/2021\/10\/XPCoc1-1.jpg","keywords":["675 edici\u00f3n","Cocentaina","Fira de Tots Sants","Ximo Puig"],"articleSection":["Actualidad","Comarcas","Noticias","Portada"],"inLanguage":"es"},{"@type":"WebPage","@id":"https:\/\/www.copealcoy.es\/es\/el-president-puig-inaugurara-manana-la-fira-de-cocentaina\/","url":"https:\/\/www.copealcoy.es\/es\/el-president-puig-inaugurara-manana-la-fira-de-cocentaina\/","name":"El President Puig inaugurar\u00e1 ma\u00f1ana la Fira de Cocentaina - COPE Alcoy","isPartOf":{"@id":"https:\/\/www.copealcoy.es\/es\/#website"},"primaryImageOfPage":{"@id":"https:\/\/www.copealcoy.es\/es\/el-president-puig-inaugurara-manana-la-fira-de-cocentaina\/#primaryimage"},"image":{"@id":"https:\/\/www.copealcoy.es\/es\/el-president-puig-inaugurara-manana-la-fira-de-cocentaina\/#primaryimage"},"thumbnailUrl":"https:\/\/www.copealcoy.es\/wp-content\/uploads\/2021\/10\/XPCoc1-1.jpg","datePublished":"2021-10-29T05:33:45+00:00","dateModified":"2021-10-29T06:13:26+00:00","author":{"@id":"https:\/\/www.copealcoy.es\/es\/#\/schema\/person\/e777c87fa024e57d40170af9df39882c"},"breadcrumb":{"@id":"https:\/\/www.copealcoy.es\/es\/el-president-puig-inaugurara-manana-la-fira-de-cocentaina\/#breadcrumb"},"inLanguage":"es","potentialAction":[{"@type":"ReadAction","target":["https:\/\/www.copealcoy.es\/es\/el-president-puig-inaugurara-manana-la-fira-de-cocentaina\/"]}]},{"@type":"ImageObject","inLanguage":"es","@id":"https:\/\/www.copealcoy.es\/es\/el-president-puig-inaugurara-manana-la-fira-de-cocentaina\/#primaryimage","url":"https:\/\/www.copealcoy.es\/wp-content\/uploads\/2021\/10\/XPCoc1-1.jpg","contentUrl":"https:\/\/www.copealcoy.es\/wp-content\/uploads\/2021\/10\/XPCoc1-1.jpg","width":2016,"height":1512},{"@type":"BreadcrumbList","@id":"https:\/\/www.copealcoy.es\/es\/el-president-puig-inaugurara-manana-la-fira-de-cocentaina\/#breadcrumb","itemListElement":[{"@type":"ListItem","position":1,"name":"Portada","item":"https:\/\/www.copealcoy.es\/es\/"},{"@type":"ListItem","position":2,"name":"El President Puig inaugurar\u00e1 ma\u00f1ana la Fira de Cocentaina"}]},{"@type":"WebSite","@id":"https:\/\/www.copealcoy.es\/es\/#website","url":"https:\/\/www.copealcoy.es\/es\/","name":"COPE Alcoy","description":"Emisora COPE de radio local con emisi\u00f3n online. Pont de Sant Jordi 8-10 03803 Alcoy","potentialAction":[{"@type":"SearchAction","target":{"@type":"EntryPoint","urlTemplate":"https:\/\/www.copealcoy.es\/es\/?s={search_term_string}"},"query-input":{"@type":"PropertyValueSpecification","valueRequired":true,"valueName":"search_term_string"}}],"inLanguage":"es"},{"@type":"Person","@id":"https:\/\/www.copealcoy.es\/es\/#\/schema\/person\/e777c87fa024e57d40170af9df39882c","name":"Cope Alcoy","image":{"@type":"ImageObject","inLanguage":"es","@id":"https:\/\/secure.gravatar.com\/avatar\/bb65d0283347e303893ba14f0692005417c1e0e690a325a4c5d8bb2b3943ee14?s=96&d=mm&r=g","url":"https:\/\/secure.gravatar.com\/avatar\/bb65d0283347e303893ba14f0692005417c1e0e690a325a4c5d8bb2b3943ee14?s=96&d=mm&r=g","contentUrl":"https:\/\/secure.gravatar.com\/avatar\/bb65d0283347e303893ba14f0692005417c1e0e690a325a4c5d8bb2b3943ee14?s=96&d=mm&r=g","caption":"Cope Alcoy"}}]}},"_links":{"self":[{"href":"https:\/\/www.copealcoy.es\/es\/wp-json\/wp\/v2\/posts\/79559","targetHints":{"allow":["GET"]}}],"collection":[{"href":"https:\/\/www.copealcoy.es\/es\/wp-json\/wp\/v2\/posts"}],"about":[{"href":"https:\/\/www.copealcoy.es\/es\/wp-json\/wp\/v2\/types\/post"}],"author":[{"embeddable":true,"href":"https:\/\/www.copealcoy.es\/es\/wp-json\/wp\/v2\/users\/1"}],"replies":[{"embeddable":true,"href":"https:\/\/www.copealcoy.es\/es\/wp-json\/wp\/v2\/comments?post=79559"}],"version-history":[{"count":0,"href":"https:\/\/www.copealcoy.es\/es\/wp-json\/wp\/v2\/posts\/79559\/revisions"}],"wp:featuredmedia":[{"embeddable":true,"href":"https:\/\/www.copealcoy.es\/es\/wp-json\/wp\/v2\/media\/79571"}],"wp:attachment":[{"href":"https:\/\/www.copealcoy.es\/es\/wp-json\/wp\/v2\/media?parent=79559"}],"wp:term":[{"taxonomy":"category","embeddable":true,"href":"https:\/\/www.copealcoy.es\/es\/wp-json\/wp\/v2\/categories?post=79559"},{"taxonomy":"post_tag","embeddable":true,"href":"https:\/\/www.copealcoy.es\/es\/wp-json\/wp\/v2\/tags?post=79559"}],"curies":[{"name":"wp","href":"https:\/\/api.w.org\/{rel}","templated":true}]}}