{"id":79486,"date":"2021-10-27T09:36:13","date_gmt":"2021-10-27T08:36:13","guid":{"rendered":"https:\/\/www.copealcoy.es\/?p=79486"},"modified":"2021-10-27T09:43:12","modified_gmt":"2021-10-27T08:43:12","slug":"la-fira-tornara-a-tindre-una-variada-oferta-gastronomica","status":"publish","type":"post","link":"https:\/\/www.copealcoy.es\/es\/la-fira-tornara-a-tindre-una-variada-oferta-gastronomica\/","title":{"rendered":"La Fira tornar\u00e0 a tindre una variada oferta gastron\u00f2mica"},"content":{"rendered":"<p style=\"text-align: justify;\">La <strong>Pla\u00e7a\u00a0<span class=\"hiddenSpellError\">Anselmo<\/span>\u00a0Mart\u00ed de Cocentaina<\/strong>, m\u00e9s coneguda com \u00abEl\u00a0<span class=\"hiddenSpellError\">Camet<\/span>\u00bb, ser\u00e0 el <strong>punt de trobada amb la restauraci\u00f3<\/strong> que els diferents<strong> &#8216;<span class=\"hiddenSpellError\">food<\/span>\u00a0<span class=\"hiddenSpellError\">trucks&#8217;<\/span>\u00a0<\/strong>oferiran durant els dos caps de setmana de celebraci\u00f3 de la 675 de Fira de Tots Sants. Ac\u00ed trobarem <strong>diversitat de plats i sabors<\/strong> que permetran a ve\u00efns i visitants triar la gastronomia que preferisquen en cada moment.<\/p>\n<p style=\"text-align: justify;\">Amb la ubicaci\u00f3 dels &#8216;<span class=\"hiddenSpellError\">food<\/span>\u00a0<span class=\"hiddenSpellError\">trucks&#8217; <\/span>en aquest lloc, l&#8217;organitzaci\u00f3 del Certamen v<strong>ol que es gaudisca d&#8217;aquest espai amb major dist\u00e0ncia<\/strong> i que <strong>es puga compartir una estona agradable entorn de la taula amb amics i familiars<\/strong> &#8220;<em>aquesta part de la Fira \u00e9s vital i \u00e9s que grans i menuts esperem aquests dies per a gaudir de les peculiars atraccions que ens reafirmen que l\u2019oferta comercial \u00e9s un punt essencial del certamen, per\u00f2 el complement l\u00fadic tamb\u00e9 \u00e9s un dels nostres plats forts<\/em>&#8220;, explica la regidora de Fira; <strong>Eug\u00e8nia <span class=\"hiddenSpellError\">Miguel<\/span><\/strong>. A tota aquesta oferta cal afegir <strong>les paradetes ambulants<\/strong> amb tota mena de productes, bijuteria i detalls estaran tamb\u00e9 presents els dos caps de setmana a les zones de Jaume I, Santa B\u00e0rbara i la zona del Patronat, a la pla\u00e7a i al carrer\u00a0Moss\u00e9n\u00a0<span class=\"hiddenSpellError\">Raduan<\/span>.<\/p>\n<p style=\"text-align: justify;\">Recordar que en aquesta edici\u00f3 de la Fira, que se celebra del 29 d&#8217;octubre a l&#8217;1 de novembre i del 5 al 7 de novembre, <strong>no hi haur\u00e0 concerts al carrer<\/strong> per a evitar les multituds. Aix\u00ed mateix es portaran endavant\u00a0<strong>les activitats culturals en recintes tancats i l\u2019aforament restringit<\/strong> a les quals es podr\u00e0 acudir pr\u00e8via adquisici\u00f3 d&#8217;entrades, totes gratu\u00eftes, a trav\u00e9s de la web del certamen.<\/p>\n","protected":false},"excerpt":{"rendered":"<p>La Pla\u00e7a\u00a0Anselmo\u00a0Mart\u00ed de Cocentaina, m\u00e9s coneguda com \u00abEl\u00a0Camet\u00bb, ser\u00e0 el punt de trobada amb la restauraci\u00f3 que els diferents &#8216;food\u00a0trucks&#8217;\u00a0oferiran&#8230;<\/p>\n","protected":false},"author":1,"featured_media":26076,"comment_status":"open","ping_status":"open","sticky":false,"template":"","format":"standard","meta":{"footnotes":""},"categories":[98,75],"tags":[132,676,716,1101],"class_list":["post-79486","post","type-post","status-publish","format-standard","has-post-thumbnail","hentry","category-comarcas","category-noticias","tag-cocentaina","tag-fira","tag-gastronomia","tag-oferta"],"yoast_head":"<!-- This site is optimized with the Yoast SEO plugin v27.3 - https:\/\/yoast.com\/product\/yoast-seo-wordpress\/ -->\n<title>La Fira tornar\u00e0 a tindre una variada oferta gastron\u00f2mica - COPE Alcoy<\/title>\n<meta name=\"robots\" content=\"index, follow, max-snippet:-1, max-image-preview:large, max-video-preview:-1\" \/>\n<link rel=\"canonical\" href=\"https:\/\/www.copealcoy.es\/es\/la-fira-tornara-a-tindre-una-variada-oferta-gastronomica\/\" \/>\n<meta property=\"og:locale\" content=\"es_ES\" \/>\n<meta property=\"og:type\" content=\"article\" \/>\n<meta property=\"og:title\" content=\"La Fira tornar\u00e0 a tindre una variada oferta gastron\u00f2mica - COPE Alcoy\" \/>\n<meta property=\"og:description\" content=\"La Pla\u00e7a\u00a0Anselmo\u00a0Mart\u00ed de Cocentaina, m\u00e9s coneguda com \u00abEl\u00a0Camet\u00bb, ser\u00e0 el punt de trobada amb la restauraci\u00f3 que els diferents &#8216;food\u00a0trucks&#8217;\u00a0oferiran...\" \/>\n<meta property=\"og:url\" content=\"https:\/\/www.copealcoy.es\/es\/la-fira-tornara-a-tindre-una-variada-oferta-gastronomica\/\" \/>\n<meta property=\"og:site_name\" content=\"COPE Alcoy\" \/>\n<meta property=\"article:published_time\" content=\"2021-10-27T08:36:13+00:00\" \/>\n<meta property=\"article:modified_time\" content=\"2021-10-27T08:43:12+00:00\" \/>\n<meta property=\"og:image\" content=\"https:\/\/www.copealcoy.es\/wp-content\/uploads\/2016\/10\/La-pla\u00e7a-del-Mercat-convertida-en-una-gran-taberna-medieval--e1477695556154.jpg\" \/>\n\t<meta property=\"og:image:width\" content=\"4224\" \/>\n\t<meta property=\"og:image:height\" content=\"2428\" \/>\n\t<meta property=\"og:image:type\" content=\"image\/jpeg\" \/>\n<meta name=\"author\" content=\"Cope Alcoy\" \/>\n<meta name=\"twitter:label1\" content=\"Escrito por\" \/>\n\t<meta name=\"twitter:data1\" content=\"Cope Alcoy\" \/>\n\t<meta name=\"twitter:label2\" content=\"Tiempo de lectura\" \/>\n\t<meta name=\"twitter:data2\" content=\"2 minutos\" \/>\n<script type=\"application\/ld+json\" class=\"yoast-schema-graph\">{\"@context\":\"https:\\\/\\\/schema.org\",\"@graph\":[{\"@type\":\"Article\",\"@id\":\"https:\\\/\\\/www.copealcoy.es\\\/es\\\/la-fira-tornara-a-tindre-una-variada-oferta-gastronomica\\\/#article\",\"isPartOf\":{\"@id\":\"https:\\\/\\\/www.copealcoy.es\\\/es\\\/la-fira-tornara-a-tindre-una-variada-oferta-gastronomica\\\/\"},\"author\":{\"name\":\"Cope Alcoy\",\"@id\":\"https:\\\/\\\/www.copealcoy.es\\\/es\\\/#\\\/schema\\\/person\\\/e777c87fa024e57d40170af9df39882c\"},\"headline\":\"La Fira tornar\u00e0 a tindre una variada oferta gastron\u00f2mica\",\"datePublished\":\"2021-10-27T08:36:13+00:00\",\"dateModified\":\"2021-10-27T08:43:12+00:00\",\"mainEntityOfPage\":{\"@id\":\"https:\\\/\\\/www.copealcoy.es\\\/es\\\/la-fira-tornara-a-tindre-una-variada-oferta-gastronomica\\\/\"},\"wordCount\":290,\"commentCount\":0,\"image\":{\"@id\":\"https:\\\/\\\/www.copealcoy.es\\\/es\\\/la-fira-tornara-a-tindre-una-variada-oferta-gastronomica\\\/#primaryimage\"},\"thumbnailUrl\":\"https:\\\/\\\/www.copealcoy.es\\\/wp-content\\\/uploads\\\/2016\\\/10\\\/La-pla\u00e7a-del-Mercat-convertida-en-una-gran-taberna-medieval--e1477695556154.jpg\",\"keywords\":[\"Cocentaina\",\"Fira\",\"Gastronom\u00eda\",\"oferta\"],\"articleSection\":[\"Comarcas\",\"Noticias\"],\"inLanguage\":\"es\"},{\"@type\":\"WebPage\",\"@id\":\"https:\\\/\\\/www.copealcoy.es\\\/es\\\/la-fira-tornara-a-tindre-una-variada-oferta-gastronomica\\\/\",\"url\":\"https:\\\/\\\/www.copealcoy.es\\\/es\\\/la-fira-tornara-a-tindre-una-variada-oferta-gastronomica\\\/\",\"name\":\"La Fira tornar\u00e0 a tindre una variada oferta gastron\u00f2mica - COPE Alcoy\",\"isPartOf\":{\"@id\":\"https:\\\/\\\/www.copealcoy.es\\\/es\\\/#website\"},\"primaryImageOfPage\":{\"@id\":\"https:\\\/\\\/www.copealcoy.es\\\/es\\\/la-fira-tornara-a-tindre-una-variada-oferta-gastronomica\\\/#primaryimage\"},\"image\":{\"@id\":\"https:\\\/\\\/www.copealcoy.es\\\/es\\\/la-fira-tornara-a-tindre-una-variada-oferta-gastronomica\\\/#primaryimage\"},\"thumbnailUrl\":\"https:\\\/\\\/www.copealcoy.es\\\/wp-content\\\/uploads\\\/2016\\\/10\\\/La-pla\u00e7a-del-Mercat-convertida-en-una-gran-taberna-medieval--e1477695556154.jpg\",\"datePublished\":\"2021-10-27T08:36:13+00:00\",\"dateModified\":\"2021-10-27T08:43:12+00:00\",\"author\":{\"@id\":\"https:\\\/\\\/www.copealcoy.es\\\/es\\\/#\\\/schema\\\/person\\\/e777c87fa024e57d40170af9df39882c\"},\"breadcrumb\":{\"@id\":\"https:\\\/\\\/www.copealcoy.es\\\/es\\\/la-fira-tornara-a-tindre-una-variada-oferta-gastronomica\\\/#breadcrumb\"},\"inLanguage\":\"es\",\"potentialAction\":[{\"@type\":\"ReadAction\",\"target\":[\"https:\\\/\\\/www.copealcoy.es\\\/es\\\/la-fira-tornara-a-tindre-una-variada-oferta-gastronomica\\\/\"]}]},{\"@type\":\"ImageObject\",\"inLanguage\":\"es\",\"@id\":\"https:\\\/\\\/www.copealcoy.es\\\/es\\\/la-fira-tornara-a-tindre-una-variada-oferta-gastronomica\\\/#primaryimage\",\"url\":\"https:\\\/\\\/www.copealcoy.es\\\/wp-content\\\/uploads\\\/2016\\\/10\\\/La-pla\u00e7a-del-Mercat-convertida-en-una-gran-taberna-medieval--e1477695556154.jpg\",\"contentUrl\":\"https:\\\/\\\/www.copealcoy.es\\\/wp-content\\\/uploads\\\/2016\\\/10\\\/La-pla\u00e7a-del-Mercat-convertida-en-una-gran-taberna-medieval--e1477695556154.jpg\",\"width\":4224,\"height\":2428,\"caption\":\"La Fira ya ha tomado cada rinc\u00f3n de Cocentaina \\\/ Foto: G. Pascual\"},{\"@type\":\"BreadcrumbList\",\"@id\":\"https:\\\/\\\/www.copealcoy.es\\\/es\\\/la-fira-tornara-a-tindre-una-variada-oferta-gastronomica\\\/#breadcrumb\",\"itemListElement\":[{\"@type\":\"ListItem\",\"position\":1,\"name\":\"Portada\",\"item\":\"https:\\\/\\\/www.copealcoy.es\\\/es\\\/\"},{\"@type\":\"ListItem\",\"position\":2,\"name\":\"La Fira tornar\u00e0 a tindre una variada oferta gastron\u00f2mica\"}]},{\"@type\":\"WebSite\",\"@id\":\"https:\\\/\\\/www.copealcoy.es\\\/es\\\/#website\",\"url\":\"https:\\\/\\\/www.copealcoy.es\\\/es\\\/\",\"name\":\"COPE Alcoy\",\"description\":\"Emisora COPE de radio local con emisi\u00f3n online. Pont de Sant Jordi 8-10 03803 Alcoy\",\"potentialAction\":[{\"@type\":\"SearchAction\",\"target\":{\"@type\":\"EntryPoint\",\"urlTemplate\":\"https:\\\/\\\/www.copealcoy.es\\\/es\\\/?s={search_term_string}\"},\"query-input\":{\"@type\":\"PropertyValueSpecification\",\"valueRequired\":true,\"valueName\":\"search_term_string\"}}],\"inLanguage\":\"es\"},{\"@type\":\"Person\",\"@id\":\"https:\\\/\\\/www.copealcoy.es\\\/es\\\/#\\\/schema\\\/person\\\/e777c87fa024e57d40170af9df39882c\",\"name\":\"Cope Alcoy\",\"image\":{\"@type\":\"ImageObject\",\"inLanguage\":\"es\",\"@id\":\"https:\\\/\\\/secure.gravatar.com\\\/avatar\\\/bb65d0283347e303893ba14f0692005417c1e0e690a325a4c5d8bb2b3943ee14?s=96&d=mm&r=g\",\"url\":\"https:\\\/\\\/secure.gravatar.com\\\/avatar\\\/bb65d0283347e303893ba14f0692005417c1e0e690a325a4c5d8bb2b3943ee14?s=96&d=mm&r=g\",\"contentUrl\":\"https:\\\/\\\/secure.gravatar.com\\\/avatar\\\/bb65d0283347e303893ba14f0692005417c1e0e690a325a4c5d8bb2b3943ee14?s=96&d=mm&r=g\",\"caption\":\"Cope Alcoy\"}}]}<\/script>\n<!-- \/ Yoast SEO plugin. -->","yoast_head_json":{"title":"La Fira tornar\u00e0 a tindre una variada oferta gastron\u00f2mica - COPE Alcoy","robots":{"index":"index","follow":"follow","max-snippet":"max-snippet:-1","max-image-preview":"max-image-preview:large","max-video-preview":"max-video-preview:-1"},"canonical":"https:\/\/www.copealcoy.es\/es\/la-fira-tornara-a-tindre-una-variada-oferta-gastronomica\/","og_locale":"es_ES","og_type":"article","og_title":"La Fira tornar\u00e0 a tindre una variada oferta gastron\u00f2mica - COPE Alcoy","og_description":"La Pla\u00e7a\u00a0Anselmo\u00a0Mart\u00ed de Cocentaina, m\u00e9s coneguda com \u00abEl\u00a0Camet\u00bb, ser\u00e0 el punt de trobada amb la restauraci\u00f3 que els diferents &#8216;food\u00a0trucks&#8217;\u00a0oferiran...","og_url":"https:\/\/www.copealcoy.es\/es\/la-fira-tornara-a-tindre-una-variada-oferta-gastronomica\/","og_site_name":"COPE Alcoy","article_published_time":"2021-10-27T08:36:13+00:00","article_modified_time":"2021-10-27T08:43:12+00:00","og_image":[{"width":4224,"height":2428,"url":"https:\/\/www.copealcoy.es\/wp-content\/uploads\/2016\/10\/La-pla\u00e7a-del-Mercat-convertida-en-una-gran-taberna-medieval--e1477695556154.jpg","type":"image\/jpeg"}],"author":"Cope Alcoy","twitter_misc":{"Escrito por":"Cope Alcoy","Tiempo de lectura":"2 minutos"},"schema":{"@context":"https:\/\/schema.org","@graph":[{"@type":"Article","@id":"https:\/\/www.copealcoy.es\/es\/la-fira-tornara-a-tindre-una-variada-oferta-gastronomica\/#article","isPartOf":{"@id":"https:\/\/www.copealcoy.es\/es\/la-fira-tornara-a-tindre-una-variada-oferta-gastronomica\/"},"author":{"name":"Cope Alcoy","@id":"https:\/\/www.copealcoy.es\/es\/#\/schema\/person\/e777c87fa024e57d40170af9df39882c"},"headline":"La Fira tornar\u00e0 a tindre una variada oferta gastron\u00f2mica","datePublished":"2021-10-27T08:36:13+00:00","dateModified":"2021-10-27T08:43:12+00:00","mainEntityOfPage":{"@id":"https:\/\/www.copealcoy.es\/es\/la-fira-tornara-a-tindre-una-variada-oferta-gastronomica\/"},"wordCount":290,"commentCount":0,"image":{"@id":"https:\/\/www.copealcoy.es\/es\/la-fira-tornara-a-tindre-una-variada-oferta-gastronomica\/#primaryimage"},"thumbnailUrl":"https:\/\/www.copealcoy.es\/wp-content\/uploads\/2016\/10\/La-pla\u00e7a-del-Mercat-convertida-en-una-gran-taberna-medieval--e1477695556154.jpg","keywords":["Cocentaina","Fira","Gastronom\u00eda","oferta"],"articleSection":["Comarcas","Noticias"],"inLanguage":"es"},{"@type":"WebPage","@id":"https:\/\/www.copealcoy.es\/es\/la-fira-tornara-a-tindre-una-variada-oferta-gastronomica\/","url":"https:\/\/www.copealcoy.es\/es\/la-fira-tornara-a-tindre-una-variada-oferta-gastronomica\/","name":"La Fira tornar\u00e0 a tindre una variada oferta gastron\u00f2mica - COPE Alcoy","isPartOf":{"@id":"https:\/\/www.copealcoy.es\/es\/#website"},"primaryImageOfPage":{"@id":"https:\/\/www.copealcoy.es\/es\/la-fira-tornara-a-tindre-una-variada-oferta-gastronomica\/#primaryimage"},"image":{"@id":"https:\/\/www.copealcoy.es\/es\/la-fira-tornara-a-tindre-una-variada-oferta-gastronomica\/#primaryimage"},"thumbnailUrl":"https:\/\/www.copealcoy.es\/wp-content\/uploads\/2016\/10\/La-pla\u00e7a-del-Mercat-convertida-en-una-gran-taberna-medieval--e1477695556154.jpg","datePublished":"2021-10-27T08:36:13+00:00","dateModified":"2021-10-27T08:43:12+00:00","author":{"@id":"https:\/\/www.copealcoy.es\/es\/#\/schema\/person\/e777c87fa024e57d40170af9df39882c"},"breadcrumb":{"@id":"https:\/\/www.copealcoy.es\/es\/la-fira-tornara-a-tindre-una-variada-oferta-gastronomica\/#breadcrumb"},"inLanguage":"es","potentialAction":[{"@type":"ReadAction","target":["https:\/\/www.copealcoy.es\/es\/la-fira-tornara-a-tindre-una-variada-oferta-gastronomica\/"]}]},{"@type":"ImageObject","inLanguage":"es","@id":"https:\/\/www.copealcoy.es\/es\/la-fira-tornara-a-tindre-una-variada-oferta-gastronomica\/#primaryimage","url":"https:\/\/www.copealcoy.es\/wp-content\/uploads\/2016\/10\/La-pla\u00e7a-del-Mercat-convertida-en-una-gran-taberna-medieval--e1477695556154.jpg","contentUrl":"https:\/\/www.copealcoy.es\/wp-content\/uploads\/2016\/10\/La-pla\u00e7a-del-Mercat-convertida-en-una-gran-taberna-medieval--e1477695556154.jpg","width":4224,"height":2428,"caption":"La Fira ya ha tomado cada rinc\u00f3n de Cocentaina \/ Foto: G. Pascual"},{"@type":"BreadcrumbList","@id":"https:\/\/www.copealcoy.es\/es\/la-fira-tornara-a-tindre-una-variada-oferta-gastronomica\/#breadcrumb","itemListElement":[{"@type":"ListItem","position":1,"name":"Portada","item":"https:\/\/www.copealcoy.es\/es\/"},{"@type":"ListItem","position":2,"name":"La Fira tornar\u00e0 a tindre una variada oferta gastron\u00f2mica"}]},{"@type":"WebSite","@id":"https:\/\/www.copealcoy.es\/es\/#website","url":"https:\/\/www.copealcoy.es\/es\/","name":"COPE Alcoy","description":"Emisora COPE de radio local con emisi\u00f3n online. Pont de Sant Jordi 8-10 03803 Alcoy","potentialAction":[{"@type":"SearchAction","target":{"@type":"EntryPoint","urlTemplate":"https:\/\/www.copealcoy.es\/es\/?s={search_term_string}"},"query-input":{"@type":"PropertyValueSpecification","valueRequired":true,"valueName":"search_term_string"}}],"inLanguage":"es"},{"@type":"Person","@id":"https:\/\/www.copealcoy.es\/es\/#\/schema\/person\/e777c87fa024e57d40170af9df39882c","name":"Cope Alcoy","image":{"@type":"ImageObject","inLanguage":"es","@id":"https:\/\/secure.gravatar.com\/avatar\/bb65d0283347e303893ba14f0692005417c1e0e690a325a4c5d8bb2b3943ee14?s=96&d=mm&r=g","url":"https:\/\/secure.gravatar.com\/avatar\/bb65d0283347e303893ba14f0692005417c1e0e690a325a4c5d8bb2b3943ee14?s=96&d=mm&r=g","contentUrl":"https:\/\/secure.gravatar.com\/avatar\/bb65d0283347e303893ba14f0692005417c1e0e690a325a4c5d8bb2b3943ee14?s=96&d=mm&r=g","caption":"Cope Alcoy"}}]}},"_links":{"self":[{"href":"https:\/\/www.copealcoy.es\/es\/wp-json\/wp\/v2\/posts\/79486","targetHints":{"allow":["GET"]}}],"collection":[{"href":"https:\/\/www.copealcoy.es\/es\/wp-json\/wp\/v2\/posts"}],"about":[{"href":"https:\/\/www.copealcoy.es\/es\/wp-json\/wp\/v2\/types\/post"}],"author":[{"embeddable":true,"href":"https:\/\/www.copealcoy.es\/es\/wp-json\/wp\/v2\/users\/1"}],"replies":[{"embeddable":true,"href":"https:\/\/www.copealcoy.es\/es\/wp-json\/wp\/v2\/comments?post=79486"}],"version-history":[{"count":0,"href":"https:\/\/www.copealcoy.es\/es\/wp-json\/wp\/v2\/posts\/79486\/revisions"}],"wp:featuredmedia":[{"embeddable":true,"href":"https:\/\/www.copealcoy.es\/es\/wp-json\/wp\/v2\/media\/26076"}],"wp:attachment":[{"href":"https:\/\/www.copealcoy.es\/es\/wp-json\/wp\/v2\/media?parent=79486"}],"wp:term":[{"taxonomy":"category","embeddable":true,"href":"https:\/\/www.copealcoy.es\/es\/wp-json\/wp\/v2\/categories?post=79486"},{"taxonomy":"post_tag","embeddable":true,"href":"https:\/\/www.copealcoy.es\/es\/wp-json\/wp\/v2\/tags?post=79486"}],"curies":[{"name":"wp","href":"https:\/\/api.w.org\/{rel}","templated":true}]}}