{"id":79441,"date":"2021-10-26T09:09:16","date_gmt":"2021-10-26T08:09:16","guid":{"rendered":"https:\/\/www.copealcoy.es\/?p=79441"},"modified":"2021-10-26T15:08:59","modified_gmt":"2021-10-26T14:08:59","slug":"la-fira-de-cocentaina-crea-un-area-daccessibilitat","status":"publish","type":"post","link":"https:\/\/www.copealcoy.es\/es\/la-fira-de-cocentaina-crea-un-area-daccessibilitat\/","title":{"rendered":"La Fira de Cocentaina crea un \u00e0rea d&#8217;accessibilitat"},"content":{"rendered":"<p style=\"text-align: justify;\">Cocentaina continua ultimant els preparatius per a la celebraci\u00f3 de <strong>la 675 edici\u00f3 de la Fira de Tots Sants<\/strong> que arrancar\u00e0 oficialment aquest divendres. En aquesta edici\u00f3 <strong>s&#8217; instalar\u00e0 una \u00e0rea de Seguretat, Accessibilitat i Serveis<\/strong> <strong>en el carrer Miguel Crevea<\/strong>, una via pr\u00f2xima al Passeig del Comtat.<\/p>\n<p style=\"text-align: justify;\">Aquest punt aglutinar\u00e0 <strong>els serveis de consigna, guarderia, zona de nadons<\/strong> (lact\u00e0ncia i canviadors), <strong>un menjador exclusiu per als expositors, l&#8217;oficina central del Departament de Fira, el gabinet dels cossos i forces de seguretat presents en la Fira<\/strong> (Gu\u00e0rdia Civil, Protecci\u00f3 Civil, controladors), <strong>un servei m\u00e8dic de Creu Roja i el Punt Violeta<\/strong>, per a implicar el conjunt de la societat en <strong>la lluita contra la viol\u00e8ncia masclista i evitar aquest tipus d\u00b4agressions<\/strong>. Com a novetat aquest any s&#8217;ha incl\u00f3s <strong>material que facilita la mobilitat per a persones amb mobilitat redu\u00efda<\/strong> i es comptar\u00e0 amb huit cadires de rodes gr\u00e0cies a la col\u00b7laboraci\u00f3 d&#8217;una empresa contestana. En aquest camp <strong>les hostesses que atendran el p\u00fablic<\/strong> durant tot l&#8217;esdeveniment tamb\u00e9 han rebut <strong>la formaci\u00f3 en mat\u00e8ria d&#8217;accessibilitat per a atendre els visitants correctament segons les seues necessitats<\/strong> &#8220;<em>aquesta zona s&#8217;ha millorat a fi de localitzar en un mateix punt tots els serveis i la coordinaci\u00f3 central de la seguretat de fira. Per aix\u00f2 s&#8217;ha situat en un punt estrat\u00e8gic, al que puga accedir tant el visitant com els expositors amb facilitat. L&#8217;organitzaci\u00f3 de l&#8217;esdeveniment continua treballant per facilitar al m\u00e0xim el treball i l&#8217;estada dels quatre pilars fonamentals que fan possible esta Fira: visitants, expositors, organitzaci\u00f3 i seguretat<\/em>&#8220;, explica la regidora; <strong>Eug\u00e8nia Miguel<\/strong>.<\/p>\n<p style=\"text-align: justify;\">lndicar que llarg de tot el recorregut que ocupar\u00e0 la Fira <strong>es posaran papereres sostenibles<\/strong>, de cartr\u00f3 i amb el logotip de la Fira, perqu\u00e8 la gent mantinga el carrers nets.<\/p>\n","protected":false},"excerpt":{"rendered":"<p>Cocentaina continua ultimant els preparatius per a la celebraci\u00f3 de la 675 edici\u00f3 de la Fira de Tots Sants que&#8230;<\/p>\n","protected":false},"author":1,"featured_media":36362,"comment_status":"open","ping_status":"open","sticky":false,"template":"","format":"standard","meta":{"footnotes":""},"categories":[98,75],"tags":[11558,11971,132,676,635],"class_list":["post-79441","post","type-post","status-publish","format-standard","has-post-thumbnail","hentry","category-comarcas","category-noticias","tag-accessibilitat","tag-carrer-miguel-crevea","tag-cocentaina","tag-fira","tag-fira-de-tots-sants"],"yoast_head":"<!-- This site is optimized with the Yoast SEO plugin v27.3 - https:\/\/yoast.com\/product\/yoast-seo-wordpress\/ -->\n<title>La Fira de Cocentaina crea un \u00e0rea d&#039;accessibilitat - COPE Alcoy<\/title>\n<meta name=\"robots\" content=\"index, follow, max-snippet:-1, max-image-preview:large, max-video-preview:-1\" \/>\n<link rel=\"canonical\" href=\"https:\/\/www.copealcoy.es\/es\/la-fira-de-cocentaina-crea-un-area-daccessibilitat\/\" \/>\n<meta property=\"og:locale\" content=\"es_ES\" \/>\n<meta property=\"og:type\" content=\"article\" \/>\n<meta property=\"og:title\" content=\"La Fira de Cocentaina crea un \u00e0rea d&#039;accessibilitat - COPE Alcoy\" \/>\n<meta property=\"og:description\" content=\"Cocentaina continua ultimant els preparatius per a la celebraci\u00f3 de la 675 edici\u00f3 de la Fira de Tots Sants que...\" \/>\n<meta property=\"og:url\" content=\"https:\/\/www.copealcoy.es\/es\/la-fira-de-cocentaina-crea-un-area-daccessibilitat\/\" \/>\n<meta property=\"og:site_name\" content=\"COPE Alcoy\" \/>\n<meta property=\"article:published_time\" content=\"2021-10-26T08:09:16+00:00\" \/>\n<meta property=\"article:modified_time\" content=\"2021-10-26T14:08:59+00:00\" \/>\n<meta property=\"og:image\" content=\"https:\/\/www.copealcoy.es\/wp-content\/uploads\/2017\/10\/23032773_1808785225821900_4362444522413860622_n-e1509755036757.jpg\" \/>\n\t<meta property=\"og:image:width\" content=\"960\" \/>\n\t<meta property=\"og:image:height\" content=\"513\" \/>\n\t<meta property=\"og:image:type\" content=\"image\/jpeg\" \/>\n<meta name=\"author\" content=\"Cope Alcoy\" \/>\n<meta name=\"twitter:label1\" content=\"Escrito por\" \/>\n\t<meta name=\"twitter:data1\" content=\"Cope Alcoy\" \/>\n\t<meta name=\"twitter:label2\" content=\"Tiempo de lectura\" \/>\n\t<meta name=\"twitter:data2\" content=\"2 minutos\" \/>\n<script type=\"application\/ld+json\" class=\"yoast-schema-graph\">{\"@context\":\"https:\\\/\\\/schema.org\",\"@graph\":[{\"@type\":\"Article\",\"@id\":\"https:\\\/\\\/www.copealcoy.es\\\/es\\\/la-fira-de-cocentaina-crea-un-area-daccessibilitat\\\/#article\",\"isPartOf\":{\"@id\":\"https:\\\/\\\/www.copealcoy.es\\\/es\\\/la-fira-de-cocentaina-crea-un-area-daccessibilitat\\\/\"},\"author\":{\"name\":\"Cope Alcoy\",\"@id\":\"https:\\\/\\\/www.copealcoy.es\\\/es\\\/#\\\/schema\\\/person\\\/e777c87fa024e57d40170af9df39882c\"},\"headline\":\"La Fira de Cocentaina crea un \u00e0rea d&#8217;accessibilitat\",\"datePublished\":\"2021-10-26T08:09:16+00:00\",\"dateModified\":\"2021-10-26T14:08:59+00:00\",\"mainEntityOfPage\":{\"@id\":\"https:\\\/\\\/www.copealcoy.es\\\/es\\\/la-fira-de-cocentaina-crea-un-area-daccessibilitat\\\/\"},\"wordCount\":324,\"commentCount\":0,\"image\":{\"@id\":\"https:\\\/\\\/www.copealcoy.es\\\/es\\\/la-fira-de-cocentaina-crea-un-area-daccessibilitat\\\/#primaryimage\"},\"thumbnailUrl\":\"https:\\\/\\\/www.copealcoy.es\\\/wp-content\\\/uploads\\\/2017\\\/10\\\/23032773_1808785225821900_4362444522413860622_n-e1509755036757.jpg\",\"keywords\":[\"accessibilitat\",\"carrer Miguel Crevea\",\"Cocentaina\",\"Fira\",\"Fira de Tots Sants\"],\"articleSection\":[\"Comarcas\",\"Noticias\"],\"inLanguage\":\"es\"},{\"@type\":\"WebPage\",\"@id\":\"https:\\\/\\\/www.copealcoy.es\\\/es\\\/la-fira-de-cocentaina-crea-un-area-daccessibilitat\\\/\",\"url\":\"https:\\\/\\\/www.copealcoy.es\\\/es\\\/la-fira-de-cocentaina-crea-un-area-daccessibilitat\\\/\",\"name\":\"La Fira de Cocentaina crea un \u00e0rea d'accessibilitat - COPE Alcoy\",\"isPartOf\":{\"@id\":\"https:\\\/\\\/www.copealcoy.es\\\/es\\\/#website\"},\"primaryImageOfPage\":{\"@id\":\"https:\\\/\\\/www.copealcoy.es\\\/es\\\/la-fira-de-cocentaina-crea-un-area-daccessibilitat\\\/#primaryimage\"},\"image\":{\"@id\":\"https:\\\/\\\/www.copealcoy.es\\\/es\\\/la-fira-de-cocentaina-crea-un-area-daccessibilitat\\\/#primaryimage\"},\"thumbnailUrl\":\"https:\\\/\\\/www.copealcoy.es\\\/wp-content\\\/uploads\\\/2017\\\/10\\\/23032773_1808785225821900_4362444522413860622_n-e1509755036757.jpg\",\"datePublished\":\"2021-10-26T08:09:16+00:00\",\"dateModified\":\"2021-10-26T14:08:59+00:00\",\"author\":{\"@id\":\"https:\\\/\\\/www.copealcoy.es\\\/es\\\/#\\\/schema\\\/person\\\/e777c87fa024e57d40170af9df39882c\"},\"breadcrumb\":{\"@id\":\"https:\\\/\\\/www.copealcoy.es\\\/es\\\/la-fira-de-cocentaina-crea-un-area-daccessibilitat\\\/#breadcrumb\"},\"inLanguage\":\"es\",\"potentialAction\":[{\"@type\":\"ReadAction\",\"target\":[\"https:\\\/\\\/www.copealcoy.es\\\/es\\\/la-fira-de-cocentaina-crea-un-area-daccessibilitat\\\/\"]}]},{\"@type\":\"ImageObject\",\"inLanguage\":\"es\",\"@id\":\"https:\\\/\\\/www.copealcoy.es\\\/es\\\/la-fira-de-cocentaina-crea-un-area-daccessibilitat\\\/#primaryimage\",\"url\":\"https:\\\/\\\/www.copealcoy.es\\\/wp-content\\\/uploads\\\/2017\\\/10\\\/23032773_1808785225821900_4362444522413860622_n-e1509755036757.jpg\",\"contentUrl\":\"https:\\\/\\\/www.copealcoy.es\\\/wp-content\\\/uploads\\\/2017\\\/10\\\/23032773_1808785225821900_4362444522413860622_n-e1509755036757.jpg\",\"width\":960,\"height\":513,\"caption\":\"La Fira inunda cada rinc\u00f3n de Cocentaina \\\/ Foto: G. Pascual\"},{\"@type\":\"BreadcrumbList\",\"@id\":\"https:\\\/\\\/www.copealcoy.es\\\/es\\\/la-fira-de-cocentaina-crea-un-area-daccessibilitat\\\/#breadcrumb\",\"itemListElement\":[{\"@type\":\"ListItem\",\"position\":1,\"name\":\"Portada\",\"item\":\"https:\\\/\\\/www.copealcoy.es\\\/es\\\/\"},{\"@type\":\"ListItem\",\"position\":2,\"name\":\"La Fira de Cocentaina crea un \u00e0rea d&#8217;accessibilitat\"}]},{\"@type\":\"WebSite\",\"@id\":\"https:\\\/\\\/www.copealcoy.es\\\/es\\\/#website\",\"url\":\"https:\\\/\\\/www.copealcoy.es\\\/es\\\/\",\"name\":\"COPE Alcoy\",\"description\":\"Emisora COPE de radio local con emisi\u00f3n online. Pont de Sant Jordi 8-10 03803 Alcoy\",\"potentialAction\":[{\"@type\":\"SearchAction\",\"target\":{\"@type\":\"EntryPoint\",\"urlTemplate\":\"https:\\\/\\\/www.copealcoy.es\\\/es\\\/?s={search_term_string}\"},\"query-input\":{\"@type\":\"PropertyValueSpecification\",\"valueRequired\":true,\"valueName\":\"search_term_string\"}}],\"inLanguage\":\"es\"},{\"@type\":\"Person\",\"@id\":\"https:\\\/\\\/www.copealcoy.es\\\/es\\\/#\\\/schema\\\/person\\\/e777c87fa024e57d40170af9df39882c\",\"name\":\"Cope Alcoy\",\"image\":{\"@type\":\"ImageObject\",\"inLanguage\":\"es\",\"@id\":\"https:\\\/\\\/secure.gravatar.com\\\/avatar\\\/bb65d0283347e303893ba14f0692005417c1e0e690a325a4c5d8bb2b3943ee14?s=96&d=mm&r=g\",\"url\":\"https:\\\/\\\/secure.gravatar.com\\\/avatar\\\/bb65d0283347e303893ba14f0692005417c1e0e690a325a4c5d8bb2b3943ee14?s=96&d=mm&r=g\",\"contentUrl\":\"https:\\\/\\\/secure.gravatar.com\\\/avatar\\\/bb65d0283347e303893ba14f0692005417c1e0e690a325a4c5d8bb2b3943ee14?s=96&d=mm&r=g\",\"caption\":\"Cope Alcoy\"}}]}<\/script>\n<!-- \/ Yoast SEO plugin. -->","yoast_head_json":{"title":"La Fira de Cocentaina crea un \u00e0rea d'accessibilitat - COPE Alcoy","robots":{"index":"index","follow":"follow","max-snippet":"max-snippet:-1","max-image-preview":"max-image-preview:large","max-video-preview":"max-video-preview:-1"},"canonical":"https:\/\/www.copealcoy.es\/es\/la-fira-de-cocentaina-crea-un-area-daccessibilitat\/","og_locale":"es_ES","og_type":"article","og_title":"La Fira de Cocentaina crea un \u00e0rea d'accessibilitat - COPE Alcoy","og_description":"Cocentaina continua ultimant els preparatius per a la celebraci\u00f3 de la 675 edici\u00f3 de la Fira de Tots Sants que...","og_url":"https:\/\/www.copealcoy.es\/es\/la-fira-de-cocentaina-crea-un-area-daccessibilitat\/","og_site_name":"COPE Alcoy","article_published_time":"2021-10-26T08:09:16+00:00","article_modified_time":"2021-10-26T14:08:59+00:00","og_image":[{"width":960,"height":513,"url":"https:\/\/www.copealcoy.es\/wp-content\/uploads\/2017\/10\/23032773_1808785225821900_4362444522413860622_n-e1509755036757.jpg","type":"image\/jpeg"}],"author":"Cope Alcoy","twitter_misc":{"Escrito por":"Cope Alcoy","Tiempo de lectura":"2 minutos"},"schema":{"@context":"https:\/\/schema.org","@graph":[{"@type":"Article","@id":"https:\/\/www.copealcoy.es\/es\/la-fira-de-cocentaina-crea-un-area-daccessibilitat\/#article","isPartOf":{"@id":"https:\/\/www.copealcoy.es\/es\/la-fira-de-cocentaina-crea-un-area-daccessibilitat\/"},"author":{"name":"Cope Alcoy","@id":"https:\/\/www.copealcoy.es\/es\/#\/schema\/person\/e777c87fa024e57d40170af9df39882c"},"headline":"La Fira de Cocentaina crea un \u00e0rea d&#8217;accessibilitat","datePublished":"2021-10-26T08:09:16+00:00","dateModified":"2021-10-26T14:08:59+00:00","mainEntityOfPage":{"@id":"https:\/\/www.copealcoy.es\/es\/la-fira-de-cocentaina-crea-un-area-daccessibilitat\/"},"wordCount":324,"commentCount":0,"image":{"@id":"https:\/\/www.copealcoy.es\/es\/la-fira-de-cocentaina-crea-un-area-daccessibilitat\/#primaryimage"},"thumbnailUrl":"https:\/\/www.copealcoy.es\/wp-content\/uploads\/2017\/10\/23032773_1808785225821900_4362444522413860622_n-e1509755036757.jpg","keywords":["accessibilitat","carrer Miguel Crevea","Cocentaina","Fira","Fira de Tots Sants"],"articleSection":["Comarcas","Noticias"],"inLanguage":"es"},{"@type":"WebPage","@id":"https:\/\/www.copealcoy.es\/es\/la-fira-de-cocentaina-crea-un-area-daccessibilitat\/","url":"https:\/\/www.copealcoy.es\/es\/la-fira-de-cocentaina-crea-un-area-daccessibilitat\/","name":"La Fira de Cocentaina crea un \u00e0rea d'accessibilitat - COPE Alcoy","isPartOf":{"@id":"https:\/\/www.copealcoy.es\/es\/#website"},"primaryImageOfPage":{"@id":"https:\/\/www.copealcoy.es\/es\/la-fira-de-cocentaina-crea-un-area-daccessibilitat\/#primaryimage"},"image":{"@id":"https:\/\/www.copealcoy.es\/es\/la-fira-de-cocentaina-crea-un-area-daccessibilitat\/#primaryimage"},"thumbnailUrl":"https:\/\/www.copealcoy.es\/wp-content\/uploads\/2017\/10\/23032773_1808785225821900_4362444522413860622_n-e1509755036757.jpg","datePublished":"2021-10-26T08:09:16+00:00","dateModified":"2021-10-26T14:08:59+00:00","author":{"@id":"https:\/\/www.copealcoy.es\/es\/#\/schema\/person\/e777c87fa024e57d40170af9df39882c"},"breadcrumb":{"@id":"https:\/\/www.copealcoy.es\/es\/la-fira-de-cocentaina-crea-un-area-daccessibilitat\/#breadcrumb"},"inLanguage":"es","potentialAction":[{"@type":"ReadAction","target":["https:\/\/www.copealcoy.es\/es\/la-fira-de-cocentaina-crea-un-area-daccessibilitat\/"]}]},{"@type":"ImageObject","inLanguage":"es","@id":"https:\/\/www.copealcoy.es\/es\/la-fira-de-cocentaina-crea-un-area-daccessibilitat\/#primaryimage","url":"https:\/\/www.copealcoy.es\/wp-content\/uploads\/2017\/10\/23032773_1808785225821900_4362444522413860622_n-e1509755036757.jpg","contentUrl":"https:\/\/www.copealcoy.es\/wp-content\/uploads\/2017\/10\/23032773_1808785225821900_4362444522413860622_n-e1509755036757.jpg","width":960,"height":513,"caption":"La Fira inunda cada rinc\u00f3n de Cocentaina \/ Foto: G. Pascual"},{"@type":"BreadcrumbList","@id":"https:\/\/www.copealcoy.es\/es\/la-fira-de-cocentaina-crea-un-area-daccessibilitat\/#breadcrumb","itemListElement":[{"@type":"ListItem","position":1,"name":"Portada","item":"https:\/\/www.copealcoy.es\/es\/"},{"@type":"ListItem","position":2,"name":"La Fira de Cocentaina crea un \u00e0rea d&#8217;accessibilitat"}]},{"@type":"WebSite","@id":"https:\/\/www.copealcoy.es\/es\/#website","url":"https:\/\/www.copealcoy.es\/es\/","name":"COPE Alcoy","description":"Emisora COPE de radio local con emisi\u00f3n online. Pont de Sant Jordi 8-10 03803 Alcoy","potentialAction":[{"@type":"SearchAction","target":{"@type":"EntryPoint","urlTemplate":"https:\/\/www.copealcoy.es\/es\/?s={search_term_string}"},"query-input":{"@type":"PropertyValueSpecification","valueRequired":true,"valueName":"search_term_string"}}],"inLanguage":"es"},{"@type":"Person","@id":"https:\/\/www.copealcoy.es\/es\/#\/schema\/person\/e777c87fa024e57d40170af9df39882c","name":"Cope Alcoy","image":{"@type":"ImageObject","inLanguage":"es","@id":"https:\/\/secure.gravatar.com\/avatar\/bb65d0283347e303893ba14f0692005417c1e0e690a325a4c5d8bb2b3943ee14?s=96&d=mm&r=g","url":"https:\/\/secure.gravatar.com\/avatar\/bb65d0283347e303893ba14f0692005417c1e0e690a325a4c5d8bb2b3943ee14?s=96&d=mm&r=g","contentUrl":"https:\/\/secure.gravatar.com\/avatar\/bb65d0283347e303893ba14f0692005417c1e0e690a325a4c5d8bb2b3943ee14?s=96&d=mm&r=g","caption":"Cope Alcoy"}}]}},"_links":{"self":[{"href":"https:\/\/www.copealcoy.es\/es\/wp-json\/wp\/v2\/posts\/79441","targetHints":{"allow":["GET"]}}],"collection":[{"href":"https:\/\/www.copealcoy.es\/es\/wp-json\/wp\/v2\/posts"}],"about":[{"href":"https:\/\/www.copealcoy.es\/es\/wp-json\/wp\/v2\/types\/post"}],"author":[{"embeddable":true,"href":"https:\/\/www.copealcoy.es\/es\/wp-json\/wp\/v2\/users\/1"}],"replies":[{"embeddable":true,"href":"https:\/\/www.copealcoy.es\/es\/wp-json\/wp\/v2\/comments?post=79441"}],"version-history":[{"count":0,"href":"https:\/\/www.copealcoy.es\/es\/wp-json\/wp\/v2\/posts\/79441\/revisions"}],"wp:featuredmedia":[{"embeddable":true,"href":"https:\/\/www.copealcoy.es\/es\/wp-json\/wp\/v2\/media\/36362"}],"wp:attachment":[{"href":"https:\/\/www.copealcoy.es\/es\/wp-json\/wp\/v2\/media?parent=79441"}],"wp:term":[{"taxonomy":"category","embeddable":true,"href":"https:\/\/www.copealcoy.es\/es\/wp-json\/wp\/v2\/categories?post=79441"},{"taxonomy":"post_tag","embeddable":true,"href":"https:\/\/www.copealcoy.es\/es\/wp-json\/wp\/v2\/tags?post=79441"}],"curies":[{"name":"wp","href":"https:\/\/api.w.org\/{rel}","templated":true}]}}