{"id":79424,"date":"2021-10-25T15:20:44","date_gmt":"2021-10-25T14:20:44","guid":{"rendered":"https:\/\/www.copealcoy.es\/?p=79424"},"modified":"2021-10-25T15:35:17","modified_gmt":"2021-10-25T14:35:17","slug":"la-generalitat-ha-destinado-mas-de-15-millones-a-industria-y-comercios-del-comtat","status":"publish","type":"post","link":"https:\/\/www.copealcoy.es\/es\/la-generalitat-ha-destinado-mas-de-15-millones-a-industria-y-comercios-del-comtat\/","title":{"rendered":"La Generalitat ha destinado m\u00e1s de 1,5 millones a industria y comercios del Comtat"},"content":{"rendered":"<p style=\"text-align: justify;\">La <strong>Generalitat Valenciana<\/strong> ha destinado <strong>m\u00e1s de 1&#8217;5 millones de euros<\/strong> en ayudas para las empresas de las comarcas del Comtat. Estas subvenciones <strong>han ido dirigidas a hacer frente a las consecuencias econ\u00f3micas derivadas de la crisis sanitaria del Coronavirus<\/strong> y algunas de ellas han llegado incluso a <strong>aquellas firmas dedicadas a la artesan\u00eda de las Fiestas de Moros y Cristianos<\/strong>.<\/p>\n<p style=\"text-align: justify;\">La secretaria auton\u00f3mica de Econom\u00eda Sostenible, Sectores Productivos, Comercio y Consumo, <strong>Rebeca Torr\u00f3<\/strong>, ha estado hoy en la Villa Condal y se ha referido a estas cifras durante<strong> la visita que ha realizado a la empresa a la f\u00e1brica textil J.Molto S<\/strong>. De igual forma ha hecho menci\u00f3n a<strong>l apoyo econ\u00f3mico<\/strong> que el Gobierno Valenciano est\u00e1 concediendo a las PYMES para cuestiones relacionadas con el equipamiento de las mismas &#8220;<em>son subvenciones que contribuyen en un 35% al gasto que las empresas invierten, fundamentalmente, en maquinaria. Este a\u00f1o, en la comarca del Comtat se han destinado 623.000\u20ac a 11 empresas, cinco de Cocentaina y 6 de Muro de Alcoy, ye estas ayudas consolidan puestos de trabajo, crean de nuevos y provocan una inversi\u00f3n inducida respecto a otros miembros de la cadena de valor<\/em>\u201d, indic\u00f3.<\/p>\n<p style=\"text-align: justify;\">Por su parte, la Delegada del Consell en la provincia ha alabado el compromiso del Ejecutivo de Ximo Puig con los diferentes sectores productivos de la Comunitat. Tambi\u00e9n ha hablado de ese respaldo que se ha dado a las industrias que trabajan para las Fiestas de Moros y Cristianos se\u00f1alando que las subvenciones otorgadas se incluyen dentro de las medidas extraordinarias en materia de artesan\u00eda para paliar los efectos de la crisis derivada de la pandemia de la Covid-19 &#8220;<em>en muchos casos, son artesanos que si desaparece su taller o su negocio, ya no volver\u00e1n a abrir y podr\u00edamos perder una parte importante de nuestra riqueza cultural. Por eso se convocaron este tipo de ayudas, para dotar de recursos econ\u00f3micos a un sector que no ha podido tener ninguna actividad porqu\u00e9s se ha visto muy afectado por la pandemia<\/em>&#8220;, concluy\u00f3.<\/p>\n<p style=\"text-align: justify;\">Ambas representantes del Consell han estado tambi\u00e9n visitando <strong>Roper\u00eda Ximo<\/strong>, una de las firmas m\u00e1s veteranas del Comtat dedicada al <strong>dise\u00f1o, creaci\u00f3n y confecci\u00f3n de indumentaria para moros y cristianos<\/strong>. Apuntar que en la comarca se han concedido <strong>dos ayudas en esta materia<\/strong> en Cocentaina y una en Muro por un total de 21.000 euros.<\/p>\n","protected":false},"excerpt":{"rendered":"<p>La Generalitat Valenciana ha destinado m\u00e1s de 1&#8217;5 millones de euros en ayudas para las empresas de las comarcas del&#8230;<\/p>\n","protected":false},"author":1,"featured_media":79425,"comment_status":"open","ping_status":"open","sticky":false,"template":"","format":"standard","meta":{"footnotes":""},"categories":[98,75],"tags":[407,132,237,561,434],"class_list":["post-79424","post","type-post","status-publish","format-standard","has-post-thumbnail","hentry","category-comarcas","category-noticias","tag-ayudas","tag-cocentaina","tag-comtat","tag-conselleria","tag-empresas"],"yoast_head":"<!-- This site is optimized with the Yoast SEO plugin v27.3 - https:\/\/yoast.com\/product\/yoast-seo-wordpress\/ -->\n<title>La Generalitat ha destinado m\u00e1s de 1,5 millones a industria y comercios del Comtat - COPE Alcoy<\/title>\n<meta name=\"robots\" content=\"index, follow, max-snippet:-1, max-image-preview:large, max-video-preview:-1\" \/>\n<link rel=\"canonical\" href=\"https:\/\/www.copealcoy.es\/es\/la-generalitat-ha-destinado-mas-de-15-millones-a-industria-y-comercios-del-comtat\/\" \/>\n<meta property=\"og:locale\" content=\"es_ES\" \/>\n<meta property=\"og:type\" content=\"article\" \/>\n<meta property=\"og:title\" content=\"La Generalitat ha destinado m\u00e1s de 1,5 millones a industria y comercios del Comtat - COPE Alcoy\" \/>\n<meta property=\"og:description\" content=\"La Generalitat Valenciana ha destinado m\u00e1s de 1&#8217;5 millones de euros en ayudas para las empresas de las comarcas del...\" \/>\n<meta property=\"og:url\" content=\"https:\/\/www.copealcoy.es\/es\/la-generalitat-ha-destinado-mas-de-15-millones-a-industria-y-comercios-del-comtat\/\" \/>\n<meta property=\"og:site_name\" content=\"COPE Alcoy\" \/>\n<meta property=\"article:published_time\" content=\"2021-10-25T14:20:44+00:00\" \/>\n<meta property=\"article:modified_time\" content=\"2021-10-25T14:35:17+00:00\" \/>\n<meta property=\"og:image\" content=\"https:\/\/www.copealcoy.es\/wp-content\/uploads\/2021\/10\/unnamed-10.jpg\" \/>\n\t<meta property=\"og:image:width\" content=\"1600\" \/>\n\t<meta property=\"og:image:height\" content=\"1200\" \/>\n\t<meta property=\"og:image:type\" content=\"image\/jpeg\" \/>\n<meta name=\"author\" content=\"Cope Alcoy\" \/>\n<meta name=\"twitter:label1\" content=\"Escrito por\" \/>\n\t<meta name=\"twitter:data1\" content=\"Cope Alcoy\" \/>\n\t<meta name=\"twitter:label2\" content=\"Tiempo de lectura\" \/>\n\t<meta name=\"twitter:data2\" content=\"2 minutos\" \/>\n<script type=\"application\/ld+json\" class=\"yoast-schema-graph\">{\"@context\":\"https:\\\/\\\/schema.org\",\"@graph\":[{\"@type\":\"Article\",\"@id\":\"https:\\\/\\\/www.copealcoy.es\\\/es\\\/la-generalitat-ha-destinado-mas-de-15-millones-a-industria-y-comercios-del-comtat\\\/#article\",\"isPartOf\":{\"@id\":\"https:\\\/\\\/www.copealcoy.es\\\/es\\\/la-generalitat-ha-destinado-mas-de-15-millones-a-industria-y-comercios-del-comtat\\\/\"},\"author\":{\"name\":\"Cope Alcoy\",\"@id\":\"https:\\\/\\\/www.copealcoy.es\\\/es\\\/#\\\/schema\\\/person\\\/e777c87fa024e57d40170af9df39882c\"},\"headline\":\"La Generalitat ha destinado m\u00e1s de 1,5 millones a industria y comercios del Comtat\",\"datePublished\":\"2021-10-25T14:20:44+00:00\",\"dateModified\":\"2021-10-25T14:35:17+00:00\",\"mainEntityOfPage\":{\"@id\":\"https:\\\/\\\/www.copealcoy.es\\\/es\\\/la-generalitat-ha-destinado-mas-de-15-millones-a-industria-y-comercios-del-comtat\\\/\"},\"wordCount\":421,\"commentCount\":0,\"image\":{\"@id\":\"https:\\\/\\\/www.copealcoy.es\\\/es\\\/la-generalitat-ha-destinado-mas-de-15-millones-a-industria-y-comercios-del-comtat\\\/#primaryimage\"},\"thumbnailUrl\":\"https:\\\/\\\/www.copealcoy.es\\\/wp-content\\\/uploads\\\/2021\\\/10\\\/unnamed-10.jpg\",\"keywords\":[\"Ayudas\",\"Cocentaina\",\"Comtat\",\"Conseller\u00eda\",\"Empresas\"],\"articleSection\":[\"Comarcas\",\"Noticias\"],\"inLanguage\":\"es\"},{\"@type\":\"WebPage\",\"@id\":\"https:\\\/\\\/www.copealcoy.es\\\/es\\\/la-generalitat-ha-destinado-mas-de-15-millones-a-industria-y-comercios-del-comtat\\\/\",\"url\":\"https:\\\/\\\/www.copealcoy.es\\\/es\\\/la-generalitat-ha-destinado-mas-de-15-millones-a-industria-y-comercios-del-comtat\\\/\",\"name\":\"La Generalitat ha destinado m\u00e1s de 1,5 millones a industria y comercios del Comtat - COPE Alcoy\",\"isPartOf\":{\"@id\":\"https:\\\/\\\/www.copealcoy.es\\\/es\\\/#website\"},\"primaryImageOfPage\":{\"@id\":\"https:\\\/\\\/www.copealcoy.es\\\/es\\\/la-generalitat-ha-destinado-mas-de-15-millones-a-industria-y-comercios-del-comtat\\\/#primaryimage\"},\"image\":{\"@id\":\"https:\\\/\\\/www.copealcoy.es\\\/es\\\/la-generalitat-ha-destinado-mas-de-15-millones-a-industria-y-comercios-del-comtat\\\/#primaryimage\"},\"thumbnailUrl\":\"https:\\\/\\\/www.copealcoy.es\\\/wp-content\\\/uploads\\\/2021\\\/10\\\/unnamed-10.jpg\",\"datePublished\":\"2021-10-25T14:20:44+00:00\",\"dateModified\":\"2021-10-25T14:35:17+00:00\",\"author\":{\"@id\":\"https:\\\/\\\/www.copealcoy.es\\\/es\\\/#\\\/schema\\\/person\\\/e777c87fa024e57d40170af9df39882c\"},\"breadcrumb\":{\"@id\":\"https:\\\/\\\/www.copealcoy.es\\\/es\\\/la-generalitat-ha-destinado-mas-de-15-millones-a-industria-y-comercios-del-comtat\\\/#breadcrumb\"},\"inLanguage\":\"es\",\"potentialAction\":[{\"@type\":\"ReadAction\",\"target\":[\"https:\\\/\\\/www.copealcoy.es\\\/es\\\/la-generalitat-ha-destinado-mas-de-15-millones-a-industria-y-comercios-del-comtat\\\/\"]}]},{\"@type\":\"ImageObject\",\"inLanguage\":\"es\",\"@id\":\"https:\\\/\\\/www.copealcoy.es\\\/es\\\/la-generalitat-ha-destinado-mas-de-15-millones-a-industria-y-comercios-del-comtat\\\/#primaryimage\",\"url\":\"https:\\\/\\\/www.copealcoy.es\\\/wp-content\\\/uploads\\\/2021\\\/10\\\/unnamed-10.jpg\",\"contentUrl\":\"https:\\\/\\\/www.copealcoy.es\\\/wp-content\\\/uploads\\\/2021\\\/10\\\/unnamed-10.jpg\",\"width\":1600,\"height\":1200},{\"@type\":\"BreadcrumbList\",\"@id\":\"https:\\\/\\\/www.copealcoy.es\\\/es\\\/la-generalitat-ha-destinado-mas-de-15-millones-a-industria-y-comercios-del-comtat\\\/#breadcrumb\",\"itemListElement\":[{\"@type\":\"ListItem\",\"position\":1,\"name\":\"Portada\",\"item\":\"https:\\\/\\\/www.copealcoy.es\\\/es\\\/\"},{\"@type\":\"ListItem\",\"position\":2,\"name\":\"La Generalitat ha destinado m\u00e1s de 1,5 millones a industria y comercios del Comtat\"}]},{\"@type\":\"WebSite\",\"@id\":\"https:\\\/\\\/www.copealcoy.es\\\/es\\\/#website\",\"url\":\"https:\\\/\\\/www.copealcoy.es\\\/es\\\/\",\"name\":\"COPE Alcoy\",\"description\":\"Emisora COPE de radio local con emisi\u00f3n online. Pont de Sant Jordi 8-10 03803 Alcoy\",\"potentialAction\":[{\"@type\":\"SearchAction\",\"target\":{\"@type\":\"EntryPoint\",\"urlTemplate\":\"https:\\\/\\\/www.copealcoy.es\\\/es\\\/?s={search_term_string}\"},\"query-input\":{\"@type\":\"PropertyValueSpecification\",\"valueRequired\":true,\"valueName\":\"search_term_string\"}}],\"inLanguage\":\"es\"},{\"@type\":\"Person\",\"@id\":\"https:\\\/\\\/www.copealcoy.es\\\/es\\\/#\\\/schema\\\/person\\\/e777c87fa024e57d40170af9df39882c\",\"name\":\"Cope Alcoy\",\"image\":{\"@type\":\"ImageObject\",\"inLanguage\":\"es\",\"@id\":\"https:\\\/\\\/secure.gravatar.com\\\/avatar\\\/bb65d0283347e303893ba14f0692005417c1e0e690a325a4c5d8bb2b3943ee14?s=96&d=mm&r=g\",\"url\":\"https:\\\/\\\/secure.gravatar.com\\\/avatar\\\/bb65d0283347e303893ba14f0692005417c1e0e690a325a4c5d8bb2b3943ee14?s=96&d=mm&r=g\",\"contentUrl\":\"https:\\\/\\\/secure.gravatar.com\\\/avatar\\\/bb65d0283347e303893ba14f0692005417c1e0e690a325a4c5d8bb2b3943ee14?s=96&d=mm&r=g\",\"caption\":\"Cope Alcoy\"}}]}<\/script>\n<!-- \/ Yoast SEO plugin. -->","yoast_head_json":{"title":"La Generalitat ha destinado m\u00e1s de 1,5 millones a industria y comercios del Comtat - COPE Alcoy","robots":{"index":"index","follow":"follow","max-snippet":"max-snippet:-1","max-image-preview":"max-image-preview:large","max-video-preview":"max-video-preview:-1"},"canonical":"https:\/\/www.copealcoy.es\/es\/la-generalitat-ha-destinado-mas-de-15-millones-a-industria-y-comercios-del-comtat\/","og_locale":"es_ES","og_type":"article","og_title":"La Generalitat ha destinado m\u00e1s de 1,5 millones a industria y comercios del Comtat - COPE Alcoy","og_description":"La Generalitat Valenciana ha destinado m\u00e1s de 1&#8217;5 millones de euros en ayudas para las empresas de las comarcas del...","og_url":"https:\/\/www.copealcoy.es\/es\/la-generalitat-ha-destinado-mas-de-15-millones-a-industria-y-comercios-del-comtat\/","og_site_name":"COPE Alcoy","article_published_time":"2021-10-25T14:20:44+00:00","article_modified_time":"2021-10-25T14:35:17+00:00","og_image":[{"width":1600,"height":1200,"url":"https:\/\/www.copealcoy.es\/wp-content\/uploads\/2021\/10\/unnamed-10.jpg","type":"image\/jpeg"}],"author":"Cope Alcoy","twitter_misc":{"Escrito por":"Cope Alcoy","Tiempo de lectura":"2 minutos"},"schema":{"@context":"https:\/\/schema.org","@graph":[{"@type":"Article","@id":"https:\/\/www.copealcoy.es\/es\/la-generalitat-ha-destinado-mas-de-15-millones-a-industria-y-comercios-del-comtat\/#article","isPartOf":{"@id":"https:\/\/www.copealcoy.es\/es\/la-generalitat-ha-destinado-mas-de-15-millones-a-industria-y-comercios-del-comtat\/"},"author":{"name":"Cope Alcoy","@id":"https:\/\/www.copealcoy.es\/es\/#\/schema\/person\/e777c87fa024e57d40170af9df39882c"},"headline":"La Generalitat ha destinado m\u00e1s de 1,5 millones a industria y comercios del Comtat","datePublished":"2021-10-25T14:20:44+00:00","dateModified":"2021-10-25T14:35:17+00:00","mainEntityOfPage":{"@id":"https:\/\/www.copealcoy.es\/es\/la-generalitat-ha-destinado-mas-de-15-millones-a-industria-y-comercios-del-comtat\/"},"wordCount":421,"commentCount":0,"image":{"@id":"https:\/\/www.copealcoy.es\/es\/la-generalitat-ha-destinado-mas-de-15-millones-a-industria-y-comercios-del-comtat\/#primaryimage"},"thumbnailUrl":"https:\/\/www.copealcoy.es\/wp-content\/uploads\/2021\/10\/unnamed-10.jpg","keywords":["Ayudas","Cocentaina","Comtat","Conseller\u00eda","Empresas"],"articleSection":["Comarcas","Noticias"],"inLanguage":"es"},{"@type":"WebPage","@id":"https:\/\/www.copealcoy.es\/es\/la-generalitat-ha-destinado-mas-de-15-millones-a-industria-y-comercios-del-comtat\/","url":"https:\/\/www.copealcoy.es\/es\/la-generalitat-ha-destinado-mas-de-15-millones-a-industria-y-comercios-del-comtat\/","name":"La Generalitat ha destinado m\u00e1s de 1,5 millones a industria y comercios del Comtat - COPE Alcoy","isPartOf":{"@id":"https:\/\/www.copealcoy.es\/es\/#website"},"primaryImageOfPage":{"@id":"https:\/\/www.copealcoy.es\/es\/la-generalitat-ha-destinado-mas-de-15-millones-a-industria-y-comercios-del-comtat\/#primaryimage"},"image":{"@id":"https:\/\/www.copealcoy.es\/es\/la-generalitat-ha-destinado-mas-de-15-millones-a-industria-y-comercios-del-comtat\/#primaryimage"},"thumbnailUrl":"https:\/\/www.copealcoy.es\/wp-content\/uploads\/2021\/10\/unnamed-10.jpg","datePublished":"2021-10-25T14:20:44+00:00","dateModified":"2021-10-25T14:35:17+00:00","author":{"@id":"https:\/\/www.copealcoy.es\/es\/#\/schema\/person\/e777c87fa024e57d40170af9df39882c"},"breadcrumb":{"@id":"https:\/\/www.copealcoy.es\/es\/la-generalitat-ha-destinado-mas-de-15-millones-a-industria-y-comercios-del-comtat\/#breadcrumb"},"inLanguage":"es","potentialAction":[{"@type":"ReadAction","target":["https:\/\/www.copealcoy.es\/es\/la-generalitat-ha-destinado-mas-de-15-millones-a-industria-y-comercios-del-comtat\/"]}]},{"@type":"ImageObject","inLanguage":"es","@id":"https:\/\/www.copealcoy.es\/es\/la-generalitat-ha-destinado-mas-de-15-millones-a-industria-y-comercios-del-comtat\/#primaryimage","url":"https:\/\/www.copealcoy.es\/wp-content\/uploads\/2021\/10\/unnamed-10.jpg","contentUrl":"https:\/\/www.copealcoy.es\/wp-content\/uploads\/2021\/10\/unnamed-10.jpg","width":1600,"height":1200},{"@type":"BreadcrumbList","@id":"https:\/\/www.copealcoy.es\/es\/la-generalitat-ha-destinado-mas-de-15-millones-a-industria-y-comercios-del-comtat\/#breadcrumb","itemListElement":[{"@type":"ListItem","position":1,"name":"Portada","item":"https:\/\/www.copealcoy.es\/es\/"},{"@type":"ListItem","position":2,"name":"La Generalitat ha destinado m\u00e1s de 1,5 millones a industria y comercios del Comtat"}]},{"@type":"WebSite","@id":"https:\/\/www.copealcoy.es\/es\/#website","url":"https:\/\/www.copealcoy.es\/es\/","name":"COPE Alcoy","description":"Emisora COPE de radio local con emisi\u00f3n online. Pont de Sant Jordi 8-10 03803 Alcoy","potentialAction":[{"@type":"SearchAction","target":{"@type":"EntryPoint","urlTemplate":"https:\/\/www.copealcoy.es\/es\/?s={search_term_string}"},"query-input":{"@type":"PropertyValueSpecification","valueRequired":true,"valueName":"search_term_string"}}],"inLanguage":"es"},{"@type":"Person","@id":"https:\/\/www.copealcoy.es\/es\/#\/schema\/person\/e777c87fa024e57d40170af9df39882c","name":"Cope Alcoy","image":{"@type":"ImageObject","inLanguage":"es","@id":"https:\/\/secure.gravatar.com\/avatar\/bb65d0283347e303893ba14f0692005417c1e0e690a325a4c5d8bb2b3943ee14?s=96&d=mm&r=g","url":"https:\/\/secure.gravatar.com\/avatar\/bb65d0283347e303893ba14f0692005417c1e0e690a325a4c5d8bb2b3943ee14?s=96&d=mm&r=g","contentUrl":"https:\/\/secure.gravatar.com\/avatar\/bb65d0283347e303893ba14f0692005417c1e0e690a325a4c5d8bb2b3943ee14?s=96&d=mm&r=g","caption":"Cope Alcoy"}}]}},"_links":{"self":[{"href":"https:\/\/www.copealcoy.es\/es\/wp-json\/wp\/v2\/posts\/79424","targetHints":{"allow":["GET"]}}],"collection":[{"href":"https:\/\/www.copealcoy.es\/es\/wp-json\/wp\/v2\/posts"}],"about":[{"href":"https:\/\/www.copealcoy.es\/es\/wp-json\/wp\/v2\/types\/post"}],"author":[{"embeddable":true,"href":"https:\/\/www.copealcoy.es\/es\/wp-json\/wp\/v2\/users\/1"}],"replies":[{"embeddable":true,"href":"https:\/\/www.copealcoy.es\/es\/wp-json\/wp\/v2\/comments?post=79424"}],"version-history":[{"count":0,"href":"https:\/\/www.copealcoy.es\/es\/wp-json\/wp\/v2\/posts\/79424\/revisions"}],"wp:featuredmedia":[{"embeddable":true,"href":"https:\/\/www.copealcoy.es\/es\/wp-json\/wp\/v2\/media\/79425"}],"wp:attachment":[{"href":"https:\/\/www.copealcoy.es\/es\/wp-json\/wp\/v2\/media?parent=79424"}],"wp:term":[{"taxonomy":"category","embeddable":true,"href":"https:\/\/www.copealcoy.es\/es\/wp-json\/wp\/v2\/categories?post=79424"},{"taxonomy":"post_tag","embeddable":true,"href":"https:\/\/www.copealcoy.es\/es\/wp-json\/wp\/v2\/tags?post=79424"}],"curies":[{"name":"wp","href":"https:\/\/api.w.org\/{rel}","templated":true}]}}