{"id":79365,"date":"2021-10-22T15:18:15","date_gmt":"2021-10-22T14:18:15","guid":{"rendered":"https:\/\/www.copealcoy.es\/?p=79365"},"modified":"2021-10-22T15:28:10","modified_gmt":"2021-10-22T14:28:10","slug":"vectalia-reforcara-la-linia-de-bus-comarcal-per-a-la-fira-de-tots-sants","status":"publish","type":"post","link":"https:\/\/www.copealcoy.es\/es\/vectalia-reforcara-la-linia-de-bus-comarcal-per-a-la-fira-de-tots-sants\/","title":{"rendered":"Vectalia refor\u00e7ar\u00e0 la l\u00ednia de bus comarcal per a la Fira de Tots Sants"},"content":{"rendered":"<p style=\"text-align: justify;\">La<strong> Fira de Tots Sants de Cocentaina<\/strong> tornar\u00e0 a donar facilitats per a <strong>tots aquells que vulguen visitar-la<\/strong> en transport p\u00fablic des de diferents municipis de les nostres comarques de l&#8217;Alcoi\u00e0 i el Comtat. La companyia d&#8217;autocars <span class=\"hiddenSpellError\">Vectalia<\/span><strong>\u00a0refor\u00e7ar\u00e0 el bus entre Alcoi, Cocentaina i Muro<\/strong> amb <strong>m\u00e9s serveis a partir de les\u00a0<span class=\"hiddenGrammarError\">17h<\/span>\u00a0hores fins a final del recorregut<\/strong>.<\/p>\n<p style=\"text-align: justify;\">Concretament, <strong>s&#8217;ampliaran aquests serveis els dies 29 d&#8217;octubre i 5 de novembre <\/strong>amb <strong>noves eixides des d&#8217;Alcoi a les 17: <span class=\"hiddenGrammarError\">30h<\/span>, 19:\u00a0<span class=\"hiddenGrammarError\">00h<\/span>\u00a0i 21:\u00a0<span class=\"hiddenGrammarError\">00h<\/span><\/strong>. Els <strong>horaris des de Muro<\/strong> aquests dies <strong>s&#8217;amplien a les 17:\u00a0<span class=\"hiddenGrammarError\">00h<\/span>, 18:\u00a0<span class=\"hiddenGrammarError\">00h<\/span>, 19:\u00a0<span class=\"hiddenGrammarError\">30h<\/span>\u00a0i 21:\u00a0<span class=\"hiddenGrammarError\">30h<\/span><\/strong>. Ja en Cocentaina, <strong>hi haur\u00e0 parades<\/strong> davant la Rotonda Bombers, Av. Pa\u00eds Valenci\u00e0 a l&#8217;altura de l&#8217;Hotel\u00a0<span class=\"hiddenSpellError\">Od\u00f3n<\/span>; Parc\u00a0<span class=\"hiddenSpellError\">Paquito<\/span>\u00a0el\u00a0<span class=\"hiddenSpellError\">Xocolatero<\/span>; Av. Pa\u00eds Valenci\u00e0, a l&#8217;altura de Toledo Gres i en\u00a0<span class=\"hiddenSpellError\">Avda<\/span>. X\u00e0tiva, enfront de Garatges Catarro &#8220;<em>l&#8217;acc\u00e9s i estacionament durant els dies de Fira s\u00f3n dos aspectes fonamentals tant per al visitant que ve al nostre municipi com per als ve\u00efns que veuen alterat el seu dia a dia pel muntatge dels expositors, per aix\u00f2 des de l&#8217;Ajuntament cada edici\u00f3 fem un especial esfor\u00e7 per millorar i prestar un millor servei que facilite l&#8217;estada a Cocentaina durant els dies de Fira<\/em>&#8220;, afirma la regidora de Fira;\u00a0<strong>Eug\u00e8nia\u00a0<span class=\"hiddenSpellError\">Miguel<\/span><\/strong>.<\/p>\n<p style=\"text-align: justify;\">Recordar que <strong>la Fira de Tots Sants de Cocentaina es portar\u00e0 a terme en dos caps de setmana consecutius<\/strong>. El primer del <strong>29 d&#8217;octubre a l&#8217;1 de novembre<\/strong> mentre que el segon tindr\u00e0 lloc<strong> del 5 al 7 de novembre<\/strong>.<\/p>\n","protected":false},"excerpt":{"rendered":"<p>La Fira de Tots Sants de Cocentaina tornar\u00e0 a donar facilitats per a tots aquells que vulguen visitar-la en transport&#8230;<\/p>\n","protected":false},"author":1,"featured_media":66626,"comment_status":"open","ping_status":"open","sticky":false,"template":"","format":"standard","meta":{"footnotes":""},"categories":[98,75],"tags":[11959,132,676,10008,11960],"class_list":["post-79365","post","type-post","status-publish","format-standard","has-post-thumbnail","hentry","category-comarcas","category-noticias","tag-autobusos","tag-cocentaina","tag-fira","tag-reforc","tag-transport-comarcal"],"yoast_head":"<!-- This site is optimized with the Yoast SEO plugin v27.3 - https:\/\/yoast.com\/product\/yoast-seo-wordpress\/ -->\n<title>Vectalia refor\u00e7ar\u00e0 la l\u00ednia de bus comarcal per a la Fira de Tots Sants - COPE Alcoy<\/title>\n<meta name=\"robots\" content=\"index, follow, max-snippet:-1, max-image-preview:large, max-video-preview:-1\" \/>\n<link rel=\"canonical\" href=\"https:\/\/www.copealcoy.es\/es\/vectalia-reforcara-la-linia-de-bus-comarcal-per-a-la-fira-de-tots-sants\/\" \/>\n<meta property=\"og:locale\" content=\"es_ES\" \/>\n<meta property=\"og:type\" content=\"article\" \/>\n<meta property=\"og:title\" content=\"Vectalia refor\u00e7ar\u00e0 la l\u00ednia de bus comarcal per a la Fira de Tots Sants - COPE Alcoy\" \/>\n<meta property=\"og:description\" content=\"La Fira de Tots Sants de Cocentaina tornar\u00e0 a donar facilitats per a tots aquells que vulguen visitar-la en transport...\" \/>\n<meta property=\"og:url\" content=\"https:\/\/www.copealcoy.es\/es\/vectalia-reforcara-la-linia-de-bus-comarcal-per-a-la-fira-de-tots-sants\/\" \/>\n<meta property=\"og:site_name\" content=\"COPE Alcoy\" \/>\n<meta property=\"article:published_time\" content=\"2021-10-22T14:18:15+00:00\" \/>\n<meta property=\"article:modified_time\" content=\"2021-10-22T14:28:10+00:00\" \/>\n<meta property=\"og:image\" content=\"https:\/\/www.copealcoy.es\/wp-content\/uploads\/2020\/10\/FIRA-2020_7-e1634912733648.jpg\" \/>\n\t<meta property=\"og:image:width\" content=\"685\" \/>\n\t<meta property=\"og:image:height\" content=\"457\" \/>\n\t<meta property=\"og:image:type\" content=\"image\/jpeg\" \/>\n<meta name=\"author\" content=\"Cope Alcoy\" \/>\n<meta name=\"twitter:label1\" content=\"Escrito por\" \/>\n\t<meta name=\"twitter:data1\" content=\"Cope Alcoy\" \/>\n\t<meta name=\"twitter:label2\" content=\"Tiempo de lectura\" \/>\n\t<meta name=\"twitter:data2\" content=\"2 minutos\" \/>\n<script type=\"application\/ld+json\" class=\"yoast-schema-graph\">{\"@context\":\"https:\\\/\\\/schema.org\",\"@graph\":[{\"@type\":\"Article\",\"@id\":\"https:\\\/\\\/www.copealcoy.es\\\/es\\\/vectalia-reforcara-la-linia-de-bus-comarcal-per-a-la-fira-de-tots-sants\\\/#article\",\"isPartOf\":{\"@id\":\"https:\\\/\\\/www.copealcoy.es\\\/es\\\/vectalia-reforcara-la-linia-de-bus-comarcal-per-a-la-fira-de-tots-sants\\\/\"},\"author\":{\"name\":\"Cope Alcoy\",\"@id\":\"https:\\\/\\\/www.copealcoy.es\\\/es\\\/#\\\/schema\\\/person\\\/e777c87fa024e57d40170af9df39882c\"},\"headline\":\"Vectalia refor\u00e7ar\u00e0 la l\u00ednia de bus comarcal per a la Fira de Tots Sants\",\"datePublished\":\"2021-10-22T14:18:15+00:00\",\"dateModified\":\"2021-10-22T14:28:10+00:00\",\"mainEntityOfPage\":{\"@id\":\"https:\\\/\\\/www.copealcoy.es\\\/es\\\/vectalia-reforcara-la-linia-de-bus-comarcal-per-a-la-fira-de-tots-sants\\\/\"},\"wordCount\":283,\"commentCount\":0,\"image\":{\"@id\":\"https:\\\/\\\/www.copealcoy.es\\\/es\\\/vectalia-reforcara-la-linia-de-bus-comarcal-per-a-la-fira-de-tots-sants\\\/#primaryimage\"},\"thumbnailUrl\":\"https:\\\/\\\/www.copealcoy.es\\\/wp-content\\\/uploads\\\/2020\\\/10\\\/FIRA-2020_7-e1634912733648.jpg\",\"keywords\":[\"autobusos\",\"Cocentaina\",\"Fira\",\"refor\u00e7\",\"transport comarcal\"],\"articleSection\":[\"Comarcas\",\"Noticias\"],\"inLanguage\":\"es\"},{\"@type\":\"WebPage\",\"@id\":\"https:\\\/\\\/www.copealcoy.es\\\/es\\\/vectalia-reforcara-la-linia-de-bus-comarcal-per-a-la-fira-de-tots-sants\\\/\",\"url\":\"https:\\\/\\\/www.copealcoy.es\\\/es\\\/vectalia-reforcara-la-linia-de-bus-comarcal-per-a-la-fira-de-tots-sants\\\/\",\"name\":\"Vectalia refor\u00e7ar\u00e0 la l\u00ednia de bus comarcal per a la Fira de Tots Sants - COPE Alcoy\",\"isPartOf\":{\"@id\":\"https:\\\/\\\/www.copealcoy.es\\\/es\\\/#website\"},\"primaryImageOfPage\":{\"@id\":\"https:\\\/\\\/www.copealcoy.es\\\/es\\\/vectalia-reforcara-la-linia-de-bus-comarcal-per-a-la-fira-de-tots-sants\\\/#primaryimage\"},\"image\":{\"@id\":\"https:\\\/\\\/www.copealcoy.es\\\/es\\\/vectalia-reforcara-la-linia-de-bus-comarcal-per-a-la-fira-de-tots-sants\\\/#primaryimage\"},\"thumbnailUrl\":\"https:\\\/\\\/www.copealcoy.es\\\/wp-content\\\/uploads\\\/2020\\\/10\\\/FIRA-2020_7-e1634912733648.jpg\",\"datePublished\":\"2021-10-22T14:18:15+00:00\",\"dateModified\":\"2021-10-22T14:28:10+00:00\",\"author\":{\"@id\":\"https:\\\/\\\/www.copealcoy.es\\\/es\\\/#\\\/schema\\\/person\\\/e777c87fa024e57d40170af9df39882c\"},\"breadcrumb\":{\"@id\":\"https:\\\/\\\/www.copealcoy.es\\\/es\\\/vectalia-reforcara-la-linia-de-bus-comarcal-per-a-la-fira-de-tots-sants\\\/#breadcrumb\"},\"inLanguage\":\"es\",\"potentialAction\":[{\"@type\":\"ReadAction\",\"target\":[\"https:\\\/\\\/www.copealcoy.es\\\/es\\\/vectalia-reforcara-la-linia-de-bus-comarcal-per-a-la-fira-de-tots-sants\\\/\"]}]},{\"@type\":\"ImageObject\",\"inLanguage\":\"es\",\"@id\":\"https:\\\/\\\/www.copealcoy.es\\\/es\\\/vectalia-reforcara-la-linia-de-bus-comarcal-per-a-la-fira-de-tots-sants\\\/#primaryimage\",\"url\":\"https:\\\/\\\/www.copealcoy.es\\\/wp-content\\\/uploads\\\/2020\\\/10\\\/FIRA-2020_7-e1634912733648.jpg\",\"contentUrl\":\"https:\\\/\\\/www.copealcoy.es\\\/wp-content\\\/uploads\\\/2020\\\/10\\\/FIRA-2020_7-e1634912733648.jpg\",\"width\":685,\"height\":457},{\"@type\":\"BreadcrumbList\",\"@id\":\"https:\\\/\\\/www.copealcoy.es\\\/es\\\/vectalia-reforcara-la-linia-de-bus-comarcal-per-a-la-fira-de-tots-sants\\\/#breadcrumb\",\"itemListElement\":[{\"@type\":\"ListItem\",\"position\":1,\"name\":\"Portada\",\"item\":\"https:\\\/\\\/www.copealcoy.es\\\/es\\\/\"},{\"@type\":\"ListItem\",\"position\":2,\"name\":\"Vectalia refor\u00e7ar\u00e0 la l\u00ednia de bus comarcal per a la Fira de Tots Sants\"}]},{\"@type\":\"WebSite\",\"@id\":\"https:\\\/\\\/www.copealcoy.es\\\/es\\\/#website\",\"url\":\"https:\\\/\\\/www.copealcoy.es\\\/es\\\/\",\"name\":\"COPE Alcoy\",\"description\":\"Emisora COPE de radio local con emisi\u00f3n online. Pont de Sant Jordi 8-10 03803 Alcoy\",\"potentialAction\":[{\"@type\":\"SearchAction\",\"target\":{\"@type\":\"EntryPoint\",\"urlTemplate\":\"https:\\\/\\\/www.copealcoy.es\\\/es\\\/?s={search_term_string}\"},\"query-input\":{\"@type\":\"PropertyValueSpecification\",\"valueRequired\":true,\"valueName\":\"search_term_string\"}}],\"inLanguage\":\"es\"},{\"@type\":\"Person\",\"@id\":\"https:\\\/\\\/www.copealcoy.es\\\/es\\\/#\\\/schema\\\/person\\\/e777c87fa024e57d40170af9df39882c\",\"name\":\"Cope Alcoy\",\"image\":{\"@type\":\"ImageObject\",\"inLanguage\":\"es\",\"@id\":\"https:\\\/\\\/secure.gravatar.com\\\/avatar\\\/bb65d0283347e303893ba14f0692005417c1e0e690a325a4c5d8bb2b3943ee14?s=96&d=mm&r=g\",\"url\":\"https:\\\/\\\/secure.gravatar.com\\\/avatar\\\/bb65d0283347e303893ba14f0692005417c1e0e690a325a4c5d8bb2b3943ee14?s=96&d=mm&r=g\",\"contentUrl\":\"https:\\\/\\\/secure.gravatar.com\\\/avatar\\\/bb65d0283347e303893ba14f0692005417c1e0e690a325a4c5d8bb2b3943ee14?s=96&d=mm&r=g\",\"caption\":\"Cope Alcoy\"}}]}<\/script>\n<!-- \/ Yoast SEO plugin. -->","yoast_head_json":{"title":"Vectalia refor\u00e7ar\u00e0 la l\u00ednia de bus comarcal per a la Fira de Tots Sants - COPE Alcoy","robots":{"index":"index","follow":"follow","max-snippet":"max-snippet:-1","max-image-preview":"max-image-preview:large","max-video-preview":"max-video-preview:-1"},"canonical":"https:\/\/www.copealcoy.es\/es\/vectalia-reforcara-la-linia-de-bus-comarcal-per-a-la-fira-de-tots-sants\/","og_locale":"es_ES","og_type":"article","og_title":"Vectalia refor\u00e7ar\u00e0 la l\u00ednia de bus comarcal per a la Fira de Tots Sants - COPE Alcoy","og_description":"La Fira de Tots Sants de Cocentaina tornar\u00e0 a donar facilitats per a tots aquells que vulguen visitar-la en transport...","og_url":"https:\/\/www.copealcoy.es\/es\/vectalia-reforcara-la-linia-de-bus-comarcal-per-a-la-fira-de-tots-sants\/","og_site_name":"COPE Alcoy","article_published_time":"2021-10-22T14:18:15+00:00","article_modified_time":"2021-10-22T14:28:10+00:00","og_image":[{"width":685,"height":457,"url":"https:\/\/www.copealcoy.es\/wp-content\/uploads\/2020\/10\/FIRA-2020_7-e1634912733648.jpg","type":"image\/jpeg"}],"author":"Cope Alcoy","twitter_misc":{"Escrito por":"Cope Alcoy","Tiempo de lectura":"2 minutos"},"schema":{"@context":"https:\/\/schema.org","@graph":[{"@type":"Article","@id":"https:\/\/www.copealcoy.es\/es\/vectalia-reforcara-la-linia-de-bus-comarcal-per-a-la-fira-de-tots-sants\/#article","isPartOf":{"@id":"https:\/\/www.copealcoy.es\/es\/vectalia-reforcara-la-linia-de-bus-comarcal-per-a-la-fira-de-tots-sants\/"},"author":{"name":"Cope Alcoy","@id":"https:\/\/www.copealcoy.es\/es\/#\/schema\/person\/e777c87fa024e57d40170af9df39882c"},"headline":"Vectalia refor\u00e7ar\u00e0 la l\u00ednia de bus comarcal per a la Fira de Tots Sants","datePublished":"2021-10-22T14:18:15+00:00","dateModified":"2021-10-22T14:28:10+00:00","mainEntityOfPage":{"@id":"https:\/\/www.copealcoy.es\/es\/vectalia-reforcara-la-linia-de-bus-comarcal-per-a-la-fira-de-tots-sants\/"},"wordCount":283,"commentCount":0,"image":{"@id":"https:\/\/www.copealcoy.es\/es\/vectalia-reforcara-la-linia-de-bus-comarcal-per-a-la-fira-de-tots-sants\/#primaryimage"},"thumbnailUrl":"https:\/\/www.copealcoy.es\/wp-content\/uploads\/2020\/10\/FIRA-2020_7-e1634912733648.jpg","keywords":["autobusos","Cocentaina","Fira","refor\u00e7","transport comarcal"],"articleSection":["Comarcas","Noticias"],"inLanguage":"es"},{"@type":"WebPage","@id":"https:\/\/www.copealcoy.es\/es\/vectalia-reforcara-la-linia-de-bus-comarcal-per-a-la-fira-de-tots-sants\/","url":"https:\/\/www.copealcoy.es\/es\/vectalia-reforcara-la-linia-de-bus-comarcal-per-a-la-fira-de-tots-sants\/","name":"Vectalia refor\u00e7ar\u00e0 la l\u00ednia de bus comarcal per a la Fira de Tots Sants - COPE Alcoy","isPartOf":{"@id":"https:\/\/www.copealcoy.es\/es\/#website"},"primaryImageOfPage":{"@id":"https:\/\/www.copealcoy.es\/es\/vectalia-reforcara-la-linia-de-bus-comarcal-per-a-la-fira-de-tots-sants\/#primaryimage"},"image":{"@id":"https:\/\/www.copealcoy.es\/es\/vectalia-reforcara-la-linia-de-bus-comarcal-per-a-la-fira-de-tots-sants\/#primaryimage"},"thumbnailUrl":"https:\/\/www.copealcoy.es\/wp-content\/uploads\/2020\/10\/FIRA-2020_7-e1634912733648.jpg","datePublished":"2021-10-22T14:18:15+00:00","dateModified":"2021-10-22T14:28:10+00:00","author":{"@id":"https:\/\/www.copealcoy.es\/es\/#\/schema\/person\/e777c87fa024e57d40170af9df39882c"},"breadcrumb":{"@id":"https:\/\/www.copealcoy.es\/es\/vectalia-reforcara-la-linia-de-bus-comarcal-per-a-la-fira-de-tots-sants\/#breadcrumb"},"inLanguage":"es","potentialAction":[{"@type":"ReadAction","target":["https:\/\/www.copealcoy.es\/es\/vectalia-reforcara-la-linia-de-bus-comarcal-per-a-la-fira-de-tots-sants\/"]}]},{"@type":"ImageObject","inLanguage":"es","@id":"https:\/\/www.copealcoy.es\/es\/vectalia-reforcara-la-linia-de-bus-comarcal-per-a-la-fira-de-tots-sants\/#primaryimage","url":"https:\/\/www.copealcoy.es\/wp-content\/uploads\/2020\/10\/FIRA-2020_7-e1634912733648.jpg","contentUrl":"https:\/\/www.copealcoy.es\/wp-content\/uploads\/2020\/10\/FIRA-2020_7-e1634912733648.jpg","width":685,"height":457},{"@type":"BreadcrumbList","@id":"https:\/\/www.copealcoy.es\/es\/vectalia-reforcara-la-linia-de-bus-comarcal-per-a-la-fira-de-tots-sants\/#breadcrumb","itemListElement":[{"@type":"ListItem","position":1,"name":"Portada","item":"https:\/\/www.copealcoy.es\/es\/"},{"@type":"ListItem","position":2,"name":"Vectalia refor\u00e7ar\u00e0 la l\u00ednia de bus comarcal per a la Fira de Tots Sants"}]},{"@type":"WebSite","@id":"https:\/\/www.copealcoy.es\/es\/#website","url":"https:\/\/www.copealcoy.es\/es\/","name":"COPE Alcoy","description":"Emisora COPE de radio local con emisi\u00f3n online. Pont de Sant Jordi 8-10 03803 Alcoy","potentialAction":[{"@type":"SearchAction","target":{"@type":"EntryPoint","urlTemplate":"https:\/\/www.copealcoy.es\/es\/?s={search_term_string}"},"query-input":{"@type":"PropertyValueSpecification","valueRequired":true,"valueName":"search_term_string"}}],"inLanguage":"es"},{"@type":"Person","@id":"https:\/\/www.copealcoy.es\/es\/#\/schema\/person\/e777c87fa024e57d40170af9df39882c","name":"Cope Alcoy","image":{"@type":"ImageObject","inLanguage":"es","@id":"https:\/\/secure.gravatar.com\/avatar\/bb65d0283347e303893ba14f0692005417c1e0e690a325a4c5d8bb2b3943ee14?s=96&d=mm&r=g","url":"https:\/\/secure.gravatar.com\/avatar\/bb65d0283347e303893ba14f0692005417c1e0e690a325a4c5d8bb2b3943ee14?s=96&d=mm&r=g","contentUrl":"https:\/\/secure.gravatar.com\/avatar\/bb65d0283347e303893ba14f0692005417c1e0e690a325a4c5d8bb2b3943ee14?s=96&d=mm&r=g","caption":"Cope Alcoy"}}]}},"_links":{"self":[{"href":"https:\/\/www.copealcoy.es\/es\/wp-json\/wp\/v2\/posts\/79365","targetHints":{"allow":["GET"]}}],"collection":[{"href":"https:\/\/www.copealcoy.es\/es\/wp-json\/wp\/v2\/posts"}],"about":[{"href":"https:\/\/www.copealcoy.es\/es\/wp-json\/wp\/v2\/types\/post"}],"author":[{"embeddable":true,"href":"https:\/\/www.copealcoy.es\/es\/wp-json\/wp\/v2\/users\/1"}],"replies":[{"embeddable":true,"href":"https:\/\/www.copealcoy.es\/es\/wp-json\/wp\/v2\/comments?post=79365"}],"version-history":[{"count":0,"href":"https:\/\/www.copealcoy.es\/es\/wp-json\/wp\/v2\/posts\/79365\/revisions"}],"wp:featuredmedia":[{"embeddable":true,"href":"https:\/\/www.copealcoy.es\/es\/wp-json\/wp\/v2\/media\/66626"}],"wp:attachment":[{"href":"https:\/\/www.copealcoy.es\/es\/wp-json\/wp\/v2\/media?parent=79365"}],"wp:term":[{"taxonomy":"category","embeddable":true,"href":"https:\/\/www.copealcoy.es\/es\/wp-json\/wp\/v2\/categories?post=79365"},{"taxonomy":"post_tag","embeddable":true,"href":"https:\/\/www.copealcoy.es\/es\/wp-json\/wp\/v2\/tags?post=79365"}],"curies":[{"name":"wp","href":"https:\/\/api.w.org\/{rel}","templated":true}]}}