{"id":79305,"date":"2021-10-21T09:25:59","date_gmt":"2021-10-21T08:25:59","guid":{"rendered":"https:\/\/www.copealcoy.es\/?p=79305"},"modified":"2021-10-21T17:53:59","modified_gmt":"2021-10-21T16:53:59","slug":"cocentaina-habilita-tres-zones-daparcament-per-al-veinat-afectat-pel-muntatge-de-la-fira","status":"publish","type":"post","link":"https:\/\/www.copealcoy.es\/es\/cocentaina-habilita-tres-zones-daparcament-per-al-veinat-afectat-pel-muntatge-de-la-fira\/","title":{"rendered":"Cocentaina habilita tres zones d&#8217;aparcament per al ve\u00efnat afectat pel muntatge de la Fira"},"content":{"rendered":"<p style=\"text-align: justify;\">L&#8217; <strong>Ajuntament de Cocentaina<\/strong> ha comunicat que habilitar\u00e0 <strong>tres zones d&#8217;aparcament per al ve\u00efnat que es veja afectat pel muntatge de la Fira de Tots Sants<\/strong>. Aquests espais <strong>estaran ubicats<\/strong> en punts de la poblaci\u00f3n com <strong>el Real Blanc, la Ronda Sud i l&#8217;Orxa 4.4<\/strong>.<\/p>\n<p style=\"text-align: justify;\">Cal assenyalar que podran fer \u00fas de les esmentades tres \u00e0rees<strong> el ve\u00efnat que residix en els carrers del recinte on es munten els expositors<\/strong>, els que visquen <strong>en zones en qu\u00e8 es prohibeix la circulaci\u00f3 o l&#8217;estacionament<\/strong>\u00a0aix\u00ed com <strong>aquells que tinguen el seu gual permanent inutilitzat durant tota la Fira<\/strong>. Pel que fa als <strong>horaris<\/strong> d&#8217;estacionament, <strong>el primer cap de setmana<\/strong>, tindran disponibilitat des de les 18:00 hores de dijous 28 d&#8217;octubre, fins a les 08:00 hores de dimarts 2 de novembre. En el <strong>segon cap de setmana de Fira<\/strong>, es podr\u00e0 estacionar en horari de les 18:00 hores de divendres, 5 de novembre, fins a les 08:00 hores de dilluns 8 de novembre. Les<strong> targetes d&#8217;aparcament per al ve\u00efnat s&#8217;estan repartint des del dia 18 d\u2019octubre a domicili<\/strong>. Les <strong>consultes o qualsevol tipus d\u2019incid\u00e8ncia<\/strong> s&#8217;atendr\u00e0 des del Departament de Fira, situat al carrer Sant Crist\u00f2fol, 6-8, els dies 25 i 26 d\u2019octubre, per la qual cosa <strong>ser\u00e0 necessari portar la documentaci\u00f3 del vehicle<\/strong> <em>&#8220;l&#8217;acc\u00e9s i estacionament durant els dies de Fira s\u00f3n dos aspectes fonamentals tant per al visitant que ve al nostre municipi com per als ve\u00efns que veuen alterat el seu dia a dia pel muntatge dels expositors, per aix\u00f2 des de l&#8217;Ajuntament cada edici\u00f3 fem un especial esfor\u00e7 per millorar i prestar un millor servei que facilite l&#8217;estada a Cocentaina durant els dies del Certamen<\/em>&#8220;, afirma la regidora de Fira; <strong>Eug\u00e8nia Miguel<\/strong>.<\/p>\n<p style=\"text-align: justify;\">Recordar que la Fira de Tots Sants de Cocentaina 2021 <strong>comptar\u00e0 aquest any amb quatre zones de p\u00e0rquing<\/strong> amb acc\u00e9s pr\u00e8via reserva. Per a la seua gesti\u00f3 <strong>s&#8217;ha habilitat una aplicaci\u00f3<\/strong> amb acc\u00e9s a trav\u00e9s de <a href=\"http:\/\/www.parkings.firadecocentaina.org\/\" target=\"_blank\" rel=\"noopener\"><span style=\"color: #0000ff;\">www.parkings.firadecocentaina.org<\/span><\/a>\u00a0mitjan\u00e7ant la qual es poden reservar les places de forma gratu\u00efta.<\/p>\n","protected":false},"excerpt":{"rendered":"<p>L&#8217; Ajuntament de Cocentaina ha comunicat que habilitar\u00e0 tres zones d&#8217;aparcament per al ve\u00efnat que es veja afectat pel muntatge&#8230;<\/p>\n","protected":false},"author":1,"featured_media":79333,"comment_status":"open","ping_status":"open","sticky":false,"template":"","format":"standard","meta":{"footnotes":""},"categories":[98,75],"tags":[9937,132,635,11955],"class_list":["post-79305","post","type-post","status-publish","format-standard","has-post-thumbnail","hentry","category-comarcas","category-noticias","tag-aparcament","tag-cocentaina","tag-fira-de-tots-sants","tag-veinat"],"yoast_head":"<!-- This site is optimized with the Yoast SEO plugin v27.3 - https:\/\/yoast.com\/product\/yoast-seo-wordpress\/ -->\n<title>Cocentaina habilita tres zones d&#039;aparcament per al ve\u00efnat afectat pel muntatge de la Fira - COPE Alcoy<\/title>\n<meta name=\"robots\" content=\"index, follow, max-snippet:-1, max-image-preview:large, max-video-preview:-1\" \/>\n<link rel=\"canonical\" href=\"https:\/\/www.copealcoy.es\/es\/cocentaina-habilita-tres-zones-daparcament-per-al-veinat-afectat-pel-muntatge-de-la-fira\/\" \/>\n<meta property=\"og:locale\" content=\"es_ES\" \/>\n<meta property=\"og:type\" content=\"article\" \/>\n<meta property=\"og:title\" content=\"Cocentaina habilita tres zones d&#039;aparcament per al ve\u00efnat afectat pel muntatge de la Fira - COPE Alcoy\" \/>\n<meta property=\"og:description\" content=\"L&#8217; Ajuntament de Cocentaina ha comunicat que habilitar\u00e0 tres zones d&#8217;aparcament per al ve\u00efnat que es veja afectat pel muntatge...\" \/>\n<meta property=\"og:url\" content=\"https:\/\/www.copealcoy.es\/es\/cocentaina-habilita-tres-zones-daparcament-per-al-veinat-afectat-pel-muntatge-de-la-fira\/\" \/>\n<meta property=\"og:site_name\" content=\"COPE Alcoy\" \/>\n<meta property=\"article:published_time\" content=\"2021-10-21T08:25:59+00:00\" \/>\n<meta property=\"article:modified_time\" content=\"2021-10-21T16:53:59+00:00\" \/>\n<meta property=\"og:image\" content=\"https:\/\/www.copealcoy.es\/wp-content\/uploads\/2021\/10\/1540_img_40276.jpg\" \/>\n\t<meta property=\"og:image:width\" content=\"670\" \/>\n\t<meta property=\"og:image:height\" content=\"377\" \/>\n\t<meta property=\"og:image:type\" content=\"image\/jpeg\" \/>\n<meta name=\"author\" content=\"Cope Alcoy\" \/>\n<meta name=\"twitter:label1\" content=\"Escrito por\" \/>\n\t<meta name=\"twitter:data1\" content=\"Cope Alcoy\" \/>\n\t<meta name=\"twitter:label2\" content=\"Tiempo de lectura\" \/>\n\t<meta name=\"twitter:data2\" content=\"2 minutos\" \/>\n<script type=\"application\/ld+json\" class=\"yoast-schema-graph\">{\"@context\":\"https:\\\/\\\/schema.org\",\"@graph\":[{\"@type\":\"Article\",\"@id\":\"https:\\\/\\\/www.copealcoy.es\\\/es\\\/cocentaina-habilita-tres-zones-daparcament-per-al-veinat-afectat-pel-muntatge-de-la-fira\\\/#article\",\"isPartOf\":{\"@id\":\"https:\\\/\\\/www.copealcoy.es\\\/es\\\/cocentaina-habilita-tres-zones-daparcament-per-al-veinat-afectat-pel-muntatge-de-la-fira\\\/\"},\"author\":{\"name\":\"Cope Alcoy\",\"@id\":\"https:\\\/\\\/www.copealcoy.es\\\/es\\\/#\\\/schema\\\/person\\\/e777c87fa024e57d40170af9df39882c\"},\"headline\":\"Cocentaina habilita tres zones d&#8217;aparcament per al ve\u00efnat afectat pel muntatge de la Fira\",\"datePublished\":\"2021-10-21T08:25:59+00:00\",\"dateModified\":\"2021-10-21T16:53:59+00:00\",\"mainEntityOfPage\":{\"@id\":\"https:\\\/\\\/www.copealcoy.es\\\/es\\\/cocentaina-habilita-tres-zones-daparcament-per-al-veinat-afectat-pel-muntatge-de-la-fira\\\/\"},\"wordCount\":369,\"commentCount\":0,\"image\":{\"@id\":\"https:\\\/\\\/www.copealcoy.es\\\/es\\\/cocentaina-habilita-tres-zones-daparcament-per-al-veinat-afectat-pel-muntatge-de-la-fira\\\/#primaryimage\"},\"thumbnailUrl\":\"https:\\\/\\\/www.copealcoy.es\\\/wp-content\\\/uploads\\\/2021\\\/10\\\/1540_img_40276.jpg\",\"keywords\":[\"aparcament\",\"Cocentaina\",\"Fira de Tots Sants\",\"ve\u00efnat\"],\"articleSection\":[\"Comarcas\",\"Noticias\"],\"inLanguage\":\"es\"},{\"@type\":\"WebPage\",\"@id\":\"https:\\\/\\\/www.copealcoy.es\\\/es\\\/cocentaina-habilita-tres-zones-daparcament-per-al-veinat-afectat-pel-muntatge-de-la-fira\\\/\",\"url\":\"https:\\\/\\\/www.copealcoy.es\\\/es\\\/cocentaina-habilita-tres-zones-daparcament-per-al-veinat-afectat-pel-muntatge-de-la-fira\\\/\",\"name\":\"Cocentaina habilita tres zones d'aparcament per al ve\u00efnat afectat pel muntatge de la Fira - COPE Alcoy\",\"isPartOf\":{\"@id\":\"https:\\\/\\\/www.copealcoy.es\\\/es\\\/#website\"},\"primaryImageOfPage\":{\"@id\":\"https:\\\/\\\/www.copealcoy.es\\\/es\\\/cocentaina-habilita-tres-zones-daparcament-per-al-veinat-afectat-pel-muntatge-de-la-fira\\\/#primaryimage\"},\"image\":{\"@id\":\"https:\\\/\\\/www.copealcoy.es\\\/es\\\/cocentaina-habilita-tres-zones-daparcament-per-al-veinat-afectat-pel-muntatge-de-la-fira\\\/#primaryimage\"},\"thumbnailUrl\":\"https:\\\/\\\/www.copealcoy.es\\\/wp-content\\\/uploads\\\/2021\\\/10\\\/1540_img_40276.jpg\",\"datePublished\":\"2021-10-21T08:25:59+00:00\",\"dateModified\":\"2021-10-21T16:53:59+00:00\",\"author\":{\"@id\":\"https:\\\/\\\/www.copealcoy.es\\\/es\\\/#\\\/schema\\\/person\\\/e777c87fa024e57d40170af9df39882c\"},\"breadcrumb\":{\"@id\":\"https:\\\/\\\/www.copealcoy.es\\\/es\\\/cocentaina-habilita-tres-zones-daparcament-per-al-veinat-afectat-pel-muntatge-de-la-fira\\\/#breadcrumb\"},\"inLanguage\":\"es\",\"potentialAction\":[{\"@type\":\"ReadAction\",\"target\":[\"https:\\\/\\\/www.copealcoy.es\\\/es\\\/cocentaina-habilita-tres-zones-daparcament-per-al-veinat-afectat-pel-muntatge-de-la-fira\\\/\"]}]},{\"@type\":\"ImageObject\",\"inLanguage\":\"es\",\"@id\":\"https:\\\/\\\/www.copealcoy.es\\\/es\\\/cocentaina-habilita-tres-zones-daparcament-per-al-veinat-afectat-pel-muntatge-de-la-fira\\\/#primaryimage\",\"url\":\"https:\\\/\\\/www.copealcoy.es\\\/wp-content\\\/uploads\\\/2021\\\/10\\\/1540_img_40276.jpg\",\"contentUrl\":\"https:\\\/\\\/www.copealcoy.es\\\/wp-content\\\/uploads\\\/2021\\\/10\\\/1540_img_40276.jpg\",\"width\":670,\"height\":377},{\"@type\":\"BreadcrumbList\",\"@id\":\"https:\\\/\\\/www.copealcoy.es\\\/es\\\/cocentaina-habilita-tres-zones-daparcament-per-al-veinat-afectat-pel-muntatge-de-la-fira\\\/#breadcrumb\",\"itemListElement\":[{\"@type\":\"ListItem\",\"position\":1,\"name\":\"Portada\",\"item\":\"https:\\\/\\\/www.copealcoy.es\\\/es\\\/\"},{\"@type\":\"ListItem\",\"position\":2,\"name\":\"Cocentaina habilita tres zones d&#8217;aparcament per al ve\u00efnat afectat pel muntatge de la Fira\"}]},{\"@type\":\"WebSite\",\"@id\":\"https:\\\/\\\/www.copealcoy.es\\\/es\\\/#website\",\"url\":\"https:\\\/\\\/www.copealcoy.es\\\/es\\\/\",\"name\":\"COPE Alcoy\",\"description\":\"Emisora COPE de radio local con emisi\u00f3n online. Pont de Sant Jordi 8-10 03803 Alcoy\",\"potentialAction\":[{\"@type\":\"SearchAction\",\"target\":{\"@type\":\"EntryPoint\",\"urlTemplate\":\"https:\\\/\\\/www.copealcoy.es\\\/es\\\/?s={search_term_string}\"},\"query-input\":{\"@type\":\"PropertyValueSpecification\",\"valueRequired\":true,\"valueName\":\"search_term_string\"}}],\"inLanguage\":\"es\"},{\"@type\":\"Person\",\"@id\":\"https:\\\/\\\/www.copealcoy.es\\\/es\\\/#\\\/schema\\\/person\\\/e777c87fa024e57d40170af9df39882c\",\"name\":\"Cope Alcoy\",\"image\":{\"@type\":\"ImageObject\",\"inLanguage\":\"es\",\"@id\":\"https:\\\/\\\/secure.gravatar.com\\\/avatar\\\/bb65d0283347e303893ba14f0692005417c1e0e690a325a4c5d8bb2b3943ee14?s=96&d=mm&r=g\",\"url\":\"https:\\\/\\\/secure.gravatar.com\\\/avatar\\\/bb65d0283347e303893ba14f0692005417c1e0e690a325a4c5d8bb2b3943ee14?s=96&d=mm&r=g\",\"contentUrl\":\"https:\\\/\\\/secure.gravatar.com\\\/avatar\\\/bb65d0283347e303893ba14f0692005417c1e0e690a325a4c5d8bb2b3943ee14?s=96&d=mm&r=g\",\"caption\":\"Cope Alcoy\"}}]}<\/script>\n<!-- \/ Yoast SEO plugin. -->","yoast_head_json":{"title":"Cocentaina habilita tres zones d'aparcament per al ve\u00efnat afectat pel muntatge de la Fira - COPE Alcoy","robots":{"index":"index","follow":"follow","max-snippet":"max-snippet:-1","max-image-preview":"max-image-preview:large","max-video-preview":"max-video-preview:-1"},"canonical":"https:\/\/www.copealcoy.es\/es\/cocentaina-habilita-tres-zones-daparcament-per-al-veinat-afectat-pel-muntatge-de-la-fira\/","og_locale":"es_ES","og_type":"article","og_title":"Cocentaina habilita tres zones d'aparcament per al ve\u00efnat afectat pel muntatge de la Fira - COPE Alcoy","og_description":"L&#8217; Ajuntament de Cocentaina ha comunicat que habilitar\u00e0 tres zones d&#8217;aparcament per al ve\u00efnat que es veja afectat pel muntatge...","og_url":"https:\/\/www.copealcoy.es\/es\/cocentaina-habilita-tres-zones-daparcament-per-al-veinat-afectat-pel-muntatge-de-la-fira\/","og_site_name":"COPE Alcoy","article_published_time":"2021-10-21T08:25:59+00:00","article_modified_time":"2021-10-21T16:53:59+00:00","og_image":[{"width":670,"height":377,"url":"https:\/\/www.copealcoy.es\/wp-content\/uploads\/2021\/10\/1540_img_40276.jpg","type":"image\/jpeg"}],"author":"Cope Alcoy","twitter_misc":{"Escrito por":"Cope Alcoy","Tiempo de lectura":"2 minutos"},"schema":{"@context":"https:\/\/schema.org","@graph":[{"@type":"Article","@id":"https:\/\/www.copealcoy.es\/es\/cocentaina-habilita-tres-zones-daparcament-per-al-veinat-afectat-pel-muntatge-de-la-fira\/#article","isPartOf":{"@id":"https:\/\/www.copealcoy.es\/es\/cocentaina-habilita-tres-zones-daparcament-per-al-veinat-afectat-pel-muntatge-de-la-fira\/"},"author":{"name":"Cope Alcoy","@id":"https:\/\/www.copealcoy.es\/es\/#\/schema\/person\/e777c87fa024e57d40170af9df39882c"},"headline":"Cocentaina habilita tres zones d&#8217;aparcament per al ve\u00efnat afectat pel muntatge de la Fira","datePublished":"2021-10-21T08:25:59+00:00","dateModified":"2021-10-21T16:53:59+00:00","mainEntityOfPage":{"@id":"https:\/\/www.copealcoy.es\/es\/cocentaina-habilita-tres-zones-daparcament-per-al-veinat-afectat-pel-muntatge-de-la-fira\/"},"wordCount":369,"commentCount":0,"image":{"@id":"https:\/\/www.copealcoy.es\/es\/cocentaina-habilita-tres-zones-daparcament-per-al-veinat-afectat-pel-muntatge-de-la-fira\/#primaryimage"},"thumbnailUrl":"https:\/\/www.copealcoy.es\/wp-content\/uploads\/2021\/10\/1540_img_40276.jpg","keywords":["aparcament","Cocentaina","Fira de Tots Sants","ve\u00efnat"],"articleSection":["Comarcas","Noticias"],"inLanguage":"es"},{"@type":"WebPage","@id":"https:\/\/www.copealcoy.es\/es\/cocentaina-habilita-tres-zones-daparcament-per-al-veinat-afectat-pel-muntatge-de-la-fira\/","url":"https:\/\/www.copealcoy.es\/es\/cocentaina-habilita-tres-zones-daparcament-per-al-veinat-afectat-pel-muntatge-de-la-fira\/","name":"Cocentaina habilita tres zones d'aparcament per al ve\u00efnat afectat pel muntatge de la Fira - COPE Alcoy","isPartOf":{"@id":"https:\/\/www.copealcoy.es\/es\/#website"},"primaryImageOfPage":{"@id":"https:\/\/www.copealcoy.es\/es\/cocentaina-habilita-tres-zones-daparcament-per-al-veinat-afectat-pel-muntatge-de-la-fira\/#primaryimage"},"image":{"@id":"https:\/\/www.copealcoy.es\/es\/cocentaina-habilita-tres-zones-daparcament-per-al-veinat-afectat-pel-muntatge-de-la-fira\/#primaryimage"},"thumbnailUrl":"https:\/\/www.copealcoy.es\/wp-content\/uploads\/2021\/10\/1540_img_40276.jpg","datePublished":"2021-10-21T08:25:59+00:00","dateModified":"2021-10-21T16:53:59+00:00","author":{"@id":"https:\/\/www.copealcoy.es\/es\/#\/schema\/person\/e777c87fa024e57d40170af9df39882c"},"breadcrumb":{"@id":"https:\/\/www.copealcoy.es\/es\/cocentaina-habilita-tres-zones-daparcament-per-al-veinat-afectat-pel-muntatge-de-la-fira\/#breadcrumb"},"inLanguage":"es","potentialAction":[{"@type":"ReadAction","target":["https:\/\/www.copealcoy.es\/es\/cocentaina-habilita-tres-zones-daparcament-per-al-veinat-afectat-pel-muntatge-de-la-fira\/"]}]},{"@type":"ImageObject","inLanguage":"es","@id":"https:\/\/www.copealcoy.es\/es\/cocentaina-habilita-tres-zones-daparcament-per-al-veinat-afectat-pel-muntatge-de-la-fira\/#primaryimage","url":"https:\/\/www.copealcoy.es\/wp-content\/uploads\/2021\/10\/1540_img_40276.jpg","contentUrl":"https:\/\/www.copealcoy.es\/wp-content\/uploads\/2021\/10\/1540_img_40276.jpg","width":670,"height":377},{"@type":"BreadcrumbList","@id":"https:\/\/www.copealcoy.es\/es\/cocentaina-habilita-tres-zones-daparcament-per-al-veinat-afectat-pel-muntatge-de-la-fira\/#breadcrumb","itemListElement":[{"@type":"ListItem","position":1,"name":"Portada","item":"https:\/\/www.copealcoy.es\/es\/"},{"@type":"ListItem","position":2,"name":"Cocentaina habilita tres zones d&#8217;aparcament per al ve\u00efnat afectat pel muntatge de la Fira"}]},{"@type":"WebSite","@id":"https:\/\/www.copealcoy.es\/es\/#website","url":"https:\/\/www.copealcoy.es\/es\/","name":"COPE Alcoy","description":"Emisora COPE de radio local con emisi\u00f3n online. Pont de Sant Jordi 8-10 03803 Alcoy","potentialAction":[{"@type":"SearchAction","target":{"@type":"EntryPoint","urlTemplate":"https:\/\/www.copealcoy.es\/es\/?s={search_term_string}"},"query-input":{"@type":"PropertyValueSpecification","valueRequired":true,"valueName":"search_term_string"}}],"inLanguage":"es"},{"@type":"Person","@id":"https:\/\/www.copealcoy.es\/es\/#\/schema\/person\/e777c87fa024e57d40170af9df39882c","name":"Cope Alcoy","image":{"@type":"ImageObject","inLanguage":"es","@id":"https:\/\/secure.gravatar.com\/avatar\/bb65d0283347e303893ba14f0692005417c1e0e690a325a4c5d8bb2b3943ee14?s=96&d=mm&r=g","url":"https:\/\/secure.gravatar.com\/avatar\/bb65d0283347e303893ba14f0692005417c1e0e690a325a4c5d8bb2b3943ee14?s=96&d=mm&r=g","contentUrl":"https:\/\/secure.gravatar.com\/avatar\/bb65d0283347e303893ba14f0692005417c1e0e690a325a4c5d8bb2b3943ee14?s=96&d=mm&r=g","caption":"Cope Alcoy"}}]}},"_links":{"self":[{"href":"https:\/\/www.copealcoy.es\/es\/wp-json\/wp\/v2\/posts\/79305","targetHints":{"allow":["GET"]}}],"collection":[{"href":"https:\/\/www.copealcoy.es\/es\/wp-json\/wp\/v2\/posts"}],"about":[{"href":"https:\/\/www.copealcoy.es\/es\/wp-json\/wp\/v2\/types\/post"}],"author":[{"embeddable":true,"href":"https:\/\/www.copealcoy.es\/es\/wp-json\/wp\/v2\/users\/1"}],"replies":[{"embeddable":true,"href":"https:\/\/www.copealcoy.es\/es\/wp-json\/wp\/v2\/comments?post=79305"}],"version-history":[{"count":0,"href":"https:\/\/www.copealcoy.es\/es\/wp-json\/wp\/v2\/posts\/79305\/revisions"}],"wp:featuredmedia":[{"embeddable":true,"href":"https:\/\/www.copealcoy.es\/es\/wp-json\/wp\/v2\/media\/79333"}],"wp:attachment":[{"href":"https:\/\/www.copealcoy.es\/es\/wp-json\/wp\/v2\/media?parent=79305"}],"wp:term":[{"taxonomy":"category","embeddable":true,"href":"https:\/\/www.copealcoy.es\/es\/wp-json\/wp\/v2\/categories?post=79305"},{"taxonomy":"post_tag","embeddable":true,"href":"https:\/\/www.copealcoy.es\/es\/wp-json\/wp\/v2\/tags?post=79305"}],"curies":[{"name":"wp","href":"https:\/\/api.w.org\/{rel}","templated":true}]}}