{"id":79300,"date":"2021-10-21T09:09:46","date_gmt":"2021-10-21T08:09:46","guid":{"rendered":"https:\/\/www.copealcoy.es\/?p=79300"},"modified":"2021-11-19T20:56:29","modified_gmt":"2021-11-19T19:56:29","slug":"las-familias-valencianas-mas-vulnerables-excluidas-de-las-ayudas-al-alquiler-de-vivienda-de-la-conselleria","status":"publish","type":"post","link":"https:\/\/www.copealcoy.es\/es\/las-familias-valencianas-mas-vulnerables-excluidas-de-las-ayudas-al-alquiler-de-vivienda-de-la-conselleria\/","title":{"rendered":"Las familias valencianas m\u00e1s vulnerables, excluidas de las ayudas al alquiler de vivienda de la Conseller\u00eda"},"content":{"rendered":"<p style=\"text-align: justify;\">C\u00e1ritas Comunitat Valenciana denuncia que la Conselleria de Vivienda sigue dejando fuera de las ayudas por alquiler a las familias m\u00e1s vulnerables, aquellas que<strong>\u00a0no tienen ni conocimientos inform\u00e1ticos, ni siquiera este tipo de dispositivos\u00a0<\/strong>para solicitar esas ayudas, dado que\u00a0<strong>la Conseller\u00eda s\u00f3lo admite la v\u00eda telem\u00e1tica para esas solicitudes<\/strong>. De hecho, C\u00e1ritas estudia ya la v\u00eda judicial.<\/p>\n<p style=\"text-align: justify;\">Ante el silencio de la Conselleria a la petici\u00f3n de las tres C\u00e1ritas Diocesanas de la Comunitat -Orihuela-Alicante, Segorbe\u2013Castell\u00f3n y Valencia para que las ayudas de la Conseller\u00eda no dejen fuera a estas familias afectadas por la &#8220;brecha digital&#8221;, trasladaron su queja al S\u00edndic de Greuges el pasado mes de julio, que no fue respondida por la Conseller\u00eda en los dos plazos que le dio este organismo.<\/p>\n<p style=\"text-align: justify;\">La Orden 3\/2021 por la que se aprobaban las bases reguladoras para la concesi\u00f3n del Programa de Ayudas al alquiler de viviendas y del Programa de ayudas al alquiler para j\u00f3venes\u00a0<strong>exclu\u00eda, expresamente, la presentaci\u00f3n de las mismas por registro general de entrada, p<\/strong>or lo que las personas que carecen tanto de dispositivos como de conocimientos inform\u00e1ticos\u00a0<strong>quedaron fuera del acceso a dichas ayudas, denuncia C\u00e1ritas.<\/strong><\/p>\n<p style=\"text-align: justify;\">A principios del pasado mes de junio, un equipo t\u00e9cnico de C\u00e1ritas Valencia se reuni\u00f3 con la Direcci\u00f3n general de Emergencia Habitacional para hacerle conocedora de la limitaci\u00f3n que esta medida supon\u00eda y dar as\u00ed la posibilidad de rectificar la referida Orden..<\/p>\n<p style=\"text-align: justify;\">C\u00e1ritas pidi\u00f3 que se flexibilizaran algunas de las medidas y\u00a0<strong>que se implementaran citas presenciales para facilitar a las personas que carecen de medios electr\u00f3nicos la solicitud de las ayudas<\/strong>.<\/p>\n<p style=\"text-align: justify;\">Por su parte,\u00a0<strong>el S\u00edndic de Greuges conmin\u00f3 a la Conselleria a tener en cuenta esta demanda\u00a0<\/strong>y estableci\u00f3 un nuevo plazo de un mes que ahora se cumple, para que la Generalitat respondiera.<\/p>\n<p style=\"text-align: justify;\">C\u00e1ritas reclama que se modifique la legislaci\u00f3n que excluye del acceso a ayudas sociales a quienes m\u00e1s las necesitan y recuerda que las personas en situaci\u00f3n de vulnerabilidad a las que acompa\u00f1a, y hacia las que est\u00e1n destinadas las ayudas al alquiler<strong>, suman, adem\u00e1s, dificultades materiales y habilidades digitales para poder relacionarse con la Administraci\u00f3n.<\/strong><\/p>\n<p style=\"text-align: justify;\">&#8220;<em>En consecuencia,\u00a0la llamada brecha digital deja fuera del sistema a quienes m\u00e1s lo necesitan<\/em>&#8220;, advierte, y anuncia su intenci\u00f3n de acudir a los tribunales si no se acepta su petici\u00f3n.<\/p>\n","protected":false},"excerpt":{"rendered":"<p>C\u00e1ritas Comunitat Valenciana denuncia que la Conselleria de Vivienda sigue dejando fuera de las ayudas por alquiler a las familias&#8230;<\/p>\n","protected":false},"author":1,"featured_media":79301,"comment_status":"open","ping_status":"open","sticky":false,"template":"","format":"standard","meta":{"footnotes":""},"categories":[75,79],"tags":[407,11953,561,11954,750],"class_list":["post-79300","post","type-post","status-publish","format-standard","has-post-thumbnail","hentry","category-noticias","category-politicayeconomia","tag-ayudas","tag-caritas-valencia","tag-conselleria","tag-familias-vulnerables","tag-vivienda"],"yoast_head":"<!-- This site is optimized with the Yoast SEO plugin v27.3 - https:\/\/yoast.com\/product\/yoast-seo-wordpress\/ -->\n<title>Las familias valencianas m\u00e1s vulnerables, excluidas de las ayudas al alquiler de vivienda de la Conseller\u00eda - COPE Alcoy<\/title>\n<meta name=\"robots\" content=\"index, follow, max-snippet:-1, max-image-preview:large, max-video-preview:-1\" \/>\n<link rel=\"canonical\" href=\"https:\/\/www.copealcoy.es\/es\/las-familias-valencianas-mas-vulnerables-excluidas-de-las-ayudas-al-alquiler-de-vivienda-de-la-conselleria\/\" \/>\n<meta property=\"og:locale\" content=\"es_ES\" \/>\n<meta property=\"og:type\" content=\"article\" \/>\n<meta property=\"og:title\" content=\"Las familias valencianas m\u00e1s vulnerables, excluidas de las ayudas al alquiler de vivienda de la Conseller\u00eda - COPE Alcoy\" \/>\n<meta property=\"og:description\" content=\"C\u00e1ritas Comunitat Valenciana denuncia que la Conselleria de Vivienda sigue dejando fuera de las ayudas por alquiler a las familias...\" \/>\n<meta property=\"og:url\" content=\"https:\/\/www.copealcoy.es\/es\/las-familias-valencianas-mas-vulnerables-excluidas-de-las-ayudas-al-alquiler-de-vivienda-de-la-conselleria\/\" \/>\n<meta property=\"og:site_name\" content=\"COPE Alcoy\" \/>\n<meta property=\"article:published_time\" content=\"2021-10-21T08:09:46+00:00\" \/>\n<meta property=\"article:modified_time\" content=\"2021-11-19T19:56:29+00:00\" \/>\n<meta property=\"og:image\" content=\"https:\/\/www.copealcoy.es\/wp-content\/uploads\/2021\/10\/1569000520713.jpg\" \/>\n\t<meta property=\"og:image:width\" content=\"976\" \/>\n\t<meta property=\"og:image:height\" content=\"732\" \/>\n\t<meta property=\"og:image:type\" content=\"image\/jpeg\" \/>\n<meta name=\"author\" content=\"Cope Alcoy\" \/>\n<meta name=\"twitter:label1\" content=\"Escrito por\" \/>\n\t<meta name=\"twitter:data1\" content=\"Cope Alcoy\" \/>\n\t<meta name=\"twitter:label2\" content=\"Tiempo de lectura\" \/>\n\t<meta name=\"twitter:data2\" content=\"2 minutos\" \/>\n<script type=\"application\/ld+json\" class=\"yoast-schema-graph\">{\"@context\":\"https:\\\/\\\/schema.org\",\"@graph\":[{\"@type\":\"Article\",\"@id\":\"https:\\\/\\\/www.copealcoy.es\\\/es\\\/las-familias-valencianas-mas-vulnerables-excluidas-de-las-ayudas-al-alquiler-de-vivienda-de-la-conselleria\\\/#article\",\"isPartOf\":{\"@id\":\"https:\\\/\\\/www.copealcoy.es\\\/es\\\/las-familias-valencianas-mas-vulnerables-excluidas-de-las-ayudas-al-alquiler-de-vivienda-de-la-conselleria\\\/\"},\"author\":{\"name\":\"Cope Alcoy\",\"@id\":\"https:\\\/\\\/www.copealcoy.es\\\/es\\\/#\\\/schema\\\/person\\\/e777c87fa024e57d40170af9df39882c\"},\"headline\":\"Las familias valencianas m\u00e1s vulnerables, excluidas de las ayudas al alquiler de vivienda de la Conseller\u00eda\",\"datePublished\":\"2021-10-21T08:09:46+00:00\",\"dateModified\":\"2021-11-19T19:56:29+00:00\",\"mainEntityOfPage\":{\"@id\":\"https:\\\/\\\/www.copealcoy.es\\\/es\\\/las-familias-valencianas-mas-vulnerables-excluidas-de-las-ayudas-al-alquiler-de-vivienda-de-la-conselleria\\\/\"},\"wordCount\":442,\"commentCount\":0,\"image\":{\"@id\":\"https:\\\/\\\/www.copealcoy.es\\\/es\\\/las-familias-valencianas-mas-vulnerables-excluidas-de-las-ayudas-al-alquiler-de-vivienda-de-la-conselleria\\\/#primaryimage\"},\"thumbnailUrl\":\"https:\\\/\\\/www.copealcoy.es\\\/wp-content\\\/uploads\\\/2021\\\/10\\\/1569000520713.jpg\",\"keywords\":[\"Ayudas\",\"C\u00e1ritas Valencia\",\"Conseller\u00eda\",\"familias vulnerables\",\"Vivienda\"],\"articleSection\":[\"Noticias\",\"Pol\u00edtica y Econom\u00eda\"],\"inLanguage\":\"es\"},{\"@type\":\"WebPage\",\"@id\":\"https:\\\/\\\/www.copealcoy.es\\\/es\\\/las-familias-valencianas-mas-vulnerables-excluidas-de-las-ayudas-al-alquiler-de-vivienda-de-la-conselleria\\\/\",\"url\":\"https:\\\/\\\/www.copealcoy.es\\\/es\\\/las-familias-valencianas-mas-vulnerables-excluidas-de-las-ayudas-al-alquiler-de-vivienda-de-la-conselleria\\\/\",\"name\":\"Las familias valencianas m\u00e1s vulnerables, excluidas de las ayudas al alquiler de vivienda de la Conseller\u00eda - COPE Alcoy\",\"isPartOf\":{\"@id\":\"https:\\\/\\\/www.copealcoy.es\\\/es\\\/#website\"},\"primaryImageOfPage\":{\"@id\":\"https:\\\/\\\/www.copealcoy.es\\\/es\\\/las-familias-valencianas-mas-vulnerables-excluidas-de-las-ayudas-al-alquiler-de-vivienda-de-la-conselleria\\\/#primaryimage\"},\"image\":{\"@id\":\"https:\\\/\\\/www.copealcoy.es\\\/es\\\/las-familias-valencianas-mas-vulnerables-excluidas-de-las-ayudas-al-alquiler-de-vivienda-de-la-conselleria\\\/#primaryimage\"},\"thumbnailUrl\":\"https:\\\/\\\/www.copealcoy.es\\\/wp-content\\\/uploads\\\/2021\\\/10\\\/1569000520713.jpg\",\"datePublished\":\"2021-10-21T08:09:46+00:00\",\"dateModified\":\"2021-11-19T19:56:29+00:00\",\"author\":{\"@id\":\"https:\\\/\\\/www.copealcoy.es\\\/es\\\/#\\\/schema\\\/person\\\/e777c87fa024e57d40170af9df39882c\"},\"breadcrumb\":{\"@id\":\"https:\\\/\\\/www.copealcoy.es\\\/es\\\/las-familias-valencianas-mas-vulnerables-excluidas-de-las-ayudas-al-alquiler-de-vivienda-de-la-conselleria\\\/#breadcrumb\"},\"inLanguage\":\"es\",\"potentialAction\":[{\"@type\":\"ReadAction\",\"target\":[\"https:\\\/\\\/www.copealcoy.es\\\/es\\\/las-familias-valencianas-mas-vulnerables-excluidas-de-las-ayudas-al-alquiler-de-vivienda-de-la-conselleria\\\/\"]}]},{\"@type\":\"ImageObject\",\"inLanguage\":\"es\",\"@id\":\"https:\\\/\\\/www.copealcoy.es\\\/es\\\/las-familias-valencianas-mas-vulnerables-excluidas-de-las-ayudas-al-alquiler-de-vivienda-de-la-conselleria\\\/#primaryimage\",\"url\":\"https:\\\/\\\/www.copealcoy.es\\\/wp-content\\\/uploads\\\/2021\\\/10\\\/1569000520713.jpg\",\"contentUrl\":\"https:\\\/\\\/www.copealcoy.es\\\/wp-content\\\/uploads\\\/2021\\\/10\\\/1569000520713.jpg\",\"width\":976,\"height\":732},{\"@type\":\"BreadcrumbList\",\"@id\":\"https:\\\/\\\/www.copealcoy.es\\\/es\\\/las-familias-valencianas-mas-vulnerables-excluidas-de-las-ayudas-al-alquiler-de-vivienda-de-la-conselleria\\\/#breadcrumb\",\"itemListElement\":[{\"@type\":\"ListItem\",\"position\":1,\"name\":\"Portada\",\"item\":\"https:\\\/\\\/www.copealcoy.es\\\/es\\\/\"},{\"@type\":\"ListItem\",\"position\":2,\"name\":\"Las familias valencianas m\u00e1s vulnerables, excluidas de las ayudas al alquiler de vivienda de la Conseller\u00eda\"}]},{\"@type\":\"WebSite\",\"@id\":\"https:\\\/\\\/www.copealcoy.es\\\/es\\\/#website\",\"url\":\"https:\\\/\\\/www.copealcoy.es\\\/es\\\/\",\"name\":\"COPE Alcoy\",\"description\":\"Emisora COPE de radio local con emisi\u00f3n online. Pont de Sant Jordi 8-10 03803 Alcoy\",\"potentialAction\":[{\"@type\":\"SearchAction\",\"target\":{\"@type\":\"EntryPoint\",\"urlTemplate\":\"https:\\\/\\\/www.copealcoy.es\\\/es\\\/?s={search_term_string}\"},\"query-input\":{\"@type\":\"PropertyValueSpecification\",\"valueRequired\":true,\"valueName\":\"search_term_string\"}}],\"inLanguage\":\"es\"},{\"@type\":\"Person\",\"@id\":\"https:\\\/\\\/www.copealcoy.es\\\/es\\\/#\\\/schema\\\/person\\\/e777c87fa024e57d40170af9df39882c\",\"name\":\"Cope Alcoy\",\"image\":{\"@type\":\"ImageObject\",\"inLanguage\":\"es\",\"@id\":\"https:\\\/\\\/secure.gravatar.com\\\/avatar\\\/bb65d0283347e303893ba14f0692005417c1e0e690a325a4c5d8bb2b3943ee14?s=96&d=mm&r=g\",\"url\":\"https:\\\/\\\/secure.gravatar.com\\\/avatar\\\/bb65d0283347e303893ba14f0692005417c1e0e690a325a4c5d8bb2b3943ee14?s=96&d=mm&r=g\",\"contentUrl\":\"https:\\\/\\\/secure.gravatar.com\\\/avatar\\\/bb65d0283347e303893ba14f0692005417c1e0e690a325a4c5d8bb2b3943ee14?s=96&d=mm&r=g\",\"caption\":\"Cope Alcoy\"}}]}<\/script>\n<!-- \/ Yoast SEO plugin. -->","yoast_head_json":{"title":"Las familias valencianas m\u00e1s vulnerables, excluidas de las ayudas al alquiler de vivienda de la Conseller\u00eda - COPE Alcoy","robots":{"index":"index","follow":"follow","max-snippet":"max-snippet:-1","max-image-preview":"max-image-preview:large","max-video-preview":"max-video-preview:-1"},"canonical":"https:\/\/www.copealcoy.es\/es\/las-familias-valencianas-mas-vulnerables-excluidas-de-las-ayudas-al-alquiler-de-vivienda-de-la-conselleria\/","og_locale":"es_ES","og_type":"article","og_title":"Las familias valencianas m\u00e1s vulnerables, excluidas de las ayudas al alquiler de vivienda de la Conseller\u00eda - COPE Alcoy","og_description":"C\u00e1ritas Comunitat Valenciana denuncia que la Conselleria de Vivienda sigue dejando fuera de las ayudas por alquiler a las familias...","og_url":"https:\/\/www.copealcoy.es\/es\/las-familias-valencianas-mas-vulnerables-excluidas-de-las-ayudas-al-alquiler-de-vivienda-de-la-conselleria\/","og_site_name":"COPE Alcoy","article_published_time":"2021-10-21T08:09:46+00:00","article_modified_time":"2021-11-19T19:56:29+00:00","og_image":[{"width":976,"height":732,"url":"https:\/\/www.copealcoy.es\/wp-content\/uploads\/2021\/10\/1569000520713.jpg","type":"image\/jpeg"}],"author":"Cope Alcoy","twitter_misc":{"Escrito por":"Cope Alcoy","Tiempo de lectura":"2 minutos"},"schema":{"@context":"https:\/\/schema.org","@graph":[{"@type":"Article","@id":"https:\/\/www.copealcoy.es\/es\/las-familias-valencianas-mas-vulnerables-excluidas-de-las-ayudas-al-alquiler-de-vivienda-de-la-conselleria\/#article","isPartOf":{"@id":"https:\/\/www.copealcoy.es\/es\/las-familias-valencianas-mas-vulnerables-excluidas-de-las-ayudas-al-alquiler-de-vivienda-de-la-conselleria\/"},"author":{"name":"Cope Alcoy","@id":"https:\/\/www.copealcoy.es\/es\/#\/schema\/person\/e777c87fa024e57d40170af9df39882c"},"headline":"Las familias valencianas m\u00e1s vulnerables, excluidas de las ayudas al alquiler de vivienda de la Conseller\u00eda","datePublished":"2021-10-21T08:09:46+00:00","dateModified":"2021-11-19T19:56:29+00:00","mainEntityOfPage":{"@id":"https:\/\/www.copealcoy.es\/es\/las-familias-valencianas-mas-vulnerables-excluidas-de-las-ayudas-al-alquiler-de-vivienda-de-la-conselleria\/"},"wordCount":442,"commentCount":0,"image":{"@id":"https:\/\/www.copealcoy.es\/es\/las-familias-valencianas-mas-vulnerables-excluidas-de-las-ayudas-al-alquiler-de-vivienda-de-la-conselleria\/#primaryimage"},"thumbnailUrl":"https:\/\/www.copealcoy.es\/wp-content\/uploads\/2021\/10\/1569000520713.jpg","keywords":["Ayudas","C\u00e1ritas Valencia","Conseller\u00eda","familias vulnerables","Vivienda"],"articleSection":["Noticias","Pol\u00edtica y Econom\u00eda"],"inLanguage":"es"},{"@type":"WebPage","@id":"https:\/\/www.copealcoy.es\/es\/las-familias-valencianas-mas-vulnerables-excluidas-de-las-ayudas-al-alquiler-de-vivienda-de-la-conselleria\/","url":"https:\/\/www.copealcoy.es\/es\/las-familias-valencianas-mas-vulnerables-excluidas-de-las-ayudas-al-alquiler-de-vivienda-de-la-conselleria\/","name":"Las familias valencianas m\u00e1s vulnerables, excluidas de las ayudas al alquiler de vivienda de la Conseller\u00eda - COPE Alcoy","isPartOf":{"@id":"https:\/\/www.copealcoy.es\/es\/#website"},"primaryImageOfPage":{"@id":"https:\/\/www.copealcoy.es\/es\/las-familias-valencianas-mas-vulnerables-excluidas-de-las-ayudas-al-alquiler-de-vivienda-de-la-conselleria\/#primaryimage"},"image":{"@id":"https:\/\/www.copealcoy.es\/es\/las-familias-valencianas-mas-vulnerables-excluidas-de-las-ayudas-al-alquiler-de-vivienda-de-la-conselleria\/#primaryimage"},"thumbnailUrl":"https:\/\/www.copealcoy.es\/wp-content\/uploads\/2021\/10\/1569000520713.jpg","datePublished":"2021-10-21T08:09:46+00:00","dateModified":"2021-11-19T19:56:29+00:00","author":{"@id":"https:\/\/www.copealcoy.es\/es\/#\/schema\/person\/e777c87fa024e57d40170af9df39882c"},"breadcrumb":{"@id":"https:\/\/www.copealcoy.es\/es\/las-familias-valencianas-mas-vulnerables-excluidas-de-las-ayudas-al-alquiler-de-vivienda-de-la-conselleria\/#breadcrumb"},"inLanguage":"es","potentialAction":[{"@type":"ReadAction","target":["https:\/\/www.copealcoy.es\/es\/las-familias-valencianas-mas-vulnerables-excluidas-de-las-ayudas-al-alquiler-de-vivienda-de-la-conselleria\/"]}]},{"@type":"ImageObject","inLanguage":"es","@id":"https:\/\/www.copealcoy.es\/es\/las-familias-valencianas-mas-vulnerables-excluidas-de-las-ayudas-al-alquiler-de-vivienda-de-la-conselleria\/#primaryimage","url":"https:\/\/www.copealcoy.es\/wp-content\/uploads\/2021\/10\/1569000520713.jpg","contentUrl":"https:\/\/www.copealcoy.es\/wp-content\/uploads\/2021\/10\/1569000520713.jpg","width":976,"height":732},{"@type":"BreadcrumbList","@id":"https:\/\/www.copealcoy.es\/es\/las-familias-valencianas-mas-vulnerables-excluidas-de-las-ayudas-al-alquiler-de-vivienda-de-la-conselleria\/#breadcrumb","itemListElement":[{"@type":"ListItem","position":1,"name":"Portada","item":"https:\/\/www.copealcoy.es\/es\/"},{"@type":"ListItem","position":2,"name":"Las familias valencianas m\u00e1s vulnerables, excluidas de las ayudas al alquiler de vivienda de la Conseller\u00eda"}]},{"@type":"WebSite","@id":"https:\/\/www.copealcoy.es\/es\/#website","url":"https:\/\/www.copealcoy.es\/es\/","name":"COPE Alcoy","description":"Emisora COPE de radio local con emisi\u00f3n online. Pont de Sant Jordi 8-10 03803 Alcoy","potentialAction":[{"@type":"SearchAction","target":{"@type":"EntryPoint","urlTemplate":"https:\/\/www.copealcoy.es\/es\/?s={search_term_string}"},"query-input":{"@type":"PropertyValueSpecification","valueRequired":true,"valueName":"search_term_string"}}],"inLanguage":"es"},{"@type":"Person","@id":"https:\/\/www.copealcoy.es\/es\/#\/schema\/person\/e777c87fa024e57d40170af9df39882c","name":"Cope Alcoy","image":{"@type":"ImageObject","inLanguage":"es","@id":"https:\/\/secure.gravatar.com\/avatar\/bb65d0283347e303893ba14f0692005417c1e0e690a325a4c5d8bb2b3943ee14?s=96&d=mm&r=g","url":"https:\/\/secure.gravatar.com\/avatar\/bb65d0283347e303893ba14f0692005417c1e0e690a325a4c5d8bb2b3943ee14?s=96&d=mm&r=g","contentUrl":"https:\/\/secure.gravatar.com\/avatar\/bb65d0283347e303893ba14f0692005417c1e0e690a325a4c5d8bb2b3943ee14?s=96&d=mm&r=g","caption":"Cope Alcoy"}}]}},"_links":{"self":[{"href":"https:\/\/www.copealcoy.es\/es\/wp-json\/wp\/v2\/posts\/79300","targetHints":{"allow":["GET"]}}],"collection":[{"href":"https:\/\/www.copealcoy.es\/es\/wp-json\/wp\/v2\/posts"}],"about":[{"href":"https:\/\/www.copealcoy.es\/es\/wp-json\/wp\/v2\/types\/post"}],"author":[{"embeddable":true,"href":"https:\/\/www.copealcoy.es\/es\/wp-json\/wp\/v2\/users\/1"}],"replies":[{"embeddable":true,"href":"https:\/\/www.copealcoy.es\/es\/wp-json\/wp\/v2\/comments?post=79300"}],"version-history":[{"count":0,"href":"https:\/\/www.copealcoy.es\/es\/wp-json\/wp\/v2\/posts\/79300\/revisions"}],"wp:featuredmedia":[{"embeddable":true,"href":"https:\/\/www.copealcoy.es\/es\/wp-json\/wp\/v2\/media\/79301"}],"wp:attachment":[{"href":"https:\/\/www.copealcoy.es\/es\/wp-json\/wp\/v2\/media?parent=79300"}],"wp:term":[{"taxonomy":"category","embeddable":true,"href":"https:\/\/www.copealcoy.es\/es\/wp-json\/wp\/v2\/categories?post=79300"},{"taxonomy":"post_tag","embeddable":true,"href":"https:\/\/www.copealcoy.es\/es\/wp-json\/wp\/v2\/tags?post=79300"}],"curies":[{"name":"wp","href":"https:\/\/api.w.org\/{rel}","templated":true}]}}