{"id":79111,"date":"2021-10-18T12:00:39","date_gmt":"2021-10-18T11:00:39","guid":{"rendered":"https:\/\/www.copealcoy.es\/?p=79111"},"modified":"2021-10-17T18:50:03","modified_gmt":"2021-10-17T17:50:03","slug":"el-campus-de-alcoy-de-la-upv-acerca-la-ciencia-a-los-mas-jovenes","status":"publish","type":"post","link":"https:\/\/www.copealcoy.es\/es\/el-campus-de-alcoy-de-la-upv-acerca-la-ciencia-a-los-mas-jovenes\/","title":{"rendered":"El Campus de Alcoy de la UPV acerca la ciencia a los m\u00e1s j\u00f3venes"},"content":{"rendered":"<p style=\"text-align: justify;\">Han finalizado ya <strong>las actividades principales del proyecto \u2018J\u00f3venes conCiencia\u2019<\/strong>, un programa del Campus de Alcoy de la UPV con acciones dedicadas a fomentar las vocaciones cient\u00edficas desde Infantil hasta Bachillerato y Ciclos Formativos. Estas actividades <strong>han llegado a 5.955 estudiantes de 51 centros educativos<\/strong> de las provincias de Alicante, Valencia y Castell\u00f3n.<\/p>\n<p style=\"text-align: justify;\">El objetivo principal del proyecto <strong>es contribuir a la promoci\u00f3n de las vocaciones cient\u00edfico-tecnol\u00f3gicas<\/strong> sobre todo entre las ni\u00f1as y j\u00f3venes. \u2018J\u00f3venes conCiencia\u2019 <strong>cuenta con la colaboraci\u00f3n<\/strong> de la Fundaci\u00f3n Espa\u00f1ola para la Ciencia y la Tecnolog\u00eda &#8211; Ministerio de Ciencia e Innovaci\u00f3n, la C\u00e1tedra \u2018Alcoy Ciudad del Conocimiento\u2019 (firmada con el Ayuntamiento de Alcoy) y el mismo Campus de Alcoy de la Universitat Polit\u00e8cnica de Val\u00e8ncia (UPV).<\/p>\n<p style=\"text-align: justify;\">En estos 16 a\u00f1os ininterrumpidos, estas acciones de vocaciones cient\u00edficas en el Campus de Alcoy de la UPV <strong>se consideran estrat\u00e9gicas<\/strong> y se han consolidado como grandes eventos dentro de la Comunidad Valenciana. Algunos de los talleres <strong>se han impartido de forma online<\/strong> para cumplir los protocolos marcados por la Covid-19. El crecimiento del n\u00famero de participantes, as\u00ed como el n\u00famero de actividades, <strong>ha sido muy positivo<\/strong> y <strong>se ha llegado cada vez a m\u00e1s rangos de edad<\/strong>\u00a0as\u00ed como a diferentes niveles educativos. Las <strong>\u00faltimas actividades<\/strong> que se han celebrado son \u201cSemana Joven de la Ciencia\u201d, \u201cCiencialab\u201d, \u201cMagia de la Ciencia\u201d y el Teatro Cient\u00edfico.<\/p>\n<p style=\"text-align: justify;\">Los talleres de la <strong>\u2018Semana Joven de la Ciencia\u2019<\/strong> est\u00e1n dirigidos a estudiantes de Bachillerato y Ciclos Formativos de Grado Superior. Estas iniciativas <strong>han llegado a 3.686 estudiantes de 28 centros educativos<\/strong> de Villena, Valencia, Albaida, Alicante, Alcoy, Torrevieja, San Vicente del Raspeig, Ontinyent, Novelda, Muro, Monforte del Cid, Ibi, Elda, Crevillent, Cocentaina, Castalla, Biar, Benilloba y Banyeres.<\/p>\n<p style=\"text-align: justify;\"><strong>\u2018Ciencialab\u2019<\/strong> est\u00e1 dirigido a estudiantes de 3\u00ba y 4\u00ba de la ESO y Ciclos Formativos de Grado Medio. Estos talleres <strong>han llegado a un total de 1.179 estudiantes de 10 centros educativos<\/strong> de Alacant, Alcoi, Villena, Muro, Crevillent, Cocentaina, Banyeres, Benilloba, Biar y Castell\u00f3n.<\/p>\n<p style=\"text-align: justify;\">Por su parte <strong>702 estudiantes<\/strong> de 6\u00ba de Primaria tambi\u00e9n han participado en la <strong>\u2018Magia de la Ciencia\u2019<\/strong> y en este caso proced\u00edan de 9 centros educativos de Alcoi, Castalla y Banyeres.<\/p>\n<p style=\"text-align: justify;\">Otra de las actividades ha sido <strong>el Teatro Cient\u00edfico<\/strong> a la que han acudido<strong> 388 alumnos de 5 colegios de Alcoy<\/strong>. El <strong>argumento de esta actividad<\/strong> nos sit\u00faa en un laboratorio dondedos cient\u00edficos estudian un misterioso compuesto hallado en el zumo de lombarda. Cansados de teorizar, deciden pasar a la pr\u00e1ctica, y tras beber una peque\u00f1a muestra del compuesto, se convierten en Aurora Ribosoma y Armando Neutrino. Nuestros circocient\u00edficos se valieron de todos sus conocimientos y habilidades para divertir y ense\u00f1ar a los espectadores el apasionante mundo de \u00e1cidos y bases, reacciones de neutralizaci\u00f3n y, en definitiva, pH. Todo esto aderezado con malabares, acrobacias, equilibrios, mucha interacci\u00f3n con el p\u00fablico y altas dosis de humor cient\u00edfico.<\/p>\n","protected":false},"excerpt":{"rendered":"<p>Han finalizado ya las actividades principales del proyecto \u2018J\u00f3venes conCiencia\u2019, un programa del Campus de Alcoy de la UPV con&#8230;<\/p>\n","protected":false},"author":1,"featured_media":79112,"comment_status":"open","ping_status":"open","sticky":false,"template":"","format":"standard","meta":{"footnotes":""},"categories":[97,5374,900,75],"tags":[10053,1862,5392,423,8104],"class_list":["post-79111","post","type-post","status-publish","format-standard","has-post-thumbnail","hentry","category-alcoy","category-campus-de-alcoy","category-educacion","category-noticias","tag-acercamiento","tag-campus-de-alcoy","tag-ciencia","tag-educacion","tag-mas-jovenes"],"yoast_head":"<!-- This site is optimized with the Yoast SEO plugin v27.3 - https:\/\/yoast.com\/product\/yoast-seo-wordpress\/ -->\n<title>El Campus de Alcoy de la UPV acerca la ciencia a los m\u00e1s j\u00f3venes - COPE Alcoy<\/title>\n<meta name=\"robots\" content=\"index, follow, max-snippet:-1, max-image-preview:large, max-video-preview:-1\" \/>\n<link rel=\"canonical\" href=\"https:\/\/www.copealcoy.es\/es\/el-campus-de-alcoy-de-la-upv-acerca-la-ciencia-a-los-mas-jovenes\/\" \/>\n<meta property=\"og:locale\" content=\"es_ES\" \/>\n<meta property=\"og:type\" content=\"article\" \/>\n<meta property=\"og:title\" content=\"El Campus de Alcoy de la UPV acerca la ciencia a los m\u00e1s j\u00f3venes - COPE Alcoy\" \/>\n<meta property=\"og:description\" content=\"Han finalizado ya las actividades principales del proyecto \u2018J\u00f3venes conCiencia\u2019, un programa del Campus de Alcoy de la UPV con...\" \/>\n<meta property=\"og:url\" content=\"https:\/\/www.copealcoy.es\/es\/el-campus-de-alcoy-de-la-upv-acerca-la-ciencia-a-los-mas-jovenes\/\" \/>\n<meta property=\"og:site_name\" content=\"COPE Alcoy\" \/>\n<meta property=\"article:published_time\" content=\"2021-10-18T11:00:39+00:00\" \/>\n<meta property=\"og:image\" content=\"https:\/\/www.copealcoy.es\/wp-content\/uploads\/2021\/10\/Taller-2.jpg\" \/>\n\t<meta property=\"og:image:width\" content=\"1024\" \/>\n\t<meta property=\"og:image:height\" content=\"768\" \/>\n\t<meta property=\"og:image:type\" content=\"image\/jpeg\" \/>\n<meta name=\"author\" content=\"Cope Alcoy\" \/>\n<meta name=\"twitter:label1\" content=\"Escrito por\" \/>\n\t<meta name=\"twitter:data1\" content=\"Cope Alcoy\" \/>\n\t<meta name=\"twitter:label2\" content=\"Tiempo de lectura\" \/>\n\t<meta name=\"twitter:data2\" content=\"3 minutos\" \/>\n<script type=\"application\/ld+json\" class=\"yoast-schema-graph\">{\"@context\":\"https:\\\/\\\/schema.org\",\"@graph\":[{\"@type\":\"Article\",\"@id\":\"https:\\\/\\\/www.copealcoy.es\\\/es\\\/el-campus-de-alcoy-de-la-upv-acerca-la-ciencia-a-los-mas-jovenes\\\/#article\",\"isPartOf\":{\"@id\":\"https:\\\/\\\/www.copealcoy.es\\\/es\\\/el-campus-de-alcoy-de-la-upv-acerca-la-ciencia-a-los-mas-jovenes\\\/\"},\"author\":{\"name\":\"Cope Alcoy\",\"@id\":\"https:\\\/\\\/www.copealcoy.es\\\/es\\\/#\\\/schema\\\/person\\\/e777c87fa024e57d40170af9df39882c\"},\"headline\":\"El Campus de Alcoy de la UPV acerca la ciencia a los m\u00e1s j\u00f3venes\",\"datePublished\":\"2021-10-18T11:00:39+00:00\",\"mainEntityOfPage\":{\"@id\":\"https:\\\/\\\/www.copealcoy.es\\\/es\\\/el-campus-de-alcoy-de-la-upv-acerca-la-ciencia-a-los-mas-jovenes\\\/\"},\"wordCount\":518,\"commentCount\":0,\"image\":{\"@id\":\"https:\\\/\\\/www.copealcoy.es\\\/es\\\/el-campus-de-alcoy-de-la-upv-acerca-la-ciencia-a-los-mas-jovenes\\\/#primaryimage\"},\"thumbnailUrl\":\"https:\\\/\\\/www.copealcoy.es\\\/wp-content\\\/uploads\\\/2021\\\/10\\\/Taller-2.jpg\",\"keywords\":[\"acercamiento\",\"Campus de Alcoy\",\"Ciencia\",\"Educaci\u00f3n\",\"m\u00e1s j\u00f3venes\"],\"articleSection\":[\"Alcoy\",\"Campus de Alcoy\",\"Educaci\u00f3n\",\"Noticias\"],\"inLanguage\":\"es\"},{\"@type\":\"WebPage\",\"@id\":\"https:\\\/\\\/www.copealcoy.es\\\/es\\\/el-campus-de-alcoy-de-la-upv-acerca-la-ciencia-a-los-mas-jovenes\\\/\",\"url\":\"https:\\\/\\\/www.copealcoy.es\\\/es\\\/el-campus-de-alcoy-de-la-upv-acerca-la-ciencia-a-los-mas-jovenes\\\/\",\"name\":\"El Campus de Alcoy de la UPV acerca la ciencia a los m\u00e1s j\u00f3venes - COPE Alcoy\",\"isPartOf\":{\"@id\":\"https:\\\/\\\/www.copealcoy.es\\\/es\\\/#website\"},\"primaryImageOfPage\":{\"@id\":\"https:\\\/\\\/www.copealcoy.es\\\/es\\\/el-campus-de-alcoy-de-la-upv-acerca-la-ciencia-a-los-mas-jovenes\\\/#primaryimage\"},\"image\":{\"@id\":\"https:\\\/\\\/www.copealcoy.es\\\/es\\\/el-campus-de-alcoy-de-la-upv-acerca-la-ciencia-a-los-mas-jovenes\\\/#primaryimage\"},\"thumbnailUrl\":\"https:\\\/\\\/www.copealcoy.es\\\/wp-content\\\/uploads\\\/2021\\\/10\\\/Taller-2.jpg\",\"datePublished\":\"2021-10-18T11:00:39+00:00\",\"author\":{\"@id\":\"https:\\\/\\\/www.copealcoy.es\\\/es\\\/#\\\/schema\\\/person\\\/e777c87fa024e57d40170af9df39882c\"},\"breadcrumb\":{\"@id\":\"https:\\\/\\\/www.copealcoy.es\\\/es\\\/el-campus-de-alcoy-de-la-upv-acerca-la-ciencia-a-los-mas-jovenes\\\/#breadcrumb\"},\"inLanguage\":\"es\",\"potentialAction\":[{\"@type\":\"ReadAction\",\"target\":[\"https:\\\/\\\/www.copealcoy.es\\\/es\\\/el-campus-de-alcoy-de-la-upv-acerca-la-ciencia-a-los-mas-jovenes\\\/\"]}]},{\"@type\":\"ImageObject\",\"inLanguage\":\"es\",\"@id\":\"https:\\\/\\\/www.copealcoy.es\\\/es\\\/el-campus-de-alcoy-de-la-upv-acerca-la-ciencia-a-los-mas-jovenes\\\/#primaryimage\",\"url\":\"https:\\\/\\\/www.copealcoy.es\\\/wp-content\\\/uploads\\\/2021\\\/10\\\/Taller-2.jpg\",\"contentUrl\":\"https:\\\/\\\/www.copealcoy.es\\\/wp-content\\\/uploads\\\/2021\\\/10\\\/Taller-2.jpg\",\"width\":1024,\"height\":768},{\"@type\":\"BreadcrumbList\",\"@id\":\"https:\\\/\\\/www.copealcoy.es\\\/es\\\/el-campus-de-alcoy-de-la-upv-acerca-la-ciencia-a-los-mas-jovenes\\\/#breadcrumb\",\"itemListElement\":[{\"@type\":\"ListItem\",\"position\":1,\"name\":\"Portada\",\"item\":\"https:\\\/\\\/www.copealcoy.es\\\/es\\\/\"},{\"@type\":\"ListItem\",\"position\":2,\"name\":\"El Campus de Alcoy de la UPV acerca la ciencia a los m\u00e1s j\u00f3venes\"}]},{\"@type\":\"WebSite\",\"@id\":\"https:\\\/\\\/www.copealcoy.es\\\/es\\\/#website\",\"url\":\"https:\\\/\\\/www.copealcoy.es\\\/es\\\/\",\"name\":\"COPE Alcoy\",\"description\":\"Emisora COPE de radio local con emisi\u00f3n online. Pont de Sant Jordi 8-10 03803 Alcoy\",\"potentialAction\":[{\"@type\":\"SearchAction\",\"target\":{\"@type\":\"EntryPoint\",\"urlTemplate\":\"https:\\\/\\\/www.copealcoy.es\\\/es\\\/?s={search_term_string}\"},\"query-input\":{\"@type\":\"PropertyValueSpecification\",\"valueRequired\":true,\"valueName\":\"search_term_string\"}}],\"inLanguage\":\"es\"},{\"@type\":\"Person\",\"@id\":\"https:\\\/\\\/www.copealcoy.es\\\/es\\\/#\\\/schema\\\/person\\\/e777c87fa024e57d40170af9df39882c\",\"name\":\"Cope Alcoy\",\"image\":{\"@type\":\"ImageObject\",\"inLanguage\":\"es\",\"@id\":\"https:\\\/\\\/secure.gravatar.com\\\/avatar\\\/bb65d0283347e303893ba14f0692005417c1e0e690a325a4c5d8bb2b3943ee14?s=96&d=mm&r=g\",\"url\":\"https:\\\/\\\/secure.gravatar.com\\\/avatar\\\/bb65d0283347e303893ba14f0692005417c1e0e690a325a4c5d8bb2b3943ee14?s=96&d=mm&r=g\",\"contentUrl\":\"https:\\\/\\\/secure.gravatar.com\\\/avatar\\\/bb65d0283347e303893ba14f0692005417c1e0e690a325a4c5d8bb2b3943ee14?s=96&d=mm&r=g\",\"caption\":\"Cope Alcoy\"}}]}<\/script>\n<!-- \/ Yoast SEO plugin. -->","yoast_head_json":{"title":"El Campus de Alcoy de la UPV acerca la ciencia a los m\u00e1s j\u00f3venes - COPE Alcoy","robots":{"index":"index","follow":"follow","max-snippet":"max-snippet:-1","max-image-preview":"max-image-preview:large","max-video-preview":"max-video-preview:-1"},"canonical":"https:\/\/www.copealcoy.es\/es\/el-campus-de-alcoy-de-la-upv-acerca-la-ciencia-a-los-mas-jovenes\/","og_locale":"es_ES","og_type":"article","og_title":"El Campus de Alcoy de la UPV acerca la ciencia a los m\u00e1s j\u00f3venes - COPE Alcoy","og_description":"Han finalizado ya las actividades principales del proyecto \u2018J\u00f3venes conCiencia\u2019, un programa del Campus de Alcoy de la UPV con...","og_url":"https:\/\/www.copealcoy.es\/es\/el-campus-de-alcoy-de-la-upv-acerca-la-ciencia-a-los-mas-jovenes\/","og_site_name":"COPE Alcoy","article_published_time":"2021-10-18T11:00:39+00:00","og_image":[{"width":1024,"height":768,"url":"https:\/\/www.copealcoy.es\/wp-content\/uploads\/2021\/10\/Taller-2.jpg","type":"image\/jpeg"}],"author":"Cope Alcoy","twitter_misc":{"Escrito por":"Cope Alcoy","Tiempo de lectura":"3 minutos"},"schema":{"@context":"https:\/\/schema.org","@graph":[{"@type":"Article","@id":"https:\/\/www.copealcoy.es\/es\/el-campus-de-alcoy-de-la-upv-acerca-la-ciencia-a-los-mas-jovenes\/#article","isPartOf":{"@id":"https:\/\/www.copealcoy.es\/es\/el-campus-de-alcoy-de-la-upv-acerca-la-ciencia-a-los-mas-jovenes\/"},"author":{"name":"Cope Alcoy","@id":"https:\/\/www.copealcoy.es\/es\/#\/schema\/person\/e777c87fa024e57d40170af9df39882c"},"headline":"El Campus de Alcoy de la UPV acerca la ciencia a los m\u00e1s j\u00f3venes","datePublished":"2021-10-18T11:00:39+00:00","mainEntityOfPage":{"@id":"https:\/\/www.copealcoy.es\/es\/el-campus-de-alcoy-de-la-upv-acerca-la-ciencia-a-los-mas-jovenes\/"},"wordCount":518,"commentCount":0,"image":{"@id":"https:\/\/www.copealcoy.es\/es\/el-campus-de-alcoy-de-la-upv-acerca-la-ciencia-a-los-mas-jovenes\/#primaryimage"},"thumbnailUrl":"https:\/\/www.copealcoy.es\/wp-content\/uploads\/2021\/10\/Taller-2.jpg","keywords":["acercamiento","Campus de Alcoy","Ciencia","Educaci\u00f3n","m\u00e1s j\u00f3venes"],"articleSection":["Alcoy","Campus de Alcoy","Educaci\u00f3n","Noticias"],"inLanguage":"es"},{"@type":"WebPage","@id":"https:\/\/www.copealcoy.es\/es\/el-campus-de-alcoy-de-la-upv-acerca-la-ciencia-a-los-mas-jovenes\/","url":"https:\/\/www.copealcoy.es\/es\/el-campus-de-alcoy-de-la-upv-acerca-la-ciencia-a-los-mas-jovenes\/","name":"El Campus de Alcoy de la UPV acerca la ciencia a los m\u00e1s j\u00f3venes - COPE Alcoy","isPartOf":{"@id":"https:\/\/www.copealcoy.es\/es\/#website"},"primaryImageOfPage":{"@id":"https:\/\/www.copealcoy.es\/es\/el-campus-de-alcoy-de-la-upv-acerca-la-ciencia-a-los-mas-jovenes\/#primaryimage"},"image":{"@id":"https:\/\/www.copealcoy.es\/es\/el-campus-de-alcoy-de-la-upv-acerca-la-ciencia-a-los-mas-jovenes\/#primaryimage"},"thumbnailUrl":"https:\/\/www.copealcoy.es\/wp-content\/uploads\/2021\/10\/Taller-2.jpg","datePublished":"2021-10-18T11:00:39+00:00","author":{"@id":"https:\/\/www.copealcoy.es\/es\/#\/schema\/person\/e777c87fa024e57d40170af9df39882c"},"breadcrumb":{"@id":"https:\/\/www.copealcoy.es\/es\/el-campus-de-alcoy-de-la-upv-acerca-la-ciencia-a-los-mas-jovenes\/#breadcrumb"},"inLanguage":"es","potentialAction":[{"@type":"ReadAction","target":["https:\/\/www.copealcoy.es\/es\/el-campus-de-alcoy-de-la-upv-acerca-la-ciencia-a-los-mas-jovenes\/"]}]},{"@type":"ImageObject","inLanguage":"es","@id":"https:\/\/www.copealcoy.es\/es\/el-campus-de-alcoy-de-la-upv-acerca-la-ciencia-a-los-mas-jovenes\/#primaryimage","url":"https:\/\/www.copealcoy.es\/wp-content\/uploads\/2021\/10\/Taller-2.jpg","contentUrl":"https:\/\/www.copealcoy.es\/wp-content\/uploads\/2021\/10\/Taller-2.jpg","width":1024,"height":768},{"@type":"BreadcrumbList","@id":"https:\/\/www.copealcoy.es\/es\/el-campus-de-alcoy-de-la-upv-acerca-la-ciencia-a-los-mas-jovenes\/#breadcrumb","itemListElement":[{"@type":"ListItem","position":1,"name":"Portada","item":"https:\/\/www.copealcoy.es\/es\/"},{"@type":"ListItem","position":2,"name":"El Campus de Alcoy de la UPV acerca la ciencia a los m\u00e1s j\u00f3venes"}]},{"@type":"WebSite","@id":"https:\/\/www.copealcoy.es\/es\/#website","url":"https:\/\/www.copealcoy.es\/es\/","name":"COPE Alcoy","description":"Emisora COPE de radio local con emisi\u00f3n online. Pont de Sant Jordi 8-10 03803 Alcoy","potentialAction":[{"@type":"SearchAction","target":{"@type":"EntryPoint","urlTemplate":"https:\/\/www.copealcoy.es\/es\/?s={search_term_string}"},"query-input":{"@type":"PropertyValueSpecification","valueRequired":true,"valueName":"search_term_string"}}],"inLanguage":"es"},{"@type":"Person","@id":"https:\/\/www.copealcoy.es\/es\/#\/schema\/person\/e777c87fa024e57d40170af9df39882c","name":"Cope Alcoy","image":{"@type":"ImageObject","inLanguage":"es","@id":"https:\/\/secure.gravatar.com\/avatar\/bb65d0283347e303893ba14f0692005417c1e0e690a325a4c5d8bb2b3943ee14?s=96&d=mm&r=g","url":"https:\/\/secure.gravatar.com\/avatar\/bb65d0283347e303893ba14f0692005417c1e0e690a325a4c5d8bb2b3943ee14?s=96&d=mm&r=g","contentUrl":"https:\/\/secure.gravatar.com\/avatar\/bb65d0283347e303893ba14f0692005417c1e0e690a325a4c5d8bb2b3943ee14?s=96&d=mm&r=g","caption":"Cope Alcoy"}}]}},"_links":{"self":[{"href":"https:\/\/www.copealcoy.es\/es\/wp-json\/wp\/v2\/posts\/79111","targetHints":{"allow":["GET"]}}],"collection":[{"href":"https:\/\/www.copealcoy.es\/es\/wp-json\/wp\/v2\/posts"}],"about":[{"href":"https:\/\/www.copealcoy.es\/es\/wp-json\/wp\/v2\/types\/post"}],"author":[{"embeddable":true,"href":"https:\/\/www.copealcoy.es\/es\/wp-json\/wp\/v2\/users\/1"}],"replies":[{"embeddable":true,"href":"https:\/\/www.copealcoy.es\/es\/wp-json\/wp\/v2\/comments?post=79111"}],"version-history":[{"count":0,"href":"https:\/\/www.copealcoy.es\/es\/wp-json\/wp\/v2\/posts\/79111\/revisions"}],"wp:featuredmedia":[{"embeddable":true,"href":"https:\/\/www.copealcoy.es\/es\/wp-json\/wp\/v2\/media\/79112"}],"wp:attachment":[{"href":"https:\/\/www.copealcoy.es\/es\/wp-json\/wp\/v2\/media?parent=79111"}],"wp:term":[{"taxonomy":"category","embeddable":true,"href":"https:\/\/www.copealcoy.es\/es\/wp-json\/wp\/v2\/categories?post=79111"},{"taxonomy":"post_tag","embeddable":true,"href":"https:\/\/www.copealcoy.es\/es\/wp-json\/wp\/v2\/tags?post=79111"}],"curies":[{"name":"wp","href":"https:\/\/api.w.org\/{rel}","templated":true}]}}