{"id":79058,"date":"2021-10-15T10:19:27","date_gmt":"2021-10-15T09:19:27","guid":{"rendered":"https:\/\/www.copealcoy.es\/?p=79058"},"modified":"2021-10-15T10:23:07","modified_gmt":"2021-10-15T09:23:07","slug":"las-mascarillas-se-mantendran-como-obligatorias-en-los-colegios-valencianos","status":"publish","type":"post","link":"https:\/\/www.copealcoy.es\/es\/las-mascarillas-se-mantendran-como-obligatorias-en-los-colegios-valencianos\/","title":{"rendered":"Las mascarillas se mantendr\u00e1n como obligatorias en los colegios valencianos"},"content":{"rendered":"<p style=\"text-align: justify;\">El<strong> Conseller de Educaci\u00f3n, Vicent Marz\u00e0, ha insistido en que las mascarillas <\/strong>se mantendr\u00e1n como <strong>obligatorias<\/strong> en los centros educativos mientras as\u00ed lo recomienden los t\u00e9cnicos sanitarios.<\/p>\n<p style=\"text-align: justify;\">As\u00ed se pronunciaba ayer <strong>el Conseller en su comparecencia ante Les Corts <\/strong>para dar cuenta del inicio del curso 2021-2022. En su intervenci\u00f3n incidi\u00f3 en que se retirar\u00e1 la obligatoriedad de estos elementos &#8220;<em>en el momento que los t\u00e9cnicos digan que epidemiol\u00f3gicamente es posible<\/em>&#8220;. <em>&#8220;Hacemos lo que nos dicen los expertos.\u00a0Igual que no queremos que se cuestionen las metodolog\u00edas de los profesores y no les diremos c\u00f3mo tienen que dar la clase, no cuestionaremos a un t\u00e9cnico<\/em>&#8220;, remarc\u00f3.<\/p>\n<p style=\"text-align: justify;\">Finalmente insisti\u00f3 en que estas decisiones <strong>se basan en los acuerdos de las comisiones interterritoriales<\/strong> de Sanidad.<\/p>\n","protected":false},"excerpt":{"rendered":"<p>El Conseller de Educaci\u00f3n, Vicent Marz\u00e0, ha insistido en que las mascarillas se mantendr\u00e1n como obligatorias en los centros educativos&#8230;<\/p>\n","protected":false},"author":1,"featured_media":77325,"comment_status":"open","ping_status":"open","sticky":false,"template":"","format":"standard","meta":{"footnotes":""},"categories":[1],"tags":[470,639,1246,7341,11928],"class_list":["post-79058","post","type-post","status-publish","format-standard","has-post-thumbnail","hentry","category-sin-categorizar","tag-colegios","tag-comunidad-valenciana","tag-curso-escolar","tag-mascarillas","tag-obligatorias"],"yoast_head":"<!-- This site is optimized with the Yoast SEO plugin v27.3 - https:\/\/yoast.com\/product\/yoast-seo-wordpress\/ -->\n<title>Las mascarillas se mantendr\u00e1n como obligatorias en los colegios valencianos - COPE Alcoy<\/title>\n<meta name=\"robots\" content=\"index, follow, max-snippet:-1, max-image-preview:large, max-video-preview:-1\" \/>\n<link rel=\"canonical\" href=\"https:\/\/www.copealcoy.es\/es\/las-mascarillas-se-mantendran-como-obligatorias-en-los-colegios-valencianos\/\" \/>\n<meta property=\"og:locale\" content=\"es_ES\" \/>\n<meta property=\"og:type\" content=\"article\" \/>\n<meta property=\"og:title\" content=\"Las mascarillas se mantendr\u00e1n como obligatorias en los colegios valencianos - COPE Alcoy\" \/>\n<meta property=\"og:description\" content=\"El Conseller de Educaci\u00f3n, Vicent Marz\u00e0, ha insistido en que las mascarillas se mantendr\u00e1n como obligatorias en los centros educativos...\" \/>\n<meta property=\"og:url\" content=\"https:\/\/www.copealcoy.es\/es\/las-mascarillas-se-mantendran-como-obligatorias-en-los-colegios-valencianos\/\" \/>\n<meta property=\"og:site_name\" content=\"COPE Alcoy\" \/>\n<meta property=\"article:published_time\" content=\"2021-10-15T09:19:27+00:00\" \/>\n<meta property=\"article:modified_time\" content=\"2021-10-15T09:23:07+00:00\" \/>\n<meta property=\"og:image\" content=\"https:\/\/www.copealcoy.es\/wp-content\/uploads\/2021\/09\/241628801_2494099607400176_7629473943821998551_n-e1631101595526.jpg\" \/>\n\t<meta property=\"og:image:width\" content=\"1137\" \/>\n\t<meta property=\"og:image:height\" content=\"658\" \/>\n\t<meta property=\"og:image:type\" content=\"image\/jpeg\" \/>\n<meta name=\"author\" content=\"Cope Alcoy\" \/>\n<meta name=\"twitter:label1\" content=\"Escrito por\" \/>\n\t<meta name=\"twitter:data1\" content=\"Cope Alcoy\" \/>\n\t<meta name=\"twitter:label2\" content=\"Tiempo de lectura\" \/>\n\t<meta name=\"twitter:data2\" content=\"1 minuto\" \/>\n<script type=\"application\/ld+json\" class=\"yoast-schema-graph\">{\"@context\":\"https:\\\/\\\/schema.org\",\"@graph\":[{\"@type\":\"Article\",\"@id\":\"https:\\\/\\\/www.copealcoy.es\\\/es\\\/las-mascarillas-se-mantendran-como-obligatorias-en-los-colegios-valencianos\\\/#article\",\"isPartOf\":{\"@id\":\"https:\\\/\\\/www.copealcoy.es\\\/es\\\/las-mascarillas-se-mantendran-como-obligatorias-en-los-colegios-valencianos\\\/\"},\"author\":{\"name\":\"Cope Alcoy\",\"@id\":\"https:\\\/\\\/www.copealcoy.es\\\/es\\\/#\\\/schema\\\/person\\\/e777c87fa024e57d40170af9df39882c\"},\"headline\":\"Las mascarillas se mantendr\u00e1n como obligatorias en los colegios valencianos\",\"datePublished\":\"2021-10-15T09:19:27+00:00\",\"dateModified\":\"2021-10-15T09:23:07+00:00\",\"mainEntityOfPage\":{\"@id\":\"https:\\\/\\\/www.copealcoy.es\\\/es\\\/las-mascarillas-se-mantendran-como-obligatorias-en-los-colegios-valencianos\\\/\"},\"wordCount\":143,\"commentCount\":0,\"image\":{\"@id\":\"https:\\\/\\\/www.copealcoy.es\\\/es\\\/las-mascarillas-se-mantendran-como-obligatorias-en-los-colegios-valencianos\\\/#primaryimage\"},\"thumbnailUrl\":\"https:\\\/\\\/www.copealcoy.es\\\/wp-content\\\/uploads\\\/2021\\\/09\\\/241628801_2494099607400176_7629473943821998551_n-e1631101595526.jpg\",\"keywords\":[\"Colegios\",\"Comunidad Valenciana\",\"Curso Escolar\",\"mascarillas\",\"obligatorias\"],\"articleSection\":[\"Sin categorizar\"],\"inLanguage\":\"es\"},{\"@type\":\"WebPage\",\"@id\":\"https:\\\/\\\/www.copealcoy.es\\\/es\\\/las-mascarillas-se-mantendran-como-obligatorias-en-los-colegios-valencianos\\\/\",\"url\":\"https:\\\/\\\/www.copealcoy.es\\\/es\\\/las-mascarillas-se-mantendran-como-obligatorias-en-los-colegios-valencianos\\\/\",\"name\":\"Las mascarillas se mantendr\u00e1n como obligatorias en los colegios valencianos - COPE Alcoy\",\"isPartOf\":{\"@id\":\"https:\\\/\\\/www.copealcoy.es\\\/es\\\/#website\"},\"primaryImageOfPage\":{\"@id\":\"https:\\\/\\\/www.copealcoy.es\\\/es\\\/las-mascarillas-se-mantendran-como-obligatorias-en-los-colegios-valencianos\\\/#primaryimage\"},\"image\":{\"@id\":\"https:\\\/\\\/www.copealcoy.es\\\/es\\\/las-mascarillas-se-mantendran-como-obligatorias-en-los-colegios-valencianos\\\/#primaryimage\"},\"thumbnailUrl\":\"https:\\\/\\\/www.copealcoy.es\\\/wp-content\\\/uploads\\\/2021\\\/09\\\/241628801_2494099607400176_7629473943821998551_n-e1631101595526.jpg\",\"datePublished\":\"2021-10-15T09:19:27+00:00\",\"dateModified\":\"2021-10-15T09:23:07+00:00\",\"author\":{\"@id\":\"https:\\\/\\\/www.copealcoy.es\\\/es\\\/#\\\/schema\\\/person\\\/e777c87fa024e57d40170af9df39882c\"},\"breadcrumb\":{\"@id\":\"https:\\\/\\\/www.copealcoy.es\\\/es\\\/las-mascarillas-se-mantendran-como-obligatorias-en-los-colegios-valencianos\\\/#breadcrumb\"},\"inLanguage\":\"es\",\"potentialAction\":[{\"@type\":\"ReadAction\",\"target\":[\"https:\\\/\\\/www.copealcoy.es\\\/es\\\/las-mascarillas-se-mantendran-como-obligatorias-en-los-colegios-valencianos\\\/\"]}]},{\"@type\":\"ImageObject\",\"inLanguage\":\"es\",\"@id\":\"https:\\\/\\\/www.copealcoy.es\\\/es\\\/las-mascarillas-se-mantendran-como-obligatorias-en-los-colegios-valencianos\\\/#primaryimage\",\"url\":\"https:\\\/\\\/www.copealcoy.es\\\/wp-content\\\/uploads\\\/2021\\\/09\\\/241628801_2494099607400176_7629473943821998551_n-e1631101595526.jpg\",\"contentUrl\":\"https:\\\/\\\/www.copealcoy.es\\\/wp-content\\\/uploads\\\/2021\\\/09\\\/241628801_2494099607400176_7629473943821998551_n-e1631101595526.jpg\",\"width\":1137,\"height\":658},{\"@type\":\"BreadcrumbList\",\"@id\":\"https:\\\/\\\/www.copealcoy.es\\\/es\\\/las-mascarillas-se-mantendran-como-obligatorias-en-los-colegios-valencianos\\\/#breadcrumb\",\"itemListElement\":[{\"@type\":\"ListItem\",\"position\":1,\"name\":\"Portada\",\"item\":\"https:\\\/\\\/www.copealcoy.es\\\/es\\\/\"},{\"@type\":\"ListItem\",\"position\":2,\"name\":\"Las mascarillas se mantendr\u00e1n como obligatorias en los colegios valencianos\"}]},{\"@type\":\"WebSite\",\"@id\":\"https:\\\/\\\/www.copealcoy.es\\\/es\\\/#website\",\"url\":\"https:\\\/\\\/www.copealcoy.es\\\/es\\\/\",\"name\":\"COPE Alcoy\",\"description\":\"Emisora COPE de radio local con emisi\u00f3n online. Pont de Sant Jordi 8-10 03803 Alcoy\",\"potentialAction\":[{\"@type\":\"SearchAction\",\"target\":{\"@type\":\"EntryPoint\",\"urlTemplate\":\"https:\\\/\\\/www.copealcoy.es\\\/es\\\/?s={search_term_string}\"},\"query-input\":{\"@type\":\"PropertyValueSpecification\",\"valueRequired\":true,\"valueName\":\"search_term_string\"}}],\"inLanguage\":\"es\"},{\"@type\":\"Person\",\"@id\":\"https:\\\/\\\/www.copealcoy.es\\\/es\\\/#\\\/schema\\\/person\\\/e777c87fa024e57d40170af9df39882c\",\"name\":\"Cope Alcoy\",\"image\":{\"@type\":\"ImageObject\",\"inLanguage\":\"es\",\"@id\":\"https:\\\/\\\/secure.gravatar.com\\\/avatar\\\/bb65d0283347e303893ba14f0692005417c1e0e690a325a4c5d8bb2b3943ee14?s=96&d=mm&r=g\",\"url\":\"https:\\\/\\\/secure.gravatar.com\\\/avatar\\\/bb65d0283347e303893ba14f0692005417c1e0e690a325a4c5d8bb2b3943ee14?s=96&d=mm&r=g\",\"contentUrl\":\"https:\\\/\\\/secure.gravatar.com\\\/avatar\\\/bb65d0283347e303893ba14f0692005417c1e0e690a325a4c5d8bb2b3943ee14?s=96&d=mm&r=g\",\"caption\":\"Cope Alcoy\"}}]}<\/script>\n<!-- \/ Yoast SEO plugin. -->","yoast_head_json":{"title":"Las mascarillas se mantendr\u00e1n como obligatorias en los colegios valencianos - COPE Alcoy","robots":{"index":"index","follow":"follow","max-snippet":"max-snippet:-1","max-image-preview":"max-image-preview:large","max-video-preview":"max-video-preview:-1"},"canonical":"https:\/\/www.copealcoy.es\/es\/las-mascarillas-se-mantendran-como-obligatorias-en-los-colegios-valencianos\/","og_locale":"es_ES","og_type":"article","og_title":"Las mascarillas se mantendr\u00e1n como obligatorias en los colegios valencianos - COPE Alcoy","og_description":"El Conseller de Educaci\u00f3n, Vicent Marz\u00e0, ha insistido en que las mascarillas se mantendr\u00e1n como obligatorias en los centros educativos...","og_url":"https:\/\/www.copealcoy.es\/es\/las-mascarillas-se-mantendran-como-obligatorias-en-los-colegios-valencianos\/","og_site_name":"COPE Alcoy","article_published_time":"2021-10-15T09:19:27+00:00","article_modified_time":"2021-10-15T09:23:07+00:00","og_image":[{"width":1137,"height":658,"url":"https:\/\/www.copealcoy.es\/wp-content\/uploads\/2021\/09\/241628801_2494099607400176_7629473943821998551_n-e1631101595526.jpg","type":"image\/jpeg"}],"author":"Cope Alcoy","twitter_misc":{"Escrito por":"Cope Alcoy","Tiempo de lectura":"1 minuto"},"schema":{"@context":"https:\/\/schema.org","@graph":[{"@type":"Article","@id":"https:\/\/www.copealcoy.es\/es\/las-mascarillas-se-mantendran-como-obligatorias-en-los-colegios-valencianos\/#article","isPartOf":{"@id":"https:\/\/www.copealcoy.es\/es\/las-mascarillas-se-mantendran-como-obligatorias-en-los-colegios-valencianos\/"},"author":{"name":"Cope Alcoy","@id":"https:\/\/www.copealcoy.es\/es\/#\/schema\/person\/e777c87fa024e57d40170af9df39882c"},"headline":"Las mascarillas se mantendr\u00e1n como obligatorias en los colegios valencianos","datePublished":"2021-10-15T09:19:27+00:00","dateModified":"2021-10-15T09:23:07+00:00","mainEntityOfPage":{"@id":"https:\/\/www.copealcoy.es\/es\/las-mascarillas-se-mantendran-como-obligatorias-en-los-colegios-valencianos\/"},"wordCount":143,"commentCount":0,"image":{"@id":"https:\/\/www.copealcoy.es\/es\/las-mascarillas-se-mantendran-como-obligatorias-en-los-colegios-valencianos\/#primaryimage"},"thumbnailUrl":"https:\/\/www.copealcoy.es\/wp-content\/uploads\/2021\/09\/241628801_2494099607400176_7629473943821998551_n-e1631101595526.jpg","keywords":["Colegios","Comunidad Valenciana","Curso Escolar","mascarillas","obligatorias"],"articleSection":["Sin categorizar"],"inLanguage":"es"},{"@type":"WebPage","@id":"https:\/\/www.copealcoy.es\/es\/las-mascarillas-se-mantendran-como-obligatorias-en-los-colegios-valencianos\/","url":"https:\/\/www.copealcoy.es\/es\/las-mascarillas-se-mantendran-como-obligatorias-en-los-colegios-valencianos\/","name":"Las mascarillas se mantendr\u00e1n como obligatorias en los colegios valencianos - COPE Alcoy","isPartOf":{"@id":"https:\/\/www.copealcoy.es\/es\/#website"},"primaryImageOfPage":{"@id":"https:\/\/www.copealcoy.es\/es\/las-mascarillas-se-mantendran-como-obligatorias-en-los-colegios-valencianos\/#primaryimage"},"image":{"@id":"https:\/\/www.copealcoy.es\/es\/las-mascarillas-se-mantendran-como-obligatorias-en-los-colegios-valencianos\/#primaryimage"},"thumbnailUrl":"https:\/\/www.copealcoy.es\/wp-content\/uploads\/2021\/09\/241628801_2494099607400176_7629473943821998551_n-e1631101595526.jpg","datePublished":"2021-10-15T09:19:27+00:00","dateModified":"2021-10-15T09:23:07+00:00","author":{"@id":"https:\/\/www.copealcoy.es\/es\/#\/schema\/person\/e777c87fa024e57d40170af9df39882c"},"breadcrumb":{"@id":"https:\/\/www.copealcoy.es\/es\/las-mascarillas-se-mantendran-como-obligatorias-en-los-colegios-valencianos\/#breadcrumb"},"inLanguage":"es","potentialAction":[{"@type":"ReadAction","target":["https:\/\/www.copealcoy.es\/es\/las-mascarillas-se-mantendran-como-obligatorias-en-los-colegios-valencianos\/"]}]},{"@type":"ImageObject","inLanguage":"es","@id":"https:\/\/www.copealcoy.es\/es\/las-mascarillas-se-mantendran-como-obligatorias-en-los-colegios-valencianos\/#primaryimage","url":"https:\/\/www.copealcoy.es\/wp-content\/uploads\/2021\/09\/241628801_2494099607400176_7629473943821998551_n-e1631101595526.jpg","contentUrl":"https:\/\/www.copealcoy.es\/wp-content\/uploads\/2021\/09\/241628801_2494099607400176_7629473943821998551_n-e1631101595526.jpg","width":1137,"height":658},{"@type":"BreadcrumbList","@id":"https:\/\/www.copealcoy.es\/es\/las-mascarillas-se-mantendran-como-obligatorias-en-los-colegios-valencianos\/#breadcrumb","itemListElement":[{"@type":"ListItem","position":1,"name":"Portada","item":"https:\/\/www.copealcoy.es\/es\/"},{"@type":"ListItem","position":2,"name":"Las mascarillas se mantendr\u00e1n como obligatorias en los colegios valencianos"}]},{"@type":"WebSite","@id":"https:\/\/www.copealcoy.es\/es\/#website","url":"https:\/\/www.copealcoy.es\/es\/","name":"COPE Alcoy","description":"Emisora COPE de radio local con emisi\u00f3n online. Pont de Sant Jordi 8-10 03803 Alcoy","potentialAction":[{"@type":"SearchAction","target":{"@type":"EntryPoint","urlTemplate":"https:\/\/www.copealcoy.es\/es\/?s={search_term_string}"},"query-input":{"@type":"PropertyValueSpecification","valueRequired":true,"valueName":"search_term_string"}}],"inLanguage":"es"},{"@type":"Person","@id":"https:\/\/www.copealcoy.es\/es\/#\/schema\/person\/e777c87fa024e57d40170af9df39882c","name":"Cope Alcoy","image":{"@type":"ImageObject","inLanguage":"es","@id":"https:\/\/secure.gravatar.com\/avatar\/bb65d0283347e303893ba14f0692005417c1e0e690a325a4c5d8bb2b3943ee14?s=96&d=mm&r=g","url":"https:\/\/secure.gravatar.com\/avatar\/bb65d0283347e303893ba14f0692005417c1e0e690a325a4c5d8bb2b3943ee14?s=96&d=mm&r=g","contentUrl":"https:\/\/secure.gravatar.com\/avatar\/bb65d0283347e303893ba14f0692005417c1e0e690a325a4c5d8bb2b3943ee14?s=96&d=mm&r=g","caption":"Cope Alcoy"}}]}},"_links":{"self":[{"href":"https:\/\/www.copealcoy.es\/es\/wp-json\/wp\/v2\/posts\/79058","targetHints":{"allow":["GET"]}}],"collection":[{"href":"https:\/\/www.copealcoy.es\/es\/wp-json\/wp\/v2\/posts"}],"about":[{"href":"https:\/\/www.copealcoy.es\/es\/wp-json\/wp\/v2\/types\/post"}],"author":[{"embeddable":true,"href":"https:\/\/www.copealcoy.es\/es\/wp-json\/wp\/v2\/users\/1"}],"replies":[{"embeddable":true,"href":"https:\/\/www.copealcoy.es\/es\/wp-json\/wp\/v2\/comments?post=79058"}],"version-history":[{"count":0,"href":"https:\/\/www.copealcoy.es\/es\/wp-json\/wp\/v2\/posts\/79058\/revisions"}],"wp:featuredmedia":[{"embeddable":true,"href":"https:\/\/www.copealcoy.es\/es\/wp-json\/wp\/v2\/media\/77325"}],"wp:attachment":[{"href":"https:\/\/www.copealcoy.es\/es\/wp-json\/wp\/v2\/media?parent=79058"}],"wp:term":[{"taxonomy":"category","embeddable":true,"href":"https:\/\/www.copealcoy.es\/es\/wp-json\/wp\/v2\/categories?post=79058"},{"taxonomy":"post_tag","embeddable":true,"href":"https:\/\/www.copealcoy.es\/es\/wp-json\/wp\/v2\/tags?post=79058"}],"curies":[{"name":"wp","href":"https:\/\/api.w.org\/{rel}","templated":true}]}}