{"id":79053,"date":"2021-10-15T09:36:30","date_gmt":"2021-10-15T08:36:30","guid":{"rendered":"https:\/\/www.copealcoy.es\/?p=79053"},"modified":"2021-10-15T09:50:37","modified_gmt":"2021-10-15T08:50:37","slug":"la-manco-commemora-el-dia-de-la-dona-rural","status":"publish","type":"post","link":"https:\/\/www.copealcoy.es\/es\/la-manco-commemora-el-dia-de-la-dona-rural\/","title":{"rendered":"La Manco commemora el Dia de la Dona Rural"},"content":{"rendered":"<p style=\"text-align: justify;\">La <strong>Mancomunitat de l&#8217;Alcoi\u00e0 i el Comtat<\/strong> ha preparat de nou <strong>una interessant iniciativa<\/strong> amb motiu del <strong>Dia de la Dona Rural<\/strong>, una jornada que\u00a0<strong>\u00e9s recordar el dia 15 d&#8217;octubre<\/strong>. Des de l&#8217;ens comarcal aprofiten la commemoraci\u00f3 d\u2019aquesta dia per a <strong>recordar el seu comprom\u00eds amb la ciutadania dels municipis de menor poblaci\u00f3<\/strong> i, molt especialment, amb <strong>les dones<\/strong> de les nostres comarques.<\/p>\n<p>El <strong>Departament d\u2019Igualtat de la Mancomunitat<\/strong> ha preguntat a les dones dels pobles de l\u2019Alcoi\u00e0 i el Comtat quins consells donarien a les dones d&#8217;ara i llan\u00e7a hui, Dia de la Dona Rural, <strong>un v\u00eddeo recollint-los<\/strong>. Aquests consells <a href=\"https:\/\/fb.watch\/8E_xjCZK_g\/\"><span style=\"color: #0000ff;\"><strong>s\u2019han recopilat en un v\u00eddeo<\/strong><\/span><\/a> que la Mancomunitat ha llan\u00e7at en xarxes socials, amb <strong>la participaci\u00f3 de done<\/strong>s d\u2019Agres, Alcosser, Alcoleja, Alcoi, Alfafara, Beniarr\u00e9s, Benimarfull, Gaianes, Muro, Banyeres de Mariola, Cocentaina, Gorga i Pen\u00e0guila.<\/p>\n<p>Assenyalar que els missatges, que cada dona ha escrit de forma lliure i individual,<strong> fan refer\u00e8ncia a la llibertat de les dones per a decidir qui s\u00f3n i com viure la seua vida<\/strong> aix\u00ed com a <strong>la necessitat de dedicar temps a una mateixa i cuidar-se<\/strong>. Finalment s&#8217;incideix en la import\u00e0ncia de fer-ho <strong>recolzant-se<\/strong> les unes en les altres.<\/p>\n","protected":false},"excerpt":{"rendered":"<p>La Mancomunitat de l&#8217;Alcoi\u00e0 i el Comtat ha preparat de nou una interessant iniciativa amb motiu del Dia de la&#8230;<\/p>\n","protected":false},"author":1,"featured_media":75200,"comment_status":"open","ping_status":"open","sticky":false,"template":"","format":"standard","meta":{"footnotes":""},"categories":[98,75],"tags":[482,237,11927,1745,47],"class_list":["post-79053","post","type-post","status-publish","format-standard","has-post-thumbnail","hentry","category-comarcas","category-noticias","tag-alcoia","tag-comtat","tag-dia-de-la-dona-rural","tag-mancomunitat","tag-video"],"yoast_head":"<!-- This site is optimized with the Yoast SEO plugin v27.3 - https:\/\/yoast.com\/product\/yoast-seo-wordpress\/ -->\n<title>La Manco commemora el Dia de la Dona Rural - COPE Alcoy<\/title>\n<meta name=\"robots\" content=\"index, follow, max-snippet:-1, max-image-preview:large, max-video-preview:-1\" \/>\n<link rel=\"canonical\" href=\"https:\/\/www.copealcoy.es\/es\/la-manco-commemora-el-dia-de-la-dona-rural\/\" \/>\n<meta property=\"og:locale\" content=\"es_ES\" \/>\n<meta property=\"og:type\" content=\"article\" \/>\n<meta property=\"og:title\" content=\"La Manco commemora el Dia de la Dona Rural - COPE Alcoy\" \/>\n<meta property=\"og:description\" content=\"La Mancomunitat de l&#8217;Alcoi\u00e0 i el Comtat ha preparat de nou una interessant iniciativa amb motiu del Dia de la...\" \/>\n<meta property=\"og:url\" content=\"https:\/\/www.copealcoy.es\/es\/la-manco-commemora-el-dia-de-la-dona-rural\/\" \/>\n<meta property=\"og:site_name\" content=\"COPE Alcoy\" \/>\n<meta property=\"article:published_time\" content=\"2021-10-15T08:36:30+00:00\" \/>\n<meta property=\"article:modified_time\" content=\"2021-10-15T08:50:37+00:00\" \/>\n<meta property=\"og:image\" content=\"https:\/\/www.copealcoy.es\/wp-content\/uploads\/2021\/06\/photo5832502744462766732-1280x640-1-e1624959804961.jpg\" \/>\n\t<meta property=\"og:image:width\" content=\"982\" \/>\n\t<meta property=\"og:image:height\" content=\"579\" \/>\n\t<meta property=\"og:image:type\" content=\"image\/jpeg\" \/>\n<meta name=\"author\" content=\"Cope Alcoy\" \/>\n<meta name=\"twitter:label1\" content=\"Escrito por\" \/>\n\t<meta name=\"twitter:data1\" content=\"Cope Alcoy\" \/>\n\t<meta name=\"twitter:label2\" content=\"Tiempo de lectura\" \/>\n\t<meta name=\"twitter:data2\" content=\"1 minuto\" \/>\n<script type=\"application\/ld+json\" class=\"yoast-schema-graph\">{\"@context\":\"https:\\\/\\\/schema.org\",\"@graph\":[{\"@type\":\"Article\",\"@id\":\"https:\\\/\\\/www.copealcoy.es\\\/es\\\/la-manco-commemora-el-dia-de-la-dona-rural\\\/#article\",\"isPartOf\":{\"@id\":\"https:\\\/\\\/www.copealcoy.es\\\/es\\\/la-manco-commemora-el-dia-de-la-dona-rural\\\/\"},\"author\":{\"name\":\"Cope Alcoy\",\"@id\":\"https:\\\/\\\/www.copealcoy.es\\\/es\\\/#\\\/schema\\\/person\\\/e777c87fa024e57d40170af9df39882c\"},\"headline\":\"La Manco commemora el Dia de la Dona Rural\",\"datePublished\":\"2021-10-15T08:36:30+00:00\",\"dateModified\":\"2021-10-15T08:50:37+00:00\",\"mainEntityOfPage\":{\"@id\":\"https:\\\/\\\/www.copealcoy.es\\\/es\\\/la-manco-commemora-el-dia-de-la-dona-rural\\\/\"},\"wordCount\":223,\"commentCount\":0,\"image\":{\"@id\":\"https:\\\/\\\/www.copealcoy.es\\\/es\\\/la-manco-commemora-el-dia-de-la-dona-rural\\\/#primaryimage\"},\"thumbnailUrl\":\"https:\\\/\\\/www.copealcoy.es\\\/wp-content\\\/uploads\\\/2021\\\/06\\\/photo5832502744462766732-1280x640-1-e1624959804961.jpg\",\"keywords\":[\"Alcoi\u00e0\",\"Comtat\",\"Dia de la Dona Rural\",\"Mancomunitat\",\"video\"],\"articleSection\":[\"Comarcas\",\"Noticias\"],\"inLanguage\":\"es\"},{\"@type\":\"WebPage\",\"@id\":\"https:\\\/\\\/www.copealcoy.es\\\/es\\\/la-manco-commemora-el-dia-de-la-dona-rural\\\/\",\"url\":\"https:\\\/\\\/www.copealcoy.es\\\/es\\\/la-manco-commemora-el-dia-de-la-dona-rural\\\/\",\"name\":\"La Manco commemora el Dia de la Dona Rural - COPE Alcoy\",\"isPartOf\":{\"@id\":\"https:\\\/\\\/www.copealcoy.es\\\/es\\\/#website\"},\"primaryImageOfPage\":{\"@id\":\"https:\\\/\\\/www.copealcoy.es\\\/es\\\/la-manco-commemora-el-dia-de-la-dona-rural\\\/#primaryimage\"},\"image\":{\"@id\":\"https:\\\/\\\/www.copealcoy.es\\\/es\\\/la-manco-commemora-el-dia-de-la-dona-rural\\\/#primaryimage\"},\"thumbnailUrl\":\"https:\\\/\\\/www.copealcoy.es\\\/wp-content\\\/uploads\\\/2021\\\/06\\\/photo5832502744462766732-1280x640-1-e1624959804961.jpg\",\"datePublished\":\"2021-10-15T08:36:30+00:00\",\"dateModified\":\"2021-10-15T08:50:37+00:00\",\"author\":{\"@id\":\"https:\\\/\\\/www.copealcoy.es\\\/es\\\/#\\\/schema\\\/person\\\/e777c87fa024e57d40170af9df39882c\"},\"breadcrumb\":{\"@id\":\"https:\\\/\\\/www.copealcoy.es\\\/es\\\/la-manco-commemora-el-dia-de-la-dona-rural\\\/#breadcrumb\"},\"inLanguage\":\"es\",\"potentialAction\":[{\"@type\":\"ReadAction\",\"target\":[\"https:\\\/\\\/www.copealcoy.es\\\/es\\\/la-manco-commemora-el-dia-de-la-dona-rural\\\/\"]}]},{\"@type\":\"ImageObject\",\"inLanguage\":\"es\",\"@id\":\"https:\\\/\\\/www.copealcoy.es\\\/es\\\/la-manco-commemora-el-dia-de-la-dona-rural\\\/#primaryimage\",\"url\":\"https:\\\/\\\/www.copealcoy.es\\\/wp-content\\\/uploads\\\/2021\\\/06\\\/photo5832502744462766732-1280x640-1-e1624959804961.jpg\",\"contentUrl\":\"https:\\\/\\\/www.copealcoy.es\\\/wp-content\\\/uploads\\\/2021\\\/06\\\/photo5832502744462766732-1280x640-1-e1624959804961.jpg\",\"width\":982,\"height\":579},{\"@type\":\"BreadcrumbList\",\"@id\":\"https:\\\/\\\/www.copealcoy.es\\\/es\\\/la-manco-commemora-el-dia-de-la-dona-rural\\\/#breadcrumb\",\"itemListElement\":[{\"@type\":\"ListItem\",\"position\":1,\"name\":\"Portada\",\"item\":\"https:\\\/\\\/www.copealcoy.es\\\/es\\\/\"},{\"@type\":\"ListItem\",\"position\":2,\"name\":\"La Manco commemora el Dia de la Dona Rural\"}]},{\"@type\":\"WebSite\",\"@id\":\"https:\\\/\\\/www.copealcoy.es\\\/es\\\/#website\",\"url\":\"https:\\\/\\\/www.copealcoy.es\\\/es\\\/\",\"name\":\"COPE Alcoy\",\"description\":\"Emisora COPE de radio local con emisi\u00f3n online. Pont de Sant Jordi 8-10 03803 Alcoy\",\"potentialAction\":[{\"@type\":\"SearchAction\",\"target\":{\"@type\":\"EntryPoint\",\"urlTemplate\":\"https:\\\/\\\/www.copealcoy.es\\\/es\\\/?s={search_term_string}\"},\"query-input\":{\"@type\":\"PropertyValueSpecification\",\"valueRequired\":true,\"valueName\":\"search_term_string\"}}],\"inLanguage\":\"es\"},{\"@type\":\"Person\",\"@id\":\"https:\\\/\\\/www.copealcoy.es\\\/es\\\/#\\\/schema\\\/person\\\/e777c87fa024e57d40170af9df39882c\",\"name\":\"Cope Alcoy\",\"image\":{\"@type\":\"ImageObject\",\"inLanguage\":\"es\",\"@id\":\"https:\\\/\\\/secure.gravatar.com\\\/avatar\\\/bb65d0283347e303893ba14f0692005417c1e0e690a325a4c5d8bb2b3943ee14?s=96&d=mm&r=g\",\"url\":\"https:\\\/\\\/secure.gravatar.com\\\/avatar\\\/bb65d0283347e303893ba14f0692005417c1e0e690a325a4c5d8bb2b3943ee14?s=96&d=mm&r=g\",\"contentUrl\":\"https:\\\/\\\/secure.gravatar.com\\\/avatar\\\/bb65d0283347e303893ba14f0692005417c1e0e690a325a4c5d8bb2b3943ee14?s=96&d=mm&r=g\",\"caption\":\"Cope Alcoy\"}}]}<\/script>\n<!-- \/ Yoast SEO plugin. -->","yoast_head_json":{"title":"La Manco commemora el Dia de la Dona Rural - COPE Alcoy","robots":{"index":"index","follow":"follow","max-snippet":"max-snippet:-1","max-image-preview":"max-image-preview:large","max-video-preview":"max-video-preview:-1"},"canonical":"https:\/\/www.copealcoy.es\/es\/la-manco-commemora-el-dia-de-la-dona-rural\/","og_locale":"es_ES","og_type":"article","og_title":"La Manco commemora el Dia de la Dona Rural - COPE Alcoy","og_description":"La Mancomunitat de l&#8217;Alcoi\u00e0 i el Comtat ha preparat de nou una interessant iniciativa amb motiu del Dia de la...","og_url":"https:\/\/www.copealcoy.es\/es\/la-manco-commemora-el-dia-de-la-dona-rural\/","og_site_name":"COPE Alcoy","article_published_time":"2021-10-15T08:36:30+00:00","article_modified_time":"2021-10-15T08:50:37+00:00","og_image":[{"width":982,"height":579,"url":"https:\/\/www.copealcoy.es\/wp-content\/uploads\/2021\/06\/photo5832502744462766732-1280x640-1-e1624959804961.jpg","type":"image\/jpeg"}],"author":"Cope Alcoy","twitter_misc":{"Escrito por":"Cope Alcoy","Tiempo de lectura":"1 minuto"},"schema":{"@context":"https:\/\/schema.org","@graph":[{"@type":"Article","@id":"https:\/\/www.copealcoy.es\/es\/la-manco-commemora-el-dia-de-la-dona-rural\/#article","isPartOf":{"@id":"https:\/\/www.copealcoy.es\/es\/la-manco-commemora-el-dia-de-la-dona-rural\/"},"author":{"name":"Cope Alcoy","@id":"https:\/\/www.copealcoy.es\/es\/#\/schema\/person\/e777c87fa024e57d40170af9df39882c"},"headline":"La Manco commemora el Dia de la Dona Rural","datePublished":"2021-10-15T08:36:30+00:00","dateModified":"2021-10-15T08:50:37+00:00","mainEntityOfPage":{"@id":"https:\/\/www.copealcoy.es\/es\/la-manco-commemora-el-dia-de-la-dona-rural\/"},"wordCount":223,"commentCount":0,"image":{"@id":"https:\/\/www.copealcoy.es\/es\/la-manco-commemora-el-dia-de-la-dona-rural\/#primaryimage"},"thumbnailUrl":"https:\/\/www.copealcoy.es\/wp-content\/uploads\/2021\/06\/photo5832502744462766732-1280x640-1-e1624959804961.jpg","keywords":["Alcoi\u00e0","Comtat","Dia de la Dona Rural","Mancomunitat","video"],"articleSection":["Comarcas","Noticias"],"inLanguage":"es"},{"@type":"WebPage","@id":"https:\/\/www.copealcoy.es\/es\/la-manco-commemora-el-dia-de-la-dona-rural\/","url":"https:\/\/www.copealcoy.es\/es\/la-manco-commemora-el-dia-de-la-dona-rural\/","name":"La Manco commemora el Dia de la Dona Rural - COPE Alcoy","isPartOf":{"@id":"https:\/\/www.copealcoy.es\/es\/#website"},"primaryImageOfPage":{"@id":"https:\/\/www.copealcoy.es\/es\/la-manco-commemora-el-dia-de-la-dona-rural\/#primaryimage"},"image":{"@id":"https:\/\/www.copealcoy.es\/es\/la-manco-commemora-el-dia-de-la-dona-rural\/#primaryimage"},"thumbnailUrl":"https:\/\/www.copealcoy.es\/wp-content\/uploads\/2021\/06\/photo5832502744462766732-1280x640-1-e1624959804961.jpg","datePublished":"2021-10-15T08:36:30+00:00","dateModified":"2021-10-15T08:50:37+00:00","author":{"@id":"https:\/\/www.copealcoy.es\/es\/#\/schema\/person\/e777c87fa024e57d40170af9df39882c"},"breadcrumb":{"@id":"https:\/\/www.copealcoy.es\/es\/la-manco-commemora-el-dia-de-la-dona-rural\/#breadcrumb"},"inLanguage":"es","potentialAction":[{"@type":"ReadAction","target":["https:\/\/www.copealcoy.es\/es\/la-manco-commemora-el-dia-de-la-dona-rural\/"]}]},{"@type":"ImageObject","inLanguage":"es","@id":"https:\/\/www.copealcoy.es\/es\/la-manco-commemora-el-dia-de-la-dona-rural\/#primaryimage","url":"https:\/\/www.copealcoy.es\/wp-content\/uploads\/2021\/06\/photo5832502744462766732-1280x640-1-e1624959804961.jpg","contentUrl":"https:\/\/www.copealcoy.es\/wp-content\/uploads\/2021\/06\/photo5832502744462766732-1280x640-1-e1624959804961.jpg","width":982,"height":579},{"@type":"BreadcrumbList","@id":"https:\/\/www.copealcoy.es\/es\/la-manco-commemora-el-dia-de-la-dona-rural\/#breadcrumb","itemListElement":[{"@type":"ListItem","position":1,"name":"Portada","item":"https:\/\/www.copealcoy.es\/es\/"},{"@type":"ListItem","position":2,"name":"La Manco commemora el Dia de la Dona Rural"}]},{"@type":"WebSite","@id":"https:\/\/www.copealcoy.es\/es\/#website","url":"https:\/\/www.copealcoy.es\/es\/","name":"COPE Alcoy","description":"Emisora COPE de radio local con emisi\u00f3n online. Pont de Sant Jordi 8-10 03803 Alcoy","potentialAction":[{"@type":"SearchAction","target":{"@type":"EntryPoint","urlTemplate":"https:\/\/www.copealcoy.es\/es\/?s={search_term_string}"},"query-input":{"@type":"PropertyValueSpecification","valueRequired":true,"valueName":"search_term_string"}}],"inLanguage":"es"},{"@type":"Person","@id":"https:\/\/www.copealcoy.es\/es\/#\/schema\/person\/e777c87fa024e57d40170af9df39882c","name":"Cope Alcoy","image":{"@type":"ImageObject","inLanguage":"es","@id":"https:\/\/secure.gravatar.com\/avatar\/bb65d0283347e303893ba14f0692005417c1e0e690a325a4c5d8bb2b3943ee14?s=96&d=mm&r=g","url":"https:\/\/secure.gravatar.com\/avatar\/bb65d0283347e303893ba14f0692005417c1e0e690a325a4c5d8bb2b3943ee14?s=96&d=mm&r=g","contentUrl":"https:\/\/secure.gravatar.com\/avatar\/bb65d0283347e303893ba14f0692005417c1e0e690a325a4c5d8bb2b3943ee14?s=96&d=mm&r=g","caption":"Cope Alcoy"}}]}},"_links":{"self":[{"href":"https:\/\/www.copealcoy.es\/es\/wp-json\/wp\/v2\/posts\/79053","targetHints":{"allow":["GET"]}}],"collection":[{"href":"https:\/\/www.copealcoy.es\/es\/wp-json\/wp\/v2\/posts"}],"about":[{"href":"https:\/\/www.copealcoy.es\/es\/wp-json\/wp\/v2\/types\/post"}],"author":[{"embeddable":true,"href":"https:\/\/www.copealcoy.es\/es\/wp-json\/wp\/v2\/users\/1"}],"replies":[{"embeddable":true,"href":"https:\/\/www.copealcoy.es\/es\/wp-json\/wp\/v2\/comments?post=79053"}],"version-history":[{"count":0,"href":"https:\/\/www.copealcoy.es\/es\/wp-json\/wp\/v2\/posts\/79053\/revisions"}],"wp:featuredmedia":[{"embeddable":true,"href":"https:\/\/www.copealcoy.es\/es\/wp-json\/wp\/v2\/media\/75200"}],"wp:attachment":[{"href":"https:\/\/www.copealcoy.es\/es\/wp-json\/wp\/v2\/media?parent=79053"}],"wp:term":[{"taxonomy":"category","embeddable":true,"href":"https:\/\/www.copealcoy.es\/es\/wp-json\/wp\/v2\/categories?post=79053"},{"taxonomy":"post_tag","embeddable":true,"href":"https:\/\/www.copealcoy.es\/es\/wp-json\/wp\/v2\/tags?post=79053"}],"curies":[{"name":"wp","href":"https:\/\/api.w.org\/{rel}","templated":true}]}}