{"id":78864,"date":"2021-10-13T12:02:42","date_gmt":"2021-10-13T11:02:42","guid":{"rendered":"https:\/\/www.copealcoy.es\/?p=78864"},"modified":"2021-10-13T18:00:55","modified_gmt":"2021-10-13T17:00:55","slug":"arranca-en-cocentaina-la-setmana-dexaltacio-en-honor-a-la-mareta","status":"publish","type":"post","link":"https:\/\/www.copealcoy.es\/es\/arranca-en-cocentaina-la-setmana-dexaltacio-en-honor-a-la-mareta\/","title":{"rendered":"Arranca en Cocentaina la Setmana d&#8217;Exaltaci\u00f3 en honor a la Mareta"},"content":{"rendered":"<p style=\"text-align: justify;\">La Pia Uni\u00f3 Verge del Miracle de Cocentaina <strong>ha preparat diferents actes per aquesta setmana amb motiu del Mig Any de les Festes Patronals de la Mareta<\/strong>. Les activitats arranquen en aquest mateix dimecres i <strong>viuran el seu dia gran el diumenge<\/strong>, una jornada en la qual tindr\u00e0 lloc una missa solemne a la part baixa del Pla en pres\u00e8ncia de la icona de la Mare de D\u00e9u.<\/p>\n<p style=\"text-align: justify;\">Abans d&#8217;a\u00e7\u00f2 cal assenyalar que avui dimecres, <strong>13 d&#8217;octubre<\/strong>, tindr\u00e0 lloc <strong>una Hora Santa en el Monestir de les Clarisses a partir de les 20:<span class=\"hiddenGrammarError\">30h<\/span>\u00a0<\/strong>que comptar\u00e0 amb l&#8217;acompanyament musical del grup &#8216;<span class=\"hiddenSpellError\">Hakuna<\/span>&#8216;. Ja <strong>el divendres<\/strong>, a partir de les 20:<span class=\"hiddenGrammarError\">00h<\/span>, l&#8217;esmentada esgl\u00e9sia de la Mare de D\u00e9u acollir\u00e0 <strong>la celebraci\u00f3 de l&#8217;eucaristia en acci\u00f3 de gr\u00e0cies dels matrimonis que enguany celebren\u00a0<span class=\"hiddenGreenError\">19<\/span>\u00a0anys de casats<\/strong>. Finalment <strong>el dissabte<\/strong>, a les 20:<span class=\"hiddenGrammarError\">30h<\/span>, es portar\u00e0 a terme <strong>un concert en honor a la patrona de la Vila Comtal<\/strong> que anir\u00e0 a c\u00e0rrec del Grup Epiclesis.<\/p>\n<p style=\"text-align: justify;\">La <strong>jornada central<\/strong> d&#8217;aquesta setmana d&#8217;exaltaci\u00f3 <strong>ser\u00e0 el diumenge 17 d&#8217;octubre<\/strong> i aquest dia especial comen\u00e7ar\u00e0 a les 08:<span class=\"hiddenGrammarError\">30h<\/span>\u00a0del mat\u00ed amb <strong>la Santa Missa matinal<\/strong> en el Monestir de la Mare de D\u00e9u. Despr\u00e9s, al voltant de les 10, <strong>es dispararan les 27 salves<\/strong> en record del miracle de la Verge i despr\u00e9s <strong>comen\u00e7ar\u00e0 una desfilada<\/strong> pels carrers de costum. La cercavila acabar\u00e0 a la Pla\u00e7a\u00a0del Pla i <strong>all\u00ed se celebrar\u00e0 l&#8217;eucaristia solemne<\/strong> &#8220;<em>ser\u00e0 a la part baixa, davant el Monestir, i amb la pres\u00e8ncia de la Mare de D\u00e9u del Miracle s&#8217;imposaran les medalles de la patrona als Majorals i Majorales de l&#8217;any 2022. Animem a tots a participar en aquest acte amb totes les mesures corresponents per frenar la propagaci\u00f3 de la pand\u00e8mia<\/em>&#8220;, han destacat en COPE ALCOI els Presidents\u00a0de la Pia Uni\u00f3; <strong>Jos\u00e9\u00a0Luis\u00a0Molina i\u00a0Anna\u00a0<span class=\"hiddenSpellError\">Masanet<\/span><\/strong>.<\/p>\n<p style=\"text-align: justify;\">La Setmana d&#8217;Exaltaci\u00f3 acabar\u00e0 el dimarts 19 d&#8217;octubre a les 19:<span class=\"hiddenGrammarError\">30h<\/span>\u00a0amb <strong>una missa solemne dedicada a la Mare de D\u00e9u del Miracle<\/strong> que inclour\u00e0 la presentaci\u00f3 dels nounats a la patrona i <strong>l&#8217;entrega dels premis del VI Concurs de\u00a0Fotografia<\/strong>\u00a0dedicat als festejos patronals.<\/p>\n","protected":false},"excerpt":{"rendered":"<p>La Pia Uni\u00f3 Verge del Miracle de Cocentaina ha preparat diferents actes per aquesta setmana amb motiu del Mig Any&#8230;<\/p>\n","protected":false},"author":1,"featured_media":73014,"comment_status":"open","ping_status":"open","sticky":false,"template":"","format":"standard","meta":{"footnotes":""},"categories":[98,75],"tags":[132,9822,1984,864,1455,10047,11901],"class_list":["post-78864","post","type-post","status-publish","format-standard","has-post-thumbnail","hentry","category-comarcas","category-noticias","tag-cocentaina","tag-festes-patronals","tag-mare-de-deu-del-miracle","tag-mareta","tag-mig-any","tag-pia-unio","tag-setmana-dexaltacio"],"yoast_head":"<!-- This site is optimized with the Yoast SEO plugin v27.3 - https:\/\/yoast.com\/product\/yoast-seo-wordpress\/ -->\n<title>Arranca en Cocentaina la Setmana d&#039;Exaltaci\u00f3 en honor a la Mareta - COPE Alcoy<\/title>\n<meta name=\"robots\" content=\"index, follow, max-snippet:-1, max-image-preview:large, max-video-preview:-1\" \/>\n<link rel=\"canonical\" href=\"https:\/\/www.copealcoy.es\/es\/arranca-en-cocentaina-la-setmana-dexaltacio-en-honor-a-la-mareta\/\" \/>\n<meta property=\"og:locale\" content=\"es_ES\" \/>\n<meta property=\"og:type\" content=\"article\" \/>\n<meta property=\"og:title\" content=\"Arranca en Cocentaina la Setmana d&#039;Exaltaci\u00f3 en honor a la Mareta - COPE Alcoy\" \/>\n<meta property=\"og:description\" content=\"La Pia Uni\u00f3 Verge del Miracle de Cocentaina ha preparat diferents actes per aquesta setmana amb motiu del Mig Any...\" \/>\n<meta property=\"og:url\" content=\"https:\/\/www.copealcoy.es\/es\/arranca-en-cocentaina-la-setmana-dexaltacio-en-honor-a-la-mareta\/\" \/>\n<meta property=\"og:site_name\" content=\"COPE Alcoy\" \/>\n<meta property=\"article:published_time\" content=\"2021-10-13T11:02:42+00:00\" \/>\n<meta property=\"article:modified_time\" content=\"2021-10-13T17:00:55+00:00\" \/>\n<meta property=\"og:image\" content=\"https:\/\/www.copealcoy.es\/wp-content\/uploads\/2021\/04\/175345019_2371495719660566_5195868608068803702_n.jpg\" \/>\n\t<meta property=\"og:image:width\" content=\"1440\" \/>\n\t<meta property=\"og:image:height\" content=\"1078\" \/>\n\t<meta property=\"og:image:type\" content=\"image\/jpeg\" \/>\n<meta name=\"author\" content=\"Cope Alcoy\" \/>\n<meta name=\"twitter:label1\" content=\"Escrito por\" \/>\n\t<meta name=\"twitter:data1\" content=\"Cope Alcoy\" \/>\n\t<meta name=\"twitter:label2\" content=\"Tiempo de lectura\" \/>\n\t<meta name=\"twitter:data2\" content=\"2 minutos\" \/>\n<script type=\"application\/ld+json\" class=\"yoast-schema-graph\">{\"@context\":\"https:\\\/\\\/schema.org\",\"@graph\":[{\"@type\":\"Article\",\"@id\":\"https:\\\/\\\/www.copealcoy.es\\\/es\\\/arranca-en-cocentaina-la-setmana-dexaltacio-en-honor-a-la-mareta\\\/#article\",\"isPartOf\":{\"@id\":\"https:\\\/\\\/www.copealcoy.es\\\/es\\\/arranca-en-cocentaina-la-setmana-dexaltacio-en-honor-a-la-mareta\\\/\"},\"author\":{\"name\":\"Cope Alcoy\",\"@id\":\"https:\\\/\\\/www.copealcoy.es\\\/es\\\/#\\\/schema\\\/person\\\/e777c87fa024e57d40170af9df39882c\"},\"headline\":\"Arranca en Cocentaina la Setmana d&#8217;Exaltaci\u00f3 en honor a la Mareta\",\"datePublished\":\"2021-10-13T11:02:42+00:00\",\"dateModified\":\"2021-10-13T17:00:55+00:00\",\"mainEntityOfPage\":{\"@id\":\"https:\\\/\\\/www.copealcoy.es\\\/es\\\/arranca-en-cocentaina-la-setmana-dexaltacio-en-honor-a-la-mareta\\\/\"},\"wordCount\":386,\"commentCount\":0,\"image\":{\"@id\":\"https:\\\/\\\/www.copealcoy.es\\\/es\\\/arranca-en-cocentaina-la-setmana-dexaltacio-en-honor-a-la-mareta\\\/#primaryimage\"},\"thumbnailUrl\":\"https:\\\/\\\/www.copealcoy.es\\\/wp-content\\\/uploads\\\/2021\\\/04\\\/175345019_2371495719660566_5195868608068803702_n.jpg\",\"keywords\":[\"Cocentaina\",\"Festes Patronals\",\"Mare de D\u00e9u del Miracle\",\"Mareta\",\"Mig Any\",\"Pia Uni\u00f3\",\"Setmana d'Exaltaci\u00f3\"],\"articleSection\":[\"Comarcas\",\"Noticias\"],\"inLanguage\":\"es\"},{\"@type\":\"WebPage\",\"@id\":\"https:\\\/\\\/www.copealcoy.es\\\/es\\\/arranca-en-cocentaina-la-setmana-dexaltacio-en-honor-a-la-mareta\\\/\",\"url\":\"https:\\\/\\\/www.copealcoy.es\\\/es\\\/arranca-en-cocentaina-la-setmana-dexaltacio-en-honor-a-la-mareta\\\/\",\"name\":\"Arranca en Cocentaina la Setmana d'Exaltaci\u00f3 en honor a la Mareta - COPE Alcoy\",\"isPartOf\":{\"@id\":\"https:\\\/\\\/www.copealcoy.es\\\/es\\\/#website\"},\"primaryImageOfPage\":{\"@id\":\"https:\\\/\\\/www.copealcoy.es\\\/es\\\/arranca-en-cocentaina-la-setmana-dexaltacio-en-honor-a-la-mareta\\\/#primaryimage\"},\"image\":{\"@id\":\"https:\\\/\\\/www.copealcoy.es\\\/es\\\/arranca-en-cocentaina-la-setmana-dexaltacio-en-honor-a-la-mareta\\\/#primaryimage\"},\"thumbnailUrl\":\"https:\\\/\\\/www.copealcoy.es\\\/wp-content\\\/uploads\\\/2021\\\/04\\\/175345019_2371495719660566_5195868608068803702_n.jpg\",\"datePublished\":\"2021-10-13T11:02:42+00:00\",\"dateModified\":\"2021-10-13T17:00:55+00:00\",\"author\":{\"@id\":\"https:\\\/\\\/www.copealcoy.es\\\/es\\\/#\\\/schema\\\/person\\\/e777c87fa024e57d40170af9df39882c\"},\"breadcrumb\":{\"@id\":\"https:\\\/\\\/www.copealcoy.es\\\/es\\\/arranca-en-cocentaina-la-setmana-dexaltacio-en-honor-a-la-mareta\\\/#breadcrumb\"},\"inLanguage\":\"es\",\"potentialAction\":[{\"@type\":\"ReadAction\",\"target\":[\"https:\\\/\\\/www.copealcoy.es\\\/es\\\/arranca-en-cocentaina-la-setmana-dexaltacio-en-honor-a-la-mareta\\\/\"]}]},{\"@type\":\"ImageObject\",\"inLanguage\":\"es\",\"@id\":\"https:\\\/\\\/www.copealcoy.es\\\/es\\\/arranca-en-cocentaina-la-setmana-dexaltacio-en-honor-a-la-mareta\\\/#primaryimage\",\"url\":\"https:\\\/\\\/www.copealcoy.es\\\/wp-content\\\/uploads\\\/2021\\\/04\\\/175345019_2371495719660566_5195868608068803702_n.jpg\",\"contentUrl\":\"https:\\\/\\\/www.copealcoy.es\\\/wp-content\\\/uploads\\\/2021\\\/04\\\/175345019_2371495719660566_5195868608068803702_n.jpg\",\"width\":1440,\"height\":1078},{\"@type\":\"BreadcrumbList\",\"@id\":\"https:\\\/\\\/www.copealcoy.es\\\/es\\\/arranca-en-cocentaina-la-setmana-dexaltacio-en-honor-a-la-mareta\\\/#breadcrumb\",\"itemListElement\":[{\"@type\":\"ListItem\",\"position\":1,\"name\":\"Portada\",\"item\":\"https:\\\/\\\/www.copealcoy.es\\\/es\\\/\"},{\"@type\":\"ListItem\",\"position\":2,\"name\":\"Arranca en Cocentaina la Setmana d&#8217;Exaltaci\u00f3 en honor a la Mareta\"}]},{\"@type\":\"WebSite\",\"@id\":\"https:\\\/\\\/www.copealcoy.es\\\/es\\\/#website\",\"url\":\"https:\\\/\\\/www.copealcoy.es\\\/es\\\/\",\"name\":\"COPE Alcoy\",\"description\":\"Emisora COPE de radio local con emisi\u00f3n online. Pont de Sant Jordi 8-10 03803 Alcoy\",\"potentialAction\":[{\"@type\":\"SearchAction\",\"target\":{\"@type\":\"EntryPoint\",\"urlTemplate\":\"https:\\\/\\\/www.copealcoy.es\\\/es\\\/?s={search_term_string}\"},\"query-input\":{\"@type\":\"PropertyValueSpecification\",\"valueRequired\":true,\"valueName\":\"search_term_string\"}}],\"inLanguage\":\"es\"},{\"@type\":\"Person\",\"@id\":\"https:\\\/\\\/www.copealcoy.es\\\/es\\\/#\\\/schema\\\/person\\\/e777c87fa024e57d40170af9df39882c\",\"name\":\"Cope Alcoy\",\"image\":{\"@type\":\"ImageObject\",\"inLanguage\":\"es\",\"@id\":\"https:\\\/\\\/secure.gravatar.com\\\/avatar\\\/bb65d0283347e303893ba14f0692005417c1e0e690a325a4c5d8bb2b3943ee14?s=96&d=mm&r=g\",\"url\":\"https:\\\/\\\/secure.gravatar.com\\\/avatar\\\/bb65d0283347e303893ba14f0692005417c1e0e690a325a4c5d8bb2b3943ee14?s=96&d=mm&r=g\",\"contentUrl\":\"https:\\\/\\\/secure.gravatar.com\\\/avatar\\\/bb65d0283347e303893ba14f0692005417c1e0e690a325a4c5d8bb2b3943ee14?s=96&d=mm&r=g\",\"caption\":\"Cope Alcoy\"}}]}<\/script>\n<!-- \/ Yoast SEO plugin. -->","yoast_head_json":{"title":"Arranca en Cocentaina la Setmana d'Exaltaci\u00f3 en honor a la Mareta - COPE Alcoy","robots":{"index":"index","follow":"follow","max-snippet":"max-snippet:-1","max-image-preview":"max-image-preview:large","max-video-preview":"max-video-preview:-1"},"canonical":"https:\/\/www.copealcoy.es\/es\/arranca-en-cocentaina-la-setmana-dexaltacio-en-honor-a-la-mareta\/","og_locale":"es_ES","og_type":"article","og_title":"Arranca en Cocentaina la Setmana d'Exaltaci\u00f3 en honor a la Mareta - COPE Alcoy","og_description":"La Pia Uni\u00f3 Verge del Miracle de Cocentaina ha preparat diferents actes per aquesta setmana amb motiu del Mig Any...","og_url":"https:\/\/www.copealcoy.es\/es\/arranca-en-cocentaina-la-setmana-dexaltacio-en-honor-a-la-mareta\/","og_site_name":"COPE Alcoy","article_published_time":"2021-10-13T11:02:42+00:00","article_modified_time":"2021-10-13T17:00:55+00:00","og_image":[{"width":1440,"height":1078,"url":"https:\/\/www.copealcoy.es\/wp-content\/uploads\/2021\/04\/175345019_2371495719660566_5195868608068803702_n.jpg","type":"image\/jpeg"}],"author":"Cope Alcoy","twitter_misc":{"Escrito por":"Cope Alcoy","Tiempo de lectura":"2 minutos"},"schema":{"@context":"https:\/\/schema.org","@graph":[{"@type":"Article","@id":"https:\/\/www.copealcoy.es\/es\/arranca-en-cocentaina-la-setmana-dexaltacio-en-honor-a-la-mareta\/#article","isPartOf":{"@id":"https:\/\/www.copealcoy.es\/es\/arranca-en-cocentaina-la-setmana-dexaltacio-en-honor-a-la-mareta\/"},"author":{"name":"Cope Alcoy","@id":"https:\/\/www.copealcoy.es\/es\/#\/schema\/person\/e777c87fa024e57d40170af9df39882c"},"headline":"Arranca en Cocentaina la Setmana d&#8217;Exaltaci\u00f3 en honor a la Mareta","datePublished":"2021-10-13T11:02:42+00:00","dateModified":"2021-10-13T17:00:55+00:00","mainEntityOfPage":{"@id":"https:\/\/www.copealcoy.es\/es\/arranca-en-cocentaina-la-setmana-dexaltacio-en-honor-a-la-mareta\/"},"wordCount":386,"commentCount":0,"image":{"@id":"https:\/\/www.copealcoy.es\/es\/arranca-en-cocentaina-la-setmana-dexaltacio-en-honor-a-la-mareta\/#primaryimage"},"thumbnailUrl":"https:\/\/www.copealcoy.es\/wp-content\/uploads\/2021\/04\/175345019_2371495719660566_5195868608068803702_n.jpg","keywords":["Cocentaina","Festes Patronals","Mare de D\u00e9u del Miracle","Mareta","Mig Any","Pia Uni\u00f3","Setmana d'Exaltaci\u00f3"],"articleSection":["Comarcas","Noticias"],"inLanguage":"es"},{"@type":"WebPage","@id":"https:\/\/www.copealcoy.es\/es\/arranca-en-cocentaina-la-setmana-dexaltacio-en-honor-a-la-mareta\/","url":"https:\/\/www.copealcoy.es\/es\/arranca-en-cocentaina-la-setmana-dexaltacio-en-honor-a-la-mareta\/","name":"Arranca en Cocentaina la Setmana d'Exaltaci\u00f3 en honor a la Mareta - COPE Alcoy","isPartOf":{"@id":"https:\/\/www.copealcoy.es\/es\/#website"},"primaryImageOfPage":{"@id":"https:\/\/www.copealcoy.es\/es\/arranca-en-cocentaina-la-setmana-dexaltacio-en-honor-a-la-mareta\/#primaryimage"},"image":{"@id":"https:\/\/www.copealcoy.es\/es\/arranca-en-cocentaina-la-setmana-dexaltacio-en-honor-a-la-mareta\/#primaryimage"},"thumbnailUrl":"https:\/\/www.copealcoy.es\/wp-content\/uploads\/2021\/04\/175345019_2371495719660566_5195868608068803702_n.jpg","datePublished":"2021-10-13T11:02:42+00:00","dateModified":"2021-10-13T17:00:55+00:00","author":{"@id":"https:\/\/www.copealcoy.es\/es\/#\/schema\/person\/e777c87fa024e57d40170af9df39882c"},"breadcrumb":{"@id":"https:\/\/www.copealcoy.es\/es\/arranca-en-cocentaina-la-setmana-dexaltacio-en-honor-a-la-mareta\/#breadcrumb"},"inLanguage":"es","potentialAction":[{"@type":"ReadAction","target":["https:\/\/www.copealcoy.es\/es\/arranca-en-cocentaina-la-setmana-dexaltacio-en-honor-a-la-mareta\/"]}]},{"@type":"ImageObject","inLanguage":"es","@id":"https:\/\/www.copealcoy.es\/es\/arranca-en-cocentaina-la-setmana-dexaltacio-en-honor-a-la-mareta\/#primaryimage","url":"https:\/\/www.copealcoy.es\/wp-content\/uploads\/2021\/04\/175345019_2371495719660566_5195868608068803702_n.jpg","contentUrl":"https:\/\/www.copealcoy.es\/wp-content\/uploads\/2021\/04\/175345019_2371495719660566_5195868608068803702_n.jpg","width":1440,"height":1078},{"@type":"BreadcrumbList","@id":"https:\/\/www.copealcoy.es\/es\/arranca-en-cocentaina-la-setmana-dexaltacio-en-honor-a-la-mareta\/#breadcrumb","itemListElement":[{"@type":"ListItem","position":1,"name":"Portada","item":"https:\/\/www.copealcoy.es\/es\/"},{"@type":"ListItem","position":2,"name":"Arranca en Cocentaina la Setmana d&#8217;Exaltaci\u00f3 en honor a la Mareta"}]},{"@type":"WebSite","@id":"https:\/\/www.copealcoy.es\/es\/#website","url":"https:\/\/www.copealcoy.es\/es\/","name":"COPE Alcoy","description":"Emisora COPE de radio local con emisi\u00f3n online. Pont de Sant Jordi 8-10 03803 Alcoy","potentialAction":[{"@type":"SearchAction","target":{"@type":"EntryPoint","urlTemplate":"https:\/\/www.copealcoy.es\/es\/?s={search_term_string}"},"query-input":{"@type":"PropertyValueSpecification","valueRequired":true,"valueName":"search_term_string"}}],"inLanguage":"es"},{"@type":"Person","@id":"https:\/\/www.copealcoy.es\/es\/#\/schema\/person\/e777c87fa024e57d40170af9df39882c","name":"Cope Alcoy","image":{"@type":"ImageObject","inLanguage":"es","@id":"https:\/\/secure.gravatar.com\/avatar\/bb65d0283347e303893ba14f0692005417c1e0e690a325a4c5d8bb2b3943ee14?s=96&d=mm&r=g","url":"https:\/\/secure.gravatar.com\/avatar\/bb65d0283347e303893ba14f0692005417c1e0e690a325a4c5d8bb2b3943ee14?s=96&d=mm&r=g","contentUrl":"https:\/\/secure.gravatar.com\/avatar\/bb65d0283347e303893ba14f0692005417c1e0e690a325a4c5d8bb2b3943ee14?s=96&d=mm&r=g","caption":"Cope Alcoy"}}]}},"_links":{"self":[{"href":"https:\/\/www.copealcoy.es\/es\/wp-json\/wp\/v2\/posts\/78864","targetHints":{"allow":["GET"]}}],"collection":[{"href":"https:\/\/www.copealcoy.es\/es\/wp-json\/wp\/v2\/posts"}],"about":[{"href":"https:\/\/www.copealcoy.es\/es\/wp-json\/wp\/v2\/types\/post"}],"author":[{"embeddable":true,"href":"https:\/\/www.copealcoy.es\/es\/wp-json\/wp\/v2\/users\/1"}],"replies":[{"embeddable":true,"href":"https:\/\/www.copealcoy.es\/es\/wp-json\/wp\/v2\/comments?post=78864"}],"version-history":[{"count":0,"href":"https:\/\/www.copealcoy.es\/es\/wp-json\/wp\/v2\/posts\/78864\/revisions"}],"wp:featuredmedia":[{"embeddable":true,"href":"https:\/\/www.copealcoy.es\/es\/wp-json\/wp\/v2\/media\/73014"}],"wp:attachment":[{"href":"https:\/\/www.copealcoy.es\/es\/wp-json\/wp\/v2\/media?parent=78864"}],"wp:term":[{"taxonomy":"category","embeddable":true,"href":"https:\/\/www.copealcoy.es\/es\/wp-json\/wp\/v2\/categories?post=78864"},{"taxonomy":"post_tag","embeddable":true,"href":"https:\/\/www.copealcoy.es\/es\/wp-json\/wp\/v2\/tags?post=78864"}],"curies":[{"name":"wp","href":"https:\/\/api.w.org\/{rel}","templated":true}]}}