{"id":78849,"date":"2021-10-12T18:37:45","date_gmt":"2021-10-12T17:37:45","guid":{"rendered":"https:\/\/www.copealcoy.es\/?p=78849"},"modified":"2021-10-12T18:44:24","modified_gmt":"2021-10-12T17:44:24","slug":"reparto-de-puntos-entre-el-alcoyano-y-el-sanluqeno","status":"publish","type":"post","link":"https:\/\/www.copealcoy.es\/es\/reparto-de-puntos-entre-el-alcoyano-y-el-sanluqeno\/","title":{"rendered":"Reparto de puntos entre el Alcoyano y el Sanluqe\u00f1o"},"content":{"rendered":"<p style=\"text-align: justify;\">El Sanluque\u00f1o y el Alcoyano <strong>empataron a dos<\/strong> en el encuentro celebrado el pasado domingo en El Palmar. El At. Sanluque\u00f1o <strong>lleg\u00f3 al partido con los \u00e1nimos reforzados<\/strong> tras ganar a domicilio <strong>por un marcador de 0-3<\/strong> al Betis Deportivo. Con respecto al equipo visitante, <strong>el Alcoyano perdi\u00f3 por un resultado de 0-2 en el encuentro anterior frente al San Fernando<\/strong>. Tras el resultado obtenido, el equipo local se situ\u00f3 en sexta posici\u00f3n, mientras que <strong>el Alcoyano se qued\u00f3 en und\u00e9cimo lugar<\/strong> al concluir el duelo.<\/p>\n<p class=\"paragraph\" style=\"text-align: justify;\" data-gtm-element-container=\"modulo-texto-link\">El encuentro arranc\u00f3 de modo inmejorable para el At. Sanluque\u00f1o, que estren\u00f3 el luminoso con un tanto de Lucas Ga\u00facho pocos minutos despu\u00e9s del comienzo del encuentro, en concreto en el minuto 3. Tras esto, <strong>la primera parte<\/strong> finaliz\u00f3 con un marcador de 1-0. Ya \u00a0en<strong> la segunda mitad<\/strong> lleg\u00f3 el gol para el conjunto alcoyano, que puso las tablas a trav\u00e9s de un gol de Daoudi en el minuto 60. De nuevo marc\u00f3 el equipo visitante a los 74 minutos gracias a un tanto de Blanco. Empat\u00f3 el equipo sanluque\u00f1o con un gol en su propia porter\u00eda de Fran Miranda en el 92, durante los minutos extra que decidi\u00f3 a\u00f1adir el \u00e1rbitro del encuentro, concluyendo el encuentro con <strong>un resultado definitivo de 2-2<\/strong>.<\/p>\n<p style=\"text-align: justify;\" data-gtm-element-container=\"modulo-texto-link\">Tras este resultado <strong>el Alcoyano ha quedado con 9 puntos en la tabla clasificatoria y en la posici\u00f3n n\u00famero 12<\/strong>. El siguiente partido <strong>se disputar\u00e1 en casa este viernes 15 de octubre<\/strong>, a partir de las 21:00h, en el Campo Municipal del Collao.<\/p>\n","protected":false},"excerpt":{"rendered":"<p>El Sanluque\u00f1o y el Alcoyano empataron a dos en el encuentro celebrado el pasado domingo en El Palmar. El At&#8230;.<\/p>\n","protected":false},"author":1,"featured_media":78850,"comment_status":"open","ping_status":"open","sticky":false,"template":"","format":"standard","meta":{"footnotes":""},"categories":[97,92,75],"tags":[1494,140,346,8339,11900],"class_list":["post-78849","post","type-post","status-publish","format-standard","has-post-thumbnail","hentry","category-alcoy","category-deportes","category-noticias","tag-alcoy","tag-alcoyano","tag-empate","tag-reparto-de-puntos","tag-sanluqueno"],"yoast_head":"<!-- This site is optimized with the Yoast SEO plugin v27.3 - https:\/\/yoast.com\/product\/yoast-seo-wordpress\/ -->\n<title>Reparto de puntos entre el Alcoyano y el Sanluqe\u00f1o - COPE Alcoy<\/title>\n<meta name=\"robots\" content=\"index, follow, max-snippet:-1, max-image-preview:large, max-video-preview:-1\" \/>\n<link rel=\"canonical\" href=\"https:\/\/www.copealcoy.es\/es\/reparto-de-puntos-entre-el-alcoyano-y-el-sanluqeno\/\" \/>\n<meta property=\"og:locale\" content=\"es_ES\" \/>\n<meta property=\"og:type\" content=\"article\" \/>\n<meta property=\"og:title\" content=\"Reparto de puntos entre el Alcoyano y el Sanluqe\u00f1o - COPE Alcoy\" \/>\n<meta property=\"og:description\" content=\"El Sanluque\u00f1o y el Alcoyano empataron a dos en el encuentro celebrado el pasado domingo en El Palmar. El At....\" \/>\n<meta property=\"og:url\" content=\"https:\/\/www.copealcoy.es\/es\/reparto-de-puntos-entre-el-alcoyano-y-el-sanluqeno\/\" \/>\n<meta property=\"og:site_name\" content=\"COPE Alcoy\" \/>\n<meta property=\"article:published_time\" content=\"2021-10-12T17:37:45+00:00\" \/>\n<meta property=\"article:modified_time\" content=\"2021-10-12T17:44:24+00:00\" \/>\n<meta property=\"og:image\" content=\"https:\/\/www.copealcoy.es\/wp-content\/uploads\/2021\/10\/11-inicial-vs-sanluqueno.jpg\" \/>\n\t<meta property=\"og:image:width\" content=\"1600\" \/>\n\t<meta property=\"og:image:height\" content=\"1200\" \/>\n\t<meta property=\"og:image:type\" content=\"image\/jpeg\" \/>\n<meta name=\"author\" content=\"Cope Alcoy\" \/>\n<meta name=\"twitter:label1\" content=\"Escrito por\" \/>\n\t<meta name=\"twitter:data1\" content=\"Cope Alcoy\" \/>\n\t<meta name=\"twitter:label2\" content=\"Tiempo de lectura\" \/>\n\t<meta name=\"twitter:data2\" content=\"2 minutos\" \/>\n<script type=\"application\/ld+json\" class=\"yoast-schema-graph\">{\"@context\":\"https:\\\/\\\/schema.org\",\"@graph\":[{\"@type\":\"Article\",\"@id\":\"https:\\\/\\\/www.copealcoy.es\\\/es\\\/reparto-de-puntos-entre-el-alcoyano-y-el-sanluqeno\\\/#article\",\"isPartOf\":{\"@id\":\"https:\\\/\\\/www.copealcoy.es\\\/es\\\/reparto-de-puntos-entre-el-alcoyano-y-el-sanluqeno\\\/\"},\"author\":{\"name\":\"Cope Alcoy\",\"@id\":\"https:\\\/\\\/www.copealcoy.es\\\/es\\\/#\\\/schema\\\/person\\\/e777c87fa024e57d40170af9df39882c\"},\"headline\":\"Reparto de puntos entre el Alcoyano y el Sanluqe\u00f1o\",\"datePublished\":\"2021-10-12T17:37:45+00:00\",\"dateModified\":\"2021-10-12T17:44:24+00:00\",\"mainEntityOfPage\":{\"@id\":\"https:\\\/\\\/www.copealcoy.es\\\/es\\\/reparto-de-puntos-entre-el-alcoyano-y-el-sanluqeno\\\/\"},\"wordCount\":269,\"commentCount\":0,\"image\":{\"@id\":\"https:\\\/\\\/www.copealcoy.es\\\/es\\\/reparto-de-puntos-entre-el-alcoyano-y-el-sanluqeno\\\/#primaryimage\"},\"thumbnailUrl\":\"https:\\\/\\\/www.copealcoy.es\\\/wp-content\\\/uploads\\\/2021\\\/10\\\/11-inicial-vs-sanluqueno.jpg\",\"keywords\":[\"Alcoy\",\"Alcoyano\",\"empate\",\"Reparto de puntos\",\"Sanluque\u00f1o\"],\"articleSection\":[\"Alcoy\",\"Deportes\",\"Noticias\"],\"inLanguage\":\"es\"},{\"@type\":\"WebPage\",\"@id\":\"https:\\\/\\\/www.copealcoy.es\\\/es\\\/reparto-de-puntos-entre-el-alcoyano-y-el-sanluqeno\\\/\",\"url\":\"https:\\\/\\\/www.copealcoy.es\\\/es\\\/reparto-de-puntos-entre-el-alcoyano-y-el-sanluqeno\\\/\",\"name\":\"Reparto de puntos entre el Alcoyano y el Sanluqe\u00f1o - COPE Alcoy\",\"isPartOf\":{\"@id\":\"https:\\\/\\\/www.copealcoy.es\\\/es\\\/#website\"},\"primaryImageOfPage\":{\"@id\":\"https:\\\/\\\/www.copealcoy.es\\\/es\\\/reparto-de-puntos-entre-el-alcoyano-y-el-sanluqeno\\\/#primaryimage\"},\"image\":{\"@id\":\"https:\\\/\\\/www.copealcoy.es\\\/es\\\/reparto-de-puntos-entre-el-alcoyano-y-el-sanluqeno\\\/#primaryimage\"},\"thumbnailUrl\":\"https:\\\/\\\/www.copealcoy.es\\\/wp-content\\\/uploads\\\/2021\\\/10\\\/11-inicial-vs-sanluqueno.jpg\",\"datePublished\":\"2021-10-12T17:37:45+00:00\",\"dateModified\":\"2021-10-12T17:44:24+00:00\",\"author\":{\"@id\":\"https:\\\/\\\/www.copealcoy.es\\\/es\\\/#\\\/schema\\\/person\\\/e777c87fa024e57d40170af9df39882c\"},\"breadcrumb\":{\"@id\":\"https:\\\/\\\/www.copealcoy.es\\\/es\\\/reparto-de-puntos-entre-el-alcoyano-y-el-sanluqeno\\\/#breadcrumb\"},\"inLanguage\":\"es\",\"potentialAction\":[{\"@type\":\"ReadAction\",\"target\":[\"https:\\\/\\\/www.copealcoy.es\\\/es\\\/reparto-de-puntos-entre-el-alcoyano-y-el-sanluqeno\\\/\"]}]},{\"@type\":\"ImageObject\",\"inLanguage\":\"es\",\"@id\":\"https:\\\/\\\/www.copealcoy.es\\\/es\\\/reparto-de-puntos-entre-el-alcoyano-y-el-sanluqeno\\\/#primaryimage\",\"url\":\"https:\\\/\\\/www.copealcoy.es\\\/wp-content\\\/uploads\\\/2021\\\/10\\\/11-inicial-vs-sanluqueno.jpg\",\"contentUrl\":\"https:\\\/\\\/www.copealcoy.es\\\/wp-content\\\/uploads\\\/2021\\\/10\\\/11-inicial-vs-sanluqueno.jpg\",\"width\":1600,\"height\":1200},{\"@type\":\"BreadcrumbList\",\"@id\":\"https:\\\/\\\/www.copealcoy.es\\\/es\\\/reparto-de-puntos-entre-el-alcoyano-y-el-sanluqeno\\\/#breadcrumb\",\"itemListElement\":[{\"@type\":\"ListItem\",\"position\":1,\"name\":\"Portada\",\"item\":\"https:\\\/\\\/www.copealcoy.es\\\/es\\\/\"},{\"@type\":\"ListItem\",\"position\":2,\"name\":\"Reparto de puntos entre el Alcoyano y el Sanluqe\u00f1o\"}]},{\"@type\":\"WebSite\",\"@id\":\"https:\\\/\\\/www.copealcoy.es\\\/es\\\/#website\",\"url\":\"https:\\\/\\\/www.copealcoy.es\\\/es\\\/\",\"name\":\"COPE Alcoy\",\"description\":\"Emisora COPE de radio local con emisi\u00f3n online. Pont de Sant Jordi 8-10 03803 Alcoy\",\"potentialAction\":[{\"@type\":\"SearchAction\",\"target\":{\"@type\":\"EntryPoint\",\"urlTemplate\":\"https:\\\/\\\/www.copealcoy.es\\\/es\\\/?s={search_term_string}\"},\"query-input\":{\"@type\":\"PropertyValueSpecification\",\"valueRequired\":true,\"valueName\":\"search_term_string\"}}],\"inLanguage\":\"es\"},{\"@type\":\"Person\",\"@id\":\"https:\\\/\\\/www.copealcoy.es\\\/es\\\/#\\\/schema\\\/person\\\/e777c87fa024e57d40170af9df39882c\",\"name\":\"Cope Alcoy\",\"image\":{\"@type\":\"ImageObject\",\"inLanguage\":\"es\",\"@id\":\"https:\\\/\\\/secure.gravatar.com\\\/avatar\\\/bb65d0283347e303893ba14f0692005417c1e0e690a325a4c5d8bb2b3943ee14?s=96&d=mm&r=g\",\"url\":\"https:\\\/\\\/secure.gravatar.com\\\/avatar\\\/bb65d0283347e303893ba14f0692005417c1e0e690a325a4c5d8bb2b3943ee14?s=96&d=mm&r=g\",\"contentUrl\":\"https:\\\/\\\/secure.gravatar.com\\\/avatar\\\/bb65d0283347e303893ba14f0692005417c1e0e690a325a4c5d8bb2b3943ee14?s=96&d=mm&r=g\",\"caption\":\"Cope Alcoy\"}}]}<\/script>\n<!-- \/ Yoast SEO plugin. -->","yoast_head_json":{"title":"Reparto de puntos entre el Alcoyano y el Sanluqe\u00f1o - COPE Alcoy","robots":{"index":"index","follow":"follow","max-snippet":"max-snippet:-1","max-image-preview":"max-image-preview:large","max-video-preview":"max-video-preview:-1"},"canonical":"https:\/\/www.copealcoy.es\/es\/reparto-de-puntos-entre-el-alcoyano-y-el-sanluqeno\/","og_locale":"es_ES","og_type":"article","og_title":"Reparto de puntos entre el Alcoyano y el Sanluqe\u00f1o - COPE Alcoy","og_description":"El Sanluque\u00f1o y el Alcoyano empataron a dos en el encuentro celebrado el pasado domingo en El Palmar. El At....","og_url":"https:\/\/www.copealcoy.es\/es\/reparto-de-puntos-entre-el-alcoyano-y-el-sanluqeno\/","og_site_name":"COPE Alcoy","article_published_time":"2021-10-12T17:37:45+00:00","article_modified_time":"2021-10-12T17:44:24+00:00","og_image":[{"width":1600,"height":1200,"url":"https:\/\/www.copealcoy.es\/wp-content\/uploads\/2021\/10\/11-inicial-vs-sanluqueno.jpg","type":"image\/jpeg"}],"author":"Cope Alcoy","twitter_misc":{"Escrito por":"Cope Alcoy","Tiempo de lectura":"2 minutos"},"schema":{"@context":"https:\/\/schema.org","@graph":[{"@type":"Article","@id":"https:\/\/www.copealcoy.es\/es\/reparto-de-puntos-entre-el-alcoyano-y-el-sanluqeno\/#article","isPartOf":{"@id":"https:\/\/www.copealcoy.es\/es\/reparto-de-puntos-entre-el-alcoyano-y-el-sanluqeno\/"},"author":{"name":"Cope Alcoy","@id":"https:\/\/www.copealcoy.es\/es\/#\/schema\/person\/e777c87fa024e57d40170af9df39882c"},"headline":"Reparto de puntos entre el Alcoyano y el Sanluqe\u00f1o","datePublished":"2021-10-12T17:37:45+00:00","dateModified":"2021-10-12T17:44:24+00:00","mainEntityOfPage":{"@id":"https:\/\/www.copealcoy.es\/es\/reparto-de-puntos-entre-el-alcoyano-y-el-sanluqeno\/"},"wordCount":269,"commentCount":0,"image":{"@id":"https:\/\/www.copealcoy.es\/es\/reparto-de-puntos-entre-el-alcoyano-y-el-sanluqeno\/#primaryimage"},"thumbnailUrl":"https:\/\/www.copealcoy.es\/wp-content\/uploads\/2021\/10\/11-inicial-vs-sanluqueno.jpg","keywords":["Alcoy","Alcoyano","empate","Reparto de puntos","Sanluque\u00f1o"],"articleSection":["Alcoy","Deportes","Noticias"],"inLanguage":"es"},{"@type":"WebPage","@id":"https:\/\/www.copealcoy.es\/es\/reparto-de-puntos-entre-el-alcoyano-y-el-sanluqeno\/","url":"https:\/\/www.copealcoy.es\/es\/reparto-de-puntos-entre-el-alcoyano-y-el-sanluqeno\/","name":"Reparto de puntos entre el Alcoyano y el Sanluqe\u00f1o - COPE Alcoy","isPartOf":{"@id":"https:\/\/www.copealcoy.es\/es\/#website"},"primaryImageOfPage":{"@id":"https:\/\/www.copealcoy.es\/es\/reparto-de-puntos-entre-el-alcoyano-y-el-sanluqeno\/#primaryimage"},"image":{"@id":"https:\/\/www.copealcoy.es\/es\/reparto-de-puntos-entre-el-alcoyano-y-el-sanluqeno\/#primaryimage"},"thumbnailUrl":"https:\/\/www.copealcoy.es\/wp-content\/uploads\/2021\/10\/11-inicial-vs-sanluqueno.jpg","datePublished":"2021-10-12T17:37:45+00:00","dateModified":"2021-10-12T17:44:24+00:00","author":{"@id":"https:\/\/www.copealcoy.es\/es\/#\/schema\/person\/e777c87fa024e57d40170af9df39882c"},"breadcrumb":{"@id":"https:\/\/www.copealcoy.es\/es\/reparto-de-puntos-entre-el-alcoyano-y-el-sanluqeno\/#breadcrumb"},"inLanguage":"es","potentialAction":[{"@type":"ReadAction","target":["https:\/\/www.copealcoy.es\/es\/reparto-de-puntos-entre-el-alcoyano-y-el-sanluqeno\/"]}]},{"@type":"ImageObject","inLanguage":"es","@id":"https:\/\/www.copealcoy.es\/es\/reparto-de-puntos-entre-el-alcoyano-y-el-sanluqeno\/#primaryimage","url":"https:\/\/www.copealcoy.es\/wp-content\/uploads\/2021\/10\/11-inicial-vs-sanluqueno.jpg","contentUrl":"https:\/\/www.copealcoy.es\/wp-content\/uploads\/2021\/10\/11-inicial-vs-sanluqueno.jpg","width":1600,"height":1200},{"@type":"BreadcrumbList","@id":"https:\/\/www.copealcoy.es\/es\/reparto-de-puntos-entre-el-alcoyano-y-el-sanluqeno\/#breadcrumb","itemListElement":[{"@type":"ListItem","position":1,"name":"Portada","item":"https:\/\/www.copealcoy.es\/es\/"},{"@type":"ListItem","position":2,"name":"Reparto de puntos entre el Alcoyano y el Sanluqe\u00f1o"}]},{"@type":"WebSite","@id":"https:\/\/www.copealcoy.es\/es\/#website","url":"https:\/\/www.copealcoy.es\/es\/","name":"COPE Alcoy","description":"Emisora COPE de radio local con emisi\u00f3n online. Pont de Sant Jordi 8-10 03803 Alcoy","potentialAction":[{"@type":"SearchAction","target":{"@type":"EntryPoint","urlTemplate":"https:\/\/www.copealcoy.es\/es\/?s={search_term_string}"},"query-input":{"@type":"PropertyValueSpecification","valueRequired":true,"valueName":"search_term_string"}}],"inLanguage":"es"},{"@type":"Person","@id":"https:\/\/www.copealcoy.es\/es\/#\/schema\/person\/e777c87fa024e57d40170af9df39882c","name":"Cope Alcoy","image":{"@type":"ImageObject","inLanguage":"es","@id":"https:\/\/secure.gravatar.com\/avatar\/bb65d0283347e303893ba14f0692005417c1e0e690a325a4c5d8bb2b3943ee14?s=96&d=mm&r=g","url":"https:\/\/secure.gravatar.com\/avatar\/bb65d0283347e303893ba14f0692005417c1e0e690a325a4c5d8bb2b3943ee14?s=96&d=mm&r=g","contentUrl":"https:\/\/secure.gravatar.com\/avatar\/bb65d0283347e303893ba14f0692005417c1e0e690a325a4c5d8bb2b3943ee14?s=96&d=mm&r=g","caption":"Cope Alcoy"}}]}},"_links":{"self":[{"href":"https:\/\/www.copealcoy.es\/es\/wp-json\/wp\/v2\/posts\/78849","targetHints":{"allow":["GET"]}}],"collection":[{"href":"https:\/\/www.copealcoy.es\/es\/wp-json\/wp\/v2\/posts"}],"about":[{"href":"https:\/\/www.copealcoy.es\/es\/wp-json\/wp\/v2\/types\/post"}],"author":[{"embeddable":true,"href":"https:\/\/www.copealcoy.es\/es\/wp-json\/wp\/v2\/users\/1"}],"replies":[{"embeddable":true,"href":"https:\/\/www.copealcoy.es\/es\/wp-json\/wp\/v2\/comments?post=78849"}],"version-history":[{"count":0,"href":"https:\/\/www.copealcoy.es\/es\/wp-json\/wp\/v2\/posts\/78849\/revisions"}],"wp:featuredmedia":[{"embeddable":true,"href":"https:\/\/www.copealcoy.es\/es\/wp-json\/wp\/v2\/media\/78850"}],"wp:attachment":[{"href":"https:\/\/www.copealcoy.es\/es\/wp-json\/wp\/v2\/media?parent=78849"}],"wp:term":[{"taxonomy":"category","embeddable":true,"href":"https:\/\/www.copealcoy.es\/es\/wp-json\/wp\/v2\/categories?post=78849"},{"taxonomy":"post_tag","embeddable":true,"href":"https:\/\/www.copealcoy.es\/es\/wp-json\/wp\/v2\/tags?post=78849"}],"curies":[{"name":"wp","href":"https:\/\/api.w.org\/{rel}","templated":true}]}}