{"id":78756,"date":"2021-10-08T11:08:04","date_gmt":"2021-10-08T10:08:04","guid":{"rendered":"https:\/\/www.copealcoy.es\/?p=78756"},"modified":"2021-10-08T11:21:17","modified_gmt":"2021-10-08T10:21:17","slug":"aumentan-las-afiliciaciones-en-el-partido-popular-de-alcoy","status":"publish","type":"post","link":"https:\/\/www.copealcoy.es\/es\/aumentan-las-afiliciaciones-en-el-partido-popular-de-alcoy\/","title":{"rendered":"Aumentan las afiliaciones en el Partido Popular de Alcoy"},"content":{"rendered":"<p style=\"text-align: justify;\">El Partido Popular de Alcoy <strong>valora muy positivamente el incremento de afiliaciones<\/strong> que ha tenido la formaci\u00f3n pol\u00edtica en los \u00faltimos meses. En este sentido explican que <strong>son unas sesenta las personas que han pasado a formar parte del partido<\/strong>, lo cual\u00a0 <strong>representa un impulso<\/strong> para <strong>afrontar la segunda parte de la legislatura<\/strong> as\u00ed como <strong>preparar las pr\u00f3ximas elecciones municipales<\/strong>.<\/p>\n<p style=\"text-align: justify;\">La nueva etapa,<strong> marcada por la llegada de Casado a G\u00e9nova y Maz\u00f3n a la direcci\u00f3n regional<\/strong>, ha significado <strong>un revulsivo<\/strong> para los simpatizantes del Partido Popular. Este hecho, remarcan los populares, ha tra\u00eddo como consecuencia <strong>el mencionado aumento de la afiliaci\u00f3n al partido<\/strong> \u201c<em>la situaci\u00f3n pol\u00edtica a escala regional y local, pero sobre todo el declive al que est\u00e1 llevando el Partido Socialista al pa\u00eds, es una de las motivaciones m\u00e1s importantes para lanzarse a militar en un partido como el Partido Popular y hacer frente a unas pol\u00edticas que van en contra del futuro de los espa\u00f1oles<\/em>\u201d, afirma el Presidente Local del PP;<strong> Rafa Mir\u00f3<\/strong>.<\/p>\n<p style=\"text-align: justify;\">Recordar que un destacado n\u00famero de representantes del PP <strong>acudi\u00f3 el pasado fin de semana a Valencia para participar de la clausura de la Convenci\u00f3n Nacional del Partido<\/strong> que llen\u00f3 la Plaza de Toros.<\/p>\n","protected":false},"excerpt":{"rendered":"<p>El Partido Popular de Alcoy valora muy positivamente el incremento de afiliaciones que ha tenido la formaci\u00f3n pol\u00edtica en los&#8230;<\/p>\n","protected":false},"author":1,"featured_media":78757,"comment_status":"open","ping_status":"open","sticky":false,"template":"","format":"standard","meta":{"footnotes":""},"categories":[97,75,79],"tags":[11891,6922,5114,6148,448,563],"class_list":["post-78756","post","type-post","status-publish","format-standard","has-post-thumbnail","hentry","category-alcoy","category-noticias","category-politicayeconomia","tag-afiliacion","tag-carlos-mazon","tag-incremento","tag-pablo-casado","tag-partido-popular","tag-rafa-miro"],"yoast_head":"<!-- This site is optimized with the Yoast SEO plugin v27.3 - https:\/\/yoast.com\/product\/yoast-seo-wordpress\/ -->\n<title>Aumentan las afiliaciones en el Partido Popular de Alcoy - COPE Alcoy<\/title>\n<meta name=\"robots\" content=\"index, follow, max-snippet:-1, max-image-preview:large, max-video-preview:-1\" \/>\n<link rel=\"canonical\" href=\"https:\/\/www.copealcoy.es\/es\/aumentan-las-afiliciaciones-en-el-partido-popular-de-alcoy\/\" \/>\n<meta property=\"og:locale\" content=\"es_ES\" \/>\n<meta property=\"og:type\" content=\"article\" \/>\n<meta property=\"og:title\" content=\"Aumentan las afiliaciones en el Partido Popular de Alcoy - COPE Alcoy\" \/>\n<meta property=\"og:description\" content=\"El Partido Popular de Alcoy valora muy positivamente el incremento de afiliaciones que ha tenido la formaci\u00f3n pol\u00edtica en los...\" \/>\n<meta property=\"og:url\" content=\"https:\/\/www.copealcoy.es\/es\/aumentan-las-afiliciaciones-en-el-partido-popular-de-alcoy\/\" \/>\n<meta property=\"og:site_name\" content=\"COPE Alcoy\" \/>\n<meta property=\"article:published_time\" content=\"2021-10-08T10:08:04+00:00\" \/>\n<meta property=\"article:modified_time\" content=\"2021-10-08T10:21:17+00:00\" \/>\n<meta property=\"og:image\" content=\"https:\/\/www.copealcoy.es\/wp-content\/uploads\/2021\/10\/PP-plaza-de-toros-1024x682-1.jpg\" \/>\n\t<meta property=\"og:image:width\" content=\"1024\" \/>\n\t<meta property=\"og:image:height\" content=\"682\" \/>\n\t<meta property=\"og:image:type\" content=\"image\/jpeg\" \/>\n<meta name=\"author\" content=\"Cope Alcoy\" \/>\n<meta name=\"twitter:label1\" content=\"Escrito por\" \/>\n\t<meta name=\"twitter:data1\" content=\"Cope Alcoy\" \/>\n\t<meta name=\"twitter:label2\" content=\"Tiempo de lectura\" \/>\n\t<meta name=\"twitter:data2\" content=\"1 minuto\" \/>\n<script type=\"application\/ld+json\" class=\"yoast-schema-graph\">{\"@context\":\"https:\\\/\\\/schema.org\",\"@graph\":[{\"@type\":\"Article\",\"@id\":\"https:\\\/\\\/www.copealcoy.es\\\/es\\\/aumentan-las-afiliciaciones-en-el-partido-popular-de-alcoy\\\/#article\",\"isPartOf\":{\"@id\":\"https:\\\/\\\/www.copealcoy.es\\\/es\\\/aumentan-las-afiliciaciones-en-el-partido-popular-de-alcoy\\\/\"},\"author\":{\"name\":\"Cope Alcoy\",\"@id\":\"https:\\\/\\\/www.copealcoy.es\\\/es\\\/#\\\/schema\\\/person\\\/e777c87fa024e57d40170af9df39882c\"},\"headline\":\"Aumentan las afiliaciones en el Partido Popular de Alcoy\",\"datePublished\":\"2021-10-08T10:08:04+00:00\",\"dateModified\":\"2021-10-08T10:21:17+00:00\",\"mainEntityOfPage\":{\"@id\":\"https:\\\/\\\/www.copealcoy.es\\\/es\\\/aumentan-las-afiliciaciones-en-el-partido-popular-de-alcoy\\\/\"},\"wordCount\":226,\"commentCount\":0,\"image\":{\"@id\":\"https:\\\/\\\/www.copealcoy.es\\\/es\\\/aumentan-las-afiliciaciones-en-el-partido-popular-de-alcoy\\\/#primaryimage\"},\"thumbnailUrl\":\"https:\\\/\\\/www.copealcoy.es\\\/wp-content\\\/uploads\\\/2021\\\/10\\\/PP-plaza-de-toros-1024x682-1.jpg\",\"keywords\":[\"afiliaci\u00f3n\",\"Carlos Maz\u00f3n\",\"incremento\",\"Pablo Casado\",\"Partido Popular\",\"Rafa Mir\u00f3\"],\"articleSection\":[\"Alcoy\",\"Noticias\",\"Pol\u00edtica y Econom\u00eda\"],\"inLanguage\":\"es\"},{\"@type\":\"WebPage\",\"@id\":\"https:\\\/\\\/www.copealcoy.es\\\/es\\\/aumentan-las-afiliciaciones-en-el-partido-popular-de-alcoy\\\/\",\"url\":\"https:\\\/\\\/www.copealcoy.es\\\/es\\\/aumentan-las-afiliciaciones-en-el-partido-popular-de-alcoy\\\/\",\"name\":\"Aumentan las afiliaciones en el Partido Popular de Alcoy - COPE Alcoy\",\"isPartOf\":{\"@id\":\"https:\\\/\\\/www.copealcoy.es\\\/es\\\/#website\"},\"primaryImageOfPage\":{\"@id\":\"https:\\\/\\\/www.copealcoy.es\\\/es\\\/aumentan-las-afiliciaciones-en-el-partido-popular-de-alcoy\\\/#primaryimage\"},\"image\":{\"@id\":\"https:\\\/\\\/www.copealcoy.es\\\/es\\\/aumentan-las-afiliciaciones-en-el-partido-popular-de-alcoy\\\/#primaryimage\"},\"thumbnailUrl\":\"https:\\\/\\\/www.copealcoy.es\\\/wp-content\\\/uploads\\\/2021\\\/10\\\/PP-plaza-de-toros-1024x682-1.jpg\",\"datePublished\":\"2021-10-08T10:08:04+00:00\",\"dateModified\":\"2021-10-08T10:21:17+00:00\",\"author\":{\"@id\":\"https:\\\/\\\/www.copealcoy.es\\\/es\\\/#\\\/schema\\\/person\\\/e777c87fa024e57d40170af9df39882c\"},\"breadcrumb\":{\"@id\":\"https:\\\/\\\/www.copealcoy.es\\\/es\\\/aumentan-las-afiliciaciones-en-el-partido-popular-de-alcoy\\\/#breadcrumb\"},\"inLanguage\":\"es\",\"potentialAction\":[{\"@type\":\"ReadAction\",\"target\":[\"https:\\\/\\\/www.copealcoy.es\\\/es\\\/aumentan-las-afiliciaciones-en-el-partido-popular-de-alcoy\\\/\"]}]},{\"@type\":\"ImageObject\",\"inLanguage\":\"es\",\"@id\":\"https:\\\/\\\/www.copealcoy.es\\\/es\\\/aumentan-las-afiliciaciones-en-el-partido-popular-de-alcoy\\\/#primaryimage\",\"url\":\"https:\\\/\\\/www.copealcoy.es\\\/wp-content\\\/uploads\\\/2021\\\/10\\\/PP-plaza-de-toros-1024x682-1.jpg\",\"contentUrl\":\"https:\\\/\\\/www.copealcoy.es\\\/wp-content\\\/uploads\\\/2021\\\/10\\\/PP-plaza-de-toros-1024x682-1.jpg\",\"width\":1024,\"height\":682},{\"@type\":\"BreadcrumbList\",\"@id\":\"https:\\\/\\\/www.copealcoy.es\\\/es\\\/aumentan-las-afiliciaciones-en-el-partido-popular-de-alcoy\\\/#breadcrumb\",\"itemListElement\":[{\"@type\":\"ListItem\",\"position\":1,\"name\":\"Portada\",\"item\":\"https:\\\/\\\/www.copealcoy.es\\\/es\\\/\"},{\"@type\":\"ListItem\",\"position\":2,\"name\":\"Aumentan las afiliaciones en el Partido Popular de Alcoy\"}]},{\"@type\":\"WebSite\",\"@id\":\"https:\\\/\\\/www.copealcoy.es\\\/es\\\/#website\",\"url\":\"https:\\\/\\\/www.copealcoy.es\\\/es\\\/\",\"name\":\"COPE Alcoy\",\"description\":\"Emisora COPE de radio local con emisi\u00f3n online. Pont de Sant Jordi 8-10 03803 Alcoy\",\"potentialAction\":[{\"@type\":\"SearchAction\",\"target\":{\"@type\":\"EntryPoint\",\"urlTemplate\":\"https:\\\/\\\/www.copealcoy.es\\\/es\\\/?s={search_term_string}\"},\"query-input\":{\"@type\":\"PropertyValueSpecification\",\"valueRequired\":true,\"valueName\":\"search_term_string\"}}],\"inLanguage\":\"es\"},{\"@type\":\"Person\",\"@id\":\"https:\\\/\\\/www.copealcoy.es\\\/es\\\/#\\\/schema\\\/person\\\/e777c87fa024e57d40170af9df39882c\",\"name\":\"Cope Alcoy\",\"image\":{\"@type\":\"ImageObject\",\"inLanguage\":\"es\",\"@id\":\"https:\\\/\\\/secure.gravatar.com\\\/avatar\\\/bb65d0283347e303893ba14f0692005417c1e0e690a325a4c5d8bb2b3943ee14?s=96&d=mm&r=g\",\"url\":\"https:\\\/\\\/secure.gravatar.com\\\/avatar\\\/bb65d0283347e303893ba14f0692005417c1e0e690a325a4c5d8bb2b3943ee14?s=96&d=mm&r=g\",\"contentUrl\":\"https:\\\/\\\/secure.gravatar.com\\\/avatar\\\/bb65d0283347e303893ba14f0692005417c1e0e690a325a4c5d8bb2b3943ee14?s=96&d=mm&r=g\",\"caption\":\"Cope Alcoy\"}}]}<\/script>\n<!-- \/ Yoast SEO plugin. -->","yoast_head_json":{"title":"Aumentan las afiliaciones en el Partido Popular de Alcoy - COPE Alcoy","robots":{"index":"index","follow":"follow","max-snippet":"max-snippet:-1","max-image-preview":"max-image-preview:large","max-video-preview":"max-video-preview:-1"},"canonical":"https:\/\/www.copealcoy.es\/es\/aumentan-las-afiliciaciones-en-el-partido-popular-de-alcoy\/","og_locale":"es_ES","og_type":"article","og_title":"Aumentan las afiliaciones en el Partido Popular de Alcoy - COPE Alcoy","og_description":"El Partido Popular de Alcoy valora muy positivamente el incremento de afiliaciones que ha tenido la formaci\u00f3n pol\u00edtica en los...","og_url":"https:\/\/www.copealcoy.es\/es\/aumentan-las-afiliciaciones-en-el-partido-popular-de-alcoy\/","og_site_name":"COPE Alcoy","article_published_time":"2021-10-08T10:08:04+00:00","article_modified_time":"2021-10-08T10:21:17+00:00","og_image":[{"width":1024,"height":682,"url":"https:\/\/www.copealcoy.es\/wp-content\/uploads\/2021\/10\/PP-plaza-de-toros-1024x682-1.jpg","type":"image\/jpeg"}],"author":"Cope Alcoy","twitter_misc":{"Escrito por":"Cope Alcoy","Tiempo de lectura":"1 minuto"},"schema":{"@context":"https:\/\/schema.org","@graph":[{"@type":"Article","@id":"https:\/\/www.copealcoy.es\/es\/aumentan-las-afiliciaciones-en-el-partido-popular-de-alcoy\/#article","isPartOf":{"@id":"https:\/\/www.copealcoy.es\/es\/aumentan-las-afiliciaciones-en-el-partido-popular-de-alcoy\/"},"author":{"name":"Cope Alcoy","@id":"https:\/\/www.copealcoy.es\/es\/#\/schema\/person\/e777c87fa024e57d40170af9df39882c"},"headline":"Aumentan las afiliaciones en el Partido Popular de Alcoy","datePublished":"2021-10-08T10:08:04+00:00","dateModified":"2021-10-08T10:21:17+00:00","mainEntityOfPage":{"@id":"https:\/\/www.copealcoy.es\/es\/aumentan-las-afiliciaciones-en-el-partido-popular-de-alcoy\/"},"wordCount":226,"commentCount":0,"image":{"@id":"https:\/\/www.copealcoy.es\/es\/aumentan-las-afiliciaciones-en-el-partido-popular-de-alcoy\/#primaryimage"},"thumbnailUrl":"https:\/\/www.copealcoy.es\/wp-content\/uploads\/2021\/10\/PP-plaza-de-toros-1024x682-1.jpg","keywords":["afiliaci\u00f3n","Carlos Maz\u00f3n","incremento","Pablo Casado","Partido Popular","Rafa Mir\u00f3"],"articleSection":["Alcoy","Noticias","Pol\u00edtica y Econom\u00eda"],"inLanguage":"es"},{"@type":"WebPage","@id":"https:\/\/www.copealcoy.es\/es\/aumentan-las-afiliciaciones-en-el-partido-popular-de-alcoy\/","url":"https:\/\/www.copealcoy.es\/es\/aumentan-las-afiliciaciones-en-el-partido-popular-de-alcoy\/","name":"Aumentan las afiliaciones en el Partido Popular de Alcoy - COPE Alcoy","isPartOf":{"@id":"https:\/\/www.copealcoy.es\/es\/#website"},"primaryImageOfPage":{"@id":"https:\/\/www.copealcoy.es\/es\/aumentan-las-afiliciaciones-en-el-partido-popular-de-alcoy\/#primaryimage"},"image":{"@id":"https:\/\/www.copealcoy.es\/es\/aumentan-las-afiliciaciones-en-el-partido-popular-de-alcoy\/#primaryimage"},"thumbnailUrl":"https:\/\/www.copealcoy.es\/wp-content\/uploads\/2021\/10\/PP-plaza-de-toros-1024x682-1.jpg","datePublished":"2021-10-08T10:08:04+00:00","dateModified":"2021-10-08T10:21:17+00:00","author":{"@id":"https:\/\/www.copealcoy.es\/es\/#\/schema\/person\/e777c87fa024e57d40170af9df39882c"},"breadcrumb":{"@id":"https:\/\/www.copealcoy.es\/es\/aumentan-las-afiliciaciones-en-el-partido-popular-de-alcoy\/#breadcrumb"},"inLanguage":"es","potentialAction":[{"@type":"ReadAction","target":["https:\/\/www.copealcoy.es\/es\/aumentan-las-afiliciaciones-en-el-partido-popular-de-alcoy\/"]}]},{"@type":"ImageObject","inLanguage":"es","@id":"https:\/\/www.copealcoy.es\/es\/aumentan-las-afiliciaciones-en-el-partido-popular-de-alcoy\/#primaryimage","url":"https:\/\/www.copealcoy.es\/wp-content\/uploads\/2021\/10\/PP-plaza-de-toros-1024x682-1.jpg","contentUrl":"https:\/\/www.copealcoy.es\/wp-content\/uploads\/2021\/10\/PP-plaza-de-toros-1024x682-1.jpg","width":1024,"height":682},{"@type":"BreadcrumbList","@id":"https:\/\/www.copealcoy.es\/es\/aumentan-las-afiliciaciones-en-el-partido-popular-de-alcoy\/#breadcrumb","itemListElement":[{"@type":"ListItem","position":1,"name":"Portada","item":"https:\/\/www.copealcoy.es\/es\/"},{"@type":"ListItem","position":2,"name":"Aumentan las afiliaciones en el Partido Popular de Alcoy"}]},{"@type":"WebSite","@id":"https:\/\/www.copealcoy.es\/es\/#website","url":"https:\/\/www.copealcoy.es\/es\/","name":"COPE Alcoy","description":"Emisora COPE de radio local con emisi\u00f3n online. Pont de Sant Jordi 8-10 03803 Alcoy","potentialAction":[{"@type":"SearchAction","target":{"@type":"EntryPoint","urlTemplate":"https:\/\/www.copealcoy.es\/es\/?s={search_term_string}"},"query-input":{"@type":"PropertyValueSpecification","valueRequired":true,"valueName":"search_term_string"}}],"inLanguage":"es"},{"@type":"Person","@id":"https:\/\/www.copealcoy.es\/es\/#\/schema\/person\/e777c87fa024e57d40170af9df39882c","name":"Cope Alcoy","image":{"@type":"ImageObject","inLanguage":"es","@id":"https:\/\/secure.gravatar.com\/avatar\/bb65d0283347e303893ba14f0692005417c1e0e690a325a4c5d8bb2b3943ee14?s=96&d=mm&r=g","url":"https:\/\/secure.gravatar.com\/avatar\/bb65d0283347e303893ba14f0692005417c1e0e690a325a4c5d8bb2b3943ee14?s=96&d=mm&r=g","contentUrl":"https:\/\/secure.gravatar.com\/avatar\/bb65d0283347e303893ba14f0692005417c1e0e690a325a4c5d8bb2b3943ee14?s=96&d=mm&r=g","caption":"Cope Alcoy"}}]}},"_links":{"self":[{"href":"https:\/\/www.copealcoy.es\/es\/wp-json\/wp\/v2\/posts\/78756","targetHints":{"allow":["GET"]}}],"collection":[{"href":"https:\/\/www.copealcoy.es\/es\/wp-json\/wp\/v2\/posts"}],"about":[{"href":"https:\/\/www.copealcoy.es\/es\/wp-json\/wp\/v2\/types\/post"}],"author":[{"embeddable":true,"href":"https:\/\/www.copealcoy.es\/es\/wp-json\/wp\/v2\/users\/1"}],"replies":[{"embeddable":true,"href":"https:\/\/www.copealcoy.es\/es\/wp-json\/wp\/v2\/comments?post=78756"}],"version-history":[{"count":0,"href":"https:\/\/www.copealcoy.es\/es\/wp-json\/wp\/v2\/posts\/78756\/revisions"}],"wp:featuredmedia":[{"embeddable":true,"href":"https:\/\/www.copealcoy.es\/es\/wp-json\/wp\/v2\/media\/78757"}],"wp:attachment":[{"href":"https:\/\/www.copealcoy.es\/es\/wp-json\/wp\/v2\/media?parent=78756"}],"wp:term":[{"taxonomy":"category","embeddable":true,"href":"https:\/\/www.copealcoy.es\/es\/wp-json\/wp\/v2\/categories?post=78756"},{"taxonomy":"post_tag","embeddable":true,"href":"https:\/\/www.copealcoy.es\/es\/wp-json\/wp\/v2\/tags?post=78756"}],"curies":[{"name":"wp","href":"https:\/\/api.w.org\/{rel}","templated":true}]}}