{"id":78750,"date":"2021-10-08T10:53:38","date_gmt":"2021-10-08T09:53:38","guid":{"rendered":"https:\/\/www.copealcoy.es\/?p=78750"},"modified":"2021-10-08T11:05:19","modified_gmt":"2021-10-08T10:05:19","slug":"alta-distincion-del-consell-para-los-equipos-de-vacunacion-contra-el-covid","status":"publish","type":"post","link":"https:\/\/www.copealcoy.es\/es\/alta-distincion-del-consell-para-los-equipos-de-vacunacion-contra-el-covid\/","title":{"rendered":"Alta Distinci\u00f3n del Consell para los equipos de vacunaci\u00f3n contra el Covid"},"content":{"rendered":"<p style=\"text-align: justify;\">Los <strong>equipos de vacunaci\u00f3n contra el Coronavirus<\/strong> recibir\u00e1n<strong>\u00a0la Alta Distinci\u00f3n de la Generalitat Valenciana<\/strong>\u00a0por el 9 d&#8217;Octubre por su labor, que ha permitido inmunizar a casi 3 millones de personas en toda la Comunidad. La Generalitat ha querido as\u00ed reconocer la labor de los equipos de vacunaci\u00f3n contra el covid en los\u00a0<strong>133 vacun\u00f3dromos habilitados durante los \u00faltimos siete meses<\/strong><a class=\"link copy\" title=\" \" href=\"https:\/\/www.informacion.es\/alicante\/2021\/09\/28\/vacunodromos-provincia-alicante-cierran-haber-57776637.html\"><strong>\u00a0<\/strong><\/a>y que acaban de cerrarse.<strong>\u00a0<\/strong>Durante el tiempo que han estado funcionando estos espacios habilitados para vacunarse han sido vacunadas casi 3 millones de personas y se han inoculado un total de<strong>\u00a05.328.960 dosis<\/strong>, casi el\u00a0<strong>71% de todas las dosis administradas en la Comunidad Valenciana<\/strong>, que ascienden a 7,5 millones.<\/p>\n<p class=\"article-body__text \" style=\"text-align: justify;\"><span style=\"color: #0000ff;\"><strong>Distinciones de la Generalitat<\/strong><\/span><\/p>\n<p class=\"article-body__text \" style=\"text-align: justify;\">Las distinciones de la Generalitat de este a\u00f1o, que se entregar\u00e1n el pr\u00f3ximo s\u00e1bado, d\u00eda de la Comunidad Valenciana en un acto institucional, se otorgar\u00e1n a la\u00a0<strong>escritora alicantina Matilde Asensi,<\/strong>\u00a0al historietista Paco Roca, al poeta Josep Piera, al exjugador de f\u00fatbol Mario Alberto Kempes, a Radio Valencia Cadena SER en su 90 aniversario, Publicacions de la Universitat de Val\u00e8ncia y al anarquista C\u00e9sar Orqu\u00edn, a t\u00edtulo p\u00f3stumo, por salvar a 300 espa\u00f1oles en Mauthausen.<\/p>\n<ul class=\"article-body__text article-list article-list--unordered\" style=\"text-align: justify;\">\n<li><strong>Matilde Asensi<\/strong>: la periodista y escritora alicantina cuenta con una legi\u00f3n de seguidores en todo el mundo, con m\u00e1s de 20 millones de lectores. Es una de las escritoras con mayor n\u00famero de ventas de literatura en espa\u00f1ol y, como ha destacado la vicepresidenta del Consell, &#8220;un referente para los lectores de novela hist\u00f3rica y de aventuras&#8221;. Sus obras han sido traducidas a 15 idiomas.<\/li>\n<li><strong>Mario Alberto Kempes<\/strong>: el futbolista argentino milit\u00f3 en las filas del Valencia CF y tambi\u00e9n del H\u00e9rcules. Oltra ha destacado que &#8220;para muchos, el mejor jugador de la historia del Valencia&#8221;. Fue el conductor de la Selecci\u00f3n Argentina que gan\u00f3 la Copa de Mundo de 1978, siendo el m\u00e1ximo goleador y mejor jugador del torneo. El astro argentino fue uno de los mejores jugadores que han pasado por el Rico P\u00e9rez. Milit\u00f3 en el H\u00e9rcules durante las temporada 1984-85 y 1985-86 en Primera Divisi\u00f3n, antes de marcharse al f\u00fatbol austriaco.<\/li>\n<li><strong>Paco Roca:<\/strong> el historietista de c\u00f3mics e ilustrador valenciano estudi\u00f3 en la Escuela de Arte y Dise\u00f1o Superior de Val\u00e8ncia. Sus c\u00f3mics se han traducido a una docena de pa\u00edses, destacando el galardonado &#8220;Arrugas&#8221; (Premio Nacional de C\u00f3mic 2008) y que fue llevado al cine en 2011ganando el Goya a la mejor pel\u00edcula de animaci\u00f3n. El pasado mes de septiembre se va a estrenar la serie &#8220;La Fortuna&#8221;, dirigida por el laureado director Alejandro Amen\u00e1bar, basada en el libro de Roca &#8220;El tesoro del cisne negro&#8221;. Como ilustrador tambi\u00e9n ha realizado carteles, portadas de libros y murales.<\/li>\n<li><strong>Josep Riera:<\/strong> poeta, narrador y traductor valenciano, licenciado en Magisterio. Est\u00e1 integrado como uno de los poetas de la Generaci\u00f3n del 70 y va a ser uno de los fundadores de la revista literaria &#8220;Cairell&#8221;. Ha cultivado la narraci\u00f3n autobiogr\u00e1fica con excelentes autobiograf\u00edas de personajes tan conocidos como Ausi\u00e0s March o Francisco de Borja. Entre otros premios conseguidos, destaca la Creu de Sant Jordi y la distinci\u00f3n de Hijo Predilecto de Gandia.<\/li>\n<li><strong>C\u00e9sar Orqu\u00edn Serra:<\/strong> el prisionero anarquista que salv\u00f3 a centenares de deportados espa\u00f1oles en el campo nazi de Mauthausen. M\u00e1s de 300 prisioneros republicanos lograron sobrevivir bajo el mando de este valenciano.<\/li>\n<li><strong>Publicacions de la Universidad de Val\u00e8ncia:<\/strong> es el sello editorial universitario m\u00e1s importante de Espa\u00f1a. Tiene un extenso fondo editorial. Cuenta con una producci\u00f3n que supera el centenar de t\u00edtulos anuales y en 2020, en plena pandemia, produjo134 publicaciones en papel. Durante el pasado curso se conmemor\u00f3 el centenario de la editorial.<\/li>\n<li><strong>Radio Valencia:<\/strong> es la emisora m\u00e1s antigua de la Comunidad Valenciana al inaugurar sus emisiones en 1931 y est\u00e1 integrada en la Cadena SER.<\/li>\n<\/ul>\n<p class=\"article-body__text \" style=\"text-align: justify;\">Por lo que respecta a las\u00a0<strong>medallas al m\u00e9rito cultural,<\/strong>\u00a0recaen en\u00a0<strong>el actor alcoyano Juli Mira,\u00a0<\/strong>la directora del Centro Dram\u00e1tico Nacional y el Teatre Nacional de Catalunya, <strong>Carme Portaceli<\/strong>; la novelista gr\u00e1fica <strong>Cristina Dur\u00e1n<\/strong>, el cantante <strong>Dani Miquel<\/strong>, <strong>Al Tall<\/strong>, <strong>el grupo Kabaret Ploma 2<\/strong> y al antifranquista<strong> &#8220;Quico el Guerrillero&#8221;<\/strong>. <strong style=\"font-size: revert; color: initial; font-family: -apple-system, BlinkMacSystemFont, 'Segoe UI', Roboto, Oxygen-Sans, Ubuntu, Cantarell, 'Helvetica Neue', sans-serif;\">Las distinciones al m\u00e9rito por acciones a favor de la igualdad y por una sociedad inclusiva,<\/strong><span style=\"font-size: revert; color: initial; font-family: -apple-system, BlinkMacSystemFont, 'Segoe UI', Roboto, Oxygen-Sans, Ubuntu, Cantarell, 'Helvetica Neue', sans-serif;\">\u00a0por su parte, son para el <strong>Centro Nueva Opci\u00f3n de da\u00f1o cerebral, la Federaci\u00f3n de Scouts y el servicio social de Sant Joan de D\u00e9u<\/strong>.<\/span><\/p>\n<p class=\"article-body__text \" style=\"text-align: justify;\">En cuanto a las distinciones al<strong>\u00a0m\u00e9rito empresarial y social\u00a0<\/strong>han ido a parar a\u00a0<strong>Federico F\u00e9lix<\/strong>, <strong>Regina Monsalve<\/strong>, el <strong>Consolat de Mar<\/strong> y<strong> la Cooperativa El\u00e9ctrica de Crevillent Enercoop. <\/strong>Las<strong style=\"font-size: revert; color: initial; font-family: -apple-system, BlinkMacSystemFont, 'Segoe UI', Roboto, Oxygen-Sans, Ubuntu, Cantarell, 'Helvetica Neue', sans-serif;\"> distinciones al m\u00e9rito cient\u00edfico<\/strong><span style=\"font-size: revert; color: initial; font-family: -apple-system, BlinkMacSystemFont, 'Segoe UI', Roboto, Oxygen-Sans, Ubuntu, Cantarell, 'Helvetica Neue', sans-serif;\">\u00a0son para <strong>la catedr\u00e1tica de medicina Dolores Corella y el hemat\u00f3logo del Hospital La Fe Miguel \u00c1ngel Sanz Alonso<\/strong>.<\/span><\/p>\n<p class=\"article-body__text \" style=\"text-align: justify;\">En el <strong>cap\u00edtulo deportivo,\u00a0<\/strong>la medalla al m\u00e9rito la recibir\u00e1n la entrenadora de balonmano Cristina Mayo Santamar\u00eda, la tenista Lola Ochoa Ribes y y el pelotari\u00a0John Giner Mu\u00f1oz &#8220;Jan de Murla&#8221;; as\u00ed como los medallista de Tokio 2020, los futbolistas\u00a0<strong>\u00d3scar Gil Rega\u00f1o (RCD Espanyol y ex del Elche CF)<\/strong>, Pau Torres (Villarreal CF) y Carlos Soler\u00a0(Valencia CF), los atletas H\u00e9ctor Cabrera (atletismo adaptado),\u00a0<strong>Miriam Mart\u00ednez (atletismo adaptado)<\/strong>\u00a0e<strong>\u00a0Iv\u00e1n Cano<\/strong>\u00a0(atletismo adaptado) y el triatleta H\u00e9ctor Catal\u00e1. La Placa al M\u00e9rito Deportivo se entregar\u00e1 a la Marat\u00f3n de Val\u00e8ncia.<\/p>\n<p class=\"article-body__text \" style=\"text-align: justify;\"><span style=\"font-size: revert; color: initial; font-family: -apple-system, BlinkMacSystemFont, 'Segoe UI', Roboto, Oxygen-Sans, Ubuntu, Cantarell, 'Helvetica Neue', sans-serif;\">La <strong>Distinci\u00f3n Llu\u00eds Vives<\/strong> a la aportaci\u00f3n valenciana a la construcci\u00f3n <strong>Europa recae en Escena Erasmus<\/strong>, proyecto teatral pionero en Europa con sede en la Universidad de Val\u00e8ncia y en el que participan fundamentalmente estudiantes Erasmus.<\/span><\/p>\n<p class=\"article-body__text \" style=\"text-align: justify;\">Finalmente el <strong>Premio Embajador de la Comunitat Valenciana<\/strong> es para el dise\u00f1ador valenciano y premio nacional de dise\u00f1o <strong>Javier Mariscal<\/strong>, autor de la mascota de los Juegos Ol\u00edmpicos de 1992.<\/p>\n","protected":false},"excerpt":{"rendered":"<p>Los equipos de vacunaci\u00f3n contra el Coronavirus recibir\u00e1n\u00a0la Alta Distinci\u00f3n de la Generalitat Valenciana\u00a0por el 9 d&#8217;Octubre por su labor,&#8230;<\/p>\n","protected":false},"author":1,"featured_media":78752,"comment_status":"open","ping_status":"open","sticky":false,"template":"","format":"standard","meta":{"footnotes":""},"categories":[6909,75,79],"tags":[2846,3085,479,994],"class_list":["post-78750","post","type-post","status-publish","format-standard","has-post-thumbnail","hentry","category-actualidad","category-noticias","category-politicayeconomia","tag-9-doctubre","tag-alta-distincion","tag-consell","tag-generalitat-valenciana"],"yoast_head":"<!-- This site is optimized with the Yoast SEO plugin v27.3 - https:\/\/yoast.com\/product\/yoast-seo-wordpress\/ -->\n<title>Alta Distinci\u00f3n del Consell para los equipos de vacunaci\u00f3n contra el Covid - COPE Alcoy<\/title>\n<meta name=\"robots\" content=\"index, follow, max-snippet:-1, max-image-preview:large, max-video-preview:-1\" \/>\n<link rel=\"canonical\" href=\"https:\/\/www.copealcoy.es\/es\/alta-distincion-del-consell-para-los-equipos-de-vacunacion-contra-el-covid\/\" \/>\n<meta property=\"og:locale\" content=\"es_ES\" \/>\n<meta property=\"og:type\" content=\"article\" \/>\n<meta property=\"og:title\" content=\"Alta Distinci\u00f3n del Consell para los equipos de vacunaci\u00f3n contra el Covid - COPE Alcoy\" \/>\n<meta property=\"og:description\" content=\"Los equipos de vacunaci\u00f3n contra el Coronavirus recibir\u00e1n\u00a0la Alta Distinci\u00f3n de la Generalitat Valenciana\u00a0por el 9 d&#8217;Octubre por su labor,...\" \/>\n<meta property=\"og:url\" content=\"https:\/\/www.copealcoy.es\/es\/alta-distincion-del-consell-para-los-equipos-de-vacunacion-contra-el-covid\/\" \/>\n<meta property=\"og:site_name\" content=\"COPE Alcoy\" \/>\n<meta property=\"article:published_time\" content=\"2021-10-08T09:53:38+00:00\" \/>\n<meta property=\"article:modified_time\" content=\"2021-10-08T10:05:19+00:00\" \/>\n<meta property=\"og:image\" content=\"https:\/\/www.copealcoy.es\/wp-content\/uploads\/2021\/10\/unnamed-4.jpg\" \/>\n\t<meta property=\"og:image:width\" content=\"828\" \/>\n\t<meta property=\"og:image:height\" content=\"506\" \/>\n\t<meta property=\"og:image:type\" content=\"image\/jpeg\" \/>\n<meta name=\"author\" content=\"Cope Alcoy\" \/>\n<meta name=\"twitter:label1\" content=\"Escrito por\" \/>\n\t<meta name=\"twitter:data1\" content=\"Cope Alcoy\" \/>\n\t<meta name=\"twitter:label2\" content=\"Tiempo de lectura\" \/>\n\t<meta name=\"twitter:data2\" content=\"5 minutos\" \/>\n<script type=\"application\/ld+json\" class=\"yoast-schema-graph\">{\"@context\":\"https:\\\/\\\/schema.org\",\"@graph\":[{\"@type\":\"Article\",\"@id\":\"https:\\\/\\\/www.copealcoy.es\\\/es\\\/alta-distincion-del-consell-para-los-equipos-de-vacunacion-contra-el-covid\\\/#article\",\"isPartOf\":{\"@id\":\"https:\\\/\\\/www.copealcoy.es\\\/es\\\/alta-distincion-del-consell-para-los-equipos-de-vacunacion-contra-el-covid\\\/\"},\"author\":{\"name\":\"Cope Alcoy\",\"@id\":\"https:\\\/\\\/www.copealcoy.es\\\/es\\\/#\\\/schema\\\/person\\\/e777c87fa024e57d40170af9df39882c\"},\"headline\":\"Alta Distinci\u00f3n del Consell para los equipos de vacunaci\u00f3n contra el Covid\",\"datePublished\":\"2021-10-08T09:53:38+00:00\",\"dateModified\":\"2021-10-08T10:05:19+00:00\",\"mainEntityOfPage\":{\"@id\":\"https:\\\/\\\/www.copealcoy.es\\\/es\\\/alta-distincion-del-consell-para-los-equipos-de-vacunacion-contra-el-covid\\\/\"},\"wordCount\":1020,\"commentCount\":0,\"image\":{\"@id\":\"https:\\\/\\\/www.copealcoy.es\\\/es\\\/alta-distincion-del-consell-para-los-equipos-de-vacunacion-contra-el-covid\\\/#primaryimage\"},\"thumbnailUrl\":\"https:\\\/\\\/www.copealcoy.es\\\/wp-content\\\/uploads\\\/2021\\\/10\\\/unnamed-4.jpg\",\"keywords\":[\"9 d\u00b4octubre\",\"alta distinci\u00f3n\",\"Consell\",\"Generalitat Valenciana\"],\"articleSection\":[\"Actualidad\",\"Noticias\",\"Pol\u00edtica y Econom\u00eda\"],\"inLanguage\":\"es\"},{\"@type\":\"WebPage\",\"@id\":\"https:\\\/\\\/www.copealcoy.es\\\/es\\\/alta-distincion-del-consell-para-los-equipos-de-vacunacion-contra-el-covid\\\/\",\"url\":\"https:\\\/\\\/www.copealcoy.es\\\/es\\\/alta-distincion-del-consell-para-los-equipos-de-vacunacion-contra-el-covid\\\/\",\"name\":\"Alta Distinci\u00f3n del Consell para los equipos de vacunaci\u00f3n contra el Covid - COPE Alcoy\",\"isPartOf\":{\"@id\":\"https:\\\/\\\/www.copealcoy.es\\\/es\\\/#website\"},\"primaryImageOfPage\":{\"@id\":\"https:\\\/\\\/www.copealcoy.es\\\/es\\\/alta-distincion-del-consell-para-los-equipos-de-vacunacion-contra-el-covid\\\/#primaryimage\"},\"image\":{\"@id\":\"https:\\\/\\\/www.copealcoy.es\\\/es\\\/alta-distincion-del-consell-para-los-equipos-de-vacunacion-contra-el-covid\\\/#primaryimage\"},\"thumbnailUrl\":\"https:\\\/\\\/www.copealcoy.es\\\/wp-content\\\/uploads\\\/2021\\\/10\\\/unnamed-4.jpg\",\"datePublished\":\"2021-10-08T09:53:38+00:00\",\"dateModified\":\"2021-10-08T10:05:19+00:00\",\"author\":{\"@id\":\"https:\\\/\\\/www.copealcoy.es\\\/es\\\/#\\\/schema\\\/person\\\/e777c87fa024e57d40170af9df39882c\"},\"breadcrumb\":{\"@id\":\"https:\\\/\\\/www.copealcoy.es\\\/es\\\/alta-distincion-del-consell-para-los-equipos-de-vacunacion-contra-el-covid\\\/#breadcrumb\"},\"inLanguage\":\"es\",\"potentialAction\":[{\"@type\":\"ReadAction\",\"target\":[\"https:\\\/\\\/www.copealcoy.es\\\/es\\\/alta-distincion-del-consell-para-los-equipos-de-vacunacion-contra-el-covid\\\/\"]}]},{\"@type\":\"ImageObject\",\"inLanguage\":\"es\",\"@id\":\"https:\\\/\\\/www.copealcoy.es\\\/es\\\/alta-distincion-del-consell-para-los-equipos-de-vacunacion-contra-el-covid\\\/#primaryimage\",\"url\":\"https:\\\/\\\/www.copealcoy.es\\\/wp-content\\\/uploads\\\/2021\\\/10\\\/unnamed-4.jpg\",\"contentUrl\":\"https:\\\/\\\/www.copealcoy.es\\\/wp-content\\\/uploads\\\/2021\\\/10\\\/unnamed-4.jpg\",\"width\":828,\"height\":506},{\"@type\":\"BreadcrumbList\",\"@id\":\"https:\\\/\\\/www.copealcoy.es\\\/es\\\/alta-distincion-del-consell-para-los-equipos-de-vacunacion-contra-el-covid\\\/#breadcrumb\",\"itemListElement\":[{\"@type\":\"ListItem\",\"position\":1,\"name\":\"Portada\",\"item\":\"https:\\\/\\\/www.copealcoy.es\\\/es\\\/\"},{\"@type\":\"ListItem\",\"position\":2,\"name\":\"Alta Distinci\u00f3n del Consell para los equipos de vacunaci\u00f3n contra el Covid\"}]},{\"@type\":\"WebSite\",\"@id\":\"https:\\\/\\\/www.copealcoy.es\\\/es\\\/#website\",\"url\":\"https:\\\/\\\/www.copealcoy.es\\\/es\\\/\",\"name\":\"COPE Alcoy\",\"description\":\"Emisora COPE de radio local con emisi\u00f3n online. Pont de Sant Jordi 8-10 03803 Alcoy\",\"potentialAction\":[{\"@type\":\"SearchAction\",\"target\":{\"@type\":\"EntryPoint\",\"urlTemplate\":\"https:\\\/\\\/www.copealcoy.es\\\/es\\\/?s={search_term_string}\"},\"query-input\":{\"@type\":\"PropertyValueSpecification\",\"valueRequired\":true,\"valueName\":\"search_term_string\"}}],\"inLanguage\":\"es\"},{\"@type\":\"Person\",\"@id\":\"https:\\\/\\\/www.copealcoy.es\\\/es\\\/#\\\/schema\\\/person\\\/e777c87fa024e57d40170af9df39882c\",\"name\":\"Cope Alcoy\",\"image\":{\"@type\":\"ImageObject\",\"inLanguage\":\"es\",\"@id\":\"https:\\\/\\\/secure.gravatar.com\\\/avatar\\\/bb65d0283347e303893ba14f0692005417c1e0e690a325a4c5d8bb2b3943ee14?s=96&d=mm&r=g\",\"url\":\"https:\\\/\\\/secure.gravatar.com\\\/avatar\\\/bb65d0283347e303893ba14f0692005417c1e0e690a325a4c5d8bb2b3943ee14?s=96&d=mm&r=g\",\"contentUrl\":\"https:\\\/\\\/secure.gravatar.com\\\/avatar\\\/bb65d0283347e303893ba14f0692005417c1e0e690a325a4c5d8bb2b3943ee14?s=96&d=mm&r=g\",\"caption\":\"Cope Alcoy\"}}]}<\/script>\n<!-- \/ Yoast SEO plugin. -->","yoast_head_json":{"title":"Alta Distinci\u00f3n del Consell para los equipos de vacunaci\u00f3n contra el Covid - COPE Alcoy","robots":{"index":"index","follow":"follow","max-snippet":"max-snippet:-1","max-image-preview":"max-image-preview:large","max-video-preview":"max-video-preview:-1"},"canonical":"https:\/\/www.copealcoy.es\/es\/alta-distincion-del-consell-para-los-equipos-de-vacunacion-contra-el-covid\/","og_locale":"es_ES","og_type":"article","og_title":"Alta Distinci\u00f3n del Consell para los equipos de vacunaci\u00f3n contra el Covid - COPE Alcoy","og_description":"Los equipos de vacunaci\u00f3n contra el Coronavirus recibir\u00e1n\u00a0la Alta Distinci\u00f3n de la Generalitat Valenciana\u00a0por el 9 d&#8217;Octubre por su labor,...","og_url":"https:\/\/www.copealcoy.es\/es\/alta-distincion-del-consell-para-los-equipos-de-vacunacion-contra-el-covid\/","og_site_name":"COPE Alcoy","article_published_time":"2021-10-08T09:53:38+00:00","article_modified_time":"2021-10-08T10:05:19+00:00","og_image":[{"width":828,"height":506,"url":"https:\/\/www.copealcoy.es\/wp-content\/uploads\/2021\/10\/unnamed-4.jpg","type":"image\/jpeg"}],"author":"Cope Alcoy","twitter_misc":{"Escrito por":"Cope Alcoy","Tiempo de lectura":"5 minutos"},"schema":{"@context":"https:\/\/schema.org","@graph":[{"@type":"Article","@id":"https:\/\/www.copealcoy.es\/es\/alta-distincion-del-consell-para-los-equipos-de-vacunacion-contra-el-covid\/#article","isPartOf":{"@id":"https:\/\/www.copealcoy.es\/es\/alta-distincion-del-consell-para-los-equipos-de-vacunacion-contra-el-covid\/"},"author":{"name":"Cope Alcoy","@id":"https:\/\/www.copealcoy.es\/es\/#\/schema\/person\/e777c87fa024e57d40170af9df39882c"},"headline":"Alta Distinci\u00f3n del Consell para los equipos de vacunaci\u00f3n contra el Covid","datePublished":"2021-10-08T09:53:38+00:00","dateModified":"2021-10-08T10:05:19+00:00","mainEntityOfPage":{"@id":"https:\/\/www.copealcoy.es\/es\/alta-distincion-del-consell-para-los-equipos-de-vacunacion-contra-el-covid\/"},"wordCount":1020,"commentCount":0,"image":{"@id":"https:\/\/www.copealcoy.es\/es\/alta-distincion-del-consell-para-los-equipos-de-vacunacion-contra-el-covid\/#primaryimage"},"thumbnailUrl":"https:\/\/www.copealcoy.es\/wp-content\/uploads\/2021\/10\/unnamed-4.jpg","keywords":["9 d\u00b4octubre","alta distinci\u00f3n","Consell","Generalitat Valenciana"],"articleSection":["Actualidad","Noticias","Pol\u00edtica y Econom\u00eda"],"inLanguage":"es"},{"@type":"WebPage","@id":"https:\/\/www.copealcoy.es\/es\/alta-distincion-del-consell-para-los-equipos-de-vacunacion-contra-el-covid\/","url":"https:\/\/www.copealcoy.es\/es\/alta-distincion-del-consell-para-los-equipos-de-vacunacion-contra-el-covid\/","name":"Alta Distinci\u00f3n del Consell para los equipos de vacunaci\u00f3n contra el Covid - COPE Alcoy","isPartOf":{"@id":"https:\/\/www.copealcoy.es\/es\/#website"},"primaryImageOfPage":{"@id":"https:\/\/www.copealcoy.es\/es\/alta-distincion-del-consell-para-los-equipos-de-vacunacion-contra-el-covid\/#primaryimage"},"image":{"@id":"https:\/\/www.copealcoy.es\/es\/alta-distincion-del-consell-para-los-equipos-de-vacunacion-contra-el-covid\/#primaryimage"},"thumbnailUrl":"https:\/\/www.copealcoy.es\/wp-content\/uploads\/2021\/10\/unnamed-4.jpg","datePublished":"2021-10-08T09:53:38+00:00","dateModified":"2021-10-08T10:05:19+00:00","author":{"@id":"https:\/\/www.copealcoy.es\/es\/#\/schema\/person\/e777c87fa024e57d40170af9df39882c"},"breadcrumb":{"@id":"https:\/\/www.copealcoy.es\/es\/alta-distincion-del-consell-para-los-equipos-de-vacunacion-contra-el-covid\/#breadcrumb"},"inLanguage":"es","potentialAction":[{"@type":"ReadAction","target":["https:\/\/www.copealcoy.es\/es\/alta-distincion-del-consell-para-los-equipos-de-vacunacion-contra-el-covid\/"]}]},{"@type":"ImageObject","inLanguage":"es","@id":"https:\/\/www.copealcoy.es\/es\/alta-distincion-del-consell-para-los-equipos-de-vacunacion-contra-el-covid\/#primaryimage","url":"https:\/\/www.copealcoy.es\/wp-content\/uploads\/2021\/10\/unnamed-4.jpg","contentUrl":"https:\/\/www.copealcoy.es\/wp-content\/uploads\/2021\/10\/unnamed-4.jpg","width":828,"height":506},{"@type":"BreadcrumbList","@id":"https:\/\/www.copealcoy.es\/es\/alta-distincion-del-consell-para-los-equipos-de-vacunacion-contra-el-covid\/#breadcrumb","itemListElement":[{"@type":"ListItem","position":1,"name":"Portada","item":"https:\/\/www.copealcoy.es\/es\/"},{"@type":"ListItem","position":2,"name":"Alta Distinci\u00f3n del Consell para los equipos de vacunaci\u00f3n contra el Covid"}]},{"@type":"WebSite","@id":"https:\/\/www.copealcoy.es\/es\/#website","url":"https:\/\/www.copealcoy.es\/es\/","name":"COPE Alcoy","description":"Emisora COPE de radio local con emisi\u00f3n online. Pont de Sant Jordi 8-10 03803 Alcoy","potentialAction":[{"@type":"SearchAction","target":{"@type":"EntryPoint","urlTemplate":"https:\/\/www.copealcoy.es\/es\/?s={search_term_string}"},"query-input":{"@type":"PropertyValueSpecification","valueRequired":true,"valueName":"search_term_string"}}],"inLanguage":"es"},{"@type":"Person","@id":"https:\/\/www.copealcoy.es\/es\/#\/schema\/person\/e777c87fa024e57d40170af9df39882c","name":"Cope Alcoy","image":{"@type":"ImageObject","inLanguage":"es","@id":"https:\/\/secure.gravatar.com\/avatar\/bb65d0283347e303893ba14f0692005417c1e0e690a325a4c5d8bb2b3943ee14?s=96&d=mm&r=g","url":"https:\/\/secure.gravatar.com\/avatar\/bb65d0283347e303893ba14f0692005417c1e0e690a325a4c5d8bb2b3943ee14?s=96&d=mm&r=g","contentUrl":"https:\/\/secure.gravatar.com\/avatar\/bb65d0283347e303893ba14f0692005417c1e0e690a325a4c5d8bb2b3943ee14?s=96&d=mm&r=g","caption":"Cope Alcoy"}}]}},"_links":{"self":[{"href":"https:\/\/www.copealcoy.es\/es\/wp-json\/wp\/v2\/posts\/78750","targetHints":{"allow":["GET"]}}],"collection":[{"href":"https:\/\/www.copealcoy.es\/es\/wp-json\/wp\/v2\/posts"}],"about":[{"href":"https:\/\/www.copealcoy.es\/es\/wp-json\/wp\/v2\/types\/post"}],"author":[{"embeddable":true,"href":"https:\/\/www.copealcoy.es\/es\/wp-json\/wp\/v2\/users\/1"}],"replies":[{"embeddable":true,"href":"https:\/\/www.copealcoy.es\/es\/wp-json\/wp\/v2\/comments?post=78750"}],"version-history":[{"count":0,"href":"https:\/\/www.copealcoy.es\/es\/wp-json\/wp\/v2\/posts\/78750\/revisions"}],"wp:featuredmedia":[{"embeddable":true,"href":"https:\/\/www.copealcoy.es\/es\/wp-json\/wp\/v2\/media\/78752"}],"wp:attachment":[{"href":"https:\/\/www.copealcoy.es\/es\/wp-json\/wp\/v2\/media?parent=78750"}],"wp:term":[{"taxonomy":"category","embeddable":true,"href":"https:\/\/www.copealcoy.es\/es\/wp-json\/wp\/v2\/categories?post=78750"},{"taxonomy":"post_tag","embeddable":true,"href":"https:\/\/www.copealcoy.es\/es\/wp-json\/wp\/v2\/tags?post=78750"}],"curies":[{"name":"wp","href":"https:\/\/api.w.org\/{rel}","templated":true}]}}