{"id":78688,"date":"2021-10-07T11:49:42","date_gmt":"2021-10-07T10:49:42","guid":{"rendered":"https:\/\/www.copealcoy.es\/?p=78688"},"modified":"2021-10-08T19:00:10","modified_gmt":"2021-10-08T18:00:10","slug":"se-ponen-a-la-venta-las-entradas-para-vivir-asi-es-morir-de-amor","status":"publish","type":"post","link":"https:\/\/www.copealcoy.es\/es\/se-ponen-a-la-venta-las-entradas-para-vivir-asi-es-morir-de-amor\/","title":{"rendered":"Se ponen a la venta las entradas para \u2018Vivir as\u00ed es morir de amor\u2019"},"content":{"rendered":"<p style=\"text-align: justify;\">El pr\u00f3ximo <strong>mes de diciembre<\/strong> llegar\u00e1 a Alcoy<strong> el estreno en primicia<\/strong> del gran musical <strong>\u2018Vivir as\u00ed es morir de amor\u2019<\/strong>, un montaje que como ya <strong><a href=\"https:\/\/www.copealcoy.es\/vivir-asi-es-morir-de-amor-se-estrenara-en-alcoy\/\"><span style=\"color: #0000ff;\">te avanz\u00f3 COPE ALCOY<\/span><\/a><\/strong> el pasado mes de mayo <strong>rendir\u00e1 homenaje al cantante Camilo Sesto. <\/strong>Tras el paso por nuestra ciudad, lugar de nacimiento de nuestro artista m\u00e1s internacional , el musical <strong>recorrer\u00e1 las principales ciudades de Espa\u00f1a<\/strong>.<\/p>\n<p style=\"text-align: justify;\">Ma\u00f1ana <strong>viernes 8 de octubre<\/strong>, a partir de las <strong>11:30h de la ma\u00f1ana<\/strong>, se ponen a la venta en taquilla e<span style=\"color: #0000ff;\"><strong><a style=\"color: #0000ff;\" href=\"https:\/\/www.teatrecalderonalcoi.com\/events\/vivir-asi-es-morir-de-amor\/#tickets\"> Internet<\/a><\/strong> <\/span>las entradas para poder disfrutar aqu\u00ed en Alcoy del mencionado estreno de &#8216;Vivir as\u00ed es morir de amor&#8217;. La puesta de largo la podremos ver en el Teatro Calder\u00f3n <strong>los d\u00edas 15, 16 y 17 de diciembre<\/strong>, a partir de las 20:30h; mientras que <strong>el s\u00e1bado 18 <\/strong>tendr\u00e1 lugar a las 21:00h y <strong>el domingo 19<\/strong> a las 18:30h de la tarde.\u00a0 Ser\u00e1n\u00a0<strong>m\u00e1s de veinte los artistas participantes\u00a0<\/strong>en este montaje en el cual\u00a0<strong>sonar\u00e1n hasta 35 canciones<\/strong> de Camilo Sesto. Todo ello ir\u00e1 aderezado con <strong>efectos especiales<\/strong> y\u00a0<strong>pantallas<\/strong> en las que se proyectar\u00e1n im\u00e1genes.<\/p>\n<p style=\"text-align: justify;\"><strong>Moon World Records<\/strong> se encarga de hacer posible esta superproducci\u00f3n y su productor, <strong>Juanfran Senabre<\/strong>, record\u00f3 en la pasada primavera<strong> la importancia de que el musical se estrenara en Alcoy<\/strong>; la ciudad en la que inici\u00f3 su trayectoria art\u00edstica el ya m\u00edtico Camilo Blanes Cort\u00e9s.<\/p>\n","protected":false},"excerpt":{"rendered":"<p>El pr\u00f3ximo mes de diciembre llegar\u00e1 a Alcoy el estreno en primicia del gran musical \u2018Vivir as\u00ed es morir de&#8230;<\/p>\n","protected":false},"author":1,"featured_media":74215,"comment_status":"open","ping_status":"open","sticky":false,"template":"","format":"standard","meta":{"footnotes":""},"categories":[6909,97,78,75],"tags":[1494,2559,8637,1763,11886],"class_list":["post-78688","post","type-post","status-publish","format-standard","has-post-thumbnail","hentry","category-actualidad","category-alcoy","category-fiestaycultura","category-noticias","tag-alcoy","tag-camilo-sesto","tag-musical","tag-teatro-calderon","tag-venta-entradas"],"yoast_head":"<!-- This site is optimized with the Yoast SEO plugin v27.3 - https:\/\/yoast.com\/product\/yoast-seo-wordpress\/ -->\n<title>Se ponen a la venta las entradas para \u2018Vivir as\u00ed es morir de amor\u2019 - COPE Alcoy<\/title>\n<meta name=\"robots\" content=\"index, follow, max-snippet:-1, max-image-preview:large, max-video-preview:-1\" \/>\n<link rel=\"canonical\" href=\"https:\/\/www.copealcoy.es\/es\/se-ponen-a-la-venta-las-entradas-para-vivir-asi-es-morir-de-amor\/\" \/>\n<meta property=\"og:locale\" content=\"es_ES\" \/>\n<meta property=\"og:type\" content=\"article\" \/>\n<meta property=\"og:title\" content=\"Se ponen a la venta las entradas para \u2018Vivir as\u00ed es morir de amor\u2019 - COPE Alcoy\" \/>\n<meta property=\"og:description\" content=\"El pr\u00f3ximo mes de diciembre llegar\u00e1 a Alcoy el estreno en primicia del gran musical \u2018Vivir as\u00ed es morir de...\" \/>\n<meta property=\"og:url\" content=\"https:\/\/www.copealcoy.es\/es\/se-ponen-a-la-venta-las-entradas-para-vivir-asi-es-morir-de-amor\/\" \/>\n<meta property=\"og:site_name\" content=\"COPE Alcoy\" \/>\n<meta property=\"article:published_time\" content=\"2021-10-07T10:49:42+00:00\" \/>\n<meta property=\"article:modified_time\" content=\"2021-10-08T18:00:10+00:00\" \/>\n<meta property=\"og:image\" content=\"https:\/\/www.copealcoy.es\/wp-content\/uploads\/2021\/05\/0.jpg\" \/>\n\t<meta property=\"og:image:width\" content=\"996\" \/>\n\t<meta property=\"og:image:height\" content=\"664\" \/>\n\t<meta property=\"og:image:type\" content=\"image\/jpeg\" \/>\n<meta name=\"author\" content=\"Cope Alcoy\" \/>\n<meta name=\"twitter:label1\" content=\"Escrito por\" \/>\n\t<meta name=\"twitter:data1\" content=\"Cope Alcoy\" \/>\n\t<meta name=\"twitter:label2\" content=\"Tiempo de lectura\" \/>\n\t<meta name=\"twitter:data2\" content=\"1 minuto\" \/>\n<script type=\"application\/ld+json\" class=\"yoast-schema-graph\">{\"@context\":\"https:\\\/\\\/schema.org\",\"@graph\":[{\"@type\":\"Article\",\"@id\":\"https:\\\/\\\/www.copealcoy.es\\\/es\\\/se-ponen-a-la-venta-las-entradas-para-vivir-asi-es-morir-de-amor\\\/#article\",\"isPartOf\":{\"@id\":\"https:\\\/\\\/www.copealcoy.es\\\/es\\\/se-ponen-a-la-venta-las-entradas-para-vivir-asi-es-morir-de-amor\\\/\"},\"author\":{\"name\":\"Cope Alcoy\",\"@id\":\"https:\\\/\\\/www.copealcoy.es\\\/es\\\/#\\\/schema\\\/person\\\/e777c87fa024e57d40170af9df39882c\"},\"headline\":\"Se ponen a la venta las entradas para \u2018Vivir as\u00ed es morir de amor\u2019\",\"datePublished\":\"2021-10-07T10:49:42+00:00\",\"dateModified\":\"2021-10-08T18:00:10+00:00\",\"mainEntityOfPage\":{\"@id\":\"https:\\\/\\\/www.copealcoy.es\\\/es\\\/se-ponen-a-la-venta-las-entradas-para-vivir-asi-es-morir-de-amor\\\/\"},\"wordCount\":251,\"commentCount\":0,\"image\":{\"@id\":\"https:\\\/\\\/www.copealcoy.es\\\/es\\\/se-ponen-a-la-venta-las-entradas-para-vivir-asi-es-morir-de-amor\\\/#primaryimage\"},\"thumbnailUrl\":\"https:\\\/\\\/www.copealcoy.es\\\/wp-content\\\/uploads\\\/2021\\\/05\\\/0.jpg\",\"keywords\":[\"Alcoy\",\"Camilo Sesto\",\"musical\",\"Teatro Calder\u00f3n\",\"Venta entradas\"],\"articleSection\":[\"Actualidad\",\"Alcoy\",\"Fiesta y Cultura\",\"Noticias\"],\"inLanguage\":\"es\"},{\"@type\":\"WebPage\",\"@id\":\"https:\\\/\\\/www.copealcoy.es\\\/es\\\/se-ponen-a-la-venta-las-entradas-para-vivir-asi-es-morir-de-amor\\\/\",\"url\":\"https:\\\/\\\/www.copealcoy.es\\\/es\\\/se-ponen-a-la-venta-las-entradas-para-vivir-asi-es-morir-de-amor\\\/\",\"name\":\"Se ponen a la venta las entradas para \u2018Vivir as\u00ed es morir de amor\u2019 - COPE Alcoy\",\"isPartOf\":{\"@id\":\"https:\\\/\\\/www.copealcoy.es\\\/es\\\/#website\"},\"primaryImageOfPage\":{\"@id\":\"https:\\\/\\\/www.copealcoy.es\\\/es\\\/se-ponen-a-la-venta-las-entradas-para-vivir-asi-es-morir-de-amor\\\/#primaryimage\"},\"image\":{\"@id\":\"https:\\\/\\\/www.copealcoy.es\\\/es\\\/se-ponen-a-la-venta-las-entradas-para-vivir-asi-es-morir-de-amor\\\/#primaryimage\"},\"thumbnailUrl\":\"https:\\\/\\\/www.copealcoy.es\\\/wp-content\\\/uploads\\\/2021\\\/05\\\/0.jpg\",\"datePublished\":\"2021-10-07T10:49:42+00:00\",\"dateModified\":\"2021-10-08T18:00:10+00:00\",\"author\":{\"@id\":\"https:\\\/\\\/www.copealcoy.es\\\/es\\\/#\\\/schema\\\/person\\\/e777c87fa024e57d40170af9df39882c\"},\"breadcrumb\":{\"@id\":\"https:\\\/\\\/www.copealcoy.es\\\/es\\\/se-ponen-a-la-venta-las-entradas-para-vivir-asi-es-morir-de-amor\\\/#breadcrumb\"},\"inLanguage\":\"es\",\"potentialAction\":[{\"@type\":\"ReadAction\",\"target\":[\"https:\\\/\\\/www.copealcoy.es\\\/es\\\/se-ponen-a-la-venta-las-entradas-para-vivir-asi-es-morir-de-amor\\\/\"]}]},{\"@type\":\"ImageObject\",\"inLanguage\":\"es\",\"@id\":\"https:\\\/\\\/www.copealcoy.es\\\/es\\\/se-ponen-a-la-venta-las-entradas-para-vivir-asi-es-morir-de-amor\\\/#primaryimage\",\"url\":\"https:\\\/\\\/www.copealcoy.es\\\/wp-content\\\/uploads\\\/2021\\\/05\\\/0.jpg\",\"contentUrl\":\"https:\\\/\\\/www.copealcoy.es\\\/wp-content\\\/uploads\\\/2021\\\/05\\\/0.jpg\",\"width\":996,\"height\":664},{\"@type\":\"BreadcrumbList\",\"@id\":\"https:\\\/\\\/www.copealcoy.es\\\/es\\\/se-ponen-a-la-venta-las-entradas-para-vivir-asi-es-morir-de-amor\\\/#breadcrumb\",\"itemListElement\":[{\"@type\":\"ListItem\",\"position\":1,\"name\":\"Portada\",\"item\":\"https:\\\/\\\/www.copealcoy.es\\\/es\\\/\"},{\"@type\":\"ListItem\",\"position\":2,\"name\":\"Se ponen a la venta las entradas para \u2018Vivir as\u00ed es morir de amor\u2019\"}]},{\"@type\":\"WebSite\",\"@id\":\"https:\\\/\\\/www.copealcoy.es\\\/es\\\/#website\",\"url\":\"https:\\\/\\\/www.copealcoy.es\\\/es\\\/\",\"name\":\"COPE Alcoy\",\"description\":\"Emisora COPE de radio local con emisi\u00f3n online. Pont de Sant Jordi 8-10 03803 Alcoy\",\"potentialAction\":[{\"@type\":\"SearchAction\",\"target\":{\"@type\":\"EntryPoint\",\"urlTemplate\":\"https:\\\/\\\/www.copealcoy.es\\\/es\\\/?s={search_term_string}\"},\"query-input\":{\"@type\":\"PropertyValueSpecification\",\"valueRequired\":true,\"valueName\":\"search_term_string\"}}],\"inLanguage\":\"es\"},{\"@type\":\"Person\",\"@id\":\"https:\\\/\\\/www.copealcoy.es\\\/es\\\/#\\\/schema\\\/person\\\/e777c87fa024e57d40170af9df39882c\",\"name\":\"Cope Alcoy\",\"image\":{\"@type\":\"ImageObject\",\"inLanguage\":\"es\",\"@id\":\"https:\\\/\\\/secure.gravatar.com\\\/avatar\\\/bb65d0283347e303893ba14f0692005417c1e0e690a325a4c5d8bb2b3943ee14?s=96&d=mm&r=g\",\"url\":\"https:\\\/\\\/secure.gravatar.com\\\/avatar\\\/bb65d0283347e303893ba14f0692005417c1e0e690a325a4c5d8bb2b3943ee14?s=96&d=mm&r=g\",\"contentUrl\":\"https:\\\/\\\/secure.gravatar.com\\\/avatar\\\/bb65d0283347e303893ba14f0692005417c1e0e690a325a4c5d8bb2b3943ee14?s=96&d=mm&r=g\",\"caption\":\"Cope Alcoy\"}}]}<\/script>\n<!-- \/ Yoast SEO plugin. -->","yoast_head_json":{"title":"Se ponen a la venta las entradas para \u2018Vivir as\u00ed es morir de amor\u2019 - COPE Alcoy","robots":{"index":"index","follow":"follow","max-snippet":"max-snippet:-1","max-image-preview":"max-image-preview:large","max-video-preview":"max-video-preview:-1"},"canonical":"https:\/\/www.copealcoy.es\/es\/se-ponen-a-la-venta-las-entradas-para-vivir-asi-es-morir-de-amor\/","og_locale":"es_ES","og_type":"article","og_title":"Se ponen a la venta las entradas para \u2018Vivir as\u00ed es morir de amor\u2019 - COPE Alcoy","og_description":"El pr\u00f3ximo mes de diciembre llegar\u00e1 a Alcoy el estreno en primicia del gran musical \u2018Vivir as\u00ed es morir de...","og_url":"https:\/\/www.copealcoy.es\/es\/se-ponen-a-la-venta-las-entradas-para-vivir-asi-es-morir-de-amor\/","og_site_name":"COPE Alcoy","article_published_time":"2021-10-07T10:49:42+00:00","article_modified_time":"2021-10-08T18:00:10+00:00","og_image":[{"width":996,"height":664,"url":"https:\/\/www.copealcoy.es\/wp-content\/uploads\/2021\/05\/0.jpg","type":"image\/jpeg"}],"author":"Cope Alcoy","twitter_misc":{"Escrito por":"Cope Alcoy","Tiempo de lectura":"1 minuto"},"schema":{"@context":"https:\/\/schema.org","@graph":[{"@type":"Article","@id":"https:\/\/www.copealcoy.es\/es\/se-ponen-a-la-venta-las-entradas-para-vivir-asi-es-morir-de-amor\/#article","isPartOf":{"@id":"https:\/\/www.copealcoy.es\/es\/se-ponen-a-la-venta-las-entradas-para-vivir-asi-es-morir-de-amor\/"},"author":{"name":"Cope Alcoy","@id":"https:\/\/www.copealcoy.es\/es\/#\/schema\/person\/e777c87fa024e57d40170af9df39882c"},"headline":"Se ponen a la venta las entradas para \u2018Vivir as\u00ed es morir de amor\u2019","datePublished":"2021-10-07T10:49:42+00:00","dateModified":"2021-10-08T18:00:10+00:00","mainEntityOfPage":{"@id":"https:\/\/www.copealcoy.es\/es\/se-ponen-a-la-venta-las-entradas-para-vivir-asi-es-morir-de-amor\/"},"wordCount":251,"commentCount":0,"image":{"@id":"https:\/\/www.copealcoy.es\/es\/se-ponen-a-la-venta-las-entradas-para-vivir-asi-es-morir-de-amor\/#primaryimage"},"thumbnailUrl":"https:\/\/www.copealcoy.es\/wp-content\/uploads\/2021\/05\/0.jpg","keywords":["Alcoy","Camilo Sesto","musical","Teatro Calder\u00f3n","Venta entradas"],"articleSection":["Actualidad","Alcoy","Fiesta y Cultura","Noticias"],"inLanguage":"es"},{"@type":"WebPage","@id":"https:\/\/www.copealcoy.es\/es\/se-ponen-a-la-venta-las-entradas-para-vivir-asi-es-morir-de-amor\/","url":"https:\/\/www.copealcoy.es\/es\/se-ponen-a-la-venta-las-entradas-para-vivir-asi-es-morir-de-amor\/","name":"Se ponen a la venta las entradas para \u2018Vivir as\u00ed es morir de amor\u2019 - COPE Alcoy","isPartOf":{"@id":"https:\/\/www.copealcoy.es\/es\/#website"},"primaryImageOfPage":{"@id":"https:\/\/www.copealcoy.es\/es\/se-ponen-a-la-venta-las-entradas-para-vivir-asi-es-morir-de-amor\/#primaryimage"},"image":{"@id":"https:\/\/www.copealcoy.es\/es\/se-ponen-a-la-venta-las-entradas-para-vivir-asi-es-morir-de-amor\/#primaryimage"},"thumbnailUrl":"https:\/\/www.copealcoy.es\/wp-content\/uploads\/2021\/05\/0.jpg","datePublished":"2021-10-07T10:49:42+00:00","dateModified":"2021-10-08T18:00:10+00:00","author":{"@id":"https:\/\/www.copealcoy.es\/es\/#\/schema\/person\/e777c87fa024e57d40170af9df39882c"},"breadcrumb":{"@id":"https:\/\/www.copealcoy.es\/es\/se-ponen-a-la-venta-las-entradas-para-vivir-asi-es-morir-de-amor\/#breadcrumb"},"inLanguage":"es","potentialAction":[{"@type":"ReadAction","target":["https:\/\/www.copealcoy.es\/es\/se-ponen-a-la-venta-las-entradas-para-vivir-asi-es-morir-de-amor\/"]}]},{"@type":"ImageObject","inLanguage":"es","@id":"https:\/\/www.copealcoy.es\/es\/se-ponen-a-la-venta-las-entradas-para-vivir-asi-es-morir-de-amor\/#primaryimage","url":"https:\/\/www.copealcoy.es\/wp-content\/uploads\/2021\/05\/0.jpg","contentUrl":"https:\/\/www.copealcoy.es\/wp-content\/uploads\/2021\/05\/0.jpg","width":996,"height":664},{"@type":"BreadcrumbList","@id":"https:\/\/www.copealcoy.es\/es\/se-ponen-a-la-venta-las-entradas-para-vivir-asi-es-morir-de-amor\/#breadcrumb","itemListElement":[{"@type":"ListItem","position":1,"name":"Portada","item":"https:\/\/www.copealcoy.es\/es\/"},{"@type":"ListItem","position":2,"name":"Se ponen a la venta las entradas para \u2018Vivir as\u00ed es morir de amor\u2019"}]},{"@type":"WebSite","@id":"https:\/\/www.copealcoy.es\/es\/#website","url":"https:\/\/www.copealcoy.es\/es\/","name":"COPE Alcoy","description":"Emisora COPE de radio local con emisi\u00f3n online. Pont de Sant Jordi 8-10 03803 Alcoy","potentialAction":[{"@type":"SearchAction","target":{"@type":"EntryPoint","urlTemplate":"https:\/\/www.copealcoy.es\/es\/?s={search_term_string}"},"query-input":{"@type":"PropertyValueSpecification","valueRequired":true,"valueName":"search_term_string"}}],"inLanguage":"es"},{"@type":"Person","@id":"https:\/\/www.copealcoy.es\/es\/#\/schema\/person\/e777c87fa024e57d40170af9df39882c","name":"Cope Alcoy","image":{"@type":"ImageObject","inLanguage":"es","@id":"https:\/\/secure.gravatar.com\/avatar\/bb65d0283347e303893ba14f0692005417c1e0e690a325a4c5d8bb2b3943ee14?s=96&d=mm&r=g","url":"https:\/\/secure.gravatar.com\/avatar\/bb65d0283347e303893ba14f0692005417c1e0e690a325a4c5d8bb2b3943ee14?s=96&d=mm&r=g","contentUrl":"https:\/\/secure.gravatar.com\/avatar\/bb65d0283347e303893ba14f0692005417c1e0e690a325a4c5d8bb2b3943ee14?s=96&d=mm&r=g","caption":"Cope Alcoy"}}]}},"_links":{"self":[{"href":"https:\/\/www.copealcoy.es\/es\/wp-json\/wp\/v2\/posts\/78688","targetHints":{"allow":["GET"]}}],"collection":[{"href":"https:\/\/www.copealcoy.es\/es\/wp-json\/wp\/v2\/posts"}],"about":[{"href":"https:\/\/www.copealcoy.es\/es\/wp-json\/wp\/v2\/types\/post"}],"author":[{"embeddable":true,"href":"https:\/\/www.copealcoy.es\/es\/wp-json\/wp\/v2\/users\/1"}],"replies":[{"embeddable":true,"href":"https:\/\/www.copealcoy.es\/es\/wp-json\/wp\/v2\/comments?post=78688"}],"version-history":[{"count":0,"href":"https:\/\/www.copealcoy.es\/es\/wp-json\/wp\/v2\/posts\/78688\/revisions"}],"wp:featuredmedia":[{"embeddable":true,"href":"https:\/\/www.copealcoy.es\/es\/wp-json\/wp\/v2\/media\/74215"}],"wp:attachment":[{"href":"https:\/\/www.copealcoy.es\/es\/wp-json\/wp\/v2\/media?parent=78688"}],"wp:term":[{"taxonomy":"category","embeddable":true,"href":"https:\/\/www.copealcoy.es\/es\/wp-json\/wp\/v2\/categories?post=78688"},{"taxonomy":"post_tag","embeddable":true,"href":"https:\/\/www.copealcoy.es\/es\/wp-json\/wp\/v2\/tags?post=78688"}],"curies":[{"name":"wp","href":"https:\/\/api.w.org\/{rel}","templated":true}]}}