{"id":78651,"date":"2021-10-06T10:23:58","date_gmt":"2021-10-06T09:23:58","guid":{"rendered":"https:\/\/www.copealcoy.es\/?p=78651"},"modified":"2021-10-06T10:39:04","modified_gmt":"2021-10-06T09:39:04","slug":"alcoy-recreara-la-entrada-de-los-caballeros-de-jaume-i","status":"publish","type":"post","link":"https:\/\/www.copealcoy.es\/es\/alcoy-recreara-la-entrada-de-los-caballeros-de-jaume-i\/","title":{"rendered":"Alcoy recrear\u00e1 la entrada de los caballeros de Jaume I"},"content":{"rendered":"<p style=\"text-align: justify;\">La <strong>Asociaci\u00f3n de San Jorge<\/strong> ha previsto la recreaci\u00f3n en la calle de <strong>un acto hist\u00f3rico de nuestras Fiestas de Moros y Cristianos<\/strong> para as\u00ed <strong>poner el punto y final a las actividades previstas dentro del Mig Any<\/strong>. La cita tendr\u00e1 lugar el <strong>31 de octubre por la tarde<\/strong>, a partir de las 17:00h, y en los pr\u00f3ximos d\u00edas <strong>se dar\u00e1n a conocer m\u00e1s detalles<\/strong> sobre las caracter\u00edsticas que tendr\u00e1 este desfile.<\/p>\n<p style=\"text-align: justify;\">Por el momento desde el Casal explican que <strong>se va a recrear la entrada en Alcoy de los caballeros que envi\u00f3 Jaume I a la entonces Villa<\/strong> para defenderla del asedio que perpetraron las tropas \u00e1rabes de Al-Azraq en 1276. Esta iniciativa <strong>se hac\u00eda anta\u00f1o en nuestras Fiestas durante la Entrada Cristiana<\/strong> y ha evolucionado hasta nuestros d\u00edas <strong>convertida en la entrega de las llaves de la ciudad al capit\u00e1n de las tropas de la cruz<\/strong> &#8220;<em>van a participar las bandas de la ciudad y los heraldos abrir\u00e1n la comitiva mientras que, en cuanto al recorrido, queremos que discurra desde El Partidor hasta el final de Pa\u00eds Valenci\u00e0 para que as\u00ed la gente se pueda espaciar por todo el trayecto cumpliendo con los protocolos de prevenci\u00f3n del Coronavirus<\/em>&#8220;, indicaba hoy en COPE ALCOY el Ponente de Actos y Festivales de la mencionada Asociaci\u00f3n de San Jorge; <strong>Juan Antonio Canalejas<\/strong>.<\/p>\n<p style=\"text-align: justify;\">Esta recreaci\u00f3n se suma a <strong>otras actividades similares que ya ha impulsado la Asociaci\u00f3n de San Jorge<\/strong> en otras ocasiones. Destacan, por ejemplo, <strong>las Glorias Hist\u00f3ricas<\/strong> de 1976 y 2006,<strong> la Gloria del Cavallet<\/strong> de la Feria Modernista de 2018 o <strong>la recuperaci\u00f3n de &#8216;La Cucafera&#8217;<\/strong> en 2019.<\/p>\n","protected":false},"excerpt":{"rendered":"<p>La Asociaci\u00f3n de San Jorge ha previsto la recreaci\u00f3n en la calle de un acto hist\u00f3rico de nuestras Fiestas de&#8230;<\/p>\n","protected":false},"author":1,"featured_media":78655,"comment_status":"open","ping_status":"open","sticky":false,"template":"","format":"standard","meta":{"footnotes":""},"categories":[97,78,75],"tags":[1494,11874,1987,11875,1455,11873],"class_list":["post-78651","post","type-post","status-publish","format-standard","has-post-thumbnail","hentry","category-alcoy","category-fiestaycultura","category-noticias","tag-alcoy","tag-caballeros","tag-entrada","tag-jaume-i","tag-mig-any","tag-recreacion"],"yoast_head":"<!-- This site is optimized with the Yoast SEO plugin v27.3 - https:\/\/yoast.com\/product\/yoast-seo-wordpress\/ -->\n<title>Alcoy recrear\u00e1 la entrada de los caballeros de Jaume I - COPE Alcoy<\/title>\n<meta name=\"robots\" content=\"index, follow, max-snippet:-1, max-image-preview:large, max-video-preview:-1\" \/>\n<link rel=\"canonical\" href=\"https:\/\/www.copealcoy.es\/es\/alcoy-recreara-la-entrada-de-los-caballeros-de-jaume-i\/\" \/>\n<meta property=\"og:locale\" content=\"es_ES\" \/>\n<meta property=\"og:type\" content=\"article\" \/>\n<meta property=\"og:title\" content=\"Alcoy recrear\u00e1 la entrada de los caballeros de Jaume I - COPE Alcoy\" \/>\n<meta property=\"og:description\" content=\"La Asociaci\u00f3n de San Jorge ha previsto la recreaci\u00f3n en la calle de un acto hist\u00f3rico de nuestras Fiestas de...\" \/>\n<meta property=\"og:url\" content=\"https:\/\/www.copealcoy.es\/es\/alcoy-recreara-la-entrada-de-los-caballeros-de-jaume-i\/\" \/>\n<meta property=\"og:site_name\" content=\"COPE Alcoy\" \/>\n<meta property=\"article:published_time\" content=\"2021-10-06T09:23:58+00:00\" \/>\n<meta property=\"article:modified_time\" content=\"2021-10-06T09:39:04+00:00\" \/>\n<meta property=\"og:image\" content=\"https:\/\/www.copealcoy.es\/wp-content\/uploads\/2021\/10\/estatua-jaume-i-1024x597-1.jpg\" \/>\n\t<meta property=\"og:image:width\" content=\"1024\" \/>\n\t<meta property=\"og:image:height\" content=\"597\" \/>\n\t<meta property=\"og:image:type\" content=\"image\/jpeg\" \/>\n<meta name=\"author\" content=\"Cope Alcoy\" \/>\n<meta name=\"twitter:label1\" content=\"Escrito por\" \/>\n\t<meta name=\"twitter:data1\" content=\"Cope Alcoy\" \/>\n\t<meta name=\"twitter:label2\" content=\"Tiempo de lectura\" \/>\n\t<meta name=\"twitter:data2\" content=\"2 minutos\" \/>\n<script type=\"application\/ld+json\" class=\"yoast-schema-graph\">{\"@context\":\"https:\\\/\\\/schema.org\",\"@graph\":[{\"@type\":\"Article\",\"@id\":\"https:\\\/\\\/www.copealcoy.es\\\/es\\\/alcoy-recreara-la-entrada-de-los-caballeros-de-jaume-i\\\/#article\",\"isPartOf\":{\"@id\":\"https:\\\/\\\/www.copealcoy.es\\\/es\\\/alcoy-recreara-la-entrada-de-los-caballeros-de-jaume-i\\\/\"},\"author\":{\"name\":\"Cope Alcoy\",\"@id\":\"https:\\\/\\\/www.copealcoy.es\\\/es\\\/#\\\/schema\\\/person\\\/e777c87fa024e57d40170af9df39882c\"},\"headline\":\"Alcoy recrear\u00e1 la entrada de los caballeros de Jaume I\",\"datePublished\":\"2021-10-06T09:23:58+00:00\",\"dateModified\":\"2021-10-06T09:39:04+00:00\",\"mainEntityOfPage\":{\"@id\":\"https:\\\/\\\/www.copealcoy.es\\\/es\\\/alcoy-recreara-la-entrada-de-los-caballeros-de-jaume-i\\\/\"},\"wordCount\":293,\"commentCount\":0,\"image\":{\"@id\":\"https:\\\/\\\/www.copealcoy.es\\\/es\\\/alcoy-recreara-la-entrada-de-los-caballeros-de-jaume-i\\\/#primaryimage\"},\"thumbnailUrl\":\"https:\\\/\\\/www.copealcoy.es\\\/wp-content\\\/uploads\\\/2021\\\/10\\\/estatua-jaume-i-1024x597-1.jpg\",\"keywords\":[\"Alcoy\",\"caballeros\",\"Entrada\",\"Jaume I\",\"Mig Any\",\"recreaci\u00f3n\"],\"articleSection\":[\"Alcoy\",\"Fiesta y Cultura\",\"Noticias\"],\"inLanguage\":\"es\"},{\"@type\":\"WebPage\",\"@id\":\"https:\\\/\\\/www.copealcoy.es\\\/es\\\/alcoy-recreara-la-entrada-de-los-caballeros-de-jaume-i\\\/\",\"url\":\"https:\\\/\\\/www.copealcoy.es\\\/es\\\/alcoy-recreara-la-entrada-de-los-caballeros-de-jaume-i\\\/\",\"name\":\"Alcoy recrear\u00e1 la entrada de los caballeros de Jaume I - COPE Alcoy\",\"isPartOf\":{\"@id\":\"https:\\\/\\\/www.copealcoy.es\\\/es\\\/#website\"},\"primaryImageOfPage\":{\"@id\":\"https:\\\/\\\/www.copealcoy.es\\\/es\\\/alcoy-recreara-la-entrada-de-los-caballeros-de-jaume-i\\\/#primaryimage\"},\"image\":{\"@id\":\"https:\\\/\\\/www.copealcoy.es\\\/es\\\/alcoy-recreara-la-entrada-de-los-caballeros-de-jaume-i\\\/#primaryimage\"},\"thumbnailUrl\":\"https:\\\/\\\/www.copealcoy.es\\\/wp-content\\\/uploads\\\/2021\\\/10\\\/estatua-jaume-i-1024x597-1.jpg\",\"datePublished\":\"2021-10-06T09:23:58+00:00\",\"dateModified\":\"2021-10-06T09:39:04+00:00\",\"author\":{\"@id\":\"https:\\\/\\\/www.copealcoy.es\\\/es\\\/#\\\/schema\\\/person\\\/e777c87fa024e57d40170af9df39882c\"},\"breadcrumb\":{\"@id\":\"https:\\\/\\\/www.copealcoy.es\\\/es\\\/alcoy-recreara-la-entrada-de-los-caballeros-de-jaume-i\\\/#breadcrumb\"},\"inLanguage\":\"es\",\"potentialAction\":[{\"@type\":\"ReadAction\",\"target\":[\"https:\\\/\\\/www.copealcoy.es\\\/es\\\/alcoy-recreara-la-entrada-de-los-caballeros-de-jaume-i\\\/\"]}]},{\"@type\":\"ImageObject\",\"inLanguage\":\"es\",\"@id\":\"https:\\\/\\\/www.copealcoy.es\\\/es\\\/alcoy-recreara-la-entrada-de-los-caballeros-de-jaume-i\\\/#primaryimage\",\"url\":\"https:\\\/\\\/www.copealcoy.es\\\/wp-content\\\/uploads\\\/2021\\\/10\\\/estatua-jaume-i-1024x597-1.jpg\",\"contentUrl\":\"https:\\\/\\\/www.copealcoy.es\\\/wp-content\\\/uploads\\\/2021\\\/10\\\/estatua-jaume-i-1024x597-1.jpg\",\"width\":1024,\"height\":597,\"caption\":\"Jaume I\"},{\"@type\":\"BreadcrumbList\",\"@id\":\"https:\\\/\\\/www.copealcoy.es\\\/es\\\/alcoy-recreara-la-entrada-de-los-caballeros-de-jaume-i\\\/#breadcrumb\",\"itemListElement\":[{\"@type\":\"ListItem\",\"position\":1,\"name\":\"Portada\",\"item\":\"https:\\\/\\\/www.copealcoy.es\\\/es\\\/\"},{\"@type\":\"ListItem\",\"position\":2,\"name\":\"Alcoy recrear\u00e1 la entrada de los caballeros de Jaume I\"}]},{\"@type\":\"WebSite\",\"@id\":\"https:\\\/\\\/www.copealcoy.es\\\/es\\\/#website\",\"url\":\"https:\\\/\\\/www.copealcoy.es\\\/es\\\/\",\"name\":\"COPE Alcoy\",\"description\":\"Emisora COPE de radio local con emisi\u00f3n online. Pont de Sant Jordi 8-10 03803 Alcoy\",\"potentialAction\":[{\"@type\":\"SearchAction\",\"target\":{\"@type\":\"EntryPoint\",\"urlTemplate\":\"https:\\\/\\\/www.copealcoy.es\\\/es\\\/?s={search_term_string}\"},\"query-input\":{\"@type\":\"PropertyValueSpecification\",\"valueRequired\":true,\"valueName\":\"search_term_string\"}}],\"inLanguage\":\"es\"},{\"@type\":\"Person\",\"@id\":\"https:\\\/\\\/www.copealcoy.es\\\/es\\\/#\\\/schema\\\/person\\\/e777c87fa024e57d40170af9df39882c\",\"name\":\"Cope Alcoy\",\"image\":{\"@type\":\"ImageObject\",\"inLanguage\":\"es\",\"@id\":\"https:\\\/\\\/secure.gravatar.com\\\/avatar\\\/bb65d0283347e303893ba14f0692005417c1e0e690a325a4c5d8bb2b3943ee14?s=96&d=mm&r=g\",\"url\":\"https:\\\/\\\/secure.gravatar.com\\\/avatar\\\/bb65d0283347e303893ba14f0692005417c1e0e690a325a4c5d8bb2b3943ee14?s=96&d=mm&r=g\",\"contentUrl\":\"https:\\\/\\\/secure.gravatar.com\\\/avatar\\\/bb65d0283347e303893ba14f0692005417c1e0e690a325a4c5d8bb2b3943ee14?s=96&d=mm&r=g\",\"caption\":\"Cope Alcoy\"}}]}<\/script>\n<!-- \/ Yoast SEO plugin. -->","yoast_head_json":{"title":"Alcoy recrear\u00e1 la entrada de los caballeros de Jaume I - COPE Alcoy","robots":{"index":"index","follow":"follow","max-snippet":"max-snippet:-1","max-image-preview":"max-image-preview:large","max-video-preview":"max-video-preview:-1"},"canonical":"https:\/\/www.copealcoy.es\/es\/alcoy-recreara-la-entrada-de-los-caballeros-de-jaume-i\/","og_locale":"es_ES","og_type":"article","og_title":"Alcoy recrear\u00e1 la entrada de los caballeros de Jaume I - COPE Alcoy","og_description":"La Asociaci\u00f3n de San Jorge ha previsto la recreaci\u00f3n en la calle de un acto hist\u00f3rico de nuestras Fiestas de...","og_url":"https:\/\/www.copealcoy.es\/es\/alcoy-recreara-la-entrada-de-los-caballeros-de-jaume-i\/","og_site_name":"COPE Alcoy","article_published_time":"2021-10-06T09:23:58+00:00","article_modified_time":"2021-10-06T09:39:04+00:00","og_image":[{"width":1024,"height":597,"url":"https:\/\/www.copealcoy.es\/wp-content\/uploads\/2021\/10\/estatua-jaume-i-1024x597-1.jpg","type":"image\/jpeg"}],"author":"Cope Alcoy","twitter_misc":{"Escrito por":"Cope Alcoy","Tiempo de lectura":"2 minutos"},"schema":{"@context":"https:\/\/schema.org","@graph":[{"@type":"Article","@id":"https:\/\/www.copealcoy.es\/es\/alcoy-recreara-la-entrada-de-los-caballeros-de-jaume-i\/#article","isPartOf":{"@id":"https:\/\/www.copealcoy.es\/es\/alcoy-recreara-la-entrada-de-los-caballeros-de-jaume-i\/"},"author":{"name":"Cope Alcoy","@id":"https:\/\/www.copealcoy.es\/es\/#\/schema\/person\/e777c87fa024e57d40170af9df39882c"},"headline":"Alcoy recrear\u00e1 la entrada de los caballeros de Jaume I","datePublished":"2021-10-06T09:23:58+00:00","dateModified":"2021-10-06T09:39:04+00:00","mainEntityOfPage":{"@id":"https:\/\/www.copealcoy.es\/es\/alcoy-recreara-la-entrada-de-los-caballeros-de-jaume-i\/"},"wordCount":293,"commentCount":0,"image":{"@id":"https:\/\/www.copealcoy.es\/es\/alcoy-recreara-la-entrada-de-los-caballeros-de-jaume-i\/#primaryimage"},"thumbnailUrl":"https:\/\/www.copealcoy.es\/wp-content\/uploads\/2021\/10\/estatua-jaume-i-1024x597-1.jpg","keywords":["Alcoy","caballeros","Entrada","Jaume I","Mig Any","recreaci\u00f3n"],"articleSection":["Alcoy","Fiesta y Cultura","Noticias"],"inLanguage":"es"},{"@type":"WebPage","@id":"https:\/\/www.copealcoy.es\/es\/alcoy-recreara-la-entrada-de-los-caballeros-de-jaume-i\/","url":"https:\/\/www.copealcoy.es\/es\/alcoy-recreara-la-entrada-de-los-caballeros-de-jaume-i\/","name":"Alcoy recrear\u00e1 la entrada de los caballeros de Jaume I - COPE Alcoy","isPartOf":{"@id":"https:\/\/www.copealcoy.es\/es\/#website"},"primaryImageOfPage":{"@id":"https:\/\/www.copealcoy.es\/es\/alcoy-recreara-la-entrada-de-los-caballeros-de-jaume-i\/#primaryimage"},"image":{"@id":"https:\/\/www.copealcoy.es\/es\/alcoy-recreara-la-entrada-de-los-caballeros-de-jaume-i\/#primaryimage"},"thumbnailUrl":"https:\/\/www.copealcoy.es\/wp-content\/uploads\/2021\/10\/estatua-jaume-i-1024x597-1.jpg","datePublished":"2021-10-06T09:23:58+00:00","dateModified":"2021-10-06T09:39:04+00:00","author":{"@id":"https:\/\/www.copealcoy.es\/es\/#\/schema\/person\/e777c87fa024e57d40170af9df39882c"},"breadcrumb":{"@id":"https:\/\/www.copealcoy.es\/es\/alcoy-recreara-la-entrada-de-los-caballeros-de-jaume-i\/#breadcrumb"},"inLanguage":"es","potentialAction":[{"@type":"ReadAction","target":["https:\/\/www.copealcoy.es\/es\/alcoy-recreara-la-entrada-de-los-caballeros-de-jaume-i\/"]}]},{"@type":"ImageObject","inLanguage":"es","@id":"https:\/\/www.copealcoy.es\/es\/alcoy-recreara-la-entrada-de-los-caballeros-de-jaume-i\/#primaryimage","url":"https:\/\/www.copealcoy.es\/wp-content\/uploads\/2021\/10\/estatua-jaume-i-1024x597-1.jpg","contentUrl":"https:\/\/www.copealcoy.es\/wp-content\/uploads\/2021\/10\/estatua-jaume-i-1024x597-1.jpg","width":1024,"height":597,"caption":"Jaume I"},{"@type":"BreadcrumbList","@id":"https:\/\/www.copealcoy.es\/es\/alcoy-recreara-la-entrada-de-los-caballeros-de-jaume-i\/#breadcrumb","itemListElement":[{"@type":"ListItem","position":1,"name":"Portada","item":"https:\/\/www.copealcoy.es\/es\/"},{"@type":"ListItem","position":2,"name":"Alcoy recrear\u00e1 la entrada de los caballeros de Jaume I"}]},{"@type":"WebSite","@id":"https:\/\/www.copealcoy.es\/es\/#website","url":"https:\/\/www.copealcoy.es\/es\/","name":"COPE Alcoy","description":"Emisora COPE de radio local con emisi\u00f3n online. Pont de Sant Jordi 8-10 03803 Alcoy","potentialAction":[{"@type":"SearchAction","target":{"@type":"EntryPoint","urlTemplate":"https:\/\/www.copealcoy.es\/es\/?s={search_term_string}"},"query-input":{"@type":"PropertyValueSpecification","valueRequired":true,"valueName":"search_term_string"}}],"inLanguage":"es"},{"@type":"Person","@id":"https:\/\/www.copealcoy.es\/es\/#\/schema\/person\/e777c87fa024e57d40170af9df39882c","name":"Cope Alcoy","image":{"@type":"ImageObject","inLanguage":"es","@id":"https:\/\/secure.gravatar.com\/avatar\/bb65d0283347e303893ba14f0692005417c1e0e690a325a4c5d8bb2b3943ee14?s=96&d=mm&r=g","url":"https:\/\/secure.gravatar.com\/avatar\/bb65d0283347e303893ba14f0692005417c1e0e690a325a4c5d8bb2b3943ee14?s=96&d=mm&r=g","contentUrl":"https:\/\/secure.gravatar.com\/avatar\/bb65d0283347e303893ba14f0692005417c1e0e690a325a4c5d8bb2b3943ee14?s=96&d=mm&r=g","caption":"Cope Alcoy"}}]}},"_links":{"self":[{"href":"https:\/\/www.copealcoy.es\/es\/wp-json\/wp\/v2\/posts\/78651","targetHints":{"allow":["GET"]}}],"collection":[{"href":"https:\/\/www.copealcoy.es\/es\/wp-json\/wp\/v2\/posts"}],"about":[{"href":"https:\/\/www.copealcoy.es\/es\/wp-json\/wp\/v2\/types\/post"}],"author":[{"embeddable":true,"href":"https:\/\/www.copealcoy.es\/es\/wp-json\/wp\/v2\/users\/1"}],"replies":[{"embeddable":true,"href":"https:\/\/www.copealcoy.es\/es\/wp-json\/wp\/v2\/comments?post=78651"}],"version-history":[{"count":0,"href":"https:\/\/www.copealcoy.es\/es\/wp-json\/wp\/v2\/posts\/78651\/revisions"}],"wp:featuredmedia":[{"embeddable":true,"href":"https:\/\/www.copealcoy.es\/es\/wp-json\/wp\/v2\/media\/78655"}],"wp:attachment":[{"href":"https:\/\/www.copealcoy.es\/es\/wp-json\/wp\/v2\/media?parent=78651"}],"wp:term":[{"taxonomy":"category","embeddable":true,"href":"https:\/\/www.copealcoy.es\/es\/wp-json\/wp\/v2\/categories?post=78651"},{"taxonomy":"post_tag","embeddable":true,"href":"https:\/\/www.copealcoy.es\/es\/wp-json\/wp\/v2\/tags?post=78651"}],"curies":[{"name":"wp","href":"https:\/\/api.w.org\/{rel}","templated":true}]}}