{"id":78512,"date":"2021-10-01T21:20:38","date_gmt":"2021-10-01T20:20:38","guid":{"rendered":"https:\/\/www.copealcoy.es\/?p=78512"},"modified":"2021-10-03T18:24:54","modified_gmt":"2021-10-03T17:24:54","slug":"presentada-la-675-edicion-de-la-fira-de-cocentaina","status":"publish","type":"post","link":"https:\/\/www.copealcoy.es\/es\/presentada-la-675-edicion-de-la-fira-de-cocentaina\/","title":{"rendered":"Presentada la 675 edici\u00f3n de la Fira de Cocentaina"},"content":{"rendered":"<p style=\"text-align: justify;\">El <strong>patio de armas del Palau Comtal de Cocentaina<\/strong> fue el escenario que acogi\u00f3 anoche <strong>la presentaci\u00f3n de la edici\u00f3n 2021 de la Fira de Tots Sants<\/strong>, un acto que tuvo <strong>aforo limitado<\/strong> y que estuvo conducido por la periodista contestana Maite Barrachina.<\/p>\n<p style=\"text-align: justify;\">Durante la ceremonia <strong>fue descubierto el cartel<\/strong> que anunciar\u00e1 el evento, una obra que vuelve a destacar por <strong>su car\u00e1cter innovador<\/strong> y que hace referencia <strong>al 675 aniversario<\/strong> que cumple la Fira en la presente anualidad <em>\u201c<\/em><em>he querido darle importancia a las personas. Despu\u00e9s de un a\u00f1o muy dif\u00edcil, ahora de nuevo tenemos cosas que celebrar. Celebramos un aniversario importante para la Feria y celebramos tambi\u00e9n el reencuentro con todas esas personas que hace tiempo que no vemos. Finalmente he querido rendir homenaje a todas esas personas que han visitado la Fira de Cocentaina a lo largo de todos sus a\u00f1os de historia<\/em>\u201d, manifest\u00f3 su autor, el reconocido dise\u00f1ador e ilustrador de Bocairent; <strong>Vicent Ram\u00f3n<\/strong>. Seguidamente fue el turno de<strong> dar a conocer la persona que se encargar\u00e1 de leer el Privilegi de la Fira<\/strong> durante la inauguraci\u00f3n oficial prevista para el s\u00e1bado 30 de octubre. Esta vez ser\u00e1 la psic\u00f3loga local <strong>Stella Vicens Llorca<\/strong>, una persona muy conocida en la Villa Condal y <strong>especialmente vinculada a las tradiciones de la poblaci\u00f3n<\/strong> \u201c<em>nunca se me hab\u00eda pasado por la cabeza que pudiera ser yo elegida para representar a la Fira de Cocentaina con la lectura de este documento concedido en 1346 por el Rey Pere IV El Cerimoni\u00f3s. Por supuesto que me ha hecho mucha ilusi\u00f3n. Tanto la alcaldesa como la concejal de Fira consiguieron sorprenderme con el anuncio<\/em>\u201d, dijo la protagonista.<\/p>\n<p style=\"text-align: justify;\">La velada avanz\u00f3 con <strong>la presentaci\u00f3n de las principales novedades que tendr\u00e1 la propia Fira del 2021<\/strong> y entre las que destaca<strong> el hecho in\u00e9dito de celebrarse en dos fines de semana consecutivos<\/strong> para evitar aglomeraciones en las calles de Cocentaina. Tambi\u00e9n se inform\u00f3 de otras innovaciones como <strong>la apuesta por las nuevas tecnolog\u00edas para implantar servicios como la reserva previa de aparcamiento, la inclusi\u00f3n social o la sostenibilidad<\/strong> \u201c<em>con la presentaci\u00f3n del cartel y la pregonera arranca un mes de preparativos intensos para organizar una Fira que vuelve a ser presencial, que se celebrar\u00e1 de nuevo en las calles de Cocentaina aunque dividida en dos fines de semana para garantizar la seguridad de todos los asistentes y que un a\u00f1o m\u00e1s, todos, contestanos y visitantes; puedan disfrutar y conocer de uno de los eventos m\u00e1s queridos y arraigados<\/em>\u201d, afirm\u00f3 la edil del \u00e1rea de Fira; <strong>Eugenia Miguel<\/strong>.<\/p>\n<p style=\"text-align: justify;\">La alcaldesa contestana, Mireia Estepa, puso fin a este acto <strong>animando a disfrutar con responsabilidad<\/strong> de una Feria de Todos los Santos que, tras el formato h\u00edbrido del a\u00f1o pasado, <strong>resurge con fuerza para recuperar en la calle el esplendor que siempre la ha diferenciado<\/strong> de otras fiestas multitudinarias de la Comunitat Valenciana.<\/p>\n","protected":false},"excerpt":{"rendered":"<p>El patio de armas del Palau Comtal de Cocentaina fue el escenario que acogi\u00f3 anoche la presentaci\u00f3n de la edici\u00f3n&#8230;<\/p>\n","protected":false},"author":1,"featured_media":78513,"comment_status":"open","ping_status":"open","sticky":false,"template":"","format":"standard","meta":{"footnotes":""},"categories":[98,75],"tags":[11848,3201,635,1370],"class_list":["post-78512","post","type-post","status-publish","format-standard","has-post-thumbnail","hentry","category-comarcas","category-noticias","tag-675-edicion","tag-fira-de-cocentaina","tag-fira-de-tots-sants","tag-presentacion"],"yoast_head":"<!-- This site is optimized with the Yoast SEO plugin v27.3 - https:\/\/yoast.com\/product\/yoast-seo-wordpress\/ -->\n<title>Presentada la 675 edici\u00f3n de la Fira de Cocentaina - COPE Alcoy<\/title>\n<meta name=\"robots\" content=\"index, follow, max-snippet:-1, max-image-preview:large, max-video-preview:-1\" \/>\n<link rel=\"canonical\" href=\"https:\/\/www.copealcoy.es\/es\/presentada-la-675-edicion-de-la-fira-de-cocentaina\/\" \/>\n<meta property=\"og:locale\" content=\"es_ES\" \/>\n<meta property=\"og:type\" content=\"article\" \/>\n<meta property=\"og:title\" content=\"Presentada la 675 edici\u00f3n de la Fira de Cocentaina - COPE Alcoy\" \/>\n<meta property=\"og:description\" content=\"El patio de armas del Palau Comtal de Cocentaina fue el escenario que acogi\u00f3 anoche la presentaci\u00f3n de la edici\u00f3n...\" \/>\n<meta property=\"og:url\" content=\"https:\/\/www.copealcoy.es\/es\/presentada-la-675-edicion-de-la-fira-de-cocentaina\/\" \/>\n<meta property=\"og:site_name\" content=\"COPE Alcoy\" \/>\n<meta property=\"article:published_time\" content=\"2021-10-01T20:20:38+00:00\" \/>\n<meta property=\"article:modified_time\" content=\"2021-10-03T17:24:54+00:00\" \/>\n<meta property=\"og:image\" content=\"https:\/\/www.copealcoy.es\/wp-content\/uploads\/2021\/10\/244330500_10226506016737359_1754802783853105378_n.jpg\" \/>\n\t<meta property=\"og:image:width\" content=\"960\" \/>\n\t<meta property=\"og:image:height\" content=\"720\" \/>\n\t<meta property=\"og:image:type\" content=\"image\/jpeg\" \/>\n<meta name=\"author\" content=\"Cope Alcoy\" \/>\n<meta name=\"twitter:label1\" content=\"Escrito por\" \/>\n\t<meta name=\"twitter:data1\" content=\"Cope Alcoy\" \/>\n\t<meta name=\"twitter:label2\" content=\"Tiempo de lectura\" \/>\n\t<meta name=\"twitter:data2\" content=\"3 minutos\" \/>\n<script type=\"application\/ld+json\" class=\"yoast-schema-graph\">{\"@context\":\"https:\\\/\\\/schema.org\",\"@graph\":[{\"@type\":\"Article\",\"@id\":\"https:\\\/\\\/www.copealcoy.es\\\/es\\\/presentada-la-675-edicion-de-la-fira-de-cocentaina\\\/#article\",\"isPartOf\":{\"@id\":\"https:\\\/\\\/www.copealcoy.es\\\/es\\\/presentada-la-675-edicion-de-la-fira-de-cocentaina\\\/\"},\"author\":{\"name\":\"Cope Alcoy\",\"@id\":\"https:\\\/\\\/www.copealcoy.es\\\/es\\\/#\\\/schema\\\/person\\\/e777c87fa024e57d40170af9df39882c\"},\"headline\":\"Presentada la 675 edici\u00f3n de la Fira de Cocentaina\",\"datePublished\":\"2021-10-01T20:20:38+00:00\",\"dateModified\":\"2021-10-03T17:24:54+00:00\",\"mainEntityOfPage\":{\"@id\":\"https:\\\/\\\/www.copealcoy.es\\\/es\\\/presentada-la-675-edicion-de-la-fira-de-cocentaina\\\/\"},\"wordCount\":508,\"commentCount\":0,\"image\":{\"@id\":\"https:\\\/\\\/www.copealcoy.es\\\/es\\\/presentada-la-675-edicion-de-la-fira-de-cocentaina\\\/#primaryimage\"},\"thumbnailUrl\":\"https:\\\/\\\/www.copealcoy.es\\\/wp-content\\\/uploads\\\/2021\\\/10\\\/244330500_10226506016737359_1754802783853105378_n.jpg\",\"keywords\":[\"675 edici\u00f3n\",\"Fira de Cocentaina\",\"Fira de Tots Sants\",\"presentaci\u00f3n\"],\"articleSection\":[\"Comarcas\",\"Noticias\"],\"inLanguage\":\"es\"},{\"@type\":\"WebPage\",\"@id\":\"https:\\\/\\\/www.copealcoy.es\\\/es\\\/presentada-la-675-edicion-de-la-fira-de-cocentaina\\\/\",\"url\":\"https:\\\/\\\/www.copealcoy.es\\\/es\\\/presentada-la-675-edicion-de-la-fira-de-cocentaina\\\/\",\"name\":\"Presentada la 675 edici\u00f3n de la Fira de Cocentaina - COPE Alcoy\",\"isPartOf\":{\"@id\":\"https:\\\/\\\/www.copealcoy.es\\\/es\\\/#website\"},\"primaryImageOfPage\":{\"@id\":\"https:\\\/\\\/www.copealcoy.es\\\/es\\\/presentada-la-675-edicion-de-la-fira-de-cocentaina\\\/#primaryimage\"},\"image\":{\"@id\":\"https:\\\/\\\/www.copealcoy.es\\\/es\\\/presentada-la-675-edicion-de-la-fira-de-cocentaina\\\/#primaryimage\"},\"thumbnailUrl\":\"https:\\\/\\\/www.copealcoy.es\\\/wp-content\\\/uploads\\\/2021\\\/10\\\/244330500_10226506016737359_1754802783853105378_n.jpg\",\"datePublished\":\"2021-10-01T20:20:38+00:00\",\"dateModified\":\"2021-10-03T17:24:54+00:00\",\"author\":{\"@id\":\"https:\\\/\\\/www.copealcoy.es\\\/es\\\/#\\\/schema\\\/person\\\/e777c87fa024e57d40170af9df39882c\"},\"breadcrumb\":{\"@id\":\"https:\\\/\\\/www.copealcoy.es\\\/es\\\/presentada-la-675-edicion-de-la-fira-de-cocentaina\\\/#breadcrumb\"},\"inLanguage\":\"es\",\"potentialAction\":[{\"@type\":\"ReadAction\",\"target\":[\"https:\\\/\\\/www.copealcoy.es\\\/es\\\/presentada-la-675-edicion-de-la-fira-de-cocentaina\\\/\"]}]},{\"@type\":\"ImageObject\",\"inLanguage\":\"es\",\"@id\":\"https:\\\/\\\/www.copealcoy.es\\\/es\\\/presentada-la-675-edicion-de-la-fira-de-cocentaina\\\/#primaryimage\",\"url\":\"https:\\\/\\\/www.copealcoy.es\\\/wp-content\\\/uploads\\\/2021\\\/10\\\/244330500_10226506016737359_1754802783853105378_n.jpg\",\"contentUrl\":\"https:\\\/\\\/www.copealcoy.es\\\/wp-content\\\/uploads\\\/2021\\\/10\\\/244330500_10226506016737359_1754802783853105378_n.jpg\",\"width\":960,\"height\":720},{\"@type\":\"BreadcrumbList\",\"@id\":\"https:\\\/\\\/www.copealcoy.es\\\/es\\\/presentada-la-675-edicion-de-la-fira-de-cocentaina\\\/#breadcrumb\",\"itemListElement\":[{\"@type\":\"ListItem\",\"position\":1,\"name\":\"Portada\",\"item\":\"https:\\\/\\\/www.copealcoy.es\\\/es\\\/\"},{\"@type\":\"ListItem\",\"position\":2,\"name\":\"Presentada la 675 edici\u00f3n de la Fira de Cocentaina\"}]},{\"@type\":\"WebSite\",\"@id\":\"https:\\\/\\\/www.copealcoy.es\\\/es\\\/#website\",\"url\":\"https:\\\/\\\/www.copealcoy.es\\\/es\\\/\",\"name\":\"COPE Alcoy\",\"description\":\"Emisora COPE de radio local con emisi\u00f3n online. Pont de Sant Jordi 8-10 03803 Alcoy\",\"potentialAction\":[{\"@type\":\"SearchAction\",\"target\":{\"@type\":\"EntryPoint\",\"urlTemplate\":\"https:\\\/\\\/www.copealcoy.es\\\/es\\\/?s={search_term_string}\"},\"query-input\":{\"@type\":\"PropertyValueSpecification\",\"valueRequired\":true,\"valueName\":\"search_term_string\"}}],\"inLanguage\":\"es\"},{\"@type\":\"Person\",\"@id\":\"https:\\\/\\\/www.copealcoy.es\\\/es\\\/#\\\/schema\\\/person\\\/e777c87fa024e57d40170af9df39882c\",\"name\":\"Cope Alcoy\",\"image\":{\"@type\":\"ImageObject\",\"inLanguage\":\"es\",\"@id\":\"https:\\\/\\\/secure.gravatar.com\\\/avatar\\\/bb65d0283347e303893ba14f0692005417c1e0e690a325a4c5d8bb2b3943ee14?s=96&d=mm&r=g\",\"url\":\"https:\\\/\\\/secure.gravatar.com\\\/avatar\\\/bb65d0283347e303893ba14f0692005417c1e0e690a325a4c5d8bb2b3943ee14?s=96&d=mm&r=g\",\"contentUrl\":\"https:\\\/\\\/secure.gravatar.com\\\/avatar\\\/bb65d0283347e303893ba14f0692005417c1e0e690a325a4c5d8bb2b3943ee14?s=96&d=mm&r=g\",\"caption\":\"Cope Alcoy\"}}]}<\/script>\n<!-- \/ Yoast SEO plugin. -->","yoast_head_json":{"title":"Presentada la 675 edici\u00f3n de la Fira de Cocentaina - COPE Alcoy","robots":{"index":"index","follow":"follow","max-snippet":"max-snippet:-1","max-image-preview":"max-image-preview:large","max-video-preview":"max-video-preview:-1"},"canonical":"https:\/\/www.copealcoy.es\/es\/presentada-la-675-edicion-de-la-fira-de-cocentaina\/","og_locale":"es_ES","og_type":"article","og_title":"Presentada la 675 edici\u00f3n de la Fira de Cocentaina - COPE Alcoy","og_description":"El patio de armas del Palau Comtal de Cocentaina fue el escenario que acogi\u00f3 anoche la presentaci\u00f3n de la edici\u00f3n...","og_url":"https:\/\/www.copealcoy.es\/es\/presentada-la-675-edicion-de-la-fira-de-cocentaina\/","og_site_name":"COPE Alcoy","article_published_time":"2021-10-01T20:20:38+00:00","article_modified_time":"2021-10-03T17:24:54+00:00","og_image":[{"width":960,"height":720,"url":"https:\/\/www.copealcoy.es\/wp-content\/uploads\/2021\/10\/244330500_10226506016737359_1754802783853105378_n.jpg","type":"image\/jpeg"}],"author":"Cope Alcoy","twitter_misc":{"Escrito por":"Cope Alcoy","Tiempo de lectura":"3 minutos"},"schema":{"@context":"https:\/\/schema.org","@graph":[{"@type":"Article","@id":"https:\/\/www.copealcoy.es\/es\/presentada-la-675-edicion-de-la-fira-de-cocentaina\/#article","isPartOf":{"@id":"https:\/\/www.copealcoy.es\/es\/presentada-la-675-edicion-de-la-fira-de-cocentaina\/"},"author":{"name":"Cope Alcoy","@id":"https:\/\/www.copealcoy.es\/es\/#\/schema\/person\/e777c87fa024e57d40170af9df39882c"},"headline":"Presentada la 675 edici\u00f3n de la Fira de Cocentaina","datePublished":"2021-10-01T20:20:38+00:00","dateModified":"2021-10-03T17:24:54+00:00","mainEntityOfPage":{"@id":"https:\/\/www.copealcoy.es\/es\/presentada-la-675-edicion-de-la-fira-de-cocentaina\/"},"wordCount":508,"commentCount":0,"image":{"@id":"https:\/\/www.copealcoy.es\/es\/presentada-la-675-edicion-de-la-fira-de-cocentaina\/#primaryimage"},"thumbnailUrl":"https:\/\/www.copealcoy.es\/wp-content\/uploads\/2021\/10\/244330500_10226506016737359_1754802783853105378_n.jpg","keywords":["675 edici\u00f3n","Fira de Cocentaina","Fira de Tots Sants","presentaci\u00f3n"],"articleSection":["Comarcas","Noticias"],"inLanguage":"es"},{"@type":"WebPage","@id":"https:\/\/www.copealcoy.es\/es\/presentada-la-675-edicion-de-la-fira-de-cocentaina\/","url":"https:\/\/www.copealcoy.es\/es\/presentada-la-675-edicion-de-la-fira-de-cocentaina\/","name":"Presentada la 675 edici\u00f3n de la Fira de Cocentaina - COPE Alcoy","isPartOf":{"@id":"https:\/\/www.copealcoy.es\/es\/#website"},"primaryImageOfPage":{"@id":"https:\/\/www.copealcoy.es\/es\/presentada-la-675-edicion-de-la-fira-de-cocentaina\/#primaryimage"},"image":{"@id":"https:\/\/www.copealcoy.es\/es\/presentada-la-675-edicion-de-la-fira-de-cocentaina\/#primaryimage"},"thumbnailUrl":"https:\/\/www.copealcoy.es\/wp-content\/uploads\/2021\/10\/244330500_10226506016737359_1754802783853105378_n.jpg","datePublished":"2021-10-01T20:20:38+00:00","dateModified":"2021-10-03T17:24:54+00:00","author":{"@id":"https:\/\/www.copealcoy.es\/es\/#\/schema\/person\/e777c87fa024e57d40170af9df39882c"},"breadcrumb":{"@id":"https:\/\/www.copealcoy.es\/es\/presentada-la-675-edicion-de-la-fira-de-cocentaina\/#breadcrumb"},"inLanguage":"es","potentialAction":[{"@type":"ReadAction","target":["https:\/\/www.copealcoy.es\/es\/presentada-la-675-edicion-de-la-fira-de-cocentaina\/"]}]},{"@type":"ImageObject","inLanguage":"es","@id":"https:\/\/www.copealcoy.es\/es\/presentada-la-675-edicion-de-la-fira-de-cocentaina\/#primaryimage","url":"https:\/\/www.copealcoy.es\/wp-content\/uploads\/2021\/10\/244330500_10226506016737359_1754802783853105378_n.jpg","contentUrl":"https:\/\/www.copealcoy.es\/wp-content\/uploads\/2021\/10\/244330500_10226506016737359_1754802783853105378_n.jpg","width":960,"height":720},{"@type":"BreadcrumbList","@id":"https:\/\/www.copealcoy.es\/es\/presentada-la-675-edicion-de-la-fira-de-cocentaina\/#breadcrumb","itemListElement":[{"@type":"ListItem","position":1,"name":"Portada","item":"https:\/\/www.copealcoy.es\/es\/"},{"@type":"ListItem","position":2,"name":"Presentada la 675 edici\u00f3n de la Fira de Cocentaina"}]},{"@type":"WebSite","@id":"https:\/\/www.copealcoy.es\/es\/#website","url":"https:\/\/www.copealcoy.es\/es\/","name":"COPE Alcoy","description":"Emisora COPE de radio local con emisi\u00f3n online. Pont de Sant Jordi 8-10 03803 Alcoy","potentialAction":[{"@type":"SearchAction","target":{"@type":"EntryPoint","urlTemplate":"https:\/\/www.copealcoy.es\/es\/?s={search_term_string}"},"query-input":{"@type":"PropertyValueSpecification","valueRequired":true,"valueName":"search_term_string"}}],"inLanguage":"es"},{"@type":"Person","@id":"https:\/\/www.copealcoy.es\/es\/#\/schema\/person\/e777c87fa024e57d40170af9df39882c","name":"Cope Alcoy","image":{"@type":"ImageObject","inLanguage":"es","@id":"https:\/\/secure.gravatar.com\/avatar\/bb65d0283347e303893ba14f0692005417c1e0e690a325a4c5d8bb2b3943ee14?s=96&d=mm&r=g","url":"https:\/\/secure.gravatar.com\/avatar\/bb65d0283347e303893ba14f0692005417c1e0e690a325a4c5d8bb2b3943ee14?s=96&d=mm&r=g","contentUrl":"https:\/\/secure.gravatar.com\/avatar\/bb65d0283347e303893ba14f0692005417c1e0e690a325a4c5d8bb2b3943ee14?s=96&d=mm&r=g","caption":"Cope Alcoy"}}]}},"_links":{"self":[{"href":"https:\/\/www.copealcoy.es\/es\/wp-json\/wp\/v2\/posts\/78512","targetHints":{"allow":["GET"]}}],"collection":[{"href":"https:\/\/www.copealcoy.es\/es\/wp-json\/wp\/v2\/posts"}],"about":[{"href":"https:\/\/www.copealcoy.es\/es\/wp-json\/wp\/v2\/types\/post"}],"author":[{"embeddable":true,"href":"https:\/\/www.copealcoy.es\/es\/wp-json\/wp\/v2\/users\/1"}],"replies":[{"embeddable":true,"href":"https:\/\/www.copealcoy.es\/es\/wp-json\/wp\/v2\/comments?post=78512"}],"version-history":[{"count":0,"href":"https:\/\/www.copealcoy.es\/es\/wp-json\/wp\/v2\/posts\/78512\/revisions"}],"wp:featuredmedia":[{"embeddable":true,"href":"https:\/\/www.copealcoy.es\/es\/wp-json\/wp\/v2\/media\/78513"}],"wp:attachment":[{"href":"https:\/\/www.copealcoy.es\/es\/wp-json\/wp\/v2\/media?parent=78512"}],"wp:term":[{"taxonomy":"category","embeddable":true,"href":"https:\/\/www.copealcoy.es\/es\/wp-json\/wp\/v2\/categories?post=78512"},{"taxonomy":"post_tag","embeddable":true,"href":"https:\/\/www.copealcoy.es\/es\/wp-json\/wp\/v2\/tags?post=78512"}],"curies":[{"name":"wp","href":"https:\/\/api.w.org\/{rel}","templated":true}]}}