{"id":78457,"date":"2021-10-01T12:23:39","date_gmt":"2021-10-01T11:23:39","guid":{"rendered":"https:\/\/www.copealcoy.es\/?p=78457"},"modified":"2021-10-01T16:49:24","modified_gmt":"2021-10-01T15:49:24","slug":"el-palau-de-la-generalitat-reabre-sus-puertas-al-publico-tras-la-pandemia","status":"publish","type":"post","link":"https:\/\/www.copealcoy.es\/es\/el-palau-de-la-generalitat-reabre-sus-puertas-al-publico-tras-la-pandemia\/","title":{"rendered":"El Palau de la Generalitat reabre sus puertas al p\u00fablico tras la pandemia"},"content":{"rendered":"<p style=\"text-align: justify;\">El<strong> Palau de la Generalitat,\u00a0<\/strong>que\u00a0<strong>celebra este a\u00f1o el 600 aniversario del inicio de su construcci\u00f3n<\/strong>,\u00a0<strong>vuelve a abrir sus puertas a la ciudadan\u00eda, despu\u00e9s de un a\u00f1o y medio marcado por las restricciones de la crisis sanitaria, y lo har\u00e1, a partir de este viernes, 1 de octubre<\/strong>, con propuestas culturales que se desarrollar\u00e1n hasta la v\u00edspera del D\u00eda de la Comunitat Valenciana y que reinterpretan el pasado desde el arte urbano o recuperan la mirada de las mujeres escritoras, esas \u201c<em>voces olvidadas<\/em>\u201d de las letras valencianas a lo largo de la historia.<\/p>\n<p style=\"text-align: justify;\">As\u00ed lo ha explicado la\u00a0<strong>directora general de Promoci\u00f3n Institucional, Fernanda Escribano<\/strong>, durante la presentaci\u00f3n de la<strong>\u00a0imagen de la Generalitat para este 9 d\u2019Octubre, un cartel elaborado por Toni Moratalla<\/strong>, de resonancias simbolistas, que busca representar \u201cla alegr\u00eda, la energ\u00eda, la calma, la paz, el amor y la \u2018germanor\u2019 del pueblo valenciano\u201d, como ha explicado el propio ilustrador.\u00a0<strong>El dise\u00f1o pretende reivindicar una sociedad <\/strong><em>\u201cunida\u201d<\/em><strong> y <\/strong><em>\u201cfuerte\u201d<\/em><strong>, con <\/strong><em>\u201ctradici\u00f3n\u201d<\/em><strong> e <\/strong><em>\u201chistoria\u201d<\/em><strong>, pero que que tambi\u00e9n <\/strong><em>\u201cmira hacia el futuro\u201d<\/em><strong>, en palabras de la directora general.<\/strong><\/p>\n<p style=\"text-align: justify;\">En el marco de las actividades programadas por Presidencia de la Generalitat para este 9 d\u2019Octubre,\u00a0<strong>las pinturas murales de la Sala Nova o Sala de Corts del Palau han sido <\/strong><em>\u201cversionadas\u201d<\/em> <strong>por ocho representantes del \u2018street art\u2019 valenciano<\/strong>. Barbiturikills aporta su visi\u00f3n de los cuatro jurados de la ciudad de Val\u00e8ncia; Deih lo hace sobre el mural de los diputados de la Generalitat y Alfredo J. Pardo Mart\u00ed, La Nena y Julieta, sobre los representantes de las ciudades y villas reales, mientras que el universo de Vinz, otro de los artistas urbanos participantes, se traslada a la alegor\u00eda de justicia, y el de X\u00e8lon y David de Lim\u00f3n, a los brazos militar y eclesi\u00e1stico, respectivamente.<\/p>\n<p style=\"text-align: justify;\"><strong>La Generalitat tambi\u00e9n ha preparado, para celebrar el 9 d\u2019Octubre, un libro y una muestra, con textos de Rosa Roig Celda e ilustraciones de Manola Roig Celda<\/strong>, que lleva por t\u00edtulo \u2018Les nostres escriptores. Les veus olvidades de les lletres valencianes\u2019 y traza un recorrido hist\u00f3rico desde el siglo XI hasta la actualidad en el que no faltan autoras como Isabel de Villena, Mar\u00eda Cambrils, Francisca Aguirre, Maria Beneyto o Carmelina S\u00e0nchez-Cutillas.<\/p>\n<p style=\"text-align: justify;\"><span style=\"color: #0000ff;\"><strong>500 a\u00f1os de les \u2018Germanies\u2019<\/strong><\/span><\/p>\n<p style=\"text-align: justify;\">Adem\u00e1s,\u00a0<strong>este a\u00f1o tambi\u00e9n se celebran los 500 a\u00f1os de les \u2018Germanies\u2019.<\/strong>\u00a0Con este motivo,\u00a0<strong>habr\u00e1 coloquio entre el escritor Lorenzo Silva y el historiador Vicent Baydal,<\/strong>\u00a0el pr\u00f3ximo s\u00e1bado, 2 de octubre, y un\u00a0<strong>concierto de Capella de Ministrers<\/strong>\u00a0sobre su disco \u2018Germanies\u2019, el 7 de octubre.<\/p>\n<p style=\"text-align: justify;\">Por otro lado, en la\u00a0<strong>Sala Daurada del Palau se exhibir\u00e1n tres obras del artista alicantino Manuel Baeza<\/strong>\u00a0cedidas por el Ayuntamiento de Alicante y que han sido restauradas por el IVCR+i.<\/p>\n<p style=\"text-align: justify;\">Finalmente, la programaci\u00f3n se completar\u00e1 con\u00a0<strong>tres conciertos, a cargo de las sociedades musicales, que se celebrar\u00e1n el d\u00eda 8 de octubre en el Grau de Castell\u00f3 de la Plana, la Marina de Val\u00e8ncia y el Puerto de Alicante<\/strong>.<\/p>\n","protected":false},"excerpt":{"rendered":"<p>El Palau de la Generalitat,\u00a0que\u00a0celebra este a\u00f1o el 600 aniversario del inicio de su construcci\u00f3n,\u00a0vuelve a abrir sus puertas a&#8230;<\/p>\n","protected":false},"author":1,"featured_media":70029,"comment_status":"open","ping_status":"open","sticky":false,"template":"","format":"standard","meta":{"footnotes":""},"categories":[75,79],"tags":[7281,7397,10050,9943,11072,3338],"class_list":["post-78457","post","type-post","status-publish","format-standard","has-post-thumbnail","hentry","category-noticias","category-politicayeconomia","tag-coronavirus","tag-covid-19","tag-crisis-sanitaria","tag-palau-de-la-generalitat","tag-puertas","tag-reapertura"],"yoast_head":"<!-- This site is optimized with the Yoast SEO plugin v27.3 - https:\/\/yoast.com\/product\/yoast-seo-wordpress\/ -->\n<title>El Palau de la Generalitat reabre sus puertas al p\u00fablico tras la pandemia - COPE Alcoy<\/title>\n<meta name=\"robots\" content=\"index, follow, max-snippet:-1, max-image-preview:large, max-video-preview:-1\" \/>\n<link rel=\"canonical\" href=\"https:\/\/www.copealcoy.es\/es\/el-palau-de-la-generalitat-reabre-sus-puertas-al-publico-tras-la-pandemia\/\" \/>\n<meta property=\"og:locale\" content=\"es_ES\" \/>\n<meta property=\"og:type\" content=\"article\" \/>\n<meta property=\"og:title\" content=\"El Palau de la Generalitat reabre sus puertas al p\u00fablico tras la pandemia - COPE Alcoy\" \/>\n<meta property=\"og:description\" content=\"El Palau de la Generalitat,\u00a0que\u00a0celebra este a\u00f1o el 600 aniversario del inicio de su construcci\u00f3n,\u00a0vuelve a abrir sus puertas a...\" \/>\n<meta property=\"og:url\" content=\"https:\/\/www.copealcoy.es\/es\/el-palau-de-la-generalitat-reabre-sus-puertas-al-publico-tras-la-pandemia\/\" \/>\n<meta property=\"og:site_name\" content=\"COPE Alcoy\" \/>\n<meta property=\"article:published_time\" content=\"2021-10-01T11:23:39+00:00\" \/>\n<meta property=\"article:modified_time\" content=\"2021-10-01T15:49:24+00:00\" \/>\n<meta property=\"og:image\" content=\"https:\/\/www.copealcoy.es\/wp-content\/uploads\/2021\/01\/palaugeneralitat-k80G-624x385@Las-Provincias.jpg\" \/>\n\t<meta property=\"og:image:width\" content=\"623\" \/>\n\t<meta property=\"og:image:height\" content=\"385\" \/>\n\t<meta property=\"og:image:type\" content=\"image\/jpeg\" \/>\n<meta name=\"author\" content=\"Cope Alcoy\" \/>\n<meta name=\"twitter:label1\" content=\"Escrito por\" \/>\n\t<meta name=\"twitter:data1\" content=\"Cope Alcoy\" \/>\n\t<meta name=\"twitter:label2\" content=\"Tiempo de lectura\" \/>\n\t<meta name=\"twitter:data2\" content=\"3 minutos\" \/>\n<script type=\"application\/ld+json\" class=\"yoast-schema-graph\">{\"@context\":\"https:\\\/\\\/schema.org\",\"@graph\":[{\"@type\":\"Article\",\"@id\":\"https:\\\/\\\/www.copealcoy.es\\\/es\\\/el-palau-de-la-generalitat-reabre-sus-puertas-al-publico-tras-la-pandemia\\\/#article\",\"isPartOf\":{\"@id\":\"https:\\\/\\\/www.copealcoy.es\\\/es\\\/el-palau-de-la-generalitat-reabre-sus-puertas-al-publico-tras-la-pandemia\\\/\"},\"author\":{\"name\":\"Cope Alcoy\",\"@id\":\"https:\\\/\\\/www.copealcoy.es\\\/es\\\/#\\\/schema\\\/person\\\/e777c87fa024e57d40170af9df39882c\"},\"headline\":\"El Palau de la Generalitat reabre sus puertas al p\u00fablico tras la pandemia\",\"datePublished\":\"2021-10-01T11:23:39+00:00\",\"dateModified\":\"2021-10-01T15:49:24+00:00\",\"mainEntityOfPage\":{\"@id\":\"https:\\\/\\\/www.copealcoy.es\\\/es\\\/el-palau-de-la-generalitat-reabre-sus-puertas-al-publico-tras-la-pandemia\\\/\"},\"wordCount\":539,\"commentCount\":0,\"image\":{\"@id\":\"https:\\\/\\\/www.copealcoy.es\\\/es\\\/el-palau-de-la-generalitat-reabre-sus-puertas-al-publico-tras-la-pandemia\\\/#primaryimage\"},\"thumbnailUrl\":\"https:\\\/\\\/www.copealcoy.es\\\/wp-content\\\/uploads\\\/2021\\\/01\\\/palaugeneralitat-k80G-624x385@Las-Provincias.jpg\",\"keywords\":[\"Coronavirus\",\"Covid-19\",\"crisis sanitaria\",\"Palau de la Generalitat\",\"puertas\",\"reapertura\"],\"articleSection\":[\"Noticias\",\"Pol\u00edtica y Econom\u00eda\"],\"inLanguage\":\"es\"},{\"@type\":\"WebPage\",\"@id\":\"https:\\\/\\\/www.copealcoy.es\\\/es\\\/el-palau-de-la-generalitat-reabre-sus-puertas-al-publico-tras-la-pandemia\\\/\",\"url\":\"https:\\\/\\\/www.copealcoy.es\\\/es\\\/el-palau-de-la-generalitat-reabre-sus-puertas-al-publico-tras-la-pandemia\\\/\",\"name\":\"El Palau de la Generalitat reabre sus puertas al p\u00fablico tras la pandemia - COPE Alcoy\",\"isPartOf\":{\"@id\":\"https:\\\/\\\/www.copealcoy.es\\\/es\\\/#website\"},\"primaryImageOfPage\":{\"@id\":\"https:\\\/\\\/www.copealcoy.es\\\/es\\\/el-palau-de-la-generalitat-reabre-sus-puertas-al-publico-tras-la-pandemia\\\/#primaryimage\"},\"image\":{\"@id\":\"https:\\\/\\\/www.copealcoy.es\\\/es\\\/el-palau-de-la-generalitat-reabre-sus-puertas-al-publico-tras-la-pandemia\\\/#primaryimage\"},\"thumbnailUrl\":\"https:\\\/\\\/www.copealcoy.es\\\/wp-content\\\/uploads\\\/2021\\\/01\\\/palaugeneralitat-k80G-624x385@Las-Provincias.jpg\",\"datePublished\":\"2021-10-01T11:23:39+00:00\",\"dateModified\":\"2021-10-01T15:49:24+00:00\",\"author\":{\"@id\":\"https:\\\/\\\/www.copealcoy.es\\\/es\\\/#\\\/schema\\\/person\\\/e777c87fa024e57d40170af9df39882c\"},\"breadcrumb\":{\"@id\":\"https:\\\/\\\/www.copealcoy.es\\\/es\\\/el-palau-de-la-generalitat-reabre-sus-puertas-al-publico-tras-la-pandemia\\\/#breadcrumb\"},\"inLanguage\":\"es\",\"potentialAction\":[{\"@type\":\"ReadAction\",\"target\":[\"https:\\\/\\\/www.copealcoy.es\\\/es\\\/el-palau-de-la-generalitat-reabre-sus-puertas-al-publico-tras-la-pandemia\\\/\"]}]},{\"@type\":\"ImageObject\",\"inLanguage\":\"es\",\"@id\":\"https:\\\/\\\/www.copealcoy.es\\\/es\\\/el-palau-de-la-generalitat-reabre-sus-puertas-al-publico-tras-la-pandemia\\\/#primaryimage\",\"url\":\"https:\\\/\\\/www.copealcoy.es\\\/wp-content\\\/uploads\\\/2021\\\/01\\\/palaugeneralitat-k80G-624x385@Las-Provincias.jpg\",\"contentUrl\":\"https:\\\/\\\/www.copealcoy.es\\\/wp-content\\\/uploads\\\/2021\\\/01\\\/palaugeneralitat-k80G-624x385@Las-Provincias.jpg\",\"width\":623,\"height\":385},{\"@type\":\"BreadcrumbList\",\"@id\":\"https:\\\/\\\/www.copealcoy.es\\\/es\\\/el-palau-de-la-generalitat-reabre-sus-puertas-al-publico-tras-la-pandemia\\\/#breadcrumb\",\"itemListElement\":[{\"@type\":\"ListItem\",\"position\":1,\"name\":\"Portada\",\"item\":\"https:\\\/\\\/www.copealcoy.es\\\/es\\\/\"},{\"@type\":\"ListItem\",\"position\":2,\"name\":\"El Palau de la Generalitat reabre sus puertas al p\u00fablico tras la pandemia\"}]},{\"@type\":\"WebSite\",\"@id\":\"https:\\\/\\\/www.copealcoy.es\\\/es\\\/#website\",\"url\":\"https:\\\/\\\/www.copealcoy.es\\\/es\\\/\",\"name\":\"COPE Alcoy\",\"description\":\"Emisora COPE de radio local con emisi\u00f3n online. Pont de Sant Jordi 8-10 03803 Alcoy\",\"potentialAction\":[{\"@type\":\"SearchAction\",\"target\":{\"@type\":\"EntryPoint\",\"urlTemplate\":\"https:\\\/\\\/www.copealcoy.es\\\/es\\\/?s={search_term_string}\"},\"query-input\":{\"@type\":\"PropertyValueSpecification\",\"valueRequired\":true,\"valueName\":\"search_term_string\"}}],\"inLanguage\":\"es\"},{\"@type\":\"Person\",\"@id\":\"https:\\\/\\\/www.copealcoy.es\\\/es\\\/#\\\/schema\\\/person\\\/e777c87fa024e57d40170af9df39882c\",\"name\":\"Cope Alcoy\",\"image\":{\"@type\":\"ImageObject\",\"inLanguage\":\"es\",\"@id\":\"https:\\\/\\\/secure.gravatar.com\\\/avatar\\\/bb65d0283347e303893ba14f0692005417c1e0e690a325a4c5d8bb2b3943ee14?s=96&d=mm&r=g\",\"url\":\"https:\\\/\\\/secure.gravatar.com\\\/avatar\\\/bb65d0283347e303893ba14f0692005417c1e0e690a325a4c5d8bb2b3943ee14?s=96&d=mm&r=g\",\"contentUrl\":\"https:\\\/\\\/secure.gravatar.com\\\/avatar\\\/bb65d0283347e303893ba14f0692005417c1e0e690a325a4c5d8bb2b3943ee14?s=96&d=mm&r=g\",\"caption\":\"Cope Alcoy\"}}]}<\/script>\n<!-- \/ Yoast SEO plugin. -->","yoast_head_json":{"title":"El Palau de la Generalitat reabre sus puertas al p\u00fablico tras la pandemia - COPE Alcoy","robots":{"index":"index","follow":"follow","max-snippet":"max-snippet:-1","max-image-preview":"max-image-preview:large","max-video-preview":"max-video-preview:-1"},"canonical":"https:\/\/www.copealcoy.es\/es\/el-palau-de-la-generalitat-reabre-sus-puertas-al-publico-tras-la-pandemia\/","og_locale":"es_ES","og_type":"article","og_title":"El Palau de la Generalitat reabre sus puertas al p\u00fablico tras la pandemia - COPE Alcoy","og_description":"El Palau de la Generalitat,\u00a0que\u00a0celebra este a\u00f1o el 600 aniversario del inicio de su construcci\u00f3n,\u00a0vuelve a abrir sus puertas a...","og_url":"https:\/\/www.copealcoy.es\/es\/el-palau-de-la-generalitat-reabre-sus-puertas-al-publico-tras-la-pandemia\/","og_site_name":"COPE Alcoy","article_published_time":"2021-10-01T11:23:39+00:00","article_modified_time":"2021-10-01T15:49:24+00:00","og_image":[{"width":623,"height":385,"url":"https:\/\/www.copealcoy.es\/wp-content\/uploads\/2021\/01\/palaugeneralitat-k80G-624x385@Las-Provincias.jpg","type":"image\/jpeg"}],"author":"Cope Alcoy","twitter_misc":{"Escrito por":"Cope Alcoy","Tiempo de lectura":"3 minutos"},"schema":{"@context":"https:\/\/schema.org","@graph":[{"@type":"Article","@id":"https:\/\/www.copealcoy.es\/es\/el-palau-de-la-generalitat-reabre-sus-puertas-al-publico-tras-la-pandemia\/#article","isPartOf":{"@id":"https:\/\/www.copealcoy.es\/es\/el-palau-de-la-generalitat-reabre-sus-puertas-al-publico-tras-la-pandemia\/"},"author":{"name":"Cope Alcoy","@id":"https:\/\/www.copealcoy.es\/es\/#\/schema\/person\/e777c87fa024e57d40170af9df39882c"},"headline":"El Palau de la Generalitat reabre sus puertas al p\u00fablico tras la pandemia","datePublished":"2021-10-01T11:23:39+00:00","dateModified":"2021-10-01T15:49:24+00:00","mainEntityOfPage":{"@id":"https:\/\/www.copealcoy.es\/es\/el-palau-de-la-generalitat-reabre-sus-puertas-al-publico-tras-la-pandemia\/"},"wordCount":539,"commentCount":0,"image":{"@id":"https:\/\/www.copealcoy.es\/es\/el-palau-de-la-generalitat-reabre-sus-puertas-al-publico-tras-la-pandemia\/#primaryimage"},"thumbnailUrl":"https:\/\/www.copealcoy.es\/wp-content\/uploads\/2021\/01\/palaugeneralitat-k80G-624x385@Las-Provincias.jpg","keywords":["Coronavirus","Covid-19","crisis sanitaria","Palau de la Generalitat","puertas","reapertura"],"articleSection":["Noticias","Pol\u00edtica y Econom\u00eda"],"inLanguage":"es"},{"@type":"WebPage","@id":"https:\/\/www.copealcoy.es\/es\/el-palau-de-la-generalitat-reabre-sus-puertas-al-publico-tras-la-pandemia\/","url":"https:\/\/www.copealcoy.es\/es\/el-palau-de-la-generalitat-reabre-sus-puertas-al-publico-tras-la-pandemia\/","name":"El Palau de la Generalitat reabre sus puertas al p\u00fablico tras la pandemia - COPE Alcoy","isPartOf":{"@id":"https:\/\/www.copealcoy.es\/es\/#website"},"primaryImageOfPage":{"@id":"https:\/\/www.copealcoy.es\/es\/el-palau-de-la-generalitat-reabre-sus-puertas-al-publico-tras-la-pandemia\/#primaryimage"},"image":{"@id":"https:\/\/www.copealcoy.es\/es\/el-palau-de-la-generalitat-reabre-sus-puertas-al-publico-tras-la-pandemia\/#primaryimage"},"thumbnailUrl":"https:\/\/www.copealcoy.es\/wp-content\/uploads\/2021\/01\/palaugeneralitat-k80G-624x385@Las-Provincias.jpg","datePublished":"2021-10-01T11:23:39+00:00","dateModified":"2021-10-01T15:49:24+00:00","author":{"@id":"https:\/\/www.copealcoy.es\/es\/#\/schema\/person\/e777c87fa024e57d40170af9df39882c"},"breadcrumb":{"@id":"https:\/\/www.copealcoy.es\/es\/el-palau-de-la-generalitat-reabre-sus-puertas-al-publico-tras-la-pandemia\/#breadcrumb"},"inLanguage":"es","potentialAction":[{"@type":"ReadAction","target":["https:\/\/www.copealcoy.es\/es\/el-palau-de-la-generalitat-reabre-sus-puertas-al-publico-tras-la-pandemia\/"]}]},{"@type":"ImageObject","inLanguage":"es","@id":"https:\/\/www.copealcoy.es\/es\/el-palau-de-la-generalitat-reabre-sus-puertas-al-publico-tras-la-pandemia\/#primaryimage","url":"https:\/\/www.copealcoy.es\/wp-content\/uploads\/2021\/01\/palaugeneralitat-k80G-624x385@Las-Provincias.jpg","contentUrl":"https:\/\/www.copealcoy.es\/wp-content\/uploads\/2021\/01\/palaugeneralitat-k80G-624x385@Las-Provincias.jpg","width":623,"height":385},{"@type":"BreadcrumbList","@id":"https:\/\/www.copealcoy.es\/es\/el-palau-de-la-generalitat-reabre-sus-puertas-al-publico-tras-la-pandemia\/#breadcrumb","itemListElement":[{"@type":"ListItem","position":1,"name":"Portada","item":"https:\/\/www.copealcoy.es\/es\/"},{"@type":"ListItem","position":2,"name":"El Palau de la Generalitat reabre sus puertas al p\u00fablico tras la pandemia"}]},{"@type":"WebSite","@id":"https:\/\/www.copealcoy.es\/es\/#website","url":"https:\/\/www.copealcoy.es\/es\/","name":"COPE Alcoy","description":"Emisora COPE de radio local con emisi\u00f3n online. Pont de Sant Jordi 8-10 03803 Alcoy","potentialAction":[{"@type":"SearchAction","target":{"@type":"EntryPoint","urlTemplate":"https:\/\/www.copealcoy.es\/es\/?s={search_term_string}"},"query-input":{"@type":"PropertyValueSpecification","valueRequired":true,"valueName":"search_term_string"}}],"inLanguage":"es"},{"@type":"Person","@id":"https:\/\/www.copealcoy.es\/es\/#\/schema\/person\/e777c87fa024e57d40170af9df39882c","name":"Cope Alcoy","image":{"@type":"ImageObject","inLanguage":"es","@id":"https:\/\/secure.gravatar.com\/avatar\/bb65d0283347e303893ba14f0692005417c1e0e690a325a4c5d8bb2b3943ee14?s=96&d=mm&r=g","url":"https:\/\/secure.gravatar.com\/avatar\/bb65d0283347e303893ba14f0692005417c1e0e690a325a4c5d8bb2b3943ee14?s=96&d=mm&r=g","contentUrl":"https:\/\/secure.gravatar.com\/avatar\/bb65d0283347e303893ba14f0692005417c1e0e690a325a4c5d8bb2b3943ee14?s=96&d=mm&r=g","caption":"Cope Alcoy"}}]}},"_links":{"self":[{"href":"https:\/\/www.copealcoy.es\/es\/wp-json\/wp\/v2\/posts\/78457","targetHints":{"allow":["GET"]}}],"collection":[{"href":"https:\/\/www.copealcoy.es\/es\/wp-json\/wp\/v2\/posts"}],"about":[{"href":"https:\/\/www.copealcoy.es\/es\/wp-json\/wp\/v2\/types\/post"}],"author":[{"embeddable":true,"href":"https:\/\/www.copealcoy.es\/es\/wp-json\/wp\/v2\/users\/1"}],"replies":[{"embeddable":true,"href":"https:\/\/www.copealcoy.es\/es\/wp-json\/wp\/v2\/comments?post=78457"}],"version-history":[{"count":0,"href":"https:\/\/www.copealcoy.es\/es\/wp-json\/wp\/v2\/posts\/78457\/revisions"}],"wp:featuredmedia":[{"embeddable":true,"href":"https:\/\/www.copealcoy.es\/es\/wp-json\/wp\/v2\/media\/70029"}],"wp:attachment":[{"href":"https:\/\/www.copealcoy.es\/es\/wp-json\/wp\/v2\/media?parent=78457"}],"wp:term":[{"taxonomy":"category","embeddable":true,"href":"https:\/\/www.copealcoy.es\/es\/wp-json\/wp\/v2\/categories?post=78457"},{"taxonomy":"post_tag","embeddable":true,"href":"https:\/\/www.copealcoy.es\/es\/wp-json\/wp\/v2\/tags?post=78457"}],"curies":[{"name":"wp","href":"https:\/\/api.w.org\/{rel}","templated":true}]}}