{"id":78449,"date":"2021-10-01T10:01:14","date_gmt":"2021-10-01T09:01:14","guid":{"rendered":"https:\/\/www.copealcoy.es\/?p=78449"},"modified":"2021-10-01T17:46:55","modified_gmt":"2021-10-01T16:46:55","slug":"el-consell-incrementa-la-prestacio-de-serveis-a-les-comarques-de-lalcoia-i-el-comtat","status":"publish","type":"post","link":"https:\/\/www.copealcoy.es\/es\/el-consell-incrementa-la-prestacio-de-serveis-a-les-comarques-de-lalcoia-i-el-comtat\/","title":{"rendered":"El Consell incrementa la prestaci\u00f3 de serveis a les comarques de l&#8217;Alcoi\u00e0 i el Comtat"},"content":{"rendered":"<p style=\"text-align: justify;\">La Generalitat, <strong>a trav\u00e9s de l&#8217;Agenda Valenciana\u00a0<span class=\"hiddenSpellError\">Antidespoblament<\/span>\u00a0(Avant) i la Federaci\u00f3 Valenciana de Municipis i Prov\u00edncies (<span class=\"hiddenSpellError\">FVMP<\/span>)<\/strong>, han est\u00e9s <strong>el programa \u2018Itinerant\u2019<\/strong> a diverses comarques de la nostra Comunitat. Aquest pla arribar\u00e0 tamb\u00e9 a l&#8217;Alcoi\u00e0 i el Comtat, un fet que <strong>permetr\u00e0 coordinar una ruta de professionals aut\u00f2noms<\/strong> que presten <strong>serveis b\u00e0sics necessaris<\/strong> en els diferents municipis a preus competitius.<\/p>\n<p style=\"text-align: justify;\">A les comarques de l&#8217;Alcoi\u00e0 i el Comtat <strong>s\u00f3n 24 els municipis<\/strong> que es beneficiaran d&#8217;aquest pla. Es tracta de Benifallim, Pen\u00e0guila, Agres, Alcosser, Alcoleja, Alfafara, Almudaina, Balones, Benasau, Beniarr\u00e9s, Benilloba, Benillup, Benimarfull, Benimassot, Fageca, Famorca, Gaianes, Gorga, L&#8217;Alqueria d\u2019Asnar, Millena, Orxa, Planes, Quatretondeta i Tollos &#8220;<em>que tinguen el servei a les seues cases i poblacions i no s&#8217;hagen de despla\u00e7ar fins a un altre municipi, perqu\u00e8 volem que els habitants d&#8217;aquests pobles no hagen d&#8217;eixir d&#8217;ells per a buscar professionals, i d&#8217;altra banda oferim als professionals del territori una oportunitat de trobar estabilitat i una manera de guanyar-se la vida en la seua mateixa comarca<\/em>&#8220;, explica la directora general d&#8217;Avant;\u00a0<strong><span class=\"hiddenSpellError\">Jeannette<\/span>\u00a0Segarra<\/strong>.<\/p>\n<p style=\"text-align: justify;\">El programa <strong>ha sigut presentat ja<\/strong> en la Mancomunitat de la Vall d&#8217;Albaida aix\u00ed com a l&#8217;Alcoi\u00e0 i el Comtat. En el cas de la comarca ve\u00efna cal recordar que<strong> han sigut 22<\/strong> <strong>els municipis<\/strong> que resultaren beneficiats amb aquesta iniciativa.<\/p>\n","protected":false},"excerpt":{"rendered":"<p>La Generalitat, a trav\u00e9s de l&#8217;Agenda Valenciana\u00a0Antidespoblament\u00a0(Avant) i la Federaci\u00f3 Valenciana de Municipis i Prov\u00edncies (FVMP), han est\u00e9s el programa&#8230;<\/p>\n","protected":false},"author":1,"featured_media":78450,"comment_status":"open","ping_status":"open","sticky":false,"template":"","format":"standard","meta":{"footnotes":""},"categories":[98,75],"tags":[11844,482,237,479,9592,10453],"class_list":["post-78449","post","type-post","status-publish","format-standard","has-post-thumbnail","hentry","category-comarcas","category-noticias","tag-agencia-avant","tag-alcoia","tag-comtat","tag-consell","tag-increment","tag-serveis"],"yoast_head":"<!-- This site is optimized with the Yoast SEO plugin v27.3 - https:\/\/yoast.com\/product\/yoast-seo-wordpress\/ -->\n<title>El Consell incrementa la prestaci\u00f3 de serveis a les comarques de l&#039;Alcoi\u00e0 i el Comtat - COPE Alcoy<\/title>\n<meta name=\"robots\" content=\"index, follow, max-snippet:-1, max-image-preview:large, max-video-preview:-1\" \/>\n<link rel=\"canonical\" href=\"https:\/\/www.copealcoy.es\/es\/el-consell-incrementa-la-prestacio-de-serveis-a-les-comarques-de-lalcoia-i-el-comtat\/\" \/>\n<meta property=\"og:locale\" content=\"es_ES\" \/>\n<meta property=\"og:type\" content=\"article\" \/>\n<meta property=\"og:title\" content=\"El Consell incrementa la prestaci\u00f3 de serveis a les comarques de l&#039;Alcoi\u00e0 i el Comtat - COPE Alcoy\" \/>\n<meta property=\"og:description\" content=\"La Generalitat, a trav\u00e9s de l&#8217;Agenda Valenciana\u00a0Antidespoblament\u00a0(Avant) i la Federaci\u00f3 Valenciana de Municipis i Prov\u00edncies (FVMP), han est\u00e9s el programa...\" \/>\n<meta property=\"og:url\" content=\"https:\/\/www.copealcoy.es\/es\/el-consell-incrementa-la-prestacio-de-serveis-a-les-comarques-de-lalcoia-i-el-comtat\/\" \/>\n<meta property=\"og:site_name\" content=\"COPE Alcoy\" \/>\n<meta property=\"article:published_time\" content=\"2021-10-01T09:01:14+00:00\" \/>\n<meta property=\"article:modified_time\" content=\"2021-10-01T16:46:55+00:00\" \/>\n<meta property=\"og:image\" content=\"https:\/\/www.copealcoy.es\/wp-content\/uploads\/2021\/10\/1633003329_276053_1633003471_noticia_normal_recorte1.jpg\" \/>\n\t<meta property=\"og:image:width\" content=\"1300\" \/>\n\t<meta property=\"og:image:height\" content=\"615\" \/>\n\t<meta property=\"og:image:type\" content=\"image\/jpeg\" \/>\n<meta name=\"author\" content=\"Cope Alcoy\" \/>\n<meta name=\"twitter:label1\" content=\"Escrito por\" \/>\n\t<meta name=\"twitter:data1\" content=\"Cope Alcoy\" \/>\n\t<meta name=\"twitter:label2\" content=\"Tiempo de lectura\" \/>\n\t<meta name=\"twitter:data2\" content=\"1 minuto\" \/>\n<script type=\"application\/ld+json\" class=\"yoast-schema-graph\">{\"@context\":\"https:\\\/\\\/schema.org\",\"@graph\":[{\"@type\":\"Article\",\"@id\":\"https:\\\/\\\/www.copealcoy.es\\\/es\\\/el-consell-incrementa-la-prestacio-de-serveis-a-les-comarques-de-lalcoia-i-el-comtat\\\/#article\",\"isPartOf\":{\"@id\":\"https:\\\/\\\/www.copealcoy.es\\\/es\\\/el-consell-incrementa-la-prestacio-de-serveis-a-les-comarques-de-lalcoia-i-el-comtat\\\/\"},\"author\":{\"name\":\"Cope Alcoy\",\"@id\":\"https:\\\/\\\/www.copealcoy.es\\\/es\\\/#\\\/schema\\\/person\\\/e777c87fa024e57d40170af9df39882c\"},\"headline\":\"El Consell incrementa la prestaci\u00f3 de serveis a les comarques de l&#8217;Alcoi\u00e0 i el Comtat\",\"datePublished\":\"2021-10-01T09:01:14+00:00\",\"dateModified\":\"2021-10-01T16:46:55+00:00\",\"mainEntityOfPage\":{\"@id\":\"https:\\\/\\\/www.copealcoy.es\\\/es\\\/el-consell-incrementa-la-prestacio-de-serveis-a-les-comarques-de-lalcoia-i-el-comtat\\\/\"},\"wordCount\":253,\"commentCount\":0,\"image\":{\"@id\":\"https:\\\/\\\/www.copealcoy.es\\\/es\\\/el-consell-incrementa-la-prestacio-de-serveis-a-les-comarques-de-lalcoia-i-el-comtat\\\/#primaryimage\"},\"thumbnailUrl\":\"https:\\\/\\\/www.copealcoy.es\\\/wp-content\\\/uploads\\\/2021\\\/10\\\/1633003329_276053_1633003471_noticia_normal_recorte1.jpg\",\"keywords\":[\"Ag\u00e8ncia Avant\",\"Alcoi\u00e0\",\"Comtat\",\"Consell\",\"increment\",\"serveis\"],\"articleSection\":[\"Comarcas\",\"Noticias\"],\"inLanguage\":\"es\"},{\"@type\":\"WebPage\",\"@id\":\"https:\\\/\\\/www.copealcoy.es\\\/es\\\/el-consell-incrementa-la-prestacio-de-serveis-a-les-comarques-de-lalcoia-i-el-comtat\\\/\",\"url\":\"https:\\\/\\\/www.copealcoy.es\\\/es\\\/el-consell-incrementa-la-prestacio-de-serveis-a-les-comarques-de-lalcoia-i-el-comtat\\\/\",\"name\":\"El Consell incrementa la prestaci\u00f3 de serveis a les comarques de l'Alcoi\u00e0 i el Comtat - COPE Alcoy\",\"isPartOf\":{\"@id\":\"https:\\\/\\\/www.copealcoy.es\\\/es\\\/#website\"},\"primaryImageOfPage\":{\"@id\":\"https:\\\/\\\/www.copealcoy.es\\\/es\\\/el-consell-incrementa-la-prestacio-de-serveis-a-les-comarques-de-lalcoia-i-el-comtat\\\/#primaryimage\"},\"image\":{\"@id\":\"https:\\\/\\\/www.copealcoy.es\\\/es\\\/el-consell-incrementa-la-prestacio-de-serveis-a-les-comarques-de-lalcoia-i-el-comtat\\\/#primaryimage\"},\"thumbnailUrl\":\"https:\\\/\\\/www.copealcoy.es\\\/wp-content\\\/uploads\\\/2021\\\/10\\\/1633003329_276053_1633003471_noticia_normal_recorte1.jpg\",\"datePublished\":\"2021-10-01T09:01:14+00:00\",\"dateModified\":\"2021-10-01T16:46:55+00:00\",\"author\":{\"@id\":\"https:\\\/\\\/www.copealcoy.es\\\/es\\\/#\\\/schema\\\/person\\\/e777c87fa024e57d40170af9df39882c\"},\"breadcrumb\":{\"@id\":\"https:\\\/\\\/www.copealcoy.es\\\/es\\\/el-consell-incrementa-la-prestacio-de-serveis-a-les-comarques-de-lalcoia-i-el-comtat\\\/#breadcrumb\"},\"inLanguage\":\"es\",\"potentialAction\":[{\"@type\":\"ReadAction\",\"target\":[\"https:\\\/\\\/www.copealcoy.es\\\/es\\\/el-consell-incrementa-la-prestacio-de-serveis-a-les-comarques-de-lalcoia-i-el-comtat\\\/\"]}]},{\"@type\":\"ImageObject\",\"inLanguage\":\"es\",\"@id\":\"https:\\\/\\\/www.copealcoy.es\\\/es\\\/el-consell-incrementa-la-prestacio-de-serveis-a-les-comarques-de-lalcoia-i-el-comtat\\\/#primaryimage\",\"url\":\"https:\\\/\\\/www.copealcoy.es\\\/wp-content\\\/uploads\\\/2021\\\/10\\\/1633003329_276053_1633003471_noticia_normal_recorte1.jpg\",\"contentUrl\":\"https:\\\/\\\/www.copealcoy.es\\\/wp-content\\\/uploads\\\/2021\\\/10\\\/1633003329_276053_1633003471_noticia_normal_recorte1.jpg\",\"width\":1300,\"height\":615},{\"@type\":\"BreadcrumbList\",\"@id\":\"https:\\\/\\\/www.copealcoy.es\\\/es\\\/el-consell-incrementa-la-prestacio-de-serveis-a-les-comarques-de-lalcoia-i-el-comtat\\\/#breadcrumb\",\"itemListElement\":[{\"@type\":\"ListItem\",\"position\":1,\"name\":\"Portada\",\"item\":\"https:\\\/\\\/www.copealcoy.es\\\/es\\\/\"},{\"@type\":\"ListItem\",\"position\":2,\"name\":\"El Consell incrementa la prestaci\u00f3 de serveis a les comarques de l&#8217;Alcoi\u00e0 i el Comtat\"}]},{\"@type\":\"WebSite\",\"@id\":\"https:\\\/\\\/www.copealcoy.es\\\/es\\\/#website\",\"url\":\"https:\\\/\\\/www.copealcoy.es\\\/es\\\/\",\"name\":\"COPE Alcoy\",\"description\":\"Emisora COPE de radio local con emisi\u00f3n online. Pont de Sant Jordi 8-10 03803 Alcoy\",\"potentialAction\":[{\"@type\":\"SearchAction\",\"target\":{\"@type\":\"EntryPoint\",\"urlTemplate\":\"https:\\\/\\\/www.copealcoy.es\\\/es\\\/?s={search_term_string}\"},\"query-input\":{\"@type\":\"PropertyValueSpecification\",\"valueRequired\":true,\"valueName\":\"search_term_string\"}}],\"inLanguage\":\"es\"},{\"@type\":\"Person\",\"@id\":\"https:\\\/\\\/www.copealcoy.es\\\/es\\\/#\\\/schema\\\/person\\\/e777c87fa024e57d40170af9df39882c\",\"name\":\"Cope Alcoy\",\"image\":{\"@type\":\"ImageObject\",\"inLanguage\":\"es\",\"@id\":\"https:\\\/\\\/secure.gravatar.com\\\/avatar\\\/bb65d0283347e303893ba14f0692005417c1e0e690a325a4c5d8bb2b3943ee14?s=96&d=mm&r=g\",\"url\":\"https:\\\/\\\/secure.gravatar.com\\\/avatar\\\/bb65d0283347e303893ba14f0692005417c1e0e690a325a4c5d8bb2b3943ee14?s=96&d=mm&r=g\",\"contentUrl\":\"https:\\\/\\\/secure.gravatar.com\\\/avatar\\\/bb65d0283347e303893ba14f0692005417c1e0e690a325a4c5d8bb2b3943ee14?s=96&d=mm&r=g\",\"caption\":\"Cope Alcoy\"}}]}<\/script>\n<!-- \/ Yoast SEO plugin. -->","yoast_head_json":{"title":"El Consell incrementa la prestaci\u00f3 de serveis a les comarques de l'Alcoi\u00e0 i el Comtat - COPE Alcoy","robots":{"index":"index","follow":"follow","max-snippet":"max-snippet:-1","max-image-preview":"max-image-preview:large","max-video-preview":"max-video-preview:-1"},"canonical":"https:\/\/www.copealcoy.es\/es\/el-consell-incrementa-la-prestacio-de-serveis-a-les-comarques-de-lalcoia-i-el-comtat\/","og_locale":"es_ES","og_type":"article","og_title":"El Consell incrementa la prestaci\u00f3 de serveis a les comarques de l'Alcoi\u00e0 i el Comtat - COPE Alcoy","og_description":"La Generalitat, a trav\u00e9s de l&#8217;Agenda Valenciana\u00a0Antidespoblament\u00a0(Avant) i la Federaci\u00f3 Valenciana de Municipis i Prov\u00edncies (FVMP), han est\u00e9s el programa...","og_url":"https:\/\/www.copealcoy.es\/es\/el-consell-incrementa-la-prestacio-de-serveis-a-les-comarques-de-lalcoia-i-el-comtat\/","og_site_name":"COPE Alcoy","article_published_time":"2021-10-01T09:01:14+00:00","article_modified_time":"2021-10-01T16:46:55+00:00","og_image":[{"width":1300,"height":615,"url":"https:\/\/www.copealcoy.es\/wp-content\/uploads\/2021\/10\/1633003329_276053_1633003471_noticia_normal_recorte1.jpg","type":"image\/jpeg"}],"author":"Cope Alcoy","twitter_misc":{"Escrito por":"Cope Alcoy","Tiempo de lectura":"1 minuto"},"schema":{"@context":"https:\/\/schema.org","@graph":[{"@type":"Article","@id":"https:\/\/www.copealcoy.es\/es\/el-consell-incrementa-la-prestacio-de-serveis-a-les-comarques-de-lalcoia-i-el-comtat\/#article","isPartOf":{"@id":"https:\/\/www.copealcoy.es\/es\/el-consell-incrementa-la-prestacio-de-serveis-a-les-comarques-de-lalcoia-i-el-comtat\/"},"author":{"name":"Cope Alcoy","@id":"https:\/\/www.copealcoy.es\/es\/#\/schema\/person\/e777c87fa024e57d40170af9df39882c"},"headline":"El Consell incrementa la prestaci\u00f3 de serveis a les comarques de l&#8217;Alcoi\u00e0 i el Comtat","datePublished":"2021-10-01T09:01:14+00:00","dateModified":"2021-10-01T16:46:55+00:00","mainEntityOfPage":{"@id":"https:\/\/www.copealcoy.es\/es\/el-consell-incrementa-la-prestacio-de-serveis-a-les-comarques-de-lalcoia-i-el-comtat\/"},"wordCount":253,"commentCount":0,"image":{"@id":"https:\/\/www.copealcoy.es\/es\/el-consell-incrementa-la-prestacio-de-serveis-a-les-comarques-de-lalcoia-i-el-comtat\/#primaryimage"},"thumbnailUrl":"https:\/\/www.copealcoy.es\/wp-content\/uploads\/2021\/10\/1633003329_276053_1633003471_noticia_normal_recorte1.jpg","keywords":["Ag\u00e8ncia Avant","Alcoi\u00e0","Comtat","Consell","increment","serveis"],"articleSection":["Comarcas","Noticias"],"inLanguage":"es"},{"@type":"WebPage","@id":"https:\/\/www.copealcoy.es\/es\/el-consell-incrementa-la-prestacio-de-serveis-a-les-comarques-de-lalcoia-i-el-comtat\/","url":"https:\/\/www.copealcoy.es\/es\/el-consell-incrementa-la-prestacio-de-serveis-a-les-comarques-de-lalcoia-i-el-comtat\/","name":"El Consell incrementa la prestaci\u00f3 de serveis a les comarques de l'Alcoi\u00e0 i el Comtat - COPE Alcoy","isPartOf":{"@id":"https:\/\/www.copealcoy.es\/es\/#website"},"primaryImageOfPage":{"@id":"https:\/\/www.copealcoy.es\/es\/el-consell-incrementa-la-prestacio-de-serveis-a-les-comarques-de-lalcoia-i-el-comtat\/#primaryimage"},"image":{"@id":"https:\/\/www.copealcoy.es\/es\/el-consell-incrementa-la-prestacio-de-serveis-a-les-comarques-de-lalcoia-i-el-comtat\/#primaryimage"},"thumbnailUrl":"https:\/\/www.copealcoy.es\/wp-content\/uploads\/2021\/10\/1633003329_276053_1633003471_noticia_normal_recorte1.jpg","datePublished":"2021-10-01T09:01:14+00:00","dateModified":"2021-10-01T16:46:55+00:00","author":{"@id":"https:\/\/www.copealcoy.es\/es\/#\/schema\/person\/e777c87fa024e57d40170af9df39882c"},"breadcrumb":{"@id":"https:\/\/www.copealcoy.es\/es\/el-consell-incrementa-la-prestacio-de-serveis-a-les-comarques-de-lalcoia-i-el-comtat\/#breadcrumb"},"inLanguage":"es","potentialAction":[{"@type":"ReadAction","target":["https:\/\/www.copealcoy.es\/es\/el-consell-incrementa-la-prestacio-de-serveis-a-les-comarques-de-lalcoia-i-el-comtat\/"]}]},{"@type":"ImageObject","inLanguage":"es","@id":"https:\/\/www.copealcoy.es\/es\/el-consell-incrementa-la-prestacio-de-serveis-a-les-comarques-de-lalcoia-i-el-comtat\/#primaryimage","url":"https:\/\/www.copealcoy.es\/wp-content\/uploads\/2021\/10\/1633003329_276053_1633003471_noticia_normal_recorte1.jpg","contentUrl":"https:\/\/www.copealcoy.es\/wp-content\/uploads\/2021\/10\/1633003329_276053_1633003471_noticia_normal_recorte1.jpg","width":1300,"height":615},{"@type":"BreadcrumbList","@id":"https:\/\/www.copealcoy.es\/es\/el-consell-incrementa-la-prestacio-de-serveis-a-les-comarques-de-lalcoia-i-el-comtat\/#breadcrumb","itemListElement":[{"@type":"ListItem","position":1,"name":"Portada","item":"https:\/\/www.copealcoy.es\/es\/"},{"@type":"ListItem","position":2,"name":"El Consell incrementa la prestaci\u00f3 de serveis a les comarques de l&#8217;Alcoi\u00e0 i el Comtat"}]},{"@type":"WebSite","@id":"https:\/\/www.copealcoy.es\/es\/#website","url":"https:\/\/www.copealcoy.es\/es\/","name":"COPE Alcoy","description":"Emisora COPE de radio local con emisi\u00f3n online. Pont de Sant Jordi 8-10 03803 Alcoy","potentialAction":[{"@type":"SearchAction","target":{"@type":"EntryPoint","urlTemplate":"https:\/\/www.copealcoy.es\/es\/?s={search_term_string}"},"query-input":{"@type":"PropertyValueSpecification","valueRequired":true,"valueName":"search_term_string"}}],"inLanguage":"es"},{"@type":"Person","@id":"https:\/\/www.copealcoy.es\/es\/#\/schema\/person\/e777c87fa024e57d40170af9df39882c","name":"Cope Alcoy","image":{"@type":"ImageObject","inLanguage":"es","@id":"https:\/\/secure.gravatar.com\/avatar\/bb65d0283347e303893ba14f0692005417c1e0e690a325a4c5d8bb2b3943ee14?s=96&d=mm&r=g","url":"https:\/\/secure.gravatar.com\/avatar\/bb65d0283347e303893ba14f0692005417c1e0e690a325a4c5d8bb2b3943ee14?s=96&d=mm&r=g","contentUrl":"https:\/\/secure.gravatar.com\/avatar\/bb65d0283347e303893ba14f0692005417c1e0e690a325a4c5d8bb2b3943ee14?s=96&d=mm&r=g","caption":"Cope Alcoy"}}]}},"_links":{"self":[{"href":"https:\/\/www.copealcoy.es\/es\/wp-json\/wp\/v2\/posts\/78449","targetHints":{"allow":["GET"]}}],"collection":[{"href":"https:\/\/www.copealcoy.es\/es\/wp-json\/wp\/v2\/posts"}],"about":[{"href":"https:\/\/www.copealcoy.es\/es\/wp-json\/wp\/v2\/types\/post"}],"author":[{"embeddable":true,"href":"https:\/\/www.copealcoy.es\/es\/wp-json\/wp\/v2\/users\/1"}],"replies":[{"embeddable":true,"href":"https:\/\/www.copealcoy.es\/es\/wp-json\/wp\/v2\/comments?post=78449"}],"version-history":[{"count":0,"href":"https:\/\/www.copealcoy.es\/es\/wp-json\/wp\/v2\/posts\/78449\/revisions"}],"wp:featuredmedia":[{"embeddable":true,"href":"https:\/\/www.copealcoy.es\/es\/wp-json\/wp\/v2\/media\/78450"}],"wp:attachment":[{"href":"https:\/\/www.copealcoy.es\/es\/wp-json\/wp\/v2\/media?parent=78449"}],"wp:term":[{"taxonomy":"category","embeddable":true,"href":"https:\/\/www.copealcoy.es\/es\/wp-json\/wp\/v2\/categories?post=78449"},{"taxonomy":"post_tag","embeddable":true,"href":"https:\/\/www.copealcoy.es\/es\/wp-json\/wp\/v2\/tags?post=78449"}],"curies":[{"name":"wp","href":"https:\/\/api.w.org\/{rel}","templated":true}]}}