{"id":78422,"date":"2021-09-30T17:24:15","date_gmt":"2021-09-30T16:24:15","guid":{"rendered":"https:\/\/www.copealcoy.es\/?p=78422"},"modified":"2021-09-30T17:53:35","modified_gmt":"2021-09-30T16:53:35","slug":"alcoy-tambien-celebra-el-dia-mundial-del-turismo","status":"publish","type":"post","link":"https:\/\/www.copealcoy.es\/es\/alcoy-tambien-celebra-el-dia-mundial-del-turismo\/","title":{"rendered":"Alcoy tambi\u00e9n celebra el D\u00eda Mundial del Turismo"},"content":{"rendered":"<p style=\"text-align: justify;\">Alcoy conmemora este fin de semana <strong>el D\u00eda Mundial del Turismo<\/strong> y lo hace con diferentes actividades entre las que destacan <strong>puertas abiertas<\/strong> en los museos de la ciudad as\u00ed como <strong>rutas guiadas<\/strong>. Estas \u00faltimas, seg\u00fan ha informado el Consistorio, discurrir\u00e1n por <strong>el Museo Arqueol\u00f3gico, el Muboma, el Cementerio, los vestigios del Alcoy Medieval o los murales de arte urbano surgidos del festival Urban Skills<\/strong>.<\/p>\n<p style=\"text-align: justify;\">Desde la concejal\u00eda de Turismo del Consistorio de nuestra ciudad indican que a todo lo mencionado anteriormente se le suman <strong>otros eventos culturales o festivos<\/strong> que tendr\u00e1n lugar durante este fin de semana &#8220;<em>no solo invitamos a las personas de Alcoy, sino tambi\u00e9n a la gente de la comarca. Esperamos que vengan y puedan disfrutar de las actividades tanto las de interior como las que se hacen al aire libre, todas con las medidas de seguridad correspondientes. Empezamos ya a hacer cosas, a tomar el pulso a la cultura y al deporte y a disfrutar de nuestra ciudad que falta nos hac\u00eda. Os invito a todos a participar en la celebraci\u00f3n del D\u00eda Mundial del Turismo<\/em>&#8220;, ha afirmado la edil <strong>Lorena Zamorano<\/strong>. Asimismo la concejala remarca tambi\u00e9n <strong>la apuesta que est\u00e1 haciendo la concejal\u00eda por la inclusi\u00f3n y la accesibilidad<\/strong> &#8220;<em>todos los recursos tur\u00edsticos de la ciudad ya est\u00e1n signo-guiados mientras que la Tourist Info est\u00e1 implantando varias medidas para dar a conocer nuestra oferta a las personas sordas. Adem\u00e1s la recreaci\u00f3n virtual ayuda a romper barreras y ya son una realidad en puntos como las murallas medievales o el poblado \u00edbero del Puig<\/em>&#8220;, concluye.<\/p>\n<p style=\"text-align: justify;\">Los horarios de los museos y el resto de actividades previstas se pueden consultar en <strong><span style=\"color: #0000ff;\"><a style=\"color: #0000ff;\" href=\"https:\/\/www.alcoyturismo.com\/\">www.alcoiturismo.com<\/a><\/span><\/strong>. El D\u00eda Mundial del Turismo<strong> se conmemora el 27 de septiembre<\/strong> y aqu\u00ed en Alcoy su celebraci\u00f3n<strong> se ha atrasado unos d\u00edas<\/strong> para evitar coincidir con el programa de actos de la Feria Modernista.<\/p>\n","protected":false},"excerpt":{"rendered":"<p>Alcoy conmemora este fin de semana el D\u00eda Mundial del Turismo y lo hace con diferentes actividades entre las que&#8230;<\/p>\n","protected":false},"author":1,"featured_media":78424,"comment_status":"open","ping_status":"open","sticky":false,"template":"","format":"standard","meta":{"footnotes":""},"categories":[97,78,75,125],"tags":[442,1494,6703,1796],"class_list":["post-78422","post","type-post","status-publish","format-standard","has-post-thumbnail","hentry","category-alcoy","category-fiestaycultura","category-noticias","category-portada","tag-actividades","tag-alcoy","tag-dia-mundial-del-turismo","tag-lorena-zamorano"],"yoast_head":"<!-- This site is optimized with the Yoast SEO plugin v27.3 - https:\/\/yoast.com\/product\/yoast-seo-wordpress\/ -->\n<title>Alcoy tambi\u00e9n celebra el D\u00eda Mundial del Turismo - COPE Alcoy<\/title>\n<meta name=\"robots\" content=\"index, follow, max-snippet:-1, max-image-preview:large, max-video-preview:-1\" \/>\n<link rel=\"canonical\" href=\"https:\/\/www.copealcoy.es\/es\/alcoy-tambien-celebra-el-dia-mundial-del-turismo\/\" \/>\n<meta property=\"og:locale\" content=\"es_ES\" \/>\n<meta property=\"og:type\" content=\"article\" \/>\n<meta property=\"og:title\" content=\"Alcoy tambi\u00e9n celebra el D\u00eda Mundial del Turismo - COPE Alcoy\" \/>\n<meta property=\"og:description\" content=\"Alcoy conmemora este fin de semana el D\u00eda Mundial del Turismo y lo hace con diferentes actividades entre las que...\" \/>\n<meta property=\"og:url\" content=\"https:\/\/www.copealcoy.es\/es\/alcoy-tambien-celebra-el-dia-mundial-del-turismo\/\" \/>\n<meta property=\"og:site_name\" content=\"COPE Alcoy\" \/>\n<meta property=\"article:published_time\" content=\"2021-09-30T16:24:15+00:00\" \/>\n<meta property=\"article:modified_time\" content=\"2021-09-30T16:53:35+00:00\" \/>\n<meta property=\"og:image\" content=\"https:\/\/www.copealcoy.es\/wp-content\/uploads\/2021\/09\/Refugi_Alcoy_Alcoi_Costa_Blanca_Comunidad_Valenciana_Espana_web-e1633020052497.jpg\" \/>\n\t<meta property=\"og:image:width\" content=\"682\" \/>\n\t<meta property=\"og:image:height\" content=\"455\" \/>\n\t<meta property=\"og:image:type\" content=\"image\/jpeg\" \/>\n<meta name=\"author\" content=\"Cope Alcoy\" \/>\n<meta name=\"twitter:label1\" content=\"Escrito por\" \/>\n\t<meta name=\"twitter:data1\" content=\"Cope Alcoy\" \/>\n\t<meta name=\"twitter:label2\" content=\"Tiempo de lectura\" \/>\n\t<meta name=\"twitter:data2\" content=\"2 minutos\" \/>\n<script type=\"application\/ld+json\" class=\"yoast-schema-graph\">{\"@context\":\"https:\\\/\\\/schema.org\",\"@graph\":[{\"@type\":\"Article\",\"@id\":\"https:\\\/\\\/www.copealcoy.es\\\/es\\\/alcoy-tambien-celebra-el-dia-mundial-del-turismo\\\/#article\",\"isPartOf\":{\"@id\":\"https:\\\/\\\/www.copealcoy.es\\\/es\\\/alcoy-tambien-celebra-el-dia-mundial-del-turismo\\\/\"},\"author\":{\"name\":\"Cope Alcoy\",\"@id\":\"https:\\\/\\\/www.copealcoy.es\\\/es\\\/#\\\/schema\\\/person\\\/e777c87fa024e57d40170af9df39882c\"},\"headline\":\"Alcoy tambi\u00e9n celebra el D\u00eda Mundial del Turismo\",\"datePublished\":\"2021-09-30T16:24:15+00:00\",\"dateModified\":\"2021-09-30T16:53:35+00:00\",\"mainEntityOfPage\":{\"@id\":\"https:\\\/\\\/www.copealcoy.es\\\/es\\\/alcoy-tambien-celebra-el-dia-mundial-del-turismo\\\/\"},\"wordCount\":341,\"commentCount\":0,\"image\":{\"@id\":\"https:\\\/\\\/www.copealcoy.es\\\/es\\\/alcoy-tambien-celebra-el-dia-mundial-del-turismo\\\/#primaryimage\"},\"thumbnailUrl\":\"https:\\\/\\\/www.copealcoy.es\\\/wp-content\\\/uploads\\\/2021\\\/09\\\/Refugi_Alcoy_Alcoi_Costa_Blanca_Comunidad_Valenciana_Espana_web-e1633020052497.jpg\",\"keywords\":[\"Actividades\",\"Alcoy\",\"D\u00eda Mundial del Turismo\",\"Lorena Zamorano\"],\"articleSection\":[\"Alcoy\",\"Fiesta y Cultura\",\"Noticias\",\"Portada\"],\"inLanguage\":\"es\"},{\"@type\":\"WebPage\",\"@id\":\"https:\\\/\\\/www.copealcoy.es\\\/es\\\/alcoy-tambien-celebra-el-dia-mundial-del-turismo\\\/\",\"url\":\"https:\\\/\\\/www.copealcoy.es\\\/es\\\/alcoy-tambien-celebra-el-dia-mundial-del-turismo\\\/\",\"name\":\"Alcoy tambi\u00e9n celebra el D\u00eda Mundial del Turismo - COPE Alcoy\",\"isPartOf\":{\"@id\":\"https:\\\/\\\/www.copealcoy.es\\\/es\\\/#website\"},\"primaryImageOfPage\":{\"@id\":\"https:\\\/\\\/www.copealcoy.es\\\/es\\\/alcoy-tambien-celebra-el-dia-mundial-del-turismo\\\/#primaryimage\"},\"image\":{\"@id\":\"https:\\\/\\\/www.copealcoy.es\\\/es\\\/alcoy-tambien-celebra-el-dia-mundial-del-turismo\\\/#primaryimage\"},\"thumbnailUrl\":\"https:\\\/\\\/www.copealcoy.es\\\/wp-content\\\/uploads\\\/2021\\\/09\\\/Refugi_Alcoy_Alcoi_Costa_Blanca_Comunidad_Valenciana_Espana_web-e1633020052497.jpg\",\"datePublished\":\"2021-09-30T16:24:15+00:00\",\"dateModified\":\"2021-09-30T16:53:35+00:00\",\"author\":{\"@id\":\"https:\\\/\\\/www.copealcoy.es\\\/es\\\/#\\\/schema\\\/person\\\/e777c87fa024e57d40170af9df39882c\"},\"breadcrumb\":{\"@id\":\"https:\\\/\\\/www.copealcoy.es\\\/es\\\/alcoy-tambien-celebra-el-dia-mundial-del-turismo\\\/#breadcrumb\"},\"inLanguage\":\"es\",\"potentialAction\":[{\"@type\":\"ReadAction\",\"target\":[\"https:\\\/\\\/www.copealcoy.es\\\/es\\\/alcoy-tambien-celebra-el-dia-mundial-del-turismo\\\/\"]}]},{\"@type\":\"ImageObject\",\"inLanguage\":\"es\",\"@id\":\"https:\\\/\\\/www.copealcoy.es\\\/es\\\/alcoy-tambien-celebra-el-dia-mundial-del-turismo\\\/#primaryimage\",\"url\":\"https:\\\/\\\/www.copealcoy.es\\\/wp-content\\\/uploads\\\/2021\\\/09\\\/Refugi_Alcoy_Alcoi_Costa_Blanca_Comunidad_Valenciana_Espana_web-e1633020052497.jpg\",\"contentUrl\":\"https:\\\/\\\/www.copealcoy.es\\\/wp-content\\\/uploads\\\/2021\\\/09\\\/Refugi_Alcoy_Alcoi_Costa_Blanca_Comunidad_Valenciana_Espana_web-e1633020052497.jpg\",\"width\":682,\"height\":455},{\"@type\":\"BreadcrumbList\",\"@id\":\"https:\\\/\\\/www.copealcoy.es\\\/es\\\/alcoy-tambien-celebra-el-dia-mundial-del-turismo\\\/#breadcrumb\",\"itemListElement\":[{\"@type\":\"ListItem\",\"position\":1,\"name\":\"Portada\",\"item\":\"https:\\\/\\\/www.copealcoy.es\\\/es\\\/\"},{\"@type\":\"ListItem\",\"position\":2,\"name\":\"Alcoy tambi\u00e9n celebra el D\u00eda Mundial del Turismo\"}]},{\"@type\":\"WebSite\",\"@id\":\"https:\\\/\\\/www.copealcoy.es\\\/es\\\/#website\",\"url\":\"https:\\\/\\\/www.copealcoy.es\\\/es\\\/\",\"name\":\"COPE Alcoy\",\"description\":\"Emisora COPE de radio local con emisi\u00f3n online. Pont de Sant Jordi 8-10 03803 Alcoy\",\"potentialAction\":[{\"@type\":\"SearchAction\",\"target\":{\"@type\":\"EntryPoint\",\"urlTemplate\":\"https:\\\/\\\/www.copealcoy.es\\\/es\\\/?s={search_term_string}\"},\"query-input\":{\"@type\":\"PropertyValueSpecification\",\"valueRequired\":true,\"valueName\":\"search_term_string\"}}],\"inLanguage\":\"es\"},{\"@type\":\"Person\",\"@id\":\"https:\\\/\\\/www.copealcoy.es\\\/es\\\/#\\\/schema\\\/person\\\/e777c87fa024e57d40170af9df39882c\",\"name\":\"Cope Alcoy\",\"image\":{\"@type\":\"ImageObject\",\"inLanguage\":\"es\",\"@id\":\"https:\\\/\\\/secure.gravatar.com\\\/avatar\\\/bb65d0283347e303893ba14f0692005417c1e0e690a325a4c5d8bb2b3943ee14?s=96&d=mm&r=g\",\"url\":\"https:\\\/\\\/secure.gravatar.com\\\/avatar\\\/bb65d0283347e303893ba14f0692005417c1e0e690a325a4c5d8bb2b3943ee14?s=96&d=mm&r=g\",\"contentUrl\":\"https:\\\/\\\/secure.gravatar.com\\\/avatar\\\/bb65d0283347e303893ba14f0692005417c1e0e690a325a4c5d8bb2b3943ee14?s=96&d=mm&r=g\",\"caption\":\"Cope Alcoy\"}}]}<\/script>\n<!-- \/ Yoast SEO plugin. -->","yoast_head_json":{"title":"Alcoy tambi\u00e9n celebra el D\u00eda Mundial del Turismo - COPE Alcoy","robots":{"index":"index","follow":"follow","max-snippet":"max-snippet:-1","max-image-preview":"max-image-preview:large","max-video-preview":"max-video-preview:-1"},"canonical":"https:\/\/www.copealcoy.es\/es\/alcoy-tambien-celebra-el-dia-mundial-del-turismo\/","og_locale":"es_ES","og_type":"article","og_title":"Alcoy tambi\u00e9n celebra el D\u00eda Mundial del Turismo - COPE Alcoy","og_description":"Alcoy conmemora este fin de semana el D\u00eda Mundial del Turismo y lo hace con diferentes actividades entre las que...","og_url":"https:\/\/www.copealcoy.es\/es\/alcoy-tambien-celebra-el-dia-mundial-del-turismo\/","og_site_name":"COPE Alcoy","article_published_time":"2021-09-30T16:24:15+00:00","article_modified_time":"2021-09-30T16:53:35+00:00","og_image":[{"width":682,"height":455,"url":"https:\/\/www.copealcoy.es\/wp-content\/uploads\/2021\/09\/Refugi_Alcoy_Alcoi_Costa_Blanca_Comunidad_Valenciana_Espana_web-e1633020052497.jpg","type":"image\/jpeg"}],"author":"Cope Alcoy","twitter_misc":{"Escrito por":"Cope Alcoy","Tiempo de lectura":"2 minutos"},"schema":{"@context":"https:\/\/schema.org","@graph":[{"@type":"Article","@id":"https:\/\/www.copealcoy.es\/es\/alcoy-tambien-celebra-el-dia-mundial-del-turismo\/#article","isPartOf":{"@id":"https:\/\/www.copealcoy.es\/es\/alcoy-tambien-celebra-el-dia-mundial-del-turismo\/"},"author":{"name":"Cope Alcoy","@id":"https:\/\/www.copealcoy.es\/es\/#\/schema\/person\/e777c87fa024e57d40170af9df39882c"},"headline":"Alcoy tambi\u00e9n celebra el D\u00eda Mundial del Turismo","datePublished":"2021-09-30T16:24:15+00:00","dateModified":"2021-09-30T16:53:35+00:00","mainEntityOfPage":{"@id":"https:\/\/www.copealcoy.es\/es\/alcoy-tambien-celebra-el-dia-mundial-del-turismo\/"},"wordCount":341,"commentCount":0,"image":{"@id":"https:\/\/www.copealcoy.es\/es\/alcoy-tambien-celebra-el-dia-mundial-del-turismo\/#primaryimage"},"thumbnailUrl":"https:\/\/www.copealcoy.es\/wp-content\/uploads\/2021\/09\/Refugi_Alcoy_Alcoi_Costa_Blanca_Comunidad_Valenciana_Espana_web-e1633020052497.jpg","keywords":["Actividades","Alcoy","D\u00eda Mundial del Turismo","Lorena Zamorano"],"articleSection":["Alcoy","Fiesta y Cultura","Noticias","Portada"],"inLanguage":"es"},{"@type":"WebPage","@id":"https:\/\/www.copealcoy.es\/es\/alcoy-tambien-celebra-el-dia-mundial-del-turismo\/","url":"https:\/\/www.copealcoy.es\/es\/alcoy-tambien-celebra-el-dia-mundial-del-turismo\/","name":"Alcoy tambi\u00e9n celebra el D\u00eda Mundial del Turismo - COPE Alcoy","isPartOf":{"@id":"https:\/\/www.copealcoy.es\/es\/#website"},"primaryImageOfPage":{"@id":"https:\/\/www.copealcoy.es\/es\/alcoy-tambien-celebra-el-dia-mundial-del-turismo\/#primaryimage"},"image":{"@id":"https:\/\/www.copealcoy.es\/es\/alcoy-tambien-celebra-el-dia-mundial-del-turismo\/#primaryimage"},"thumbnailUrl":"https:\/\/www.copealcoy.es\/wp-content\/uploads\/2021\/09\/Refugi_Alcoy_Alcoi_Costa_Blanca_Comunidad_Valenciana_Espana_web-e1633020052497.jpg","datePublished":"2021-09-30T16:24:15+00:00","dateModified":"2021-09-30T16:53:35+00:00","author":{"@id":"https:\/\/www.copealcoy.es\/es\/#\/schema\/person\/e777c87fa024e57d40170af9df39882c"},"breadcrumb":{"@id":"https:\/\/www.copealcoy.es\/es\/alcoy-tambien-celebra-el-dia-mundial-del-turismo\/#breadcrumb"},"inLanguage":"es","potentialAction":[{"@type":"ReadAction","target":["https:\/\/www.copealcoy.es\/es\/alcoy-tambien-celebra-el-dia-mundial-del-turismo\/"]}]},{"@type":"ImageObject","inLanguage":"es","@id":"https:\/\/www.copealcoy.es\/es\/alcoy-tambien-celebra-el-dia-mundial-del-turismo\/#primaryimage","url":"https:\/\/www.copealcoy.es\/wp-content\/uploads\/2021\/09\/Refugi_Alcoy_Alcoi_Costa_Blanca_Comunidad_Valenciana_Espana_web-e1633020052497.jpg","contentUrl":"https:\/\/www.copealcoy.es\/wp-content\/uploads\/2021\/09\/Refugi_Alcoy_Alcoi_Costa_Blanca_Comunidad_Valenciana_Espana_web-e1633020052497.jpg","width":682,"height":455},{"@type":"BreadcrumbList","@id":"https:\/\/www.copealcoy.es\/es\/alcoy-tambien-celebra-el-dia-mundial-del-turismo\/#breadcrumb","itemListElement":[{"@type":"ListItem","position":1,"name":"Portada","item":"https:\/\/www.copealcoy.es\/es\/"},{"@type":"ListItem","position":2,"name":"Alcoy tambi\u00e9n celebra el D\u00eda Mundial del Turismo"}]},{"@type":"WebSite","@id":"https:\/\/www.copealcoy.es\/es\/#website","url":"https:\/\/www.copealcoy.es\/es\/","name":"COPE Alcoy","description":"Emisora COPE de radio local con emisi\u00f3n online. Pont de Sant Jordi 8-10 03803 Alcoy","potentialAction":[{"@type":"SearchAction","target":{"@type":"EntryPoint","urlTemplate":"https:\/\/www.copealcoy.es\/es\/?s={search_term_string}"},"query-input":{"@type":"PropertyValueSpecification","valueRequired":true,"valueName":"search_term_string"}}],"inLanguage":"es"},{"@type":"Person","@id":"https:\/\/www.copealcoy.es\/es\/#\/schema\/person\/e777c87fa024e57d40170af9df39882c","name":"Cope Alcoy","image":{"@type":"ImageObject","inLanguage":"es","@id":"https:\/\/secure.gravatar.com\/avatar\/bb65d0283347e303893ba14f0692005417c1e0e690a325a4c5d8bb2b3943ee14?s=96&d=mm&r=g","url":"https:\/\/secure.gravatar.com\/avatar\/bb65d0283347e303893ba14f0692005417c1e0e690a325a4c5d8bb2b3943ee14?s=96&d=mm&r=g","contentUrl":"https:\/\/secure.gravatar.com\/avatar\/bb65d0283347e303893ba14f0692005417c1e0e690a325a4c5d8bb2b3943ee14?s=96&d=mm&r=g","caption":"Cope Alcoy"}}]}},"_links":{"self":[{"href":"https:\/\/www.copealcoy.es\/es\/wp-json\/wp\/v2\/posts\/78422","targetHints":{"allow":["GET"]}}],"collection":[{"href":"https:\/\/www.copealcoy.es\/es\/wp-json\/wp\/v2\/posts"}],"about":[{"href":"https:\/\/www.copealcoy.es\/es\/wp-json\/wp\/v2\/types\/post"}],"author":[{"embeddable":true,"href":"https:\/\/www.copealcoy.es\/es\/wp-json\/wp\/v2\/users\/1"}],"replies":[{"embeddable":true,"href":"https:\/\/www.copealcoy.es\/es\/wp-json\/wp\/v2\/comments?post=78422"}],"version-history":[{"count":0,"href":"https:\/\/www.copealcoy.es\/es\/wp-json\/wp\/v2\/posts\/78422\/revisions"}],"wp:featuredmedia":[{"embeddable":true,"href":"https:\/\/www.copealcoy.es\/es\/wp-json\/wp\/v2\/media\/78424"}],"wp:attachment":[{"href":"https:\/\/www.copealcoy.es\/es\/wp-json\/wp\/v2\/media?parent=78422"}],"wp:term":[{"taxonomy":"category","embeddable":true,"href":"https:\/\/www.copealcoy.es\/es\/wp-json\/wp\/v2\/categories?post=78422"},{"taxonomy":"post_tag","embeddable":true,"href":"https:\/\/www.copealcoy.es\/es\/wp-json\/wp\/v2\/tags?post=78422"}],"curies":[{"name":"wp","href":"https:\/\/api.w.org\/{rel}","templated":true}]}}