{"id":78180,"date":"2021-09-26T18:09:17","date_gmt":"2021-09-26T17:09:17","guid":{"rendered":"https:\/\/www.copealcoy.es\/?p=78180"},"modified":"2021-09-26T18:29:43","modified_gmt":"2021-09-26T17:29:43","slug":"la-feria-modernista-echa-el-cierre-tras-un-intenso-fin-de-semana","status":"publish","type":"post","link":"https:\/\/www.copealcoy.es\/es\/la-feria-modernista-echa-el-cierre-tras-un-intenso-fin-de-semana\/","title":{"rendered":"La Feria Modernista echa el cierre tras un intenso fin de semana"},"content":{"rendered":"<p style=\"text-align: justify;\">La <strong>Feria Modernista de Alcoy<\/strong> de este 2021 ha echado el cierre hoy domingo <strong>tras un intenso fin de semana que ha estado repleto de actividades culturales<\/strong> adaptadas al <strong>contexto motivado por la crisis sanitaria del Coronavirus<\/strong>. Desde el viernes y hasta hoy <strong>se han sucedido las propuestas en los dos escenarios habilitados para la ocasi\u00f3n<\/strong> y que han estado ubicados <strong>tanto en la Plaza de Espa\u00f1a como en la Plaza de Ferr\u00e1ndiz y Carbonell<\/strong>.<\/p>\n<p style=\"text-align: justify;\">La jornada ha arrancado con <strong>la ruta tematizada por el Cementerio Municipal y titulada &#8216;Ruta de les Animetes&#8217;<\/strong>, una iniciativa que han hecho posible los historiadores Lu\u00eds Vidal y Elisa Beneyto del CAEHA con la colaboraci\u00f3n del Grup de Danses Sant Jordi, la Asociaci\u00f3n Cultural Samarita, la Asociaci\u00f3n Cultural Alcoi Modernista y la Sociedad El Trabajo. Adem\u00e1s en La Glorieta ha seguido abierta <strong>la Feria de productos t\u00edpicos y artesanales<\/strong> mientras que la m\u00fasica ha tenido protagonismo por medio de dos actividades: <strong>la XXVII Mostra de Dol\u00e7aines i Tabals<\/strong> organizada por el Grup de Danses Carrascal y <strong>el concierto de la Orquesta Sinf\u00f3nica Alcoyana<\/strong> con la colaboraci\u00f3n del Ballet de Virginia Bolufer. Asimismo en el Teatro Calder\u00f3n <strong>se han entregado los premios del concurso de fotograf\u00eda, poes\u00eda y relatos cortos organizados por el Grupo de Recreaci\u00f3n Modernista de Alcoy<\/strong>. Por \u00faltimo<strong> la Asociaci\u00f3n Amigos del Modernismo de Alcoy<\/strong> ha ofrecido una muestra de bailes populares.<\/p>\n<p style=\"text-align: justify;\">A las 14:00h <strong>se ha puesto fin a un Certamen que ha vuelto a resurgir<\/strong> tras haberse suspendido el pasado a\u00f1o a causa de la crisis sanitaria del Coronavirus.<\/p>\n","protected":false},"excerpt":{"rendered":"<p>La Feria Modernista de Alcoy de este 2021 ha echado el cierre hoy domingo tras un intenso fin de semana&#8230;<\/p>\n","protected":false},"author":1,"featured_media":78181,"comment_status":"open","ping_status":"open","sticky":false,"template":"","format":"standard","meta":{"footnotes":""},"categories":[97,78,75,125],"tags":[1494,5243,4643,514],"class_list":["post-78180","post","type-post","status-publish","format-standard","has-post-thumbnail","hentry","category-alcoy","category-fiestaycultura","category-noticias","category-portada","tag-alcoy","tag-clausura","tag-feria-modernista","tag-turismo"],"yoast_head":"<!-- This site is optimized with the Yoast SEO plugin v27.3 - https:\/\/yoast.com\/product\/yoast-seo-wordpress\/ -->\n<title>La Feria Modernista echa el cierre tras un intenso fin de semana - COPE Alcoy<\/title>\n<meta name=\"robots\" content=\"index, follow, max-snippet:-1, max-image-preview:large, max-video-preview:-1\" \/>\n<link rel=\"canonical\" href=\"https:\/\/www.copealcoy.es\/es\/la-feria-modernista-echa-el-cierre-tras-un-intenso-fin-de-semana\/\" \/>\n<meta property=\"og:locale\" content=\"es_ES\" \/>\n<meta property=\"og:type\" content=\"article\" \/>\n<meta property=\"og:title\" content=\"La Feria Modernista echa el cierre tras un intenso fin de semana - COPE Alcoy\" \/>\n<meta property=\"og:description\" content=\"La Feria Modernista de Alcoy de este 2021 ha echado el cierre hoy domingo tras un intenso fin de semana...\" \/>\n<meta property=\"og:url\" content=\"https:\/\/www.copealcoy.es\/es\/la-feria-modernista-echa-el-cierre-tras-un-intenso-fin-de-semana\/\" \/>\n<meta property=\"og:site_name\" content=\"COPE Alcoy\" \/>\n<meta property=\"article:published_time\" content=\"2021-09-26T17:09:17+00:00\" \/>\n<meta property=\"article:modified_time\" content=\"2021-09-26T17:29:43+00:00\" \/>\n<meta property=\"og:image\" content=\"https:\/\/www.copealcoy.es\/wp-content\/uploads\/2021\/09\/242838307_6861658253860300_3947770053058468559_n.jpg\" \/>\n\t<meta property=\"og:image:width\" content=\"960\" \/>\n\t<meta property=\"og:image:height\" content=\"720\" \/>\n\t<meta property=\"og:image:type\" content=\"image\/jpeg\" \/>\n<meta name=\"author\" content=\"Cope Alcoy\" \/>\n<meta name=\"twitter:label1\" content=\"Escrito por\" \/>\n\t<meta name=\"twitter:data1\" content=\"Cope Alcoy\" \/>\n\t<meta name=\"twitter:label2\" content=\"Tiempo de lectura\" \/>\n\t<meta name=\"twitter:data2\" content=\"2 minutos\" \/>\n<script type=\"application\/ld+json\" class=\"yoast-schema-graph\">{\"@context\":\"https:\\\/\\\/schema.org\",\"@graph\":[{\"@type\":\"Article\",\"@id\":\"https:\\\/\\\/www.copealcoy.es\\\/es\\\/la-feria-modernista-echa-el-cierre-tras-un-intenso-fin-de-semana\\\/#article\",\"isPartOf\":{\"@id\":\"https:\\\/\\\/www.copealcoy.es\\\/es\\\/la-feria-modernista-echa-el-cierre-tras-un-intenso-fin-de-semana\\\/\"},\"author\":{\"name\":\"Cope Alcoy\",\"@id\":\"https:\\\/\\\/www.copealcoy.es\\\/es\\\/#\\\/schema\\\/person\\\/e777c87fa024e57d40170af9df39882c\"},\"headline\":\"La Feria Modernista echa el cierre tras un intenso fin de semana\",\"datePublished\":\"2021-09-26T17:09:17+00:00\",\"dateModified\":\"2021-09-26T17:29:43+00:00\",\"mainEntityOfPage\":{\"@id\":\"https:\\\/\\\/www.copealcoy.es\\\/es\\\/la-feria-modernista-echa-el-cierre-tras-un-intenso-fin-de-semana\\\/\"},\"wordCount\":289,\"commentCount\":0,\"image\":{\"@id\":\"https:\\\/\\\/www.copealcoy.es\\\/es\\\/la-feria-modernista-echa-el-cierre-tras-un-intenso-fin-de-semana\\\/#primaryimage\"},\"thumbnailUrl\":\"https:\\\/\\\/www.copealcoy.es\\\/wp-content\\\/uploads\\\/2021\\\/09\\\/242838307_6861658253860300_3947770053058468559_n-e1661980677924.jpg\",\"keywords\":[\"Alcoy\",\"clausura\",\"Feria Modernista\",\"Turismo\"],\"articleSection\":[\"Alcoy\",\"Fiesta y Cultura\",\"Noticias\",\"Portada\"],\"inLanguage\":\"es\"},{\"@type\":\"WebPage\",\"@id\":\"https:\\\/\\\/www.copealcoy.es\\\/es\\\/la-feria-modernista-echa-el-cierre-tras-un-intenso-fin-de-semana\\\/\",\"url\":\"https:\\\/\\\/www.copealcoy.es\\\/es\\\/la-feria-modernista-echa-el-cierre-tras-un-intenso-fin-de-semana\\\/\",\"name\":\"La Feria Modernista echa el cierre tras un intenso fin de semana - COPE Alcoy\",\"isPartOf\":{\"@id\":\"https:\\\/\\\/www.copealcoy.es\\\/es\\\/#website\"},\"primaryImageOfPage\":{\"@id\":\"https:\\\/\\\/www.copealcoy.es\\\/es\\\/la-feria-modernista-echa-el-cierre-tras-un-intenso-fin-de-semana\\\/#primaryimage\"},\"image\":{\"@id\":\"https:\\\/\\\/www.copealcoy.es\\\/es\\\/la-feria-modernista-echa-el-cierre-tras-un-intenso-fin-de-semana\\\/#primaryimage\"},\"thumbnailUrl\":\"https:\\\/\\\/www.copealcoy.es\\\/wp-content\\\/uploads\\\/2021\\\/09\\\/242838307_6861658253860300_3947770053058468559_n-e1661980677924.jpg\",\"datePublished\":\"2021-09-26T17:09:17+00:00\",\"dateModified\":\"2021-09-26T17:29:43+00:00\",\"author\":{\"@id\":\"https:\\\/\\\/www.copealcoy.es\\\/es\\\/#\\\/schema\\\/person\\\/e777c87fa024e57d40170af9df39882c\"},\"breadcrumb\":{\"@id\":\"https:\\\/\\\/www.copealcoy.es\\\/es\\\/la-feria-modernista-echa-el-cierre-tras-un-intenso-fin-de-semana\\\/#breadcrumb\"},\"inLanguage\":\"es\",\"potentialAction\":[{\"@type\":\"ReadAction\",\"target\":[\"https:\\\/\\\/www.copealcoy.es\\\/es\\\/la-feria-modernista-echa-el-cierre-tras-un-intenso-fin-de-semana\\\/\"]}]},{\"@type\":\"ImageObject\",\"inLanguage\":\"es\",\"@id\":\"https:\\\/\\\/www.copealcoy.es\\\/es\\\/la-feria-modernista-echa-el-cierre-tras-un-intenso-fin-de-semana\\\/#primaryimage\",\"url\":\"https:\\\/\\\/www.copealcoy.es\\\/wp-content\\\/uploads\\\/2021\\\/09\\\/242838307_6861658253860300_3947770053058468559_n-e1661980677924.jpg\",\"contentUrl\":\"https:\\\/\\\/www.copealcoy.es\\\/wp-content\\\/uploads\\\/2021\\\/09\\\/242838307_6861658253860300_3947770053058468559_n-e1661980677924.jpg\",\"width\":640,\"height\":480},{\"@type\":\"BreadcrumbList\",\"@id\":\"https:\\\/\\\/www.copealcoy.es\\\/es\\\/la-feria-modernista-echa-el-cierre-tras-un-intenso-fin-de-semana\\\/#breadcrumb\",\"itemListElement\":[{\"@type\":\"ListItem\",\"position\":1,\"name\":\"Portada\",\"item\":\"https:\\\/\\\/www.copealcoy.es\\\/es\\\/\"},{\"@type\":\"ListItem\",\"position\":2,\"name\":\"La Feria Modernista echa el cierre tras un intenso fin de semana\"}]},{\"@type\":\"WebSite\",\"@id\":\"https:\\\/\\\/www.copealcoy.es\\\/es\\\/#website\",\"url\":\"https:\\\/\\\/www.copealcoy.es\\\/es\\\/\",\"name\":\"COPE Alcoy\",\"description\":\"Emisora COPE de radio local con emisi\u00f3n online. Pont de Sant Jordi 8-10 03803 Alcoy\",\"potentialAction\":[{\"@type\":\"SearchAction\",\"target\":{\"@type\":\"EntryPoint\",\"urlTemplate\":\"https:\\\/\\\/www.copealcoy.es\\\/es\\\/?s={search_term_string}\"},\"query-input\":{\"@type\":\"PropertyValueSpecification\",\"valueRequired\":true,\"valueName\":\"search_term_string\"}}],\"inLanguage\":\"es\"},{\"@type\":\"Person\",\"@id\":\"https:\\\/\\\/www.copealcoy.es\\\/es\\\/#\\\/schema\\\/person\\\/e777c87fa024e57d40170af9df39882c\",\"name\":\"Cope Alcoy\",\"image\":{\"@type\":\"ImageObject\",\"inLanguage\":\"es\",\"@id\":\"https:\\\/\\\/secure.gravatar.com\\\/avatar\\\/bb65d0283347e303893ba14f0692005417c1e0e690a325a4c5d8bb2b3943ee14?s=96&d=mm&r=g\",\"url\":\"https:\\\/\\\/secure.gravatar.com\\\/avatar\\\/bb65d0283347e303893ba14f0692005417c1e0e690a325a4c5d8bb2b3943ee14?s=96&d=mm&r=g\",\"contentUrl\":\"https:\\\/\\\/secure.gravatar.com\\\/avatar\\\/bb65d0283347e303893ba14f0692005417c1e0e690a325a4c5d8bb2b3943ee14?s=96&d=mm&r=g\",\"caption\":\"Cope Alcoy\"}}]}<\/script>\n<!-- \/ Yoast SEO plugin. -->","yoast_head_json":{"title":"La Feria Modernista echa el cierre tras un intenso fin de semana - COPE Alcoy","robots":{"index":"index","follow":"follow","max-snippet":"max-snippet:-1","max-image-preview":"max-image-preview:large","max-video-preview":"max-video-preview:-1"},"canonical":"https:\/\/www.copealcoy.es\/es\/la-feria-modernista-echa-el-cierre-tras-un-intenso-fin-de-semana\/","og_locale":"es_ES","og_type":"article","og_title":"La Feria Modernista echa el cierre tras un intenso fin de semana - COPE Alcoy","og_description":"La Feria Modernista de Alcoy de este 2021 ha echado el cierre hoy domingo tras un intenso fin de semana...","og_url":"https:\/\/www.copealcoy.es\/es\/la-feria-modernista-echa-el-cierre-tras-un-intenso-fin-de-semana\/","og_site_name":"COPE Alcoy","article_published_time":"2021-09-26T17:09:17+00:00","article_modified_time":"2021-09-26T17:29:43+00:00","og_image":[{"width":960,"height":720,"url":"https:\/\/www.copealcoy.es\/wp-content\/uploads\/2021\/09\/242838307_6861658253860300_3947770053058468559_n.jpg","type":"image\/jpeg"}],"author":"Cope Alcoy","twitter_misc":{"Escrito por":"Cope Alcoy","Tiempo de lectura":"2 minutos"},"schema":{"@context":"https:\/\/schema.org","@graph":[{"@type":"Article","@id":"https:\/\/www.copealcoy.es\/es\/la-feria-modernista-echa-el-cierre-tras-un-intenso-fin-de-semana\/#article","isPartOf":{"@id":"https:\/\/www.copealcoy.es\/es\/la-feria-modernista-echa-el-cierre-tras-un-intenso-fin-de-semana\/"},"author":{"name":"Cope Alcoy","@id":"https:\/\/www.copealcoy.es\/es\/#\/schema\/person\/e777c87fa024e57d40170af9df39882c"},"headline":"La Feria Modernista echa el cierre tras un intenso fin de semana","datePublished":"2021-09-26T17:09:17+00:00","dateModified":"2021-09-26T17:29:43+00:00","mainEntityOfPage":{"@id":"https:\/\/www.copealcoy.es\/es\/la-feria-modernista-echa-el-cierre-tras-un-intenso-fin-de-semana\/"},"wordCount":289,"commentCount":0,"image":{"@id":"https:\/\/www.copealcoy.es\/es\/la-feria-modernista-echa-el-cierre-tras-un-intenso-fin-de-semana\/#primaryimage"},"thumbnailUrl":"https:\/\/www.copealcoy.es\/wp-content\/uploads\/2021\/09\/242838307_6861658253860300_3947770053058468559_n-e1661980677924.jpg","keywords":["Alcoy","clausura","Feria Modernista","Turismo"],"articleSection":["Alcoy","Fiesta y Cultura","Noticias","Portada"],"inLanguage":"es"},{"@type":"WebPage","@id":"https:\/\/www.copealcoy.es\/es\/la-feria-modernista-echa-el-cierre-tras-un-intenso-fin-de-semana\/","url":"https:\/\/www.copealcoy.es\/es\/la-feria-modernista-echa-el-cierre-tras-un-intenso-fin-de-semana\/","name":"La Feria Modernista echa el cierre tras un intenso fin de semana - COPE Alcoy","isPartOf":{"@id":"https:\/\/www.copealcoy.es\/es\/#website"},"primaryImageOfPage":{"@id":"https:\/\/www.copealcoy.es\/es\/la-feria-modernista-echa-el-cierre-tras-un-intenso-fin-de-semana\/#primaryimage"},"image":{"@id":"https:\/\/www.copealcoy.es\/es\/la-feria-modernista-echa-el-cierre-tras-un-intenso-fin-de-semana\/#primaryimage"},"thumbnailUrl":"https:\/\/www.copealcoy.es\/wp-content\/uploads\/2021\/09\/242838307_6861658253860300_3947770053058468559_n-e1661980677924.jpg","datePublished":"2021-09-26T17:09:17+00:00","dateModified":"2021-09-26T17:29:43+00:00","author":{"@id":"https:\/\/www.copealcoy.es\/es\/#\/schema\/person\/e777c87fa024e57d40170af9df39882c"},"breadcrumb":{"@id":"https:\/\/www.copealcoy.es\/es\/la-feria-modernista-echa-el-cierre-tras-un-intenso-fin-de-semana\/#breadcrumb"},"inLanguage":"es","potentialAction":[{"@type":"ReadAction","target":["https:\/\/www.copealcoy.es\/es\/la-feria-modernista-echa-el-cierre-tras-un-intenso-fin-de-semana\/"]}]},{"@type":"ImageObject","inLanguage":"es","@id":"https:\/\/www.copealcoy.es\/es\/la-feria-modernista-echa-el-cierre-tras-un-intenso-fin-de-semana\/#primaryimage","url":"https:\/\/www.copealcoy.es\/wp-content\/uploads\/2021\/09\/242838307_6861658253860300_3947770053058468559_n-e1661980677924.jpg","contentUrl":"https:\/\/www.copealcoy.es\/wp-content\/uploads\/2021\/09\/242838307_6861658253860300_3947770053058468559_n-e1661980677924.jpg","width":640,"height":480},{"@type":"BreadcrumbList","@id":"https:\/\/www.copealcoy.es\/es\/la-feria-modernista-echa-el-cierre-tras-un-intenso-fin-de-semana\/#breadcrumb","itemListElement":[{"@type":"ListItem","position":1,"name":"Portada","item":"https:\/\/www.copealcoy.es\/es\/"},{"@type":"ListItem","position":2,"name":"La Feria Modernista echa el cierre tras un intenso fin de semana"}]},{"@type":"WebSite","@id":"https:\/\/www.copealcoy.es\/es\/#website","url":"https:\/\/www.copealcoy.es\/es\/","name":"COPE Alcoy","description":"Emisora COPE de radio local con emisi\u00f3n online. Pont de Sant Jordi 8-10 03803 Alcoy","potentialAction":[{"@type":"SearchAction","target":{"@type":"EntryPoint","urlTemplate":"https:\/\/www.copealcoy.es\/es\/?s={search_term_string}"},"query-input":{"@type":"PropertyValueSpecification","valueRequired":true,"valueName":"search_term_string"}}],"inLanguage":"es"},{"@type":"Person","@id":"https:\/\/www.copealcoy.es\/es\/#\/schema\/person\/e777c87fa024e57d40170af9df39882c","name":"Cope Alcoy","image":{"@type":"ImageObject","inLanguage":"es","@id":"https:\/\/secure.gravatar.com\/avatar\/bb65d0283347e303893ba14f0692005417c1e0e690a325a4c5d8bb2b3943ee14?s=96&d=mm&r=g","url":"https:\/\/secure.gravatar.com\/avatar\/bb65d0283347e303893ba14f0692005417c1e0e690a325a4c5d8bb2b3943ee14?s=96&d=mm&r=g","contentUrl":"https:\/\/secure.gravatar.com\/avatar\/bb65d0283347e303893ba14f0692005417c1e0e690a325a4c5d8bb2b3943ee14?s=96&d=mm&r=g","caption":"Cope Alcoy"}}]}},"_links":{"self":[{"href":"https:\/\/www.copealcoy.es\/es\/wp-json\/wp\/v2\/posts\/78180","targetHints":{"allow":["GET"]}}],"collection":[{"href":"https:\/\/www.copealcoy.es\/es\/wp-json\/wp\/v2\/posts"}],"about":[{"href":"https:\/\/www.copealcoy.es\/es\/wp-json\/wp\/v2\/types\/post"}],"author":[{"embeddable":true,"href":"https:\/\/www.copealcoy.es\/es\/wp-json\/wp\/v2\/users\/1"}],"replies":[{"embeddable":true,"href":"https:\/\/www.copealcoy.es\/es\/wp-json\/wp\/v2\/comments?post=78180"}],"version-history":[{"count":0,"href":"https:\/\/www.copealcoy.es\/es\/wp-json\/wp\/v2\/posts\/78180\/revisions"}],"wp:featuredmedia":[{"embeddable":true,"href":"https:\/\/www.copealcoy.es\/es\/wp-json\/wp\/v2\/media\/78181"}],"wp:attachment":[{"href":"https:\/\/www.copealcoy.es\/es\/wp-json\/wp\/v2\/media?parent=78180"}],"wp:term":[{"taxonomy":"category","embeddable":true,"href":"https:\/\/www.copealcoy.es\/es\/wp-json\/wp\/v2\/categories?post=78180"},{"taxonomy":"post_tag","embeddable":true,"href":"https:\/\/www.copealcoy.es\/es\/wp-json\/wp\/v2\/tags?post=78180"}],"curies":[{"name":"wp","href":"https:\/\/api.w.org\/{rel}","templated":true}]}}