{"id":78172,"date":"2021-09-27T12:01:00","date_gmt":"2021-09-27T11:01:00","guid":{"rendered":"https:\/\/www.copealcoy.es\/?p=78172"},"modified":"2021-09-28T13:37:20","modified_gmt":"2021-09-28T12:37:20","slug":"educacio-reforca-el-treball-a-les-aules-per-a-la-prevencio-de-conductes-suicides-en-lalumnat","status":"publish","type":"post","link":"https:\/\/www.copealcoy.es\/es\/educacio-reforca-el-treball-a-les-aules-per-a-la-prevencio-de-conductes-suicides-en-lalumnat\/","title":{"rendered":"Educaci\u00f3 refor\u00e7a el treball a les aules per a la prevenci\u00f3 de conductes su\u00efcides en l&#8217;alumnat"},"content":{"rendered":"<p style=\"text-align: justify;\">La <strong>Conselleria d&#8217;Educaci\u00f3<\/strong>, amb l&#8217;objectiu <strong>d&#8217;intensificar l&#8217;acompanyament emocional a l&#8217;alumnat per tal de fer front a les seq\u00fceles psicol\u00f2giques provocades per la pand\u00e8mia<\/strong>, refor\u00e7a aquest curs <strong>el treball a les aules<\/strong> per a la <strong>prevenci\u00f3 de les conductes su\u00efcides<\/strong> en els estudiants. Tot aix\u00f3, segons va anunciar Conselleria fa unes setmanes, amb <strong>un nou protocol d&#8217;actuaci\u00f3 als centres educatius<\/strong> i <strong>un complet programa de formaci\u00f3 del professorat<\/strong> que inclou una guia amb orientacions per a abordar aquesta q\u00fcesti\u00f3 social des de l&#8217;\u00e0mbit escolar.<\/p>\n<p style=\"text-align: justify;\">L&#8217;objectiu d&#8217;aquestes instruccions \u00e9s <strong>avan\u00e7ar m\u00e9s encara a l&#8217;hora d&#8217;establir les pautes d&#8217;ajuda i intervenci\u00f3 que cal seguir en la prevenci\u00f3, la detecci\u00f3 i l&#8217;actuaci\u00f3 davant de les conductes su\u00efcides<\/strong>.<\/p>\n<p style=\"text-align: justify;\">La directora general d&#8217;Inclusi\u00f3 Educativa, <strong>Raquel Andr\u00e9s<\/strong>, ha destacat al respecte que &#8220;<em>\u00e9s important que parlar del su\u00efcidi a les aules deixe de ser un tab\u00fa, \u00e9s important establir pautes d&#8217;acompanyament a l&#8217;alumnat en aquest sentit i m\u00e9s en aquests moments en qu\u00e8 els efectes psicol\u00f2gics i emocionals de la pand\u00e8mia s\u00f3n patents<\/em>&#8220;.<\/p>\n<p style=\"text-align: justify;\"><span style=\"color: #0000ff;\"><b>Formaci\u00f3 i orientaci\u00f3 del professorat<\/b><\/span><\/p>\n<p style=\"text-align: justify;\">L&#8217;establiment de procediments clars i concrets per a treballar la prevenci\u00f3 i la intervenci\u00f3 en situacions de risc est\u00e0 acompanyat per <strong>importants accions de formaci\u00f3 del professorat<\/strong> en l&#8217;actuaci\u00f3 davant de les conductes su\u00efcides entre l&#8217;alumnat.<\/p>\n<p style=\"text-align: justify;\">La formaci\u00f3 <strong>est\u00e0 dirigida a tot el professorat dels centres educatius i els orientadors i orientadores<\/strong>, aix\u00ed com accions dirigides a <strong>les fam\u00edlies i a l&#8217;alumnat<\/strong>, aquestes \u00faltimes en forma de tres tallers d&#8217;escoles saludables sobre gesti\u00f3 d&#8217;emocions, com afrontar situacions complexes i sobre com previndre les autolesions.<\/p>\n<p style=\"text-align: justify;\">Paral\u00b7lelament al repositori de recursos web per a la igualtat i la conviv\u00e8ncia de la Conselleria d&#8217;Educaci\u00f3, el REICO <strong><span style=\"color: #0000ff;\">(<a style=\"color: #0000ff;\" href=\"https:\/\/ceice.gva.es\/documents\/169149987\/173803185\/Orientacions_autolesions_ideacions_de_suicidi.pdf\" target=\"_blank\" rel=\"noopener\">consultar ac\u00ed<\/a>)<\/span><\/strong>, el professorat <strong>ja t\u00e9 a la seua disposici\u00f3 una guia renovada amb orientacions per a la prevenci\u00f3 i la intervenci\u00f3 davant d&#8217;una situaci\u00f3 d&#8217;autolesions o conductes su\u00efcides en l&#8217;\u00e0mbit escolar<\/strong> que est\u00e0 acompanyada per una proposta espec\u00edfica sobre com abordar, tractar i parlar sobre el su\u00efcidi amb l&#8217;alumnat.<\/p>\n","protected":false},"excerpt":{"rendered":"<p>La Conselleria d&#8217;Educaci\u00f3, amb l&#8217;objectiu d&#8217;intensificar l&#8217;acompanyament emocional a l&#8217;alumnat per tal de fer front a les seq\u00fceles psicol\u00f2giques provocades&#8230;<\/p>\n","protected":false},"author":1,"featured_media":0,"comment_status":"open","ping_status":"open","sticky":false,"template":"","format":"standard","meta":{"footnotes":""},"categories":[6909,900,75],"tags":[11812,11291,11813,11811,10789,2219],"class_list":["post-78172","post","type-post","status-publish","format-standard","hentry","category-actualidad","category-educacion","category-noticias","tag-conductes-suicides","tag-conselleria-deducacio","tag-orientacio","tag-prevencio","tag-treball","tag-vicent-marza"],"yoast_head":"<!-- This site is optimized with the Yoast SEO plugin v27.3 - https:\/\/yoast.com\/product\/yoast-seo-wordpress\/ -->\n<title>Educaci\u00f3 refor\u00e7a el treball a les aules per a la prevenci\u00f3 de conductes su\u00efcides en l&#039;alumnat - COPE Alcoy<\/title>\n<meta name=\"robots\" content=\"index, follow, max-snippet:-1, max-image-preview:large, max-video-preview:-1\" \/>\n<link rel=\"canonical\" href=\"https:\/\/www.copealcoy.es\/es\/educacio-reforca-el-treball-a-les-aules-per-a-la-prevencio-de-conductes-suicides-en-lalumnat\/\" \/>\n<meta property=\"og:locale\" content=\"es_ES\" \/>\n<meta property=\"og:type\" content=\"article\" \/>\n<meta property=\"og:title\" content=\"Educaci\u00f3 refor\u00e7a el treball a les aules per a la prevenci\u00f3 de conductes su\u00efcides en l&#039;alumnat - COPE Alcoy\" \/>\n<meta property=\"og:description\" content=\"La Conselleria d&#8217;Educaci\u00f3, amb l&#8217;objectiu d&#8217;intensificar l&#8217;acompanyament emocional a l&#8217;alumnat per tal de fer front a les seq\u00fceles psicol\u00f2giques provocades...\" \/>\n<meta property=\"og:url\" content=\"https:\/\/www.copealcoy.es\/es\/educacio-reforca-el-treball-a-les-aules-per-a-la-prevencio-de-conductes-suicides-en-lalumnat\/\" \/>\n<meta property=\"og:site_name\" content=\"COPE Alcoy\" \/>\n<meta property=\"article:published_time\" content=\"2021-09-27T11:01:00+00:00\" \/>\n<meta property=\"article:modified_time\" content=\"2021-09-28T12:37:20+00:00\" \/>\n<meta property=\"og:image\" content=\"https:\/\/www.copealcoy.es\/wp-content\/uploads\/2019\/01\/3010284_1-1.jpg\" \/>\n\t<meta property=\"og:image:width\" content=\"800\" \/>\n\t<meta property=\"og:image:height\" content=\"521\" \/>\n\t<meta property=\"og:image:type\" content=\"image\/jpeg\" \/>\n<meta name=\"author\" content=\"Cope Alcoy\" \/>\n<meta name=\"twitter:label1\" content=\"Escrito por\" \/>\n\t<meta name=\"twitter:data1\" content=\"Cope Alcoy\" \/>\n\t<meta name=\"twitter:label2\" content=\"Tiempo de lectura\" \/>\n\t<meta name=\"twitter:data2\" content=\"2 minutos\" \/>\n<script type=\"application\/ld+json\" class=\"yoast-schema-graph\">{\"@context\":\"https:\\\/\\\/schema.org\",\"@graph\":[{\"@type\":\"Article\",\"@id\":\"https:\\\/\\\/www.copealcoy.es\\\/es\\\/educacio-reforca-el-treball-a-les-aules-per-a-la-prevencio-de-conductes-suicides-en-lalumnat\\\/#article\",\"isPartOf\":{\"@id\":\"https:\\\/\\\/www.copealcoy.es\\\/es\\\/educacio-reforca-el-treball-a-les-aules-per-a-la-prevencio-de-conductes-suicides-en-lalumnat\\\/\"},\"author\":{\"name\":\"Cope Alcoy\",\"@id\":\"https:\\\/\\\/www.copealcoy.es\\\/es\\\/#\\\/schema\\\/person\\\/e777c87fa024e57d40170af9df39882c\"},\"headline\":\"Educaci\u00f3 refor\u00e7a el treball a les aules per a la prevenci\u00f3 de conductes su\u00efcides en l&#8217;alumnat\",\"datePublished\":\"2021-09-27T11:01:00+00:00\",\"dateModified\":\"2021-09-28T12:37:20+00:00\",\"mainEntityOfPage\":{\"@id\":\"https:\\\/\\\/www.copealcoy.es\\\/es\\\/educacio-reforca-el-treball-a-les-aules-per-a-la-prevencio-de-conductes-suicides-en-lalumnat\\\/\"},\"wordCount\":392,\"commentCount\":0,\"keywords\":[\"conductes su\u00efcides\",\"Conselleria d'Educaci\u00f3\",\"orientaci\u00f3\",\"prevenci\u00f3\",\"treball\",\"Vicent Marz\u00e0\"],\"articleSection\":[\"Actualidad\",\"Educaci\u00f3n\",\"Noticias\"],\"inLanguage\":\"es\"},{\"@type\":\"WebPage\",\"@id\":\"https:\\\/\\\/www.copealcoy.es\\\/es\\\/educacio-reforca-el-treball-a-les-aules-per-a-la-prevencio-de-conductes-suicides-en-lalumnat\\\/\",\"url\":\"https:\\\/\\\/www.copealcoy.es\\\/es\\\/educacio-reforca-el-treball-a-les-aules-per-a-la-prevencio-de-conductes-suicides-en-lalumnat\\\/\",\"name\":\"Educaci\u00f3 refor\u00e7a el treball a les aules per a la prevenci\u00f3 de conductes su\u00efcides en l'alumnat - COPE Alcoy\",\"isPartOf\":{\"@id\":\"https:\\\/\\\/www.copealcoy.es\\\/es\\\/#website\"},\"datePublished\":\"2021-09-27T11:01:00+00:00\",\"dateModified\":\"2021-09-28T12:37:20+00:00\",\"author\":{\"@id\":\"https:\\\/\\\/www.copealcoy.es\\\/es\\\/#\\\/schema\\\/person\\\/e777c87fa024e57d40170af9df39882c\"},\"breadcrumb\":{\"@id\":\"https:\\\/\\\/www.copealcoy.es\\\/es\\\/educacio-reforca-el-treball-a-les-aules-per-a-la-prevencio-de-conductes-suicides-en-lalumnat\\\/#breadcrumb\"},\"inLanguage\":\"es\",\"potentialAction\":[{\"@type\":\"ReadAction\",\"target\":[\"https:\\\/\\\/www.copealcoy.es\\\/es\\\/educacio-reforca-el-treball-a-les-aules-per-a-la-prevencio-de-conductes-suicides-en-lalumnat\\\/\"]}]},{\"@type\":\"BreadcrumbList\",\"@id\":\"https:\\\/\\\/www.copealcoy.es\\\/es\\\/educacio-reforca-el-treball-a-les-aules-per-a-la-prevencio-de-conductes-suicides-en-lalumnat\\\/#breadcrumb\",\"itemListElement\":[{\"@type\":\"ListItem\",\"position\":1,\"name\":\"Portada\",\"item\":\"https:\\\/\\\/www.copealcoy.es\\\/es\\\/\"},{\"@type\":\"ListItem\",\"position\":2,\"name\":\"Educaci\u00f3 refor\u00e7a el treball a les aules per a la prevenci\u00f3 de conductes su\u00efcides en l&#8217;alumnat\"}]},{\"@type\":\"WebSite\",\"@id\":\"https:\\\/\\\/www.copealcoy.es\\\/es\\\/#website\",\"url\":\"https:\\\/\\\/www.copealcoy.es\\\/es\\\/\",\"name\":\"COPE Alcoy\",\"description\":\"Emisora COPE de radio local con emisi\u00f3n online. Pont de Sant Jordi 8-10 03803 Alcoy\",\"potentialAction\":[{\"@type\":\"SearchAction\",\"target\":{\"@type\":\"EntryPoint\",\"urlTemplate\":\"https:\\\/\\\/www.copealcoy.es\\\/es\\\/?s={search_term_string}\"},\"query-input\":{\"@type\":\"PropertyValueSpecification\",\"valueRequired\":true,\"valueName\":\"search_term_string\"}}],\"inLanguage\":\"es\"},{\"@type\":\"Person\",\"@id\":\"https:\\\/\\\/www.copealcoy.es\\\/es\\\/#\\\/schema\\\/person\\\/e777c87fa024e57d40170af9df39882c\",\"name\":\"Cope Alcoy\",\"image\":{\"@type\":\"ImageObject\",\"inLanguage\":\"es\",\"@id\":\"https:\\\/\\\/secure.gravatar.com\\\/avatar\\\/bb65d0283347e303893ba14f0692005417c1e0e690a325a4c5d8bb2b3943ee14?s=96&d=mm&r=g\",\"url\":\"https:\\\/\\\/secure.gravatar.com\\\/avatar\\\/bb65d0283347e303893ba14f0692005417c1e0e690a325a4c5d8bb2b3943ee14?s=96&d=mm&r=g\",\"contentUrl\":\"https:\\\/\\\/secure.gravatar.com\\\/avatar\\\/bb65d0283347e303893ba14f0692005417c1e0e690a325a4c5d8bb2b3943ee14?s=96&d=mm&r=g\",\"caption\":\"Cope Alcoy\"}}]}<\/script>\n<!-- \/ Yoast SEO plugin. -->","yoast_head_json":{"title":"Educaci\u00f3 refor\u00e7a el treball a les aules per a la prevenci\u00f3 de conductes su\u00efcides en l'alumnat - COPE Alcoy","robots":{"index":"index","follow":"follow","max-snippet":"max-snippet:-1","max-image-preview":"max-image-preview:large","max-video-preview":"max-video-preview:-1"},"canonical":"https:\/\/www.copealcoy.es\/es\/educacio-reforca-el-treball-a-les-aules-per-a-la-prevencio-de-conductes-suicides-en-lalumnat\/","og_locale":"es_ES","og_type":"article","og_title":"Educaci\u00f3 refor\u00e7a el treball a les aules per a la prevenci\u00f3 de conductes su\u00efcides en l'alumnat - COPE Alcoy","og_description":"La Conselleria d&#8217;Educaci\u00f3, amb l&#8217;objectiu d&#8217;intensificar l&#8217;acompanyament emocional a l&#8217;alumnat per tal de fer front a les seq\u00fceles psicol\u00f2giques provocades...","og_url":"https:\/\/www.copealcoy.es\/es\/educacio-reforca-el-treball-a-les-aules-per-a-la-prevencio-de-conductes-suicides-en-lalumnat\/","og_site_name":"COPE Alcoy","article_published_time":"2021-09-27T11:01:00+00:00","article_modified_time":"2021-09-28T12:37:20+00:00","og_image":[{"width":800,"height":521,"url":"https:\/\/www.copealcoy.es\/wp-content\/uploads\/2019\/01\/3010284_1-1.jpg","type":"image\/jpeg"}],"author":"Cope Alcoy","twitter_misc":{"Escrito por":"Cope Alcoy","Tiempo de lectura":"2 minutos"},"schema":{"@context":"https:\/\/schema.org","@graph":[{"@type":"Article","@id":"https:\/\/www.copealcoy.es\/es\/educacio-reforca-el-treball-a-les-aules-per-a-la-prevencio-de-conductes-suicides-en-lalumnat\/#article","isPartOf":{"@id":"https:\/\/www.copealcoy.es\/es\/educacio-reforca-el-treball-a-les-aules-per-a-la-prevencio-de-conductes-suicides-en-lalumnat\/"},"author":{"name":"Cope Alcoy","@id":"https:\/\/www.copealcoy.es\/es\/#\/schema\/person\/e777c87fa024e57d40170af9df39882c"},"headline":"Educaci\u00f3 refor\u00e7a el treball a les aules per a la prevenci\u00f3 de conductes su\u00efcides en l&#8217;alumnat","datePublished":"2021-09-27T11:01:00+00:00","dateModified":"2021-09-28T12:37:20+00:00","mainEntityOfPage":{"@id":"https:\/\/www.copealcoy.es\/es\/educacio-reforca-el-treball-a-les-aules-per-a-la-prevencio-de-conductes-suicides-en-lalumnat\/"},"wordCount":392,"commentCount":0,"keywords":["conductes su\u00efcides","Conselleria d'Educaci\u00f3","orientaci\u00f3","prevenci\u00f3","treball","Vicent Marz\u00e0"],"articleSection":["Actualidad","Educaci\u00f3n","Noticias"],"inLanguage":"es"},{"@type":"WebPage","@id":"https:\/\/www.copealcoy.es\/es\/educacio-reforca-el-treball-a-les-aules-per-a-la-prevencio-de-conductes-suicides-en-lalumnat\/","url":"https:\/\/www.copealcoy.es\/es\/educacio-reforca-el-treball-a-les-aules-per-a-la-prevencio-de-conductes-suicides-en-lalumnat\/","name":"Educaci\u00f3 refor\u00e7a el treball a les aules per a la prevenci\u00f3 de conductes su\u00efcides en l'alumnat - COPE Alcoy","isPartOf":{"@id":"https:\/\/www.copealcoy.es\/es\/#website"},"datePublished":"2021-09-27T11:01:00+00:00","dateModified":"2021-09-28T12:37:20+00:00","author":{"@id":"https:\/\/www.copealcoy.es\/es\/#\/schema\/person\/e777c87fa024e57d40170af9df39882c"},"breadcrumb":{"@id":"https:\/\/www.copealcoy.es\/es\/educacio-reforca-el-treball-a-les-aules-per-a-la-prevencio-de-conductes-suicides-en-lalumnat\/#breadcrumb"},"inLanguage":"es","potentialAction":[{"@type":"ReadAction","target":["https:\/\/www.copealcoy.es\/es\/educacio-reforca-el-treball-a-les-aules-per-a-la-prevencio-de-conductes-suicides-en-lalumnat\/"]}]},{"@type":"BreadcrumbList","@id":"https:\/\/www.copealcoy.es\/es\/educacio-reforca-el-treball-a-les-aules-per-a-la-prevencio-de-conductes-suicides-en-lalumnat\/#breadcrumb","itemListElement":[{"@type":"ListItem","position":1,"name":"Portada","item":"https:\/\/www.copealcoy.es\/es\/"},{"@type":"ListItem","position":2,"name":"Educaci\u00f3 refor\u00e7a el treball a les aules per a la prevenci\u00f3 de conductes su\u00efcides en l&#8217;alumnat"}]},{"@type":"WebSite","@id":"https:\/\/www.copealcoy.es\/es\/#website","url":"https:\/\/www.copealcoy.es\/es\/","name":"COPE Alcoy","description":"Emisora COPE de radio local con emisi\u00f3n online. Pont de Sant Jordi 8-10 03803 Alcoy","potentialAction":[{"@type":"SearchAction","target":{"@type":"EntryPoint","urlTemplate":"https:\/\/www.copealcoy.es\/es\/?s={search_term_string}"},"query-input":{"@type":"PropertyValueSpecification","valueRequired":true,"valueName":"search_term_string"}}],"inLanguage":"es"},{"@type":"Person","@id":"https:\/\/www.copealcoy.es\/es\/#\/schema\/person\/e777c87fa024e57d40170af9df39882c","name":"Cope Alcoy","image":{"@type":"ImageObject","inLanguage":"es","@id":"https:\/\/secure.gravatar.com\/avatar\/bb65d0283347e303893ba14f0692005417c1e0e690a325a4c5d8bb2b3943ee14?s=96&d=mm&r=g","url":"https:\/\/secure.gravatar.com\/avatar\/bb65d0283347e303893ba14f0692005417c1e0e690a325a4c5d8bb2b3943ee14?s=96&d=mm&r=g","contentUrl":"https:\/\/secure.gravatar.com\/avatar\/bb65d0283347e303893ba14f0692005417c1e0e690a325a4c5d8bb2b3943ee14?s=96&d=mm&r=g","caption":"Cope Alcoy"}}]}},"_links":{"self":[{"href":"https:\/\/www.copealcoy.es\/es\/wp-json\/wp\/v2\/posts\/78172","targetHints":{"allow":["GET"]}}],"collection":[{"href":"https:\/\/www.copealcoy.es\/es\/wp-json\/wp\/v2\/posts"}],"about":[{"href":"https:\/\/www.copealcoy.es\/es\/wp-json\/wp\/v2\/types\/post"}],"author":[{"embeddable":true,"href":"https:\/\/www.copealcoy.es\/es\/wp-json\/wp\/v2\/users\/1"}],"replies":[{"embeddable":true,"href":"https:\/\/www.copealcoy.es\/es\/wp-json\/wp\/v2\/comments?post=78172"}],"version-history":[{"count":0,"href":"https:\/\/www.copealcoy.es\/es\/wp-json\/wp\/v2\/posts\/78172\/revisions"}],"wp:attachment":[{"href":"https:\/\/www.copealcoy.es\/es\/wp-json\/wp\/v2\/media?parent=78172"}],"wp:term":[{"taxonomy":"category","embeddable":true,"href":"https:\/\/www.copealcoy.es\/es\/wp-json\/wp\/v2\/categories?post=78172"},{"taxonomy":"post_tag","embeddable":true,"href":"https:\/\/www.copealcoy.es\/es\/wp-json\/wp\/v2\/tags?post=78172"}],"curies":[{"name":"wp","href":"https:\/\/api.w.org\/{rel}","templated":true}]}}