{"id":78144,"date":"2021-09-25T20:31:18","date_gmt":"2021-09-25T19:31:18","guid":{"rendered":"https:\/\/www.copealcoy.es\/?p=78144"},"modified":"2021-09-25T20:43:58","modified_gmt":"2021-09-25T19:43:58","slug":"alcoy-retoma-el-encuentro-con-su-pasado-modernista","status":"publish","type":"post","link":"https:\/\/www.copealcoy.es\/es\/alcoy-retoma-el-encuentro-con-su-pasado-modernista\/","title":{"rendered":"Alcoy retoma el encuentro con su pasado modernista"},"content":{"rendered":"<p style=\"text-align: justify;\">Alcoy <strong>sigue disfrutando de la Feria Modernista del 2021<\/strong> y este s\u00e1bado ha tenido lugar <strong>la inauguraci\u00f3n oficial de la misma<\/strong> en La Glorieta. Ha sido pasadas las 10:30h de la ma\u00f1ana y<strong> tras un pasacalle de la Comitiva Oficial<\/strong> que ha discurrido, con la oportuna distancia de seguridad, entre las puertas del Ayuntamiento y el emblem\u00e1tico parque.<\/p>\n<p style=\"text-align: justify;\">El Director General de Turismo de la Generalitat Valenciana, <strong>Herick Campos<\/strong>, ha sido el encargado de <strong>cortar la cinta inaugural<\/strong> mientras de fondo sonaban los acordes de m\u00fasica tradicional de la \u00e9poca &#8220;<em>es muy gratificante que la ciudad haya retomado la celebraci\u00f3n de la Feria porque esto significa un nuevo paso hacia esa nueva normalidad que llegar\u00e1 a nuestras vidas el pr\u00f3ximo 9 d&#8217;Octubre<\/em>&#8220;, manifest\u00f3 a los micr\u00f3fonos de COPE ALCOY nada m\u00e1s finalizar la ceremonia. Tambi\u00e9n el alcalde <strong>destac\u00f3 la buena acogida que est\u00e1n teniendo todas las actividades organizadas<\/strong> por un buen n\u00famero de entidades alcoyanas &#8220;<em>ten\u00edamos muchas ganas de volver, la gente est\u00e1 respondiendo muy bien y tenemos que seguir actuando con m\u00e1xima responsabilidad porque esto es la principal garant\u00eda para poder ir recuperando nuestras tradiciones<\/em>&#8220;, apunt\u00f3 <strong>Antonio Franc\u00e9s<\/strong>. Finalmente <strong>la edil de Turismo agradeci\u00f3 la respuesta<\/strong> que la ciudad, y tambi\u00e9n visitantes, estaban dando al certamen &#8220;<em>sabemos que es una fiesta joven y, tras el par\u00f3n del a\u00f1o pasado ten\u00edamos cierto recelo por ver la implicaci\u00f3n de la gente este a\u00f1o. Ya vimos a la hora de organizar las actividades que la ciudadan\u00eda ten\u00eda muchas ganas de hacer cosas y estamos viendo tambi\u00e9n la ilusi\u00f3n que tienen los alcoyanos de volver a vestirse de \u00e9poca<\/em>&#8220;, concluy\u00f3.<\/p>\n<p style=\"text-align: justify;\">La jornada avanz\u00f3 con <strong>bailes populares<\/strong> a cargo del Grup de Danses Carrascal, <strong>recreaciones de actuaciones de los bomberos<\/strong> de entonces, un <strong>amplio abanico de propuestas culturales<\/strong> o <strong>la recreaci\u00f3n de un charlat\u00e1n en la Plaza de Ram\u00f3n y Cajal<\/strong> a cargo de la Asociaci\u00f3n Cultural Samarita. Dentro de La Glorieta tambi\u00e9n pudimos ver <strong>diferentes stands<\/strong> con la presencia de entidades como por ejemplo la Asociaci\u00f3n Amigos del Modernismo, la AECC, los Scouts Brownsea, las Amas de Casa Lucentum, el colectivo Alcoy Modernista o el Muboma. Tambi\u00e9n ciudades con pasado modernista como Barcelona o Novelda est\u00e1n presentes para dar a conocer sus atractivos tur\u00edsticos.<\/p>\n","protected":false},"excerpt":{"rendered":"<p>Alcoy sigue disfrutando de la Feria Modernista del 2021 y este s\u00e1bado ha tenido lugar la inauguraci\u00f3n oficial de la&#8230;<\/p>\n","protected":false},"author":1,"featured_media":78145,"comment_status":"open","ping_status":"open","sticky":false,"template":"","format":"standard","meta":{"footnotes":""},"categories":[97,78,75,125],"tags":[1494,1793,665,4643,7135,1550,3882,1796],"class_list":["post-78144","post","type-post","status-publish","format-standard","has-post-thumbnail","hentry","category-alcoy","category-fiestaycultura","category-noticias","category-portada","tag-alcoy","tag-antonio-frances","tag-barcelona","tag-feria-modernista","tag-herick-campos","tag-inauguracion","tag-la-glorieta","tag-lorena-zamorano"],"yoast_head":"<!-- This site is optimized with the Yoast SEO plugin v27.3 - https:\/\/yoast.com\/product\/yoast-seo-wordpress\/ -->\n<title>Alcoy retoma el encuentro con su pasado modernista - COPE Alcoy<\/title>\n<meta name=\"robots\" content=\"index, follow, max-snippet:-1, max-image-preview:large, max-video-preview:-1\" \/>\n<link rel=\"canonical\" href=\"https:\/\/www.copealcoy.es\/es\/alcoy-retoma-el-encuentro-con-su-pasado-modernista\/\" \/>\n<meta property=\"og:locale\" content=\"es_ES\" \/>\n<meta property=\"og:type\" content=\"article\" \/>\n<meta property=\"og:title\" content=\"Alcoy retoma el encuentro con su pasado modernista - COPE Alcoy\" \/>\n<meta property=\"og:description\" content=\"Alcoy sigue disfrutando de la Feria Modernista del 2021 y este s\u00e1bado ha tenido lugar la inauguraci\u00f3n oficial de la...\" \/>\n<meta property=\"og:url\" content=\"https:\/\/www.copealcoy.es\/es\/alcoy-retoma-el-encuentro-con-su-pasado-modernista\/\" \/>\n<meta property=\"og:site_name\" content=\"COPE Alcoy\" \/>\n<meta property=\"article:published_time\" content=\"2021-09-25T19:31:18+00:00\" \/>\n<meta property=\"article:modified_time\" content=\"2021-09-25T19:43:58+00:00\" \/>\n<meta property=\"og:image\" content=\"https:\/\/www.copealcoy.es\/wp-content\/uploads\/2021\/09\/242771413_2508505415959595_4422977926208902467_n.jpg\" \/>\n\t<meta property=\"og:image:width\" content=\"1440\" \/>\n\t<meta property=\"og:image:height\" content=\"960\" \/>\n\t<meta property=\"og:image:type\" content=\"image\/jpeg\" \/>\n<meta name=\"author\" content=\"Cope Alcoy\" \/>\n<meta name=\"twitter:label1\" content=\"Escrito por\" \/>\n\t<meta name=\"twitter:data1\" content=\"Cope Alcoy\" \/>\n\t<meta name=\"twitter:label2\" content=\"Tiempo de lectura\" \/>\n\t<meta name=\"twitter:data2\" content=\"2 minutos\" \/>\n<script type=\"application\/ld+json\" class=\"yoast-schema-graph\">{\"@context\":\"https:\\\/\\\/schema.org\",\"@graph\":[{\"@type\":\"Article\",\"@id\":\"https:\\\/\\\/www.copealcoy.es\\\/es\\\/alcoy-retoma-el-encuentro-con-su-pasado-modernista\\\/#article\",\"isPartOf\":{\"@id\":\"https:\\\/\\\/www.copealcoy.es\\\/es\\\/alcoy-retoma-el-encuentro-con-su-pasado-modernista\\\/\"},\"author\":{\"name\":\"Cope Alcoy\",\"@id\":\"https:\\\/\\\/www.copealcoy.es\\\/es\\\/#\\\/schema\\\/person\\\/e777c87fa024e57d40170af9df39882c\"},\"headline\":\"Alcoy retoma el encuentro con su pasado modernista\",\"datePublished\":\"2021-09-25T19:31:18+00:00\",\"dateModified\":\"2021-09-25T19:43:58+00:00\",\"mainEntityOfPage\":{\"@id\":\"https:\\\/\\\/www.copealcoy.es\\\/es\\\/alcoy-retoma-el-encuentro-con-su-pasado-modernista\\\/\"},\"wordCount\":413,\"commentCount\":0,\"image\":{\"@id\":\"https:\\\/\\\/www.copealcoy.es\\\/es\\\/alcoy-retoma-el-encuentro-con-su-pasado-modernista\\\/#primaryimage\"},\"thumbnailUrl\":\"https:\\\/\\\/www.copealcoy.es\\\/wp-content\\\/uploads\\\/2021\\\/09\\\/242771413_2508505415959595_4422977926208902467_n.jpg\",\"keywords\":[\"Alcoy\",\"Antonio Franc\u00e9s\",\"Barcelona\",\"Feria Modernista\",\"Herick Campos\",\"Inauguraci\u00f3n\",\"La Glorieta\",\"Lorena Zamorano\"],\"articleSection\":[\"Alcoy\",\"Fiesta y Cultura\",\"Noticias\",\"Portada\"],\"inLanguage\":\"es\"},{\"@type\":\"WebPage\",\"@id\":\"https:\\\/\\\/www.copealcoy.es\\\/es\\\/alcoy-retoma-el-encuentro-con-su-pasado-modernista\\\/\",\"url\":\"https:\\\/\\\/www.copealcoy.es\\\/es\\\/alcoy-retoma-el-encuentro-con-su-pasado-modernista\\\/\",\"name\":\"Alcoy retoma el encuentro con su pasado modernista - COPE Alcoy\",\"isPartOf\":{\"@id\":\"https:\\\/\\\/www.copealcoy.es\\\/es\\\/#website\"},\"primaryImageOfPage\":{\"@id\":\"https:\\\/\\\/www.copealcoy.es\\\/es\\\/alcoy-retoma-el-encuentro-con-su-pasado-modernista\\\/#primaryimage\"},\"image\":{\"@id\":\"https:\\\/\\\/www.copealcoy.es\\\/es\\\/alcoy-retoma-el-encuentro-con-su-pasado-modernista\\\/#primaryimage\"},\"thumbnailUrl\":\"https:\\\/\\\/www.copealcoy.es\\\/wp-content\\\/uploads\\\/2021\\\/09\\\/242771413_2508505415959595_4422977926208902467_n.jpg\",\"datePublished\":\"2021-09-25T19:31:18+00:00\",\"dateModified\":\"2021-09-25T19:43:58+00:00\",\"author\":{\"@id\":\"https:\\\/\\\/www.copealcoy.es\\\/es\\\/#\\\/schema\\\/person\\\/e777c87fa024e57d40170af9df39882c\"},\"breadcrumb\":{\"@id\":\"https:\\\/\\\/www.copealcoy.es\\\/es\\\/alcoy-retoma-el-encuentro-con-su-pasado-modernista\\\/#breadcrumb\"},\"inLanguage\":\"es\",\"potentialAction\":[{\"@type\":\"ReadAction\",\"target\":[\"https:\\\/\\\/www.copealcoy.es\\\/es\\\/alcoy-retoma-el-encuentro-con-su-pasado-modernista\\\/\"]}]},{\"@type\":\"ImageObject\",\"inLanguage\":\"es\",\"@id\":\"https:\\\/\\\/www.copealcoy.es\\\/es\\\/alcoy-retoma-el-encuentro-con-su-pasado-modernista\\\/#primaryimage\",\"url\":\"https:\\\/\\\/www.copealcoy.es\\\/wp-content\\\/uploads\\\/2021\\\/09\\\/242771413_2508505415959595_4422977926208902467_n.jpg\",\"contentUrl\":\"https:\\\/\\\/www.copealcoy.es\\\/wp-content\\\/uploads\\\/2021\\\/09\\\/242771413_2508505415959595_4422977926208902467_n.jpg\",\"width\":1440,\"height\":960},{\"@type\":\"BreadcrumbList\",\"@id\":\"https:\\\/\\\/www.copealcoy.es\\\/es\\\/alcoy-retoma-el-encuentro-con-su-pasado-modernista\\\/#breadcrumb\",\"itemListElement\":[{\"@type\":\"ListItem\",\"position\":1,\"name\":\"Portada\",\"item\":\"https:\\\/\\\/www.copealcoy.es\\\/es\\\/\"},{\"@type\":\"ListItem\",\"position\":2,\"name\":\"Alcoy retoma el encuentro con su pasado modernista\"}]},{\"@type\":\"WebSite\",\"@id\":\"https:\\\/\\\/www.copealcoy.es\\\/es\\\/#website\",\"url\":\"https:\\\/\\\/www.copealcoy.es\\\/es\\\/\",\"name\":\"COPE Alcoy\",\"description\":\"Emisora COPE de radio local con emisi\u00f3n online. Pont de Sant Jordi 8-10 03803 Alcoy\",\"potentialAction\":[{\"@type\":\"SearchAction\",\"target\":{\"@type\":\"EntryPoint\",\"urlTemplate\":\"https:\\\/\\\/www.copealcoy.es\\\/es\\\/?s={search_term_string}\"},\"query-input\":{\"@type\":\"PropertyValueSpecification\",\"valueRequired\":true,\"valueName\":\"search_term_string\"}}],\"inLanguage\":\"es\"},{\"@type\":\"Person\",\"@id\":\"https:\\\/\\\/www.copealcoy.es\\\/es\\\/#\\\/schema\\\/person\\\/e777c87fa024e57d40170af9df39882c\",\"name\":\"Cope Alcoy\",\"image\":{\"@type\":\"ImageObject\",\"inLanguage\":\"es\",\"@id\":\"https:\\\/\\\/secure.gravatar.com\\\/avatar\\\/bb65d0283347e303893ba14f0692005417c1e0e690a325a4c5d8bb2b3943ee14?s=96&d=mm&r=g\",\"url\":\"https:\\\/\\\/secure.gravatar.com\\\/avatar\\\/bb65d0283347e303893ba14f0692005417c1e0e690a325a4c5d8bb2b3943ee14?s=96&d=mm&r=g\",\"contentUrl\":\"https:\\\/\\\/secure.gravatar.com\\\/avatar\\\/bb65d0283347e303893ba14f0692005417c1e0e690a325a4c5d8bb2b3943ee14?s=96&d=mm&r=g\",\"caption\":\"Cope Alcoy\"}}]}<\/script>\n<!-- \/ Yoast SEO plugin. -->","yoast_head_json":{"title":"Alcoy retoma el encuentro con su pasado modernista - COPE Alcoy","robots":{"index":"index","follow":"follow","max-snippet":"max-snippet:-1","max-image-preview":"max-image-preview:large","max-video-preview":"max-video-preview:-1"},"canonical":"https:\/\/www.copealcoy.es\/es\/alcoy-retoma-el-encuentro-con-su-pasado-modernista\/","og_locale":"es_ES","og_type":"article","og_title":"Alcoy retoma el encuentro con su pasado modernista - COPE Alcoy","og_description":"Alcoy sigue disfrutando de la Feria Modernista del 2021 y este s\u00e1bado ha tenido lugar la inauguraci\u00f3n oficial de la...","og_url":"https:\/\/www.copealcoy.es\/es\/alcoy-retoma-el-encuentro-con-su-pasado-modernista\/","og_site_name":"COPE Alcoy","article_published_time":"2021-09-25T19:31:18+00:00","article_modified_time":"2021-09-25T19:43:58+00:00","og_image":[{"width":1440,"height":960,"url":"https:\/\/www.copealcoy.es\/wp-content\/uploads\/2021\/09\/242771413_2508505415959595_4422977926208902467_n.jpg","type":"image\/jpeg"}],"author":"Cope Alcoy","twitter_misc":{"Escrito por":"Cope Alcoy","Tiempo de lectura":"2 minutos"},"schema":{"@context":"https:\/\/schema.org","@graph":[{"@type":"Article","@id":"https:\/\/www.copealcoy.es\/es\/alcoy-retoma-el-encuentro-con-su-pasado-modernista\/#article","isPartOf":{"@id":"https:\/\/www.copealcoy.es\/es\/alcoy-retoma-el-encuentro-con-su-pasado-modernista\/"},"author":{"name":"Cope Alcoy","@id":"https:\/\/www.copealcoy.es\/es\/#\/schema\/person\/e777c87fa024e57d40170af9df39882c"},"headline":"Alcoy retoma el encuentro con su pasado modernista","datePublished":"2021-09-25T19:31:18+00:00","dateModified":"2021-09-25T19:43:58+00:00","mainEntityOfPage":{"@id":"https:\/\/www.copealcoy.es\/es\/alcoy-retoma-el-encuentro-con-su-pasado-modernista\/"},"wordCount":413,"commentCount":0,"image":{"@id":"https:\/\/www.copealcoy.es\/es\/alcoy-retoma-el-encuentro-con-su-pasado-modernista\/#primaryimage"},"thumbnailUrl":"https:\/\/www.copealcoy.es\/wp-content\/uploads\/2021\/09\/242771413_2508505415959595_4422977926208902467_n.jpg","keywords":["Alcoy","Antonio Franc\u00e9s","Barcelona","Feria Modernista","Herick Campos","Inauguraci\u00f3n","La Glorieta","Lorena Zamorano"],"articleSection":["Alcoy","Fiesta y Cultura","Noticias","Portada"],"inLanguage":"es"},{"@type":"WebPage","@id":"https:\/\/www.copealcoy.es\/es\/alcoy-retoma-el-encuentro-con-su-pasado-modernista\/","url":"https:\/\/www.copealcoy.es\/es\/alcoy-retoma-el-encuentro-con-su-pasado-modernista\/","name":"Alcoy retoma el encuentro con su pasado modernista - COPE Alcoy","isPartOf":{"@id":"https:\/\/www.copealcoy.es\/es\/#website"},"primaryImageOfPage":{"@id":"https:\/\/www.copealcoy.es\/es\/alcoy-retoma-el-encuentro-con-su-pasado-modernista\/#primaryimage"},"image":{"@id":"https:\/\/www.copealcoy.es\/es\/alcoy-retoma-el-encuentro-con-su-pasado-modernista\/#primaryimage"},"thumbnailUrl":"https:\/\/www.copealcoy.es\/wp-content\/uploads\/2021\/09\/242771413_2508505415959595_4422977926208902467_n.jpg","datePublished":"2021-09-25T19:31:18+00:00","dateModified":"2021-09-25T19:43:58+00:00","author":{"@id":"https:\/\/www.copealcoy.es\/es\/#\/schema\/person\/e777c87fa024e57d40170af9df39882c"},"breadcrumb":{"@id":"https:\/\/www.copealcoy.es\/es\/alcoy-retoma-el-encuentro-con-su-pasado-modernista\/#breadcrumb"},"inLanguage":"es","potentialAction":[{"@type":"ReadAction","target":["https:\/\/www.copealcoy.es\/es\/alcoy-retoma-el-encuentro-con-su-pasado-modernista\/"]}]},{"@type":"ImageObject","inLanguage":"es","@id":"https:\/\/www.copealcoy.es\/es\/alcoy-retoma-el-encuentro-con-su-pasado-modernista\/#primaryimage","url":"https:\/\/www.copealcoy.es\/wp-content\/uploads\/2021\/09\/242771413_2508505415959595_4422977926208902467_n.jpg","contentUrl":"https:\/\/www.copealcoy.es\/wp-content\/uploads\/2021\/09\/242771413_2508505415959595_4422977926208902467_n.jpg","width":1440,"height":960},{"@type":"BreadcrumbList","@id":"https:\/\/www.copealcoy.es\/es\/alcoy-retoma-el-encuentro-con-su-pasado-modernista\/#breadcrumb","itemListElement":[{"@type":"ListItem","position":1,"name":"Portada","item":"https:\/\/www.copealcoy.es\/es\/"},{"@type":"ListItem","position":2,"name":"Alcoy retoma el encuentro con su pasado modernista"}]},{"@type":"WebSite","@id":"https:\/\/www.copealcoy.es\/es\/#website","url":"https:\/\/www.copealcoy.es\/es\/","name":"COPE Alcoy","description":"Emisora COPE de radio local con emisi\u00f3n online. Pont de Sant Jordi 8-10 03803 Alcoy","potentialAction":[{"@type":"SearchAction","target":{"@type":"EntryPoint","urlTemplate":"https:\/\/www.copealcoy.es\/es\/?s={search_term_string}"},"query-input":{"@type":"PropertyValueSpecification","valueRequired":true,"valueName":"search_term_string"}}],"inLanguage":"es"},{"@type":"Person","@id":"https:\/\/www.copealcoy.es\/es\/#\/schema\/person\/e777c87fa024e57d40170af9df39882c","name":"Cope Alcoy","image":{"@type":"ImageObject","inLanguage":"es","@id":"https:\/\/secure.gravatar.com\/avatar\/bb65d0283347e303893ba14f0692005417c1e0e690a325a4c5d8bb2b3943ee14?s=96&d=mm&r=g","url":"https:\/\/secure.gravatar.com\/avatar\/bb65d0283347e303893ba14f0692005417c1e0e690a325a4c5d8bb2b3943ee14?s=96&d=mm&r=g","contentUrl":"https:\/\/secure.gravatar.com\/avatar\/bb65d0283347e303893ba14f0692005417c1e0e690a325a4c5d8bb2b3943ee14?s=96&d=mm&r=g","caption":"Cope Alcoy"}}]}},"_links":{"self":[{"href":"https:\/\/www.copealcoy.es\/es\/wp-json\/wp\/v2\/posts\/78144","targetHints":{"allow":["GET"]}}],"collection":[{"href":"https:\/\/www.copealcoy.es\/es\/wp-json\/wp\/v2\/posts"}],"about":[{"href":"https:\/\/www.copealcoy.es\/es\/wp-json\/wp\/v2\/types\/post"}],"author":[{"embeddable":true,"href":"https:\/\/www.copealcoy.es\/es\/wp-json\/wp\/v2\/users\/1"}],"replies":[{"embeddable":true,"href":"https:\/\/www.copealcoy.es\/es\/wp-json\/wp\/v2\/comments?post=78144"}],"version-history":[{"count":0,"href":"https:\/\/www.copealcoy.es\/es\/wp-json\/wp\/v2\/posts\/78144\/revisions"}],"wp:featuredmedia":[{"embeddable":true,"href":"https:\/\/www.copealcoy.es\/es\/wp-json\/wp\/v2\/media\/78145"}],"wp:attachment":[{"href":"https:\/\/www.copealcoy.es\/es\/wp-json\/wp\/v2\/media?parent=78144"}],"wp:term":[{"taxonomy":"category","embeddable":true,"href":"https:\/\/www.copealcoy.es\/es\/wp-json\/wp\/v2\/categories?post=78144"},{"taxonomy":"post_tag","embeddable":true,"href":"https:\/\/www.copealcoy.es\/es\/wp-json\/wp\/v2\/tags?post=78144"}],"curies":[{"name":"wp","href":"https:\/\/api.w.org\/{rel}","templated":true}]}}