{"id":78135,"date":"2021-09-24T20:34:24","date_gmt":"2021-09-24T19:34:24","guid":{"rendered":"https:\/\/www.copealcoy.es\/?p=78135"},"modified":"2021-09-24T20:59:09","modified_gmt":"2021-09-24T19:59:09","slug":"la-feria-modernista-adentra-a-alcoy-en-la-magia-del-pasado","status":"publish","type":"post","link":"https:\/\/www.copealcoy.es\/es\/la-feria-modernista-adentra-a-alcoy-en-la-magia-del-pasado\/","title":{"rendered":"La Feria Modernista adentra a Alcoy en la magia del pasado"},"content":{"rendered":"<p style=\"text-align: justify;\">Alcoy ha dado esta tarde por iniciada <strong>la Feria Modernista del 2021<\/strong> <strong>sin ning\u00fan acto multitudinario<\/strong> para evitar aglomeraciones pero si <strong>con un espect\u00e1culo<\/strong> que ha tenido lugar en la Plaza de Espa\u00f1a. All\u00ed nos hemos trasladado a la enigm\u00e1tica noche del 31 de octubre y <strong>se ha recreado la invocaci\u00f3n a Houdini <\/strong>por medio de una espectacular puesta en escena<strong> a cargo del mago alcoyano Hugo Aracil<\/strong>, el cual ha realizado tambi\u00e9n <strong>varios trucos<\/strong> despertando los aplausos del p\u00fablico. Los asistentes <strong>han seguido la ceremonia sentados en sillas y debidamente separados<\/strong> con el fin de cumplir con la distancia de seguridad reglamentaria.<\/p>\n<p style=\"text-align: justify;\">La Feria Modernista de este a\u00f1o se ha adaptado a la pandemia, tras haber sido suspendida el pasado a\u00f1o, y<strong> se ha apostado por un formato diferente<\/strong> en el que <strong>destacan dos escenarios al aire libre ubicados en la mencionada Plaza de Espa\u00f1a as\u00ed como en la Plaza de Ferr\u00e1ndiz y Carbonell<\/strong>. All\u00ed diversas entidades alcoyanas <strong>ofrecer\u00e1n sus actuaciones desde hoy y hasta el domingo<\/strong> mientras que para poder asistir a las mismas <strong>debemos de reservar previamente las entradas en <a href=\"https:\/\/home.ticketalcoi.com\/\">www.ticketalcoi.com<\/a><\/strong> &#8220;<em>todas son gratuitas y\u00a0este m\u00e9todo nos permite controlar mejor los aforos. Animamos a todos a participar, a que se vistan con esos dise\u00f1os que muchos fueron creando durante los meses de confinamiento, y hacemos un llamamiento a sumarse al evento con responsabilidad porque de lo que hagamos ahora depender\u00e1 el futuro de muchos eventos<\/em>&#8220;, destacaba esta ma\u00f1ana en COPE ALCOY la edil de Turismo; <strong>Lorena Zamorano<\/strong>.<\/p>\n<p style=\"text-align: justify;\">A partir de ma\u00f1ana abrir\u00e1 tambi\u00e9n en La Glorieta la fireta y en este espacio <strong>habr\u00e1 asimismo diferentes actuaciones<\/strong>. Por su parte <strong>diversas entidades y\u00a0colectivos alcoyanos <\/strong>ofrecer\u00e1n productos tradicionales as\u00ed como de gastronom\u00eda al igual que <strong>diversas ciudades con un importante pasado modernista<\/strong> dar\u00e1n a conocer sus atractivos tur\u00edsticos &#8220;<em>este a\u00f1o tenemos a Barcelona y nos pusimos muy contentos cuando nos llamaron para decirnos que quer\u00edan venir. Creemos que esto puede ser un revulsivo para el evento ya que si la madre del modernismo viene a Alcoy muchas ciudades podr\u00edan animarse a estar aqu\u00ed en los proximos a\u00f1os<\/em>&#8220;, ha concluido Zamorano.<\/p>\n<p style=\"text-align: justify;\">Recordar que <strong>en caso de lluvia leve<\/strong> se retrasar\u00e1n las actuaciones y estas <strong>ser\u00e1n suspendidas en caso que las precipitaciones sean intensas<\/strong>. A <strong>La Glorieta<\/strong> se acceder\u00e1 por la entrada de la Plaza Ramon y Cajal, y se saldr\u00e1 por Sant Nicolau realizando un itinerario circular, mientras que <strong>tanto en la Plaza de Espa\u00f1a como en Ferr\u00e1ndiz y Carbonell se proceder\u00e1 a la desinfecci\u00f3n de las sillas<\/strong> entre cada puesta en escena. Finalmente <strong>el autob\u00fas urbano<\/strong> tendr\u00e1 a partir de las 18 horas del viernes modificaciones en las l\u00edneas 1, 2, 4 y 5. La 3 seguir\u00e1 igual.<\/p>\n<p>Aqu\u00ed puedes consultar <a href=\"https:\/\/alcoyturismo.com\/alcoy\/uploaded\/Semana%20Modernista\/2021\/Maq_Feria_Modernista_Cas21_009.pdf\"><span style=\"color: #0000ff;\"><strong>el programa<\/strong><\/span><\/a> de la Feria Modernista 2021<\/p>\n","protected":false},"excerpt":{"rendered":"<p>Alcoy ha dado esta tarde por iniciada la Feria Modernista del 2021 sin ning\u00fan acto multitudinario para evitar aglomeraciones pero&#8230;<\/p>\n","protected":false},"author":1,"featured_media":78136,"comment_status":"open","ping_status":"open","sticky":false,"template":"","format":"standard","meta":{"footnotes":""},"categories":[6909,97,78,75,125],"tags":[1494,4643,11808,1215,1796,11807,8642],"class_list":["post-78135","post","type-post","status-publish","format-standard","has-post-thumbnail","hentry","category-actualidad","category-alcoy","category-fiestaycultura","category-noticias","category-portada","tag-alcoy","tag-feria-modernista","tag-hugo-aracil","tag-inicio","tag-lorena-zamorano","tag-magia","tag-pasado"],"yoast_head":"<!-- This site is optimized with the Yoast SEO plugin v27.3 - https:\/\/yoast.com\/product\/yoast-seo-wordpress\/ -->\n<title>La Feria Modernista adentra a Alcoy en la magia del pasado - COPE Alcoy<\/title>\n<meta name=\"robots\" content=\"index, follow, max-snippet:-1, max-image-preview:large, max-video-preview:-1\" \/>\n<link rel=\"canonical\" href=\"https:\/\/www.copealcoy.es\/es\/la-feria-modernista-adentra-a-alcoy-en-la-magia-del-pasado\/\" \/>\n<meta property=\"og:locale\" content=\"es_ES\" \/>\n<meta property=\"og:type\" content=\"article\" \/>\n<meta property=\"og:title\" content=\"La Feria Modernista adentra a Alcoy en la magia del pasado - COPE Alcoy\" \/>\n<meta property=\"og:description\" content=\"Alcoy ha dado esta tarde por iniciada la Feria Modernista del 2021 sin ning\u00fan acto multitudinario para evitar aglomeraciones pero...\" \/>\n<meta property=\"og:url\" content=\"https:\/\/www.copealcoy.es\/es\/la-feria-modernista-adentra-a-alcoy-en-la-magia-del-pasado\/\" \/>\n<meta property=\"og:site_name\" content=\"COPE Alcoy\" \/>\n<meta property=\"article:published_time\" content=\"2021-09-24T19:34:24+00:00\" \/>\n<meta property=\"article:modified_time\" content=\"2021-09-24T19:59:09+00:00\" \/>\n<meta property=\"og:image\" content=\"https:\/\/www.copealcoy.es\/wp-content\/uploads\/2021\/09\/IMG_8815.jpg\" \/>\n\t<meta property=\"og:image:width\" content=\"828\" \/>\n\t<meta property=\"og:image:height\" content=\"431\" \/>\n\t<meta property=\"og:image:type\" content=\"image\/jpeg\" \/>\n<meta name=\"author\" content=\"Cope Alcoy\" \/>\n<meta name=\"twitter:label1\" content=\"Escrito por\" \/>\n\t<meta name=\"twitter:data1\" content=\"Cope Alcoy\" \/>\n\t<meta name=\"twitter:label2\" content=\"Tiempo de lectura\" \/>\n\t<meta name=\"twitter:data2\" content=\"3 minutos\" \/>\n<script type=\"application\/ld+json\" class=\"yoast-schema-graph\">{\"@context\":\"https:\\\/\\\/schema.org\",\"@graph\":[{\"@type\":\"Article\",\"@id\":\"https:\\\/\\\/www.copealcoy.es\\\/es\\\/la-feria-modernista-adentra-a-alcoy-en-la-magia-del-pasado\\\/#article\",\"isPartOf\":{\"@id\":\"https:\\\/\\\/www.copealcoy.es\\\/es\\\/la-feria-modernista-adentra-a-alcoy-en-la-magia-del-pasado\\\/\"},\"author\":{\"name\":\"Cope Alcoy\",\"@id\":\"https:\\\/\\\/www.copealcoy.es\\\/es\\\/#\\\/schema\\\/person\\\/e777c87fa024e57d40170af9df39882c\"},\"headline\":\"La Feria Modernista adentra a Alcoy en la magia del pasado\",\"datePublished\":\"2021-09-24T19:34:24+00:00\",\"dateModified\":\"2021-09-24T19:59:09+00:00\",\"mainEntityOfPage\":{\"@id\":\"https:\\\/\\\/www.copealcoy.es\\\/es\\\/la-feria-modernista-adentra-a-alcoy-en-la-magia-del-pasado\\\/\"},\"wordCount\":497,\"commentCount\":0,\"image\":{\"@id\":\"https:\\\/\\\/www.copealcoy.es\\\/es\\\/la-feria-modernista-adentra-a-alcoy-en-la-magia-del-pasado\\\/#primaryimage\"},\"thumbnailUrl\":\"https:\\\/\\\/www.copealcoy.es\\\/wp-content\\\/uploads\\\/2021\\\/09\\\/IMG_8815.jpg\",\"keywords\":[\"Alcoy\",\"Feria Modernista\",\"Hugo Aracil\",\"inicio\",\"Lorena Zamorano\",\"magia\",\"pasado\"],\"articleSection\":[\"Actualidad\",\"Alcoy\",\"Fiesta y Cultura\",\"Noticias\",\"Portada\"],\"inLanguage\":\"es\"},{\"@type\":\"WebPage\",\"@id\":\"https:\\\/\\\/www.copealcoy.es\\\/es\\\/la-feria-modernista-adentra-a-alcoy-en-la-magia-del-pasado\\\/\",\"url\":\"https:\\\/\\\/www.copealcoy.es\\\/es\\\/la-feria-modernista-adentra-a-alcoy-en-la-magia-del-pasado\\\/\",\"name\":\"La Feria Modernista adentra a Alcoy en la magia del pasado - COPE Alcoy\",\"isPartOf\":{\"@id\":\"https:\\\/\\\/www.copealcoy.es\\\/es\\\/#website\"},\"primaryImageOfPage\":{\"@id\":\"https:\\\/\\\/www.copealcoy.es\\\/es\\\/la-feria-modernista-adentra-a-alcoy-en-la-magia-del-pasado\\\/#primaryimage\"},\"image\":{\"@id\":\"https:\\\/\\\/www.copealcoy.es\\\/es\\\/la-feria-modernista-adentra-a-alcoy-en-la-magia-del-pasado\\\/#primaryimage\"},\"thumbnailUrl\":\"https:\\\/\\\/www.copealcoy.es\\\/wp-content\\\/uploads\\\/2021\\\/09\\\/IMG_8815.jpg\",\"datePublished\":\"2021-09-24T19:34:24+00:00\",\"dateModified\":\"2021-09-24T19:59:09+00:00\",\"author\":{\"@id\":\"https:\\\/\\\/www.copealcoy.es\\\/es\\\/#\\\/schema\\\/person\\\/e777c87fa024e57d40170af9df39882c\"},\"breadcrumb\":{\"@id\":\"https:\\\/\\\/www.copealcoy.es\\\/es\\\/la-feria-modernista-adentra-a-alcoy-en-la-magia-del-pasado\\\/#breadcrumb\"},\"inLanguage\":\"es\",\"potentialAction\":[{\"@type\":\"ReadAction\",\"target\":[\"https:\\\/\\\/www.copealcoy.es\\\/es\\\/la-feria-modernista-adentra-a-alcoy-en-la-magia-del-pasado\\\/\"]}]},{\"@type\":\"ImageObject\",\"inLanguage\":\"es\",\"@id\":\"https:\\\/\\\/www.copealcoy.es\\\/es\\\/la-feria-modernista-adentra-a-alcoy-en-la-magia-del-pasado\\\/#primaryimage\",\"url\":\"https:\\\/\\\/www.copealcoy.es\\\/wp-content\\\/uploads\\\/2021\\\/09\\\/IMG_8815.jpg\",\"contentUrl\":\"https:\\\/\\\/www.copealcoy.es\\\/wp-content\\\/uploads\\\/2021\\\/09\\\/IMG_8815.jpg\",\"width\":828,\"height\":431},{\"@type\":\"BreadcrumbList\",\"@id\":\"https:\\\/\\\/www.copealcoy.es\\\/es\\\/la-feria-modernista-adentra-a-alcoy-en-la-magia-del-pasado\\\/#breadcrumb\",\"itemListElement\":[{\"@type\":\"ListItem\",\"position\":1,\"name\":\"Portada\",\"item\":\"https:\\\/\\\/www.copealcoy.es\\\/es\\\/\"},{\"@type\":\"ListItem\",\"position\":2,\"name\":\"La Feria Modernista adentra a Alcoy en la magia del pasado\"}]},{\"@type\":\"WebSite\",\"@id\":\"https:\\\/\\\/www.copealcoy.es\\\/es\\\/#website\",\"url\":\"https:\\\/\\\/www.copealcoy.es\\\/es\\\/\",\"name\":\"COPE Alcoy\",\"description\":\"Emisora COPE de radio local con emisi\u00f3n online. Pont de Sant Jordi 8-10 03803 Alcoy\",\"potentialAction\":[{\"@type\":\"SearchAction\",\"target\":{\"@type\":\"EntryPoint\",\"urlTemplate\":\"https:\\\/\\\/www.copealcoy.es\\\/es\\\/?s={search_term_string}\"},\"query-input\":{\"@type\":\"PropertyValueSpecification\",\"valueRequired\":true,\"valueName\":\"search_term_string\"}}],\"inLanguage\":\"es\"},{\"@type\":\"Person\",\"@id\":\"https:\\\/\\\/www.copealcoy.es\\\/es\\\/#\\\/schema\\\/person\\\/e777c87fa024e57d40170af9df39882c\",\"name\":\"Cope Alcoy\",\"image\":{\"@type\":\"ImageObject\",\"inLanguage\":\"es\",\"@id\":\"https:\\\/\\\/secure.gravatar.com\\\/avatar\\\/bb65d0283347e303893ba14f0692005417c1e0e690a325a4c5d8bb2b3943ee14?s=96&d=mm&r=g\",\"url\":\"https:\\\/\\\/secure.gravatar.com\\\/avatar\\\/bb65d0283347e303893ba14f0692005417c1e0e690a325a4c5d8bb2b3943ee14?s=96&d=mm&r=g\",\"contentUrl\":\"https:\\\/\\\/secure.gravatar.com\\\/avatar\\\/bb65d0283347e303893ba14f0692005417c1e0e690a325a4c5d8bb2b3943ee14?s=96&d=mm&r=g\",\"caption\":\"Cope Alcoy\"}}]}<\/script>\n<!-- \/ Yoast SEO plugin. -->","yoast_head_json":{"title":"La Feria Modernista adentra a Alcoy en la magia del pasado - COPE Alcoy","robots":{"index":"index","follow":"follow","max-snippet":"max-snippet:-1","max-image-preview":"max-image-preview:large","max-video-preview":"max-video-preview:-1"},"canonical":"https:\/\/www.copealcoy.es\/es\/la-feria-modernista-adentra-a-alcoy-en-la-magia-del-pasado\/","og_locale":"es_ES","og_type":"article","og_title":"La Feria Modernista adentra a Alcoy en la magia del pasado - COPE Alcoy","og_description":"Alcoy ha dado esta tarde por iniciada la Feria Modernista del 2021 sin ning\u00fan acto multitudinario para evitar aglomeraciones pero...","og_url":"https:\/\/www.copealcoy.es\/es\/la-feria-modernista-adentra-a-alcoy-en-la-magia-del-pasado\/","og_site_name":"COPE Alcoy","article_published_time":"2021-09-24T19:34:24+00:00","article_modified_time":"2021-09-24T19:59:09+00:00","og_image":[{"width":828,"height":431,"url":"https:\/\/www.copealcoy.es\/wp-content\/uploads\/2021\/09\/IMG_8815.jpg","type":"image\/jpeg"}],"author":"Cope Alcoy","twitter_misc":{"Escrito por":"Cope Alcoy","Tiempo de lectura":"3 minutos"},"schema":{"@context":"https:\/\/schema.org","@graph":[{"@type":"Article","@id":"https:\/\/www.copealcoy.es\/es\/la-feria-modernista-adentra-a-alcoy-en-la-magia-del-pasado\/#article","isPartOf":{"@id":"https:\/\/www.copealcoy.es\/es\/la-feria-modernista-adentra-a-alcoy-en-la-magia-del-pasado\/"},"author":{"name":"Cope Alcoy","@id":"https:\/\/www.copealcoy.es\/es\/#\/schema\/person\/e777c87fa024e57d40170af9df39882c"},"headline":"La Feria Modernista adentra a Alcoy en la magia del pasado","datePublished":"2021-09-24T19:34:24+00:00","dateModified":"2021-09-24T19:59:09+00:00","mainEntityOfPage":{"@id":"https:\/\/www.copealcoy.es\/es\/la-feria-modernista-adentra-a-alcoy-en-la-magia-del-pasado\/"},"wordCount":497,"commentCount":0,"image":{"@id":"https:\/\/www.copealcoy.es\/es\/la-feria-modernista-adentra-a-alcoy-en-la-magia-del-pasado\/#primaryimage"},"thumbnailUrl":"https:\/\/www.copealcoy.es\/wp-content\/uploads\/2021\/09\/IMG_8815.jpg","keywords":["Alcoy","Feria Modernista","Hugo Aracil","inicio","Lorena Zamorano","magia","pasado"],"articleSection":["Actualidad","Alcoy","Fiesta y Cultura","Noticias","Portada"],"inLanguage":"es"},{"@type":"WebPage","@id":"https:\/\/www.copealcoy.es\/es\/la-feria-modernista-adentra-a-alcoy-en-la-magia-del-pasado\/","url":"https:\/\/www.copealcoy.es\/es\/la-feria-modernista-adentra-a-alcoy-en-la-magia-del-pasado\/","name":"La Feria Modernista adentra a Alcoy en la magia del pasado - COPE Alcoy","isPartOf":{"@id":"https:\/\/www.copealcoy.es\/es\/#website"},"primaryImageOfPage":{"@id":"https:\/\/www.copealcoy.es\/es\/la-feria-modernista-adentra-a-alcoy-en-la-magia-del-pasado\/#primaryimage"},"image":{"@id":"https:\/\/www.copealcoy.es\/es\/la-feria-modernista-adentra-a-alcoy-en-la-magia-del-pasado\/#primaryimage"},"thumbnailUrl":"https:\/\/www.copealcoy.es\/wp-content\/uploads\/2021\/09\/IMG_8815.jpg","datePublished":"2021-09-24T19:34:24+00:00","dateModified":"2021-09-24T19:59:09+00:00","author":{"@id":"https:\/\/www.copealcoy.es\/es\/#\/schema\/person\/e777c87fa024e57d40170af9df39882c"},"breadcrumb":{"@id":"https:\/\/www.copealcoy.es\/es\/la-feria-modernista-adentra-a-alcoy-en-la-magia-del-pasado\/#breadcrumb"},"inLanguage":"es","potentialAction":[{"@type":"ReadAction","target":["https:\/\/www.copealcoy.es\/es\/la-feria-modernista-adentra-a-alcoy-en-la-magia-del-pasado\/"]}]},{"@type":"ImageObject","inLanguage":"es","@id":"https:\/\/www.copealcoy.es\/es\/la-feria-modernista-adentra-a-alcoy-en-la-magia-del-pasado\/#primaryimage","url":"https:\/\/www.copealcoy.es\/wp-content\/uploads\/2021\/09\/IMG_8815.jpg","contentUrl":"https:\/\/www.copealcoy.es\/wp-content\/uploads\/2021\/09\/IMG_8815.jpg","width":828,"height":431},{"@type":"BreadcrumbList","@id":"https:\/\/www.copealcoy.es\/es\/la-feria-modernista-adentra-a-alcoy-en-la-magia-del-pasado\/#breadcrumb","itemListElement":[{"@type":"ListItem","position":1,"name":"Portada","item":"https:\/\/www.copealcoy.es\/es\/"},{"@type":"ListItem","position":2,"name":"La Feria Modernista adentra a Alcoy en la magia del pasado"}]},{"@type":"WebSite","@id":"https:\/\/www.copealcoy.es\/es\/#website","url":"https:\/\/www.copealcoy.es\/es\/","name":"COPE Alcoy","description":"Emisora COPE de radio local con emisi\u00f3n online. Pont de Sant Jordi 8-10 03803 Alcoy","potentialAction":[{"@type":"SearchAction","target":{"@type":"EntryPoint","urlTemplate":"https:\/\/www.copealcoy.es\/es\/?s={search_term_string}"},"query-input":{"@type":"PropertyValueSpecification","valueRequired":true,"valueName":"search_term_string"}}],"inLanguage":"es"},{"@type":"Person","@id":"https:\/\/www.copealcoy.es\/es\/#\/schema\/person\/e777c87fa024e57d40170af9df39882c","name":"Cope Alcoy","image":{"@type":"ImageObject","inLanguage":"es","@id":"https:\/\/secure.gravatar.com\/avatar\/bb65d0283347e303893ba14f0692005417c1e0e690a325a4c5d8bb2b3943ee14?s=96&d=mm&r=g","url":"https:\/\/secure.gravatar.com\/avatar\/bb65d0283347e303893ba14f0692005417c1e0e690a325a4c5d8bb2b3943ee14?s=96&d=mm&r=g","contentUrl":"https:\/\/secure.gravatar.com\/avatar\/bb65d0283347e303893ba14f0692005417c1e0e690a325a4c5d8bb2b3943ee14?s=96&d=mm&r=g","caption":"Cope Alcoy"}}]}},"_links":{"self":[{"href":"https:\/\/www.copealcoy.es\/es\/wp-json\/wp\/v2\/posts\/78135","targetHints":{"allow":["GET"]}}],"collection":[{"href":"https:\/\/www.copealcoy.es\/es\/wp-json\/wp\/v2\/posts"}],"about":[{"href":"https:\/\/www.copealcoy.es\/es\/wp-json\/wp\/v2\/types\/post"}],"author":[{"embeddable":true,"href":"https:\/\/www.copealcoy.es\/es\/wp-json\/wp\/v2\/users\/1"}],"replies":[{"embeddable":true,"href":"https:\/\/www.copealcoy.es\/es\/wp-json\/wp\/v2\/comments?post=78135"}],"version-history":[{"count":0,"href":"https:\/\/www.copealcoy.es\/es\/wp-json\/wp\/v2\/posts\/78135\/revisions"}],"wp:featuredmedia":[{"embeddable":true,"href":"https:\/\/www.copealcoy.es\/es\/wp-json\/wp\/v2\/media\/78136"}],"wp:attachment":[{"href":"https:\/\/www.copealcoy.es\/es\/wp-json\/wp\/v2\/media?parent=78135"}],"wp:term":[{"taxonomy":"category","embeddable":true,"href":"https:\/\/www.copealcoy.es\/es\/wp-json\/wp\/v2\/categories?post=78135"},{"taxonomy":"post_tag","embeddable":true,"href":"https:\/\/www.copealcoy.es\/es\/wp-json\/wp\/v2\/tags?post=78135"}],"curies":[{"name":"wp","href":"https:\/\/api.w.org\/{rel}","templated":true}]}}