{"id":78012,"date":"2021-09-23T10:16:51","date_gmt":"2021-09-23T09:16:51","guid":{"rendered":"https:\/\/www.copealcoy.es\/?p=78012"},"modified":"2021-09-23T10:47:40","modified_gmt":"2021-09-23T09:47:40","slug":"la-parroquia-de-san-roque-se-adentra-en-sus-tradicionales-fiestas","status":"publish","type":"post","link":"https:\/\/www.copealcoy.es\/es\/la-parroquia-de-san-roque-se-adentra-en-sus-tradicionales-fiestas\/","title":{"rendered":"La Parroquia de San Roque se adentra en sus tradicionales Fiestas"},"content":{"rendered":"<p style=\"text-align: justify;\">La <strong>Parroquia de San Roque y San Sebasti\u00e1n de Alcoy<\/strong> vuelve a celebrar <strong>sus Fiestas tradicionales<\/strong> y lo hace <strong>adapt\u00e1ndose al contexto sanitario<\/strong> derivado de la pandemia. Por este motivo estos festejos quedan reducidos este a\u00f1o a <strong>cultos dentro de la iglesia<\/strong> y, por segundo a\u00f1o consecutivo, no se celebrar\u00e1n <strong>la tradicional procesi\u00f3n de &#8216;El Farolet&#8217;<\/strong>.<\/p>\n<p style=\"text-align: justify;\">Los actos arrancaron el pasado s\u00e1bado 4 de septiembre con <strong>la presentaci\u00f3n de la Revista de las Fiestas<\/strong>, a cargo de Adri\u00e1n Esp\u00ed, y cuya <strong>portada<\/strong> ha sido creada por <strong>Dori Tebar Arjona<\/strong>. La publicaci\u00f3n <strong>recoge<\/strong> toda la actividad desempe\u00f1ada por la Parroquia durante el \u00faltimo a\u00f1o, interesantes art\u00edculos sobre la religiosidad popular o la historia de nuestra ciudad, el resumen de las iniciativas realizadas por el Colegio y los saludas institucionales. Adem\u00e1s se descubri\u00f3 <strong>el cartel anunciador<\/strong> en la fachada del mismo templo &#8220;<em>ped\u00ed quedarme a solas en la iglesia e hice una foto donde se ve un detalle de la cubierta interior. Estoy muy contenta del resultado y creo que ha gustado mucho la gente<\/em>&#8220;; afirmaba en COPE ALCOY la autora, <strong>Laura Ferr\u00e1ndiz<\/strong>. En cuanto a la programaci\u00f3n cabe mencionar que entre el jueves y el s\u00e1bado tendr\u00e1 lugar <strong>el Triduo<\/strong> a las 19:30h mientras que ma\u00f1ana por la ma\u00f1ana <strong>el Colegio celebrar\u00e1 su Fiesta interna<\/strong> con propuestas como <strong>el traslado de la imagen de San Roque desde el Centro Educativo a la Parroquia<\/strong>. El d\u00eda 25 de septiembre no se celebrar\u00e1 <strong>la mencionada procesi\u00f3n por las calles del Ensanche<\/strong> &#8220;<em>pero en su lugar volvemos a hacer el &#8216;Farolet Solidari&#8217;. Todos los que pasen por el Mercat de Sant Roc desde hoy y hasta el s\u00e1bado\u00a0 podr\u00e1n donar alimentos no perecederos que ir\u00e1n destinados al Economato de C\u00e1ritas de nuestra ciudad<\/em>&#8220;, detallaba <strong>Jorge Chirlaque<\/strong>; miembro de la Junta de Fiestas.<\/p>\n<p style=\"text-align: justify;\">Las Fiestas de San Roque y San Sebasti\u00e1n <strong>terminar\u00e1n el domingo a las 12:30h con una Eucarist\u00eda solemne<\/strong> en la que actuar\u00e1 el Coro Parroquial y <strong>el mi\u00e9rcoles 29 a las 19:30h se oficiar\u00e1 una Misa en memoria de los difuntos<\/strong> de la barriada.<\/p>\n","protected":false},"excerpt":{"rendered":"<p>La Parroquia de San Roque y San Sebasti\u00e1n de Alcoy vuelve a celebrar sus Fiestas tradicionales y lo hace adapt\u00e1ndose&#8230;<\/p>\n","protected":false},"author":1,"featured_media":78015,"comment_status":"open","ping_status":"open","sticky":false,"template":"","format":"standard","meta":{"footnotes":""},"categories":[97,78,75],"tags":[1494,7281,10050,11796,11795,11798,11797,7477,6795],"class_list":["post-78012","post","type-post","status-publish","format-standard","has-post-thumbnail","hentry","category-alcoy","category-fiestaycultura","category-noticias","tag-alcoy","tag-coronavirus","tag-crisis-sanitaria","tag-farolet","tag-fiestas-tradicionales","tag-jorge-chirlaque","tag-laura-ferrandiz","tag-pandemia","tag-parroquia-de-san-roque"],"yoast_head":"<!-- This site is optimized with the Yoast SEO plugin v27.3 - https:\/\/yoast.com\/product\/yoast-seo-wordpress\/ -->\n<title>La Parroquia de San Roque se adentra en sus tradicionales Fiestas - COPE Alcoy<\/title>\n<meta name=\"robots\" content=\"index, follow, max-snippet:-1, max-image-preview:large, max-video-preview:-1\" \/>\n<link rel=\"canonical\" href=\"https:\/\/www.copealcoy.es\/es\/la-parroquia-de-san-roque-se-adentra-en-sus-tradicionales-fiestas\/\" \/>\n<meta property=\"og:locale\" content=\"es_ES\" \/>\n<meta property=\"og:type\" content=\"article\" \/>\n<meta property=\"og:title\" content=\"La Parroquia de San Roque se adentra en sus tradicionales Fiestas - COPE Alcoy\" \/>\n<meta property=\"og:description\" content=\"La Parroquia de San Roque y San Sebasti\u00e1n de Alcoy vuelve a celebrar sus Fiestas tradicionales y lo hace adapt\u00e1ndose...\" \/>\n<meta property=\"og:url\" content=\"https:\/\/www.copealcoy.es\/es\/la-parroquia-de-san-roque-se-adentra-en-sus-tradicionales-fiestas\/\" \/>\n<meta property=\"og:site_name\" content=\"COPE Alcoy\" \/>\n<meta property=\"article:published_time\" content=\"2021-09-23T09:16:51+00:00\" \/>\n<meta property=\"article:modified_time\" content=\"2021-09-23T09:47:40+00:00\" \/>\n<meta property=\"og:image\" content=\"https:\/\/www.copealcoy.es\/wp-content\/uploads\/2021\/09\/unnamed-9-scaled-e1632388817567.jpg\" \/>\n\t<meta property=\"og:image:width\" content=\"682\" \/>\n\t<meta property=\"og:image:height\" content=\"437\" \/>\n\t<meta property=\"og:image:type\" content=\"image\/jpeg\" \/>\n<meta name=\"author\" content=\"Cope Alcoy\" \/>\n<meta name=\"twitter:label1\" content=\"Escrito por\" \/>\n\t<meta name=\"twitter:data1\" content=\"Cope Alcoy\" \/>\n\t<meta name=\"twitter:label2\" content=\"Tiempo de lectura\" \/>\n\t<meta name=\"twitter:data2\" content=\"2 minutos\" \/>\n<script type=\"application\/ld+json\" class=\"yoast-schema-graph\">{\"@context\":\"https:\\\/\\\/schema.org\",\"@graph\":[{\"@type\":\"Article\",\"@id\":\"https:\\\/\\\/www.copealcoy.es\\\/es\\\/la-parroquia-de-san-roque-se-adentra-en-sus-tradicionales-fiestas\\\/#article\",\"isPartOf\":{\"@id\":\"https:\\\/\\\/www.copealcoy.es\\\/es\\\/la-parroquia-de-san-roque-se-adentra-en-sus-tradicionales-fiestas\\\/\"},\"author\":{\"name\":\"Cope Alcoy\",\"@id\":\"https:\\\/\\\/www.copealcoy.es\\\/es\\\/#\\\/schema\\\/person\\\/e777c87fa024e57d40170af9df39882c\"},\"headline\":\"La Parroquia de San Roque se adentra en sus tradicionales Fiestas\",\"datePublished\":\"2021-09-23T09:16:51+00:00\",\"dateModified\":\"2021-09-23T09:47:40+00:00\",\"mainEntityOfPage\":{\"@id\":\"https:\\\/\\\/www.copealcoy.es\\\/es\\\/la-parroquia-de-san-roque-se-adentra-en-sus-tradicionales-fiestas\\\/\"},\"wordCount\":379,\"commentCount\":0,\"image\":{\"@id\":\"https:\\\/\\\/www.copealcoy.es\\\/es\\\/la-parroquia-de-san-roque-se-adentra-en-sus-tradicionales-fiestas\\\/#primaryimage\"},\"thumbnailUrl\":\"https:\\\/\\\/www.copealcoy.es\\\/wp-content\\\/uploads\\\/2021\\\/09\\\/unnamed-9-scaled-e1632388817567.jpg\",\"keywords\":[\"Alcoy\",\"Coronavirus\",\"crisis sanitaria\",\"Farolet\",\"fiestas tradicionales\",\"Jorge Chirlaque\",\"Laura Ferr\u00e1ndiz\",\"pandemia\",\"Parroquia de San Roque\"],\"articleSection\":[\"Alcoy\",\"Fiesta y Cultura\",\"Noticias\"],\"inLanguage\":\"es\"},{\"@type\":\"WebPage\",\"@id\":\"https:\\\/\\\/www.copealcoy.es\\\/es\\\/la-parroquia-de-san-roque-se-adentra-en-sus-tradicionales-fiestas\\\/\",\"url\":\"https:\\\/\\\/www.copealcoy.es\\\/es\\\/la-parroquia-de-san-roque-se-adentra-en-sus-tradicionales-fiestas\\\/\",\"name\":\"La Parroquia de San Roque se adentra en sus tradicionales Fiestas - COPE Alcoy\",\"isPartOf\":{\"@id\":\"https:\\\/\\\/www.copealcoy.es\\\/es\\\/#website\"},\"primaryImageOfPage\":{\"@id\":\"https:\\\/\\\/www.copealcoy.es\\\/es\\\/la-parroquia-de-san-roque-se-adentra-en-sus-tradicionales-fiestas\\\/#primaryimage\"},\"image\":{\"@id\":\"https:\\\/\\\/www.copealcoy.es\\\/es\\\/la-parroquia-de-san-roque-se-adentra-en-sus-tradicionales-fiestas\\\/#primaryimage\"},\"thumbnailUrl\":\"https:\\\/\\\/www.copealcoy.es\\\/wp-content\\\/uploads\\\/2021\\\/09\\\/unnamed-9-scaled-e1632388817567.jpg\",\"datePublished\":\"2021-09-23T09:16:51+00:00\",\"dateModified\":\"2021-09-23T09:47:40+00:00\",\"author\":{\"@id\":\"https:\\\/\\\/www.copealcoy.es\\\/es\\\/#\\\/schema\\\/person\\\/e777c87fa024e57d40170af9df39882c\"},\"breadcrumb\":{\"@id\":\"https:\\\/\\\/www.copealcoy.es\\\/es\\\/la-parroquia-de-san-roque-se-adentra-en-sus-tradicionales-fiestas\\\/#breadcrumb\"},\"inLanguage\":\"es\",\"potentialAction\":[{\"@type\":\"ReadAction\",\"target\":[\"https:\\\/\\\/www.copealcoy.es\\\/es\\\/la-parroquia-de-san-roque-se-adentra-en-sus-tradicionales-fiestas\\\/\"]}]},{\"@type\":\"ImageObject\",\"inLanguage\":\"es\",\"@id\":\"https:\\\/\\\/www.copealcoy.es\\\/es\\\/la-parroquia-de-san-roque-se-adentra-en-sus-tradicionales-fiestas\\\/#primaryimage\",\"url\":\"https:\\\/\\\/www.copealcoy.es\\\/wp-content\\\/uploads\\\/2021\\\/09\\\/unnamed-9-scaled-e1632388817567.jpg\",\"contentUrl\":\"https:\\\/\\\/www.copealcoy.es\\\/wp-content\\\/uploads\\\/2021\\\/09\\\/unnamed-9-scaled-e1632388817567.jpg\",\"width\":682,\"height\":437},{\"@type\":\"BreadcrumbList\",\"@id\":\"https:\\\/\\\/www.copealcoy.es\\\/es\\\/la-parroquia-de-san-roque-se-adentra-en-sus-tradicionales-fiestas\\\/#breadcrumb\",\"itemListElement\":[{\"@type\":\"ListItem\",\"position\":1,\"name\":\"Portada\",\"item\":\"https:\\\/\\\/www.copealcoy.es\\\/es\\\/\"},{\"@type\":\"ListItem\",\"position\":2,\"name\":\"La Parroquia de San Roque se adentra en sus tradicionales Fiestas\"}]},{\"@type\":\"WebSite\",\"@id\":\"https:\\\/\\\/www.copealcoy.es\\\/es\\\/#website\",\"url\":\"https:\\\/\\\/www.copealcoy.es\\\/es\\\/\",\"name\":\"COPE Alcoy\",\"description\":\"Emisora COPE de radio local con emisi\u00f3n online. Pont de Sant Jordi 8-10 03803 Alcoy\",\"potentialAction\":[{\"@type\":\"SearchAction\",\"target\":{\"@type\":\"EntryPoint\",\"urlTemplate\":\"https:\\\/\\\/www.copealcoy.es\\\/es\\\/?s={search_term_string}\"},\"query-input\":{\"@type\":\"PropertyValueSpecification\",\"valueRequired\":true,\"valueName\":\"search_term_string\"}}],\"inLanguage\":\"es\"},{\"@type\":\"Person\",\"@id\":\"https:\\\/\\\/www.copealcoy.es\\\/es\\\/#\\\/schema\\\/person\\\/e777c87fa024e57d40170af9df39882c\",\"name\":\"Cope Alcoy\",\"image\":{\"@type\":\"ImageObject\",\"inLanguage\":\"es\",\"@id\":\"https:\\\/\\\/secure.gravatar.com\\\/avatar\\\/bb65d0283347e303893ba14f0692005417c1e0e690a325a4c5d8bb2b3943ee14?s=96&d=mm&r=g\",\"url\":\"https:\\\/\\\/secure.gravatar.com\\\/avatar\\\/bb65d0283347e303893ba14f0692005417c1e0e690a325a4c5d8bb2b3943ee14?s=96&d=mm&r=g\",\"contentUrl\":\"https:\\\/\\\/secure.gravatar.com\\\/avatar\\\/bb65d0283347e303893ba14f0692005417c1e0e690a325a4c5d8bb2b3943ee14?s=96&d=mm&r=g\",\"caption\":\"Cope Alcoy\"}}]}<\/script>\n<!-- \/ Yoast SEO plugin. -->","yoast_head_json":{"title":"La Parroquia de San Roque se adentra en sus tradicionales Fiestas - COPE Alcoy","robots":{"index":"index","follow":"follow","max-snippet":"max-snippet:-1","max-image-preview":"max-image-preview:large","max-video-preview":"max-video-preview:-1"},"canonical":"https:\/\/www.copealcoy.es\/es\/la-parroquia-de-san-roque-se-adentra-en-sus-tradicionales-fiestas\/","og_locale":"es_ES","og_type":"article","og_title":"La Parroquia de San Roque se adentra en sus tradicionales Fiestas - COPE Alcoy","og_description":"La Parroquia de San Roque y San Sebasti\u00e1n de Alcoy vuelve a celebrar sus Fiestas tradicionales y lo hace adapt\u00e1ndose...","og_url":"https:\/\/www.copealcoy.es\/es\/la-parroquia-de-san-roque-se-adentra-en-sus-tradicionales-fiestas\/","og_site_name":"COPE Alcoy","article_published_time":"2021-09-23T09:16:51+00:00","article_modified_time":"2021-09-23T09:47:40+00:00","og_image":[{"width":682,"height":437,"url":"https:\/\/www.copealcoy.es\/wp-content\/uploads\/2021\/09\/unnamed-9-scaled-e1632388817567.jpg","type":"image\/jpeg"}],"author":"Cope Alcoy","twitter_misc":{"Escrito por":"Cope Alcoy","Tiempo de lectura":"2 minutos"},"schema":{"@context":"https:\/\/schema.org","@graph":[{"@type":"Article","@id":"https:\/\/www.copealcoy.es\/es\/la-parroquia-de-san-roque-se-adentra-en-sus-tradicionales-fiestas\/#article","isPartOf":{"@id":"https:\/\/www.copealcoy.es\/es\/la-parroquia-de-san-roque-se-adentra-en-sus-tradicionales-fiestas\/"},"author":{"name":"Cope Alcoy","@id":"https:\/\/www.copealcoy.es\/es\/#\/schema\/person\/e777c87fa024e57d40170af9df39882c"},"headline":"La Parroquia de San Roque se adentra en sus tradicionales Fiestas","datePublished":"2021-09-23T09:16:51+00:00","dateModified":"2021-09-23T09:47:40+00:00","mainEntityOfPage":{"@id":"https:\/\/www.copealcoy.es\/es\/la-parroquia-de-san-roque-se-adentra-en-sus-tradicionales-fiestas\/"},"wordCount":379,"commentCount":0,"image":{"@id":"https:\/\/www.copealcoy.es\/es\/la-parroquia-de-san-roque-se-adentra-en-sus-tradicionales-fiestas\/#primaryimage"},"thumbnailUrl":"https:\/\/www.copealcoy.es\/wp-content\/uploads\/2021\/09\/unnamed-9-scaled-e1632388817567.jpg","keywords":["Alcoy","Coronavirus","crisis sanitaria","Farolet","fiestas tradicionales","Jorge Chirlaque","Laura Ferr\u00e1ndiz","pandemia","Parroquia de San Roque"],"articleSection":["Alcoy","Fiesta y Cultura","Noticias"],"inLanguage":"es"},{"@type":"WebPage","@id":"https:\/\/www.copealcoy.es\/es\/la-parroquia-de-san-roque-se-adentra-en-sus-tradicionales-fiestas\/","url":"https:\/\/www.copealcoy.es\/es\/la-parroquia-de-san-roque-se-adentra-en-sus-tradicionales-fiestas\/","name":"La Parroquia de San Roque se adentra en sus tradicionales Fiestas - COPE Alcoy","isPartOf":{"@id":"https:\/\/www.copealcoy.es\/es\/#website"},"primaryImageOfPage":{"@id":"https:\/\/www.copealcoy.es\/es\/la-parroquia-de-san-roque-se-adentra-en-sus-tradicionales-fiestas\/#primaryimage"},"image":{"@id":"https:\/\/www.copealcoy.es\/es\/la-parroquia-de-san-roque-se-adentra-en-sus-tradicionales-fiestas\/#primaryimage"},"thumbnailUrl":"https:\/\/www.copealcoy.es\/wp-content\/uploads\/2021\/09\/unnamed-9-scaled-e1632388817567.jpg","datePublished":"2021-09-23T09:16:51+00:00","dateModified":"2021-09-23T09:47:40+00:00","author":{"@id":"https:\/\/www.copealcoy.es\/es\/#\/schema\/person\/e777c87fa024e57d40170af9df39882c"},"breadcrumb":{"@id":"https:\/\/www.copealcoy.es\/es\/la-parroquia-de-san-roque-se-adentra-en-sus-tradicionales-fiestas\/#breadcrumb"},"inLanguage":"es","potentialAction":[{"@type":"ReadAction","target":["https:\/\/www.copealcoy.es\/es\/la-parroquia-de-san-roque-se-adentra-en-sus-tradicionales-fiestas\/"]}]},{"@type":"ImageObject","inLanguage":"es","@id":"https:\/\/www.copealcoy.es\/es\/la-parroquia-de-san-roque-se-adentra-en-sus-tradicionales-fiestas\/#primaryimage","url":"https:\/\/www.copealcoy.es\/wp-content\/uploads\/2021\/09\/unnamed-9-scaled-e1632388817567.jpg","contentUrl":"https:\/\/www.copealcoy.es\/wp-content\/uploads\/2021\/09\/unnamed-9-scaled-e1632388817567.jpg","width":682,"height":437},{"@type":"BreadcrumbList","@id":"https:\/\/www.copealcoy.es\/es\/la-parroquia-de-san-roque-se-adentra-en-sus-tradicionales-fiestas\/#breadcrumb","itemListElement":[{"@type":"ListItem","position":1,"name":"Portada","item":"https:\/\/www.copealcoy.es\/es\/"},{"@type":"ListItem","position":2,"name":"La Parroquia de San Roque se adentra en sus tradicionales Fiestas"}]},{"@type":"WebSite","@id":"https:\/\/www.copealcoy.es\/es\/#website","url":"https:\/\/www.copealcoy.es\/es\/","name":"COPE Alcoy","description":"Emisora COPE de radio local con emisi\u00f3n online. Pont de Sant Jordi 8-10 03803 Alcoy","potentialAction":[{"@type":"SearchAction","target":{"@type":"EntryPoint","urlTemplate":"https:\/\/www.copealcoy.es\/es\/?s={search_term_string}"},"query-input":{"@type":"PropertyValueSpecification","valueRequired":true,"valueName":"search_term_string"}}],"inLanguage":"es"},{"@type":"Person","@id":"https:\/\/www.copealcoy.es\/es\/#\/schema\/person\/e777c87fa024e57d40170af9df39882c","name":"Cope Alcoy","image":{"@type":"ImageObject","inLanguage":"es","@id":"https:\/\/secure.gravatar.com\/avatar\/bb65d0283347e303893ba14f0692005417c1e0e690a325a4c5d8bb2b3943ee14?s=96&d=mm&r=g","url":"https:\/\/secure.gravatar.com\/avatar\/bb65d0283347e303893ba14f0692005417c1e0e690a325a4c5d8bb2b3943ee14?s=96&d=mm&r=g","contentUrl":"https:\/\/secure.gravatar.com\/avatar\/bb65d0283347e303893ba14f0692005417c1e0e690a325a4c5d8bb2b3943ee14?s=96&d=mm&r=g","caption":"Cope Alcoy"}}]}},"_links":{"self":[{"href":"https:\/\/www.copealcoy.es\/es\/wp-json\/wp\/v2\/posts\/78012","targetHints":{"allow":["GET"]}}],"collection":[{"href":"https:\/\/www.copealcoy.es\/es\/wp-json\/wp\/v2\/posts"}],"about":[{"href":"https:\/\/www.copealcoy.es\/es\/wp-json\/wp\/v2\/types\/post"}],"author":[{"embeddable":true,"href":"https:\/\/www.copealcoy.es\/es\/wp-json\/wp\/v2\/users\/1"}],"replies":[{"embeddable":true,"href":"https:\/\/www.copealcoy.es\/es\/wp-json\/wp\/v2\/comments?post=78012"}],"version-history":[{"count":0,"href":"https:\/\/www.copealcoy.es\/es\/wp-json\/wp\/v2\/posts\/78012\/revisions"}],"wp:featuredmedia":[{"embeddable":true,"href":"https:\/\/www.copealcoy.es\/es\/wp-json\/wp\/v2\/media\/78015"}],"wp:attachment":[{"href":"https:\/\/www.copealcoy.es\/es\/wp-json\/wp\/v2\/media?parent=78012"}],"wp:term":[{"taxonomy":"category","embeddable":true,"href":"https:\/\/www.copealcoy.es\/es\/wp-json\/wp\/v2\/categories?post=78012"},{"taxonomy":"post_tag","embeddable":true,"href":"https:\/\/www.copealcoy.es\/es\/wp-json\/wp\/v2\/tags?post=78012"}],"curies":[{"name":"wp","href":"https:\/\/api.w.org\/{rel}","templated":true}]}}