{"id":77835,"date":"2021-09-20T11:00:00","date_gmt":"2021-09-20T10:00:00","guid":{"rendered":"https:\/\/www.copealcoy.es\/?p=77835"},"modified":"2021-09-23T20:22:17","modified_gmt":"2021-09-23T19:22:17","slug":"dimonis-rafolins-fan-vibrar-a-lalqueria-dasnar-amb-el-somni-de-posido","status":"publish","type":"post","link":"https:\/\/www.copealcoy.es\/es\/dimonis-rafolins-fan-vibrar-a-lalqueria-dasnar-amb-el-somni-de-posido\/","title":{"rendered":"Dimonis Rafolins fan vibrar a l&#8217;Alqueria d&#8217;Asnar amb &#8216;El Somni de Posid\u00f3&#8217;"},"content":{"rendered":"<p style=\"text-align: justify;\">L&#8217;<strong>Alqueria d&#8217;Asnar<\/strong> continua celebrant <strong>diferents actes culturals dins de les seues &#8216;No Festes&#8217;<\/strong> i aquest cap de setmana <strong>vam poder gaudir d&#8217;un espectacle sense precedents<\/strong> a l&#8217;aparcament del Poliesportiu Municipal. En aquest punt del poble, i amb totes les mesures de seguretat pertinents per tal d&#8217;evitar l&#8217;aparici\u00f3 de brots de\u00a0<span class=\"hiddenSpellError\">Covid<\/span>-19, <strong>la Colla Dimonis Rafolins ens va presentar &#8216;El Somni de Posid\u00f3&#8217;<\/strong>; una posada en escena espectacular que <strong>va rebre els elogis<\/strong> de tots els qui la van presenciar en la nit del passat dissabte 18 de setembre.<\/p>\n<p style=\"text-align: justify;\">&#8216;El Somni de Posid\u00f3&#8217; <strong>ha sigut possible amb el treball incansable d&#8217;aquesta agrupaci\u00f3, pionera dels &#8216;Correfocs&#8217;<\/strong> al nostre territori, i amb <strong>el suport de\u00a0<span class=\"hiddenSpellError\">NS<\/span>\u00a0Espectacles aix\u00ed com el ballet de\u00a0<span class=\"hiddenSpellError\">M\u00f3nica<\/span>\u00a0<span class=\"hiddenSpellError\">Talens<\/span><\/strong>. Sota l&#8217;escenari, i tamb\u00e9 pels voltants del p\u00fablic, vam poder veure <strong>una actuaci\u00f3 brillant que va combinar teatre, dansa, m\u00fasica, pirot\u00e8cnia, foc, llums i estructures de gran format<\/strong>. Tot aix\u00f2 <strong>sota la direcci\u00f3 de Pepa Miralles, el disseny i gui\u00f3 de Jordi\u00a0<span class=\"hiddenSpellError\">Peidro<\/span>\u00a0i la composici\u00f3 d&#8217;\u00c0ngel Llu\u00eds\u00a0<span class=\"hiddenSpellError\">Ferrando<\/span><\/strong>\u00a0&#8220;<em>\u00e9s una estrena mundial, que donar\u00e0 molt que parlar, i que de segur viatjar\u00e0 despr\u00e9s a altres pobles. Estem molt contents del resultat i de la gran acollida que ha tingut aquest espectacle, el qual ens demostra que podem fer cultura segura en aquest cam\u00ed cap a la nova normalitat<\/em>&#8220;; deia <strong>Jaume\u00a0<span class=\"hiddenSpellError\">Pascual<\/span><\/strong>; alcalde de l&#8217;Alqueria d&#8217;Asnar.<\/p>\n<p style=\"text-align: justify;\">Les activitats en l&#8217;Alqueria d&#8217;Asnar seguiran el <strong>divendres 24 de setembre<\/strong>, a les 21:<span class=\"hiddenGrammarError\">00h<\/span>, amb el <strong>Concert de La\u00a0<span class=\"hiddenSpellError\">F\u00famiga<\/span>\u00a0+\u00a0<span class=\"hiddenSpellError\">Balkan<\/span>\u00a0Bomba<\/strong> al P\u00e0rquing del Poliesportiu mentre que per al <strong>dissabte 25 de setembre<\/strong> tenim <strong>partida de raspall<\/strong> (18:<span class=\"hiddenGrammarError\">00h<\/span>), <strong>cercavila de cabuts<\/strong> (20:<span class=\"hiddenGrammarError\">00h<\/span>) i <strong>concert de m\u00fasica festera a c\u00e0rrec de La Xafig\u00e0 i la Banda de Muro<\/strong> (20:<span class=\"hiddenGrammarError\">30h<\/span>).<\/p>\n","protected":false},"excerpt":{"rendered":"<p>L&#8217;Alqueria d&#8217;Asnar continua celebrant diferents actes culturals dins de les seues &#8216;No Festes&#8217; i aquest cap de setmana vam poder&#8230;<\/p>\n","protected":false},"author":1,"featured_media":77836,"comment_status":"open","ping_status":"open","sticky":false,"template":"","format":"standard","meta":{"footnotes":""},"categories":[98,75],"tags":[4681,3080,4738,10123,2190],"class_list":["post-77835","post","type-post","status-publish","format-standard","has-post-thumbnail","hentry","category-comarcas","category-noticias","tag-alqueria-dasnar","tag-correfocs","tag-dimonis-rafolins","tag-espectacle","tag-jaume-pascual"],"yoast_head":"<!-- This site is optimized with the Yoast SEO plugin v27.3 - https:\/\/yoast.com\/product\/yoast-seo-wordpress\/ -->\n<title>Dimonis Rafolins fan vibrar a l&#039;Alqueria d&#039;Asnar amb &#039;El Somni de Posid\u00f3&#039; - COPE Alcoy<\/title>\n<meta name=\"robots\" content=\"index, follow, max-snippet:-1, max-image-preview:large, max-video-preview:-1\" \/>\n<link rel=\"canonical\" href=\"https:\/\/www.copealcoy.es\/es\/dimonis-rafolins-fan-vibrar-a-lalqueria-dasnar-amb-el-somni-de-posido\/\" \/>\n<meta property=\"og:locale\" content=\"es_ES\" \/>\n<meta property=\"og:type\" content=\"article\" \/>\n<meta property=\"og:title\" content=\"Dimonis Rafolins fan vibrar a l&#039;Alqueria d&#039;Asnar amb &#039;El Somni de Posid\u00f3&#039; - COPE Alcoy\" \/>\n<meta property=\"og:description\" content=\"L&#8217;Alqueria d&#8217;Asnar continua celebrant diferents actes culturals dins de les seues &#8216;No Festes&#8217; i aquest cap de setmana vam poder...\" \/>\n<meta property=\"og:url\" content=\"https:\/\/www.copealcoy.es\/es\/dimonis-rafolins-fan-vibrar-a-lalqueria-dasnar-amb-el-somni-de-posido\/\" \/>\n<meta property=\"og:site_name\" content=\"COPE Alcoy\" \/>\n<meta property=\"article:published_time\" content=\"2021-09-20T10:00:00+00:00\" \/>\n<meta property=\"article:modified_time\" content=\"2021-09-23T19:22:17+00:00\" \/>\n<meta property=\"og:image\" content=\"https:\/\/www.copealcoy.es\/wp-content\/uploads\/2021\/09\/242398939_3080875845569174_3507503481156627491_n-e1632068804776.jpg\" \/>\n\t<meta property=\"og:image:width\" content=\"681\" \/>\n\t<meta property=\"og:image:height\" content=\"436\" \/>\n\t<meta property=\"og:image:type\" content=\"image\/jpeg\" \/>\n<meta name=\"author\" content=\"Cope Alcoy\" \/>\n<meta name=\"twitter:label1\" content=\"Escrito por\" \/>\n\t<meta name=\"twitter:data1\" content=\"Cope Alcoy\" \/>\n\t<meta name=\"twitter:label2\" content=\"Tiempo de lectura\" \/>\n\t<meta name=\"twitter:data2\" content=\"2 minutos\" \/>\n<script type=\"application\/ld+json\" class=\"yoast-schema-graph\">{\"@context\":\"https:\\\/\\\/schema.org\",\"@graph\":[{\"@type\":\"Article\",\"@id\":\"https:\\\/\\\/www.copealcoy.es\\\/es\\\/dimonis-rafolins-fan-vibrar-a-lalqueria-dasnar-amb-el-somni-de-posido\\\/#article\",\"isPartOf\":{\"@id\":\"https:\\\/\\\/www.copealcoy.es\\\/es\\\/dimonis-rafolins-fan-vibrar-a-lalqueria-dasnar-amb-el-somni-de-posido\\\/\"},\"author\":{\"name\":\"Cope Alcoy\",\"@id\":\"https:\\\/\\\/www.copealcoy.es\\\/es\\\/#\\\/schema\\\/person\\\/e777c87fa024e57d40170af9df39882c\"},\"headline\":\"Dimonis Rafolins fan vibrar a l&#8217;Alqueria d&#8217;Asnar amb &#8216;El Somni de Posid\u00f3&#8217;\",\"datePublished\":\"2021-09-20T10:00:00+00:00\",\"dateModified\":\"2021-09-23T19:22:17+00:00\",\"mainEntityOfPage\":{\"@id\":\"https:\\\/\\\/www.copealcoy.es\\\/es\\\/dimonis-rafolins-fan-vibrar-a-lalqueria-dasnar-amb-el-somni-de-posido\\\/\"},\"wordCount\":320,\"commentCount\":0,\"image\":{\"@id\":\"https:\\\/\\\/www.copealcoy.es\\\/es\\\/dimonis-rafolins-fan-vibrar-a-lalqueria-dasnar-amb-el-somni-de-posido\\\/#primaryimage\"},\"thumbnailUrl\":\"https:\\\/\\\/www.copealcoy.es\\\/wp-content\\\/uploads\\\/2021\\\/09\\\/242398939_3080875845569174_3507503481156627491_n-e1632068804776.jpg\",\"keywords\":[\"Alquer\u00eda d\u00b4Asnar\",\"Correfocs\",\"Dimonis Rafol\u00edns\",\"espectacle\",\"Jaume Pascual\"],\"articleSection\":[\"Comarcas\",\"Noticias\"],\"inLanguage\":\"es\"},{\"@type\":\"WebPage\",\"@id\":\"https:\\\/\\\/www.copealcoy.es\\\/es\\\/dimonis-rafolins-fan-vibrar-a-lalqueria-dasnar-amb-el-somni-de-posido\\\/\",\"url\":\"https:\\\/\\\/www.copealcoy.es\\\/es\\\/dimonis-rafolins-fan-vibrar-a-lalqueria-dasnar-amb-el-somni-de-posido\\\/\",\"name\":\"Dimonis Rafolins fan vibrar a l'Alqueria d'Asnar amb 'El Somni de Posid\u00f3' - COPE Alcoy\",\"isPartOf\":{\"@id\":\"https:\\\/\\\/www.copealcoy.es\\\/es\\\/#website\"},\"primaryImageOfPage\":{\"@id\":\"https:\\\/\\\/www.copealcoy.es\\\/es\\\/dimonis-rafolins-fan-vibrar-a-lalqueria-dasnar-amb-el-somni-de-posido\\\/#primaryimage\"},\"image\":{\"@id\":\"https:\\\/\\\/www.copealcoy.es\\\/es\\\/dimonis-rafolins-fan-vibrar-a-lalqueria-dasnar-amb-el-somni-de-posido\\\/#primaryimage\"},\"thumbnailUrl\":\"https:\\\/\\\/www.copealcoy.es\\\/wp-content\\\/uploads\\\/2021\\\/09\\\/242398939_3080875845569174_3507503481156627491_n-e1632068804776.jpg\",\"datePublished\":\"2021-09-20T10:00:00+00:00\",\"dateModified\":\"2021-09-23T19:22:17+00:00\",\"author\":{\"@id\":\"https:\\\/\\\/www.copealcoy.es\\\/es\\\/#\\\/schema\\\/person\\\/e777c87fa024e57d40170af9df39882c\"},\"breadcrumb\":{\"@id\":\"https:\\\/\\\/www.copealcoy.es\\\/es\\\/dimonis-rafolins-fan-vibrar-a-lalqueria-dasnar-amb-el-somni-de-posido\\\/#breadcrumb\"},\"inLanguage\":\"es\",\"potentialAction\":[{\"@type\":\"ReadAction\",\"target\":[\"https:\\\/\\\/www.copealcoy.es\\\/es\\\/dimonis-rafolins-fan-vibrar-a-lalqueria-dasnar-amb-el-somni-de-posido\\\/\"]}]},{\"@type\":\"ImageObject\",\"inLanguage\":\"es\",\"@id\":\"https:\\\/\\\/www.copealcoy.es\\\/es\\\/dimonis-rafolins-fan-vibrar-a-lalqueria-dasnar-amb-el-somni-de-posido\\\/#primaryimage\",\"url\":\"https:\\\/\\\/www.copealcoy.es\\\/wp-content\\\/uploads\\\/2021\\\/09\\\/242398939_3080875845569174_3507503481156627491_n-e1632068804776.jpg\",\"contentUrl\":\"https:\\\/\\\/www.copealcoy.es\\\/wp-content\\\/uploads\\\/2021\\\/09\\\/242398939_3080875845569174_3507503481156627491_n-e1632068804776.jpg\",\"width\":681,\"height\":436},{\"@type\":\"BreadcrumbList\",\"@id\":\"https:\\\/\\\/www.copealcoy.es\\\/es\\\/dimonis-rafolins-fan-vibrar-a-lalqueria-dasnar-amb-el-somni-de-posido\\\/#breadcrumb\",\"itemListElement\":[{\"@type\":\"ListItem\",\"position\":1,\"name\":\"Portada\",\"item\":\"https:\\\/\\\/www.copealcoy.es\\\/es\\\/\"},{\"@type\":\"ListItem\",\"position\":2,\"name\":\"Dimonis Rafolins fan vibrar a l&#8217;Alqueria d&#8217;Asnar amb &#8216;El Somni de Posid\u00f3&#8217;\"}]},{\"@type\":\"WebSite\",\"@id\":\"https:\\\/\\\/www.copealcoy.es\\\/es\\\/#website\",\"url\":\"https:\\\/\\\/www.copealcoy.es\\\/es\\\/\",\"name\":\"COPE Alcoy\",\"description\":\"Emisora COPE de radio local con emisi\u00f3n online. Pont de Sant Jordi 8-10 03803 Alcoy\",\"potentialAction\":[{\"@type\":\"SearchAction\",\"target\":{\"@type\":\"EntryPoint\",\"urlTemplate\":\"https:\\\/\\\/www.copealcoy.es\\\/es\\\/?s={search_term_string}\"},\"query-input\":{\"@type\":\"PropertyValueSpecification\",\"valueRequired\":true,\"valueName\":\"search_term_string\"}}],\"inLanguage\":\"es\"},{\"@type\":\"Person\",\"@id\":\"https:\\\/\\\/www.copealcoy.es\\\/es\\\/#\\\/schema\\\/person\\\/e777c87fa024e57d40170af9df39882c\",\"name\":\"Cope Alcoy\",\"image\":{\"@type\":\"ImageObject\",\"inLanguage\":\"es\",\"@id\":\"https:\\\/\\\/secure.gravatar.com\\\/avatar\\\/bb65d0283347e303893ba14f0692005417c1e0e690a325a4c5d8bb2b3943ee14?s=96&d=mm&r=g\",\"url\":\"https:\\\/\\\/secure.gravatar.com\\\/avatar\\\/bb65d0283347e303893ba14f0692005417c1e0e690a325a4c5d8bb2b3943ee14?s=96&d=mm&r=g\",\"contentUrl\":\"https:\\\/\\\/secure.gravatar.com\\\/avatar\\\/bb65d0283347e303893ba14f0692005417c1e0e690a325a4c5d8bb2b3943ee14?s=96&d=mm&r=g\",\"caption\":\"Cope Alcoy\"}}]}<\/script>\n<!-- \/ Yoast SEO plugin. -->","yoast_head_json":{"title":"Dimonis Rafolins fan vibrar a l'Alqueria d'Asnar amb 'El Somni de Posid\u00f3' - COPE Alcoy","robots":{"index":"index","follow":"follow","max-snippet":"max-snippet:-1","max-image-preview":"max-image-preview:large","max-video-preview":"max-video-preview:-1"},"canonical":"https:\/\/www.copealcoy.es\/es\/dimonis-rafolins-fan-vibrar-a-lalqueria-dasnar-amb-el-somni-de-posido\/","og_locale":"es_ES","og_type":"article","og_title":"Dimonis Rafolins fan vibrar a l'Alqueria d'Asnar amb 'El Somni de Posid\u00f3' - COPE Alcoy","og_description":"L&#8217;Alqueria d&#8217;Asnar continua celebrant diferents actes culturals dins de les seues &#8216;No Festes&#8217; i aquest cap de setmana vam poder...","og_url":"https:\/\/www.copealcoy.es\/es\/dimonis-rafolins-fan-vibrar-a-lalqueria-dasnar-amb-el-somni-de-posido\/","og_site_name":"COPE Alcoy","article_published_time":"2021-09-20T10:00:00+00:00","article_modified_time":"2021-09-23T19:22:17+00:00","og_image":[{"width":681,"height":436,"url":"https:\/\/www.copealcoy.es\/wp-content\/uploads\/2021\/09\/242398939_3080875845569174_3507503481156627491_n-e1632068804776.jpg","type":"image\/jpeg"}],"author":"Cope Alcoy","twitter_misc":{"Escrito por":"Cope Alcoy","Tiempo de lectura":"2 minutos"},"schema":{"@context":"https:\/\/schema.org","@graph":[{"@type":"Article","@id":"https:\/\/www.copealcoy.es\/es\/dimonis-rafolins-fan-vibrar-a-lalqueria-dasnar-amb-el-somni-de-posido\/#article","isPartOf":{"@id":"https:\/\/www.copealcoy.es\/es\/dimonis-rafolins-fan-vibrar-a-lalqueria-dasnar-amb-el-somni-de-posido\/"},"author":{"name":"Cope Alcoy","@id":"https:\/\/www.copealcoy.es\/es\/#\/schema\/person\/e777c87fa024e57d40170af9df39882c"},"headline":"Dimonis Rafolins fan vibrar a l&#8217;Alqueria d&#8217;Asnar amb &#8216;El Somni de Posid\u00f3&#8217;","datePublished":"2021-09-20T10:00:00+00:00","dateModified":"2021-09-23T19:22:17+00:00","mainEntityOfPage":{"@id":"https:\/\/www.copealcoy.es\/es\/dimonis-rafolins-fan-vibrar-a-lalqueria-dasnar-amb-el-somni-de-posido\/"},"wordCount":320,"commentCount":0,"image":{"@id":"https:\/\/www.copealcoy.es\/es\/dimonis-rafolins-fan-vibrar-a-lalqueria-dasnar-amb-el-somni-de-posido\/#primaryimage"},"thumbnailUrl":"https:\/\/www.copealcoy.es\/wp-content\/uploads\/2021\/09\/242398939_3080875845569174_3507503481156627491_n-e1632068804776.jpg","keywords":["Alquer\u00eda d\u00b4Asnar","Correfocs","Dimonis Rafol\u00edns","espectacle","Jaume Pascual"],"articleSection":["Comarcas","Noticias"],"inLanguage":"es"},{"@type":"WebPage","@id":"https:\/\/www.copealcoy.es\/es\/dimonis-rafolins-fan-vibrar-a-lalqueria-dasnar-amb-el-somni-de-posido\/","url":"https:\/\/www.copealcoy.es\/es\/dimonis-rafolins-fan-vibrar-a-lalqueria-dasnar-amb-el-somni-de-posido\/","name":"Dimonis Rafolins fan vibrar a l'Alqueria d'Asnar amb 'El Somni de Posid\u00f3' - COPE Alcoy","isPartOf":{"@id":"https:\/\/www.copealcoy.es\/es\/#website"},"primaryImageOfPage":{"@id":"https:\/\/www.copealcoy.es\/es\/dimonis-rafolins-fan-vibrar-a-lalqueria-dasnar-amb-el-somni-de-posido\/#primaryimage"},"image":{"@id":"https:\/\/www.copealcoy.es\/es\/dimonis-rafolins-fan-vibrar-a-lalqueria-dasnar-amb-el-somni-de-posido\/#primaryimage"},"thumbnailUrl":"https:\/\/www.copealcoy.es\/wp-content\/uploads\/2021\/09\/242398939_3080875845569174_3507503481156627491_n-e1632068804776.jpg","datePublished":"2021-09-20T10:00:00+00:00","dateModified":"2021-09-23T19:22:17+00:00","author":{"@id":"https:\/\/www.copealcoy.es\/es\/#\/schema\/person\/e777c87fa024e57d40170af9df39882c"},"breadcrumb":{"@id":"https:\/\/www.copealcoy.es\/es\/dimonis-rafolins-fan-vibrar-a-lalqueria-dasnar-amb-el-somni-de-posido\/#breadcrumb"},"inLanguage":"es","potentialAction":[{"@type":"ReadAction","target":["https:\/\/www.copealcoy.es\/es\/dimonis-rafolins-fan-vibrar-a-lalqueria-dasnar-amb-el-somni-de-posido\/"]}]},{"@type":"ImageObject","inLanguage":"es","@id":"https:\/\/www.copealcoy.es\/es\/dimonis-rafolins-fan-vibrar-a-lalqueria-dasnar-amb-el-somni-de-posido\/#primaryimage","url":"https:\/\/www.copealcoy.es\/wp-content\/uploads\/2021\/09\/242398939_3080875845569174_3507503481156627491_n-e1632068804776.jpg","contentUrl":"https:\/\/www.copealcoy.es\/wp-content\/uploads\/2021\/09\/242398939_3080875845569174_3507503481156627491_n-e1632068804776.jpg","width":681,"height":436},{"@type":"BreadcrumbList","@id":"https:\/\/www.copealcoy.es\/es\/dimonis-rafolins-fan-vibrar-a-lalqueria-dasnar-amb-el-somni-de-posido\/#breadcrumb","itemListElement":[{"@type":"ListItem","position":1,"name":"Portada","item":"https:\/\/www.copealcoy.es\/es\/"},{"@type":"ListItem","position":2,"name":"Dimonis Rafolins fan vibrar a l&#8217;Alqueria d&#8217;Asnar amb &#8216;El Somni de Posid\u00f3&#8217;"}]},{"@type":"WebSite","@id":"https:\/\/www.copealcoy.es\/es\/#website","url":"https:\/\/www.copealcoy.es\/es\/","name":"COPE Alcoy","description":"Emisora COPE de radio local con emisi\u00f3n online. Pont de Sant Jordi 8-10 03803 Alcoy","potentialAction":[{"@type":"SearchAction","target":{"@type":"EntryPoint","urlTemplate":"https:\/\/www.copealcoy.es\/es\/?s={search_term_string}"},"query-input":{"@type":"PropertyValueSpecification","valueRequired":true,"valueName":"search_term_string"}}],"inLanguage":"es"},{"@type":"Person","@id":"https:\/\/www.copealcoy.es\/es\/#\/schema\/person\/e777c87fa024e57d40170af9df39882c","name":"Cope Alcoy","image":{"@type":"ImageObject","inLanguage":"es","@id":"https:\/\/secure.gravatar.com\/avatar\/bb65d0283347e303893ba14f0692005417c1e0e690a325a4c5d8bb2b3943ee14?s=96&d=mm&r=g","url":"https:\/\/secure.gravatar.com\/avatar\/bb65d0283347e303893ba14f0692005417c1e0e690a325a4c5d8bb2b3943ee14?s=96&d=mm&r=g","contentUrl":"https:\/\/secure.gravatar.com\/avatar\/bb65d0283347e303893ba14f0692005417c1e0e690a325a4c5d8bb2b3943ee14?s=96&d=mm&r=g","caption":"Cope Alcoy"}}]}},"_links":{"self":[{"href":"https:\/\/www.copealcoy.es\/es\/wp-json\/wp\/v2\/posts\/77835","targetHints":{"allow":["GET"]}}],"collection":[{"href":"https:\/\/www.copealcoy.es\/es\/wp-json\/wp\/v2\/posts"}],"about":[{"href":"https:\/\/www.copealcoy.es\/es\/wp-json\/wp\/v2\/types\/post"}],"author":[{"embeddable":true,"href":"https:\/\/www.copealcoy.es\/es\/wp-json\/wp\/v2\/users\/1"}],"replies":[{"embeddable":true,"href":"https:\/\/www.copealcoy.es\/es\/wp-json\/wp\/v2\/comments?post=77835"}],"version-history":[{"count":0,"href":"https:\/\/www.copealcoy.es\/es\/wp-json\/wp\/v2\/posts\/77835\/revisions"}],"wp:featuredmedia":[{"embeddable":true,"href":"https:\/\/www.copealcoy.es\/es\/wp-json\/wp\/v2\/media\/77836"}],"wp:attachment":[{"href":"https:\/\/www.copealcoy.es\/es\/wp-json\/wp\/v2\/media?parent=77835"}],"wp:term":[{"taxonomy":"category","embeddable":true,"href":"https:\/\/www.copealcoy.es\/es\/wp-json\/wp\/v2\/categories?post=77835"},{"taxonomy":"post_tag","embeddable":true,"href":"https:\/\/www.copealcoy.es\/es\/wp-json\/wp\/v2\/tags?post=77835"}],"curies":[{"name":"wp","href":"https:\/\/api.w.org\/{rel}","templated":true}]}}