{"id":77810,"date":"2021-09-17T16:30:05","date_gmt":"2021-09-17T15:30:05","guid":{"rendered":"https:\/\/www.copealcoy.es\/?p=77810"},"modified":"2021-09-17T16:34:42","modified_gmt":"2021-09-17T15:34:42","slug":"el-alcoyano-viaja-a-andalucia-para-medirse-ante-el-sevilla-atletico","status":"publish","type":"post","link":"https:\/\/www.copealcoy.es\/es\/el-alcoyano-viaja-a-andalucia-para-medirse-ante-el-sevilla-atletico\/","title":{"rendered":"El Alcoyano viaja a Andaluc\u00eda para medirse ante el Sevilla Atl\u00e9tico"},"content":{"rendered":"<p style=\"text-align: justify;\">El Alcoyano afronta <strong>un nuevo encuentro de liga en la categor\u00eda RFEF<\/strong> y este fin de semana <strong>saldr\u00e1 de nuevo fuera de casa<\/strong> para disputar <strong>el partido correspondiente a la cuarta jornada de la competici\u00f3n<\/strong>. Ser\u00e1<strong> a las 12:00h del mediod\u00eda<\/strong> cuando arrancar\u00e1 <strong>este choque entre rivales directos por la permanencia<\/strong>, aunque en situaciones muy distintas.\u00a0 El <strong>Sevilla Atl\u00e9tico<\/strong> quiere sumar<strong> la primera victoria de la temporada<\/strong> ante un Alcoyano que, pese a resolver sus dos \u00faltimos compromisos en empate,<strong> se mantiene en la zona alta<\/strong> de la clasificaci\u00f3n. El filial sevillista <strong>vuelve al Jes\u00fas Navas<\/strong>, lugar donde ha sacado su \u00fanico punto hasta la fecha. Partido<strong> impredecible<\/strong> en horario matutino.<\/p>\n<p style=\"text-align: justify;\">Los nuestros han pasado la semana en <strong>la posici\u00f3n n\u00famero 6 de la tabla clasificatoria<\/strong> con un total de cinco puntos tras <strong>empatar la pasada semana 1-1 frente al Sabadell<\/strong> en El Collao.<\/p>\n","protected":false},"excerpt":{"rendered":"<p>El Alcoyano afronta un nuevo encuentro de liga en la categor\u00eda RFEF y este fin de semana saldr\u00e1 de nuevo&#8230;<\/p>\n","protected":false},"author":1,"featured_media":77811,"comment_status":"open","ping_status":"open","sticky":false,"template":"","format":"standard","meta":{"footnotes":""},"categories":[92,75],"tags":[1494,140,11777,10332,11776,1154],"class_list":["post-77810","post","type-post","status-publish","format-standard","has-post-thumbnail","hentry","category-deportes","category-noticias","tag-alcoy","tag-alcoyano","tag-jornada-4","tag-nuevo-encuentro","tag-sevilla-atletico","tag-visita"],"yoast_head":"<!-- This site is optimized with the Yoast SEO plugin v27.3 - https:\/\/yoast.com\/product\/yoast-seo-wordpress\/ -->\n<title>El Alcoyano viaja a Andaluc\u00eda para medirse ante el Sevilla Atl\u00e9tico - COPE Alcoy<\/title>\n<meta name=\"robots\" content=\"index, follow, max-snippet:-1, max-image-preview:large, max-video-preview:-1\" \/>\n<link rel=\"canonical\" href=\"https:\/\/www.copealcoy.es\/es\/el-alcoyano-viaja-a-andalucia-para-medirse-ante-el-sevilla-atletico\/\" \/>\n<meta property=\"og:locale\" content=\"es_ES\" \/>\n<meta property=\"og:type\" content=\"article\" \/>\n<meta property=\"og:title\" content=\"El Alcoyano viaja a Andaluc\u00eda para medirse ante el Sevilla Atl\u00e9tico - COPE Alcoy\" \/>\n<meta property=\"og:description\" content=\"El Alcoyano afronta un nuevo encuentro de liga en la categor\u00eda RFEF y este fin de semana saldr\u00e1 de nuevo...\" \/>\n<meta property=\"og:url\" content=\"https:\/\/www.copealcoy.es\/es\/el-alcoyano-viaja-a-andalucia-para-medirse-ante-el-sevilla-atletico\/\" \/>\n<meta property=\"og:site_name\" content=\"COPE Alcoy\" \/>\n<meta property=\"article:published_time\" content=\"2021-09-17T15:30:05+00:00\" \/>\n<meta property=\"article:modified_time\" content=\"2021-09-17T15:34:42+00:00\" \/>\n<meta property=\"og:image\" content=\"https:\/\/www.copealcoy.es\/wp-content\/uploads\/2021\/09\/240805726_1974960796015177_355794162592295024_n-e1631892578173.jpg\" \/>\n\t<meta property=\"og:image:width\" content=\"2048\" \/>\n\t<meta property=\"og:image:height\" content=\"1131\" \/>\n\t<meta property=\"og:image:type\" content=\"image\/jpeg\" \/>\n<meta name=\"author\" content=\"Cope Alcoy\" \/>\n<meta name=\"twitter:label1\" content=\"Escrito por\" \/>\n\t<meta name=\"twitter:data1\" content=\"Cope Alcoy\" \/>\n\t<meta name=\"twitter:label2\" content=\"Tiempo de lectura\" \/>\n\t<meta name=\"twitter:data2\" content=\"1 minuto\" \/>\n<script type=\"application\/ld+json\" class=\"yoast-schema-graph\">{\"@context\":\"https:\\\/\\\/schema.org\",\"@graph\":[{\"@type\":\"Article\",\"@id\":\"https:\\\/\\\/www.copealcoy.es\\\/es\\\/el-alcoyano-viaja-a-andalucia-para-medirse-ante-el-sevilla-atletico\\\/#article\",\"isPartOf\":{\"@id\":\"https:\\\/\\\/www.copealcoy.es\\\/es\\\/el-alcoyano-viaja-a-andalucia-para-medirse-ante-el-sevilla-atletico\\\/\"},\"author\":{\"name\":\"Cope Alcoy\",\"@id\":\"https:\\\/\\\/www.copealcoy.es\\\/es\\\/#\\\/schema\\\/person\\\/e777c87fa024e57d40170af9df39882c\"},\"headline\":\"El Alcoyano viaja a Andaluc\u00eda para medirse ante el Sevilla Atl\u00e9tico\",\"datePublished\":\"2021-09-17T15:30:05+00:00\",\"dateModified\":\"2021-09-17T15:34:42+00:00\",\"mainEntityOfPage\":{\"@id\":\"https:\\\/\\\/www.copealcoy.es\\\/es\\\/el-alcoyano-viaja-a-andalucia-para-medirse-ante-el-sevilla-atletico\\\/\"},\"wordCount\":164,\"commentCount\":0,\"image\":{\"@id\":\"https:\\\/\\\/www.copealcoy.es\\\/es\\\/el-alcoyano-viaja-a-andalucia-para-medirse-ante-el-sevilla-atletico\\\/#primaryimage\"},\"thumbnailUrl\":\"https:\\\/\\\/www.copealcoy.es\\\/wp-content\\\/uploads\\\/2021\\\/09\\\/240805726_1974960796015177_355794162592295024_n-e1631892578173.jpg\",\"keywords\":[\"Alcoy\",\"Alcoyano\",\"jornada 4\",\"nuevo encuentro\",\"Sevilla Atl\u00e9tico\",\"Visita\"],\"articleSection\":[\"Deportes\",\"Noticias\"],\"inLanguage\":\"es\"},{\"@type\":\"WebPage\",\"@id\":\"https:\\\/\\\/www.copealcoy.es\\\/es\\\/el-alcoyano-viaja-a-andalucia-para-medirse-ante-el-sevilla-atletico\\\/\",\"url\":\"https:\\\/\\\/www.copealcoy.es\\\/es\\\/el-alcoyano-viaja-a-andalucia-para-medirse-ante-el-sevilla-atletico\\\/\",\"name\":\"El Alcoyano viaja a Andaluc\u00eda para medirse ante el Sevilla Atl\u00e9tico - COPE Alcoy\",\"isPartOf\":{\"@id\":\"https:\\\/\\\/www.copealcoy.es\\\/es\\\/#website\"},\"primaryImageOfPage\":{\"@id\":\"https:\\\/\\\/www.copealcoy.es\\\/es\\\/el-alcoyano-viaja-a-andalucia-para-medirse-ante-el-sevilla-atletico\\\/#primaryimage\"},\"image\":{\"@id\":\"https:\\\/\\\/www.copealcoy.es\\\/es\\\/el-alcoyano-viaja-a-andalucia-para-medirse-ante-el-sevilla-atletico\\\/#primaryimage\"},\"thumbnailUrl\":\"https:\\\/\\\/www.copealcoy.es\\\/wp-content\\\/uploads\\\/2021\\\/09\\\/240805726_1974960796015177_355794162592295024_n-e1631892578173.jpg\",\"datePublished\":\"2021-09-17T15:30:05+00:00\",\"dateModified\":\"2021-09-17T15:34:42+00:00\",\"author\":{\"@id\":\"https:\\\/\\\/www.copealcoy.es\\\/es\\\/#\\\/schema\\\/person\\\/e777c87fa024e57d40170af9df39882c\"},\"breadcrumb\":{\"@id\":\"https:\\\/\\\/www.copealcoy.es\\\/es\\\/el-alcoyano-viaja-a-andalucia-para-medirse-ante-el-sevilla-atletico\\\/#breadcrumb\"},\"inLanguage\":\"es\",\"potentialAction\":[{\"@type\":\"ReadAction\",\"target\":[\"https:\\\/\\\/www.copealcoy.es\\\/es\\\/el-alcoyano-viaja-a-andalucia-para-medirse-ante-el-sevilla-atletico\\\/\"]}]},{\"@type\":\"ImageObject\",\"inLanguage\":\"es\",\"@id\":\"https:\\\/\\\/www.copealcoy.es\\\/es\\\/el-alcoyano-viaja-a-andalucia-para-medirse-ante-el-sevilla-atletico\\\/#primaryimage\",\"url\":\"https:\\\/\\\/www.copealcoy.es\\\/wp-content\\\/uploads\\\/2021\\\/09\\\/240805726_1974960796015177_355794162592295024_n-e1631892578173.jpg\",\"contentUrl\":\"https:\\\/\\\/www.copealcoy.es\\\/wp-content\\\/uploads\\\/2021\\\/09\\\/240805726_1974960796015177_355794162592295024_n-e1631892578173.jpg\",\"width\":2048,\"height\":1131},{\"@type\":\"BreadcrumbList\",\"@id\":\"https:\\\/\\\/www.copealcoy.es\\\/es\\\/el-alcoyano-viaja-a-andalucia-para-medirse-ante-el-sevilla-atletico\\\/#breadcrumb\",\"itemListElement\":[{\"@type\":\"ListItem\",\"position\":1,\"name\":\"Portada\",\"item\":\"https:\\\/\\\/www.copealcoy.es\\\/es\\\/\"},{\"@type\":\"ListItem\",\"position\":2,\"name\":\"El Alcoyano viaja a Andaluc\u00eda para medirse ante el Sevilla Atl\u00e9tico\"}]},{\"@type\":\"WebSite\",\"@id\":\"https:\\\/\\\/www.copealcoy.es\\\/es\\\/#website\",\"url\":\"https:\\\/\\\/www.copealcoy.es\\\/es\\\/\",\"name\":\"COPE Alcoy\",\"description\":\"Emisora COPE de radio local con emisi\u00f3n online. Pont de Sant Jordi 8-10 03803 Alcoy\",\"potentialAction\":[{\"@type\":\"SearchAction\",\"target\":{\"@type\":\"EntryPoint\",\"urlTemplate\":\"https:\\\/\\\/www.copealcoy.es\\\/es\\\/?s={search_term_string}\"},\"query-input\":{\"@type\":\"PropertyValueSpecification\",\"valueRequired\":true,\"valueName\":\"search_term_string\"}}],\"inLanguage\":\"es\"},{\"@type\":\"Person\",\"@id\":\"https:\\\/\\\/www.copealcoy.es\\\/es\\\/#\\\/schema\\\/person\\\/e777c87fa024e57d40170af9df39882c\",\"name\":\"Cope Alcoy\",\"image\":{\"@type\":\"ImageObject\",\"inLanguage\":\"es\",\"@id\":\"https:\\\/\\\/secure.gravatar.com\\\/avatar\\\/bb65d0283347e303893ba14f0692005417c1e0e690a325a4c5d8bb2b3943ee14?s=96&d=mm&r=g\",\"url\":\"https:\\\/\\\/secure.gravatar.com\\\/avatar\\\/bb65d0283347e303893ba14f0692005417c1e0e690a325a4c5d8bb2b3943ee14?s=96&d=mm&r=g\",\"contentUrl\":\"https:\\\/\\\/secure.gravatar.com\\\/avatar\\\/bb65d0283347e303893ba14f0692005417c1e0e690a325a4c5d8bb2b3943ee14?s=96&d=mm&r=g\",\"caption\":\"Cope Alcoy\"}}]}<\/script>\n<!-- \/ Yoast SEO plugin. -->","yoast_head_json":{"title":"El Alcoyano viaja a Andaluc\u00eda para medirse ante el Sevilla Atl\u00e9tico - COPE Alcoy","robots":{"index":"index","follow":"follow","max-snippet":"max-snippet:-1","max-image-preview":"max-image-preview:large","max-video-preview":"max-video-preview:-1"},"canonical":"https:\/\/www.copealcoy.es\/es\/el-alcoyano-viaja-a-andalucia-para-medirse-ante-el-sevilla-atletico\/","og_locale":"es_ES","og_type":"article","og_title":"El Alcoyano viaja a Andaluc\u00eda para medirse ante el Sevilla Atl\u00e9tico - COPE Alcoy","og_description":"El Alcoyano afronta un nuevo encuentro de liga en la categor\u00eda RFEF y este fin de semana saldr\u00e1 de nuevo...","og_url":"https:\/\/www.copealcoy.es\/es\/el-alcoyano-viaja-a-andalucia-para-medirse-ante-el-sevilla-atletico\/","og_site_name":"COPE Alcoy","article_published_time":"2021-09-17T15:30:05+00:00","article_modified_time":"2021-09-17T15:34:42+00:00","og_image":[{"width":2048,"height":1131,"url":"https:\/\/www.copealcoy.es\/wp-content\/uploads\/2021\/09\/240805726_1974960796015177_355794162592295024_n-e1631892578173.jpg","type":"image\/jpeg"}],"author":"Cope Alcoy","twitter_misc":{"Escrito por":"Cope Alcoy","Tiempo de lectura":"1 minuto"},"schema":{"@context":"https:\/\/schema.org","@graph":[{"@type":"Article","@id":"https:\/\/www.copealcoy.es\/es\/el-alcoyano-viaja-a-andalucia-para-medirse-ante-el-sevilla-atletico\/#article","isPartOf":{"@id":"https:\/\/www.copealcoy.es\/es\/el-alcoyano-viaja-a-andalucia-para-medirse-ante-el-sevilla-atletico\/"},"author":{"name":"Cope Alcoy","@id":"https:\/\/www.copealcoy.es\/es\/#\/schema\/person\/e777c87fa024e57d40170af9df39882c"},"headline":"El Alcoyano viaja a Andaluc\u00eda para medirse ante el Sevilla Atl\u00e9tico","datePublished":"2021-09-17T15:30:05+00:00","dateModified":"2021-09-17T15:34:42+00:00","mainEntityOfPage":{"@id":"https:\/\/www.copealcoy.es\/es\/el-alcoyano-viaja-a-andalucia-para-medirse-ante-el-sevilla-atletico\/"},"wordCount":164,"commentCount":0,"image":{"@id":"https:\/\/www.copealcoy.es\/es\/el-alcoyano-viaja-a-andalucia-para-medirse-ante-el-sevilla-atletico\/#primaryimage"},"thumbnailUrl":"https:\/\/www.copealcoy.es\/wp-content\/uploads\/2021\/09\/240805726_1974960796015177_355794162592295024_n-e1631892578173.jpg","keywords":["Alcoy","Alcoyano","jornada 4","nuevo encuentro","Sevilla Atl\u00e9tico","Visita"],"articleSection":["Deportes","Noticias"],"inLanguage":"es"},{"@type":"WebPage","@id":"https:\/\/www.copealcoy.es\/es\/el-alcoyano-viaja-a-andalucia-para-medirse-ante-el-sevilla-atletico\/","url":"https:\/\/www.copealcoy.es\/es\/el-alcoyano-viaja-a-andalucia-para-medirse-ante-el-sevilla-atletico\/","name":"El Alcoyano viaja a Andaluc\u00eda para medirse ante el Sevilla Atl\u00e9tico - COPE Alcoy","isPartOf":{"@id":"https:\/\/www.copealcoy.es\/es\/#website"},"primaryImageOfPage":{"@id":"https:\/\/www.copealcoy.es\/es\/el-alcoyano-viaja-a-andalucia-para-medirse-ante-el-sevilla-atletico\/#primaryimage"},"image":{"@id":"https:\/\/www.copealcoy.es\/es\/el-alcoyano-viaja-a-andalucia-para-medirse-ante-el-sevilla-atletico\/#primaryimage"},"thumbnailUrl":"https:\/\/www.copealcoy.es\/wp-content\/uploads\/2021\/09\/240805726_1974960796015177_355794162592295024_n-e1631892578173.jpg","datePublished":"2021-09-17T15:30:05+00:00","dateModified":"2021-09-17T15:34:42+00:00","author":{"@id":"https:\/\/www.copealcoy.es\/es\/#\/schema\/person\/e777c87fa024e57d40170af9df39882c"},"breadcrumb":{"@id":"https:\/\/www.copealcoy.es\/es\/el-alcoyano-viaja-a-andalucia-para-medirse-ante-el-sevilla-atletico\/#breadcrumb"},"inLanguage":"es","potentialAction":[{"@type":"ReadAction","target":["https:\/\/www.copealcoy.es\/es\/el-alcoyano-viaja-a-andalucia-para-medirse-ante-el-sevilla-atletico\/"]}]},{"@type":"ImageObject","inLanguage":"es","@id":"https:\/\/www.copealcoy.es\/es\/el-alcoyano-viaja-a-andalucia-para-medirse-ante-el-sevilla-atletico\/#primaryimage","url":"https:\/\/www.copealcoy.es\/wp-content\/uploads\/2021\/09\/240805726_1974960796015177_355794162592295024_n-e1631892578173.jpg","contentUrl":"https:\/\/www.copealcoy.es\/wp-content\/uploads\/2021\/09\/240805726_1974960796015177_355794162592295024_n-e1631892578173.jpg","width":2048,"height":1131},{"@type":"BreadcrumbList","@id":"https:\/\/www.copealcoy.es\/es\/el-alcoyano-viaja-a-andalucia-para-medirse-ante-el-sevilla-atletico\/#breadcrumb","itemListElement":[{"@type":"ListItem","position":1,"name":"Portada","item":"https:\/\/www.copealcoy.es\/es\/"},{"@type":"ListItem","position":2,"name":"El Alcoyano viaja a Andaluc\u00eda para medirse ante el Sevilla Atl\u00e9tico"}]},{"@type":"WebSite","@id":"https:\/\/www.copealcoy.es\/es\/#website","url":"https:\/\/www.copealcoy.es\/es\/","name":"COPE Alcoy","description":"Emisora COPE de radio local con emisi\u00f3n online. Pont de Sant Jordi 8-10 03803 Alcoy","potentialAction":[{"@type":"SearchAction","target":{"@type":"EntryPoint","urlTemplate":"https:\/\/www.copealcoy.es\/es\/?s={search_term_string}"},"query-input":{"@type":"PropertyValueSpecification","valueRequired":true,"valueName":"search_term_string"}}],"inLanguage":"es"},{"@type":"Person","@id":"https:\/\/www.copealcoy.es\/es\/#\/schema\/person\/e777c87fa024e57d40170af9df39882c","name":"Cope Alcoy","image":{"@type":"ImageObject","inLanguage":"es","@id":"https:\/\/secure.gravatar.com\/avatar\/bb65d0283347e303893ba14f0692005417c1e0e690a325a4c5d8bb2b3943ee14?s=96&d=mm&r=g","url":"https:\/\/secure.gravatar.com\/avatar\/bb65d0283347e303893ba14f0692005417c1e0e690a325a4c5d8bb2b3943ee14?s=96&d=mm&r=g","contentUrl":"https:\/\/secure.gravatar.com\/avatar\/bb65d0283347e303893ba14f0692005417c1e0e690a325a4c5d8bb2b3943ee14?s=96&d=mm&r=g","caption":"Cope Alcoy"}}]}},"_links":{"self":[{"href":"https:\/\/www.copealcoy.es\/es\/wp-json\/wp\/v2\/posts\/77810","targetHints":{"allow":["GET"]}}],"collection":[{"href":"https:\/\/www.copealcoy.es\/es\/wp-json\/wp\/v2\/posts"}],"about":[{"href":"https:\/\/www.copealcoy.es\/es\/wp-json\/wp\/v2\/types\/post"}],"author":[{"embeddable":true,"href":"https:\/\/www.copealcoy.es\/es\/wp-json\/wp\/v2\/users\/1"}],"replies":[{"embeddable":true,"href":"https:\/\/www.copealcoy.es\/es\/wp-json\/wp\/v2\/comments?post=77810"}],"version-history":[{"count":0,"href":"https:\/\/www.copealcoy.es\/es\/wp-json\/wp\/v2\/posts\/77810\/revisions"}],"wp:featuredmedia":[{"embeddable":true,"href":"https:\/\/www.copealcoy.es\/es\/wp-json\/wp\/v2\/media\/77811"}],"wp:attachment":[{"href":"https:\/\/www.copealcoy.es\/es\/wp-json\/wp\/v2\/media?parent=77810"}],"wp:term":[{"taxonomy":"category","embeddable":true,"href":"https:\/\/www.copealcoy.es\/es\/wp-json\/wp\/v2\/categories?post=77810"},{"taxonomy":"post_tag","embeddable":true,"href":"https:\/\/www.copealcoy.es\/es\/wp-json\/wp\/v2\/tags?post=77810"}],"curies":[{"name":"wp","href":"https:\/\/api.w.org\/{rel}","templated":true}]}}