{"id":77793,"date":"2021-09-17T15:31:46","date_gmt":"2021-09-17T14:31:46","guid":{"rendered":"https:\/\/www.copealcoy.es\/?p=77793"},"modified":"2021-09-17T15:51:46","modified_gmt":"2021-09-17T14:51:46","slug":"todo-preparado-para-el-reencuentro-con-la-patrona-en-la-font-roja","status":"publish","type":"post","link":"https:\/\/www.copealcoy.es\/es\/todo-preparado-para-el-reencuentro-con-la-patrona-en-la-font-roja\/","title":{"rendered":"Todo preparado para el reencuentro con la patrona en la Font Roja"},"content":{"rendered":"<p style=\"text-align: justify;\">Alcoy ultima<strong> los preparativos<\/strong> para rendir durante este fin de semana <strong>un merecido homenaje a su patrona<\/strong>, <strong>la Virgen de los Lirios<\/strong>. Los festejos <strong>se han adaptado a las exigencias de la crisis del Coronavirus<\/strong> y la mejora de la situaci\u00f3n sanitaria va a permitir que el domingo <strong>se pueda subir de nuevo en romer\u00eda a la Font Roja<\/strong>.<\/p>\n<p style=\"text-align: justify;\">Los actos en honor a la Mare de D\u00e9u siguen esta tarde con <strong>el \u00faltimo d\u00eda del Triduo<\/strong> en la Parroquia de San Mauro y San Francisco, <strong>una jornada que estar\u00e1 dedicada a las familias<\/strong> y que <strong>incluir\u00e1 el rezo de La Sabatina a las 19:30h<\/strong> junto a <strong>la misa solemne a las 20:00h<\/strong> para homenajear a los matrimonios que celebran sus Bodas de Plata o de Oro. Ya ma\u00f1ana destacan actos como <strong>el volteo general de campanas<\/strong> a mediod\u00eda en todas las iglesias de la ciudad, <strong>la misa solemne vespertina<\/strong> a partir de las 18:30h y<strong> la ofrenda floral<\/strong> dentro del templo que dar\u00e1 pasado a <strong>&#8216;la crida&#8217; a la romer\u00eda<\/strong> por parte de de <strong>Don <\/strong><span style=\"font-size: revert; color: initial; font-family: -apple-system, BlinkMacSystemFont, 'Segoe UI', Roboto, Oxygen-Sans, Ubuntu, Cantarell, 'Helvetica Neue', sans-serif;\"><strong>Paco Gonza\u0301lez Buades<\/strong>. El domingo <strong>tendr\u00e1 un formato diferente respecto a la programaci\u00f3n festiva habitual<\/strong> y este a\u00f1o <strong>si que podremos subir a la Font Roja en romer\u00eda<\/strong> para visitar a la Virgen de los Lirios &#8220;<em>no habr\u00e1 despert\u00e0 ni tampoco subir\u00e1 la imagen peregrina para no crear ning\u00fan tipo de aglomeraci\u00f3n. Un grupo de devotos, junto a algunas autoridades, hemos quedado a las 08:30h en San Mauro para subir al Santuario. All\u00ed habr\u00e1 una misa a las 12:00h del mediod\u00eda y en el altar estar\u00e1 la escultura de la patrona que sacamos todos los a\u00f1os por la Font Roja en la festividad del 21 de agosto<\/em>&#8220;, destacaba este viernes en COPE ALCOY<strong> Maite Pinilla<\/strong>; Presidenta de la Archicofrad\u00eda.\u00a0<\/span><\/p>\n<p style=\"text-align: justify;\">La mencionada imagen de la Virgen Peregrina <strong>est\u00e1 custodiada por las religiosas del Convento del Santo Sepulcro<\/strong> desde el inicio de la pandemia. El domingo <strong>habr\u00e1 tambi\u00e9n servicio especial de autobuses a la Font Roja<\/strong> desde la parada ubicada en la calle de Santo Tom\u00e1s.<\/p>\n","protected":false},"excerpt":{"rendered":"<p>Alcoy ultima los preparativos para rendir durante este fin de semana un merecido homenaje a su patrona, la Virgen de&#8230;<\/p>\n","protected":false},"author":1,"featured_media":64832,"comment_status":"open","ping_status":"open","sticky":false,"template":"","format":"standard","meta":{"footnotes":""},"categories":[97,78,75],"tags":[1494,437,1432,9422,566,1347],"class_list":["post-77793","post","type-post","status-publish","format-standard","has-post-thumbnail","hentry","category-alcoy","category-fiestaycultura","category-noticias","tag-alcoy","tag-font-roja","tag-patrona","tag-reencuentro","tag-romeria","tag-virgen-de-los-lirios"],"yoast_head":"<!-- This site is optimized with the Yoast SEO plugin v27.3 - https:\/\/yoast.com\/product\/yoast-seo-wordpress\/ -->\n<title>Todo preparado para el reencuentro con la patrona en la Font Roja - COPE Alcoy<\/title>\n<meta name=\"robots\" content=\"index, follow, max-snippet:-1, max-image-preview:large, max-video-preview:-1\" \/>\n<link rel=\"canonical\" href=\"https:\/\/www.copealcoy.es\/es\/todo-preparado-para-el-reencuentro-con-la-patrona-en-la-font-roja\/\" \/>\n<meta property=\"og:locale\" content=\"es_ES\" \/>\n<meta property=\"og:type\" content=\"article\" \/>\n<meta property=\"og:title\" content=\"Todo preparado para el reencuentro con la patrona en la Font Roja - COPE Alcoy\" \/>\n<meta property=\"og:description\" content=\"Alcoy ultima los preparativos para rendir durante este fin de semana un merecido homenaje a su patrona, la Virgen de...\" \/>\n<meta property=\"og:url\" content=\"https:\/\/www.copealcoy.es\/es\/todo-preparado-para-el-reencuentro-con-la-patrona-en-la-font-roja\/\" \/>\n<meta property=\"og:site_name\" content=\"COPE Alcoy\" \/>\n<meta property=\"article:published_time\" content=\"2021-09-17T14:31:46+00:00\" \/>\n<meta property=\"article:modified_time\" content=\"2021-09-17T14:51:46+00:00\" \/>\n<meta property=\"og:image\" content=\"https:\/\/www.copealcoy.es\/wp-content\/uploads\/2020\/08\/virgen-de-los-lirios-e1631889095862.jpg\" \/>\n\t<meta property=\"og:image:width\" content=\"682\" \/>\n\t<meta property=\"og:image:height\" content=\"455\" \/>\n\t<meta property=\"og:image:type\" content=\"image\/jpeg\" \/>\n<meta name=\"author\" content=\"Cope Alcoy\" \/>\n<meta name=\"twitter:label1\" content=\"Escrito por\" \/>\n\t<meta name=\"twitter:data1\" content=\"Cope Alcoy\" \/>\n\t<meta name=\"twitter:label2\" content=\"Tiempo de lectura\" \/>\n\t<meta name=\"twitter:data2\" content=\"2 minutos\" \/>\n<script type=\"application\/ld+json\" class=\"yoast-schema-graph\">{\"@context\":\"https:\\\/\\\/schema.org\",\"@graph\":[{\"@type\":\"Article\",\"@id\":\"https:\\\/\\\/www.copealcoy.es\\\/es\\\/todo-preparado-para-el-reencuentro-con-la-patrona-en-la-font-roja\\\/#article\",\"isPartOf\":{\"@id\":\"https:\\\/\\\/www.copealcoy.es\\\/es\\\/todo-preparado-para-el-reencuentro-con-la-patrona-en-la-font-roja\\\/\"},\"author\":{\"name\":\"Cope Alcoy\",\"@id\":\"https:\\\/\\\/www.copealcoy.es\\\/es\\\/#\\\/schema\\\/person\\\/e777c87fa024e57d40170af9df39882c\"},\"headline\":\"Todo preparado para el reencuentro con la patrona en la Font Roja\",\"datePublished\":\"2021-09-17T14:31:46+00:00\",\"dateModified\":\"2021-09-17T14:51:46+00:00\",\"mainEntityOfPage\":{\"@id\":\"https:\\\/\\\/www.copealcoy.es\\\/es\\\/todo-preparado-para-el-reencuentro-con-la-patrona-en-la-font-roja\\\/\"},\"wordCount\":369,\"commentCount\":0,\"image\":{\"@id\":\"https:\\\/\\\/www.copealcoy.es\\\/es\\\/todo-preparado-para-el-reencuentro-con-la-patrona-en-la-font-roja\\\/#primaryimage\"},\"thumbnailUrl\":\"https:\\\/\\\/www.copealcoy.es\\\/wp-content\\\/uploads\\\/2020\\\/08\\\/virgen-de-los-lirios-e1631889095862.jpg\",\"keywords\":[\"Alcoy\",\"Font Roja\",\"patrona\",\"reencuentro\",\"Romer\u00eda\",\"Virgen de los Lirios\"],\"articleSection\":[\"Alcoy\",\"Fiesta y Cultura\",\"Noticias\"],\"inLanguage\":\"es\"},{\"@type\":\"WebPage\",\"@id\":\"https:\\\/\\\/www.copealcoy.es\\\/es\\\/todo-preparado-para-el-reencuentro-con-la-patrona-en-la-font-roja\\\/\",\"url\":\"https:\\\/\\\/www.copealcoy.es\\\/es\\\/todo-preparado-para-el-reencuentro-con-la-patrona-en-la-font-roja\\\/\",\"name\":\"Todo preparado para el reencuentro con la patrona en la Font Roja - COPE Alcoy\",\"isPartOf\":{\"@id\":\"https:\\\/\\\/www.copealcoy.es\\\/es\\\/#website\"},\"primaryImageOfPage\":{\"@id\":\"https:\\\/\\\/www.copealcoy.es\\\/es\\\/todo-preparado-para-el-reencuentro-con-la-patrona-en-la-font-roja\\\/#primaryimage\"},\"image\":{\"@id\":\"https:\\\/\\\/www.copealcoy.es\\\/es\\\/todo-preparado-para-el-reencuentro-con-la-patrona-en-la-font-roja\\\/#primaryimage\"},\"thumbnailUrl\":\"https:\\\/\\\/www.copealcoy.es\\\/wp-content\\\/uploads\\\/2020\\\/08\\\/virgen-de-los-lirios-e1631889095862.jpg\",\"datePublished\":\"2021-09-17T14:31:46+00:00\",\"dateModified\":\"2021-09-17T14:51:46+00:00\",\"author\":{\"@id\":\"https:\\\/\\\/www.copealcoy.es\\\/es\\\/#\\\/schema\\\/person\\\/e777c87fa024e57d40170af9df39882c\"},\"breadcrumb\":{\"@id\":\"https:\\\/\\\/www.copealcoy.es\\\/es\\\/todo-preparado-para-el-reencuentro-con-la-patrona-en-la-font-roja\\\/#breadcrumb\"},\"inLanguage\":\"es\",\"potentialAction\":[{\"@type\":\"ReadAction\",\"target\":[\"https:\\\/\\\/www.copealcoy.es\\\/es\\\/todo-preparado-para-el-reencuentro-con-la-patrona-en-la-font-roja\\\/\"]}]},{\"@type\":\"ImageObject\",\"inLanguage\":\"es\",\"@id\":\"https:\\\/\\\/www.copealcoy.es\\\/es\\\/todo-preparado-para-el-reencuentro-con-la-patrona-en-la-font-roja\\\/#primaryimage\",\"url\":\"https:\\\/\\\/www.copealcoy.es\\\/wp-content\\\/uploads\\\/2020\\\/08\\\/virgen-de-los-lirios-e1631889095862.jpg\",\"contentUrl\":\"https:\\\/\\\/www.copealcoy.es\\\/wp-content\\\/uploads\\\/2020\\\/08\\\/virgen-de-los-lirios-e1631889095862.jpg\",\"width\":682,\"height\":455},{\"@type\":\"BreadcrumbList\",\"@id\":\"https:\\\/\\\/www.copealcoy.es\\\/es\\\/todo-preparado-para-el-reencuentro-con-la-patrona-en-la-font-roja\\\/#breadcrumb\",\"itemListElement\":[{\"@type\":\"ListItem\",\"position\":1,\"name\":\"Portada\",\"item\":\"https:\\\/\\\/www.copealcoy.es\\\/es\\\/\"},{\"@type\":\"ListItem\",\"position\":2,\"name\":\"Todo preparado para el reencuentro con la patrona en la Font Roja\"}]},{\"@type\":\"WebSite\",\"@id\":\"https:\\\/\\\/www.copealcoy.es\\\/es\\\/#website\",\"url\":\"https:\\\/\\\/www.copealcoy.es\\\/es\\\/\",\"name\":\"COPE Alcoy\",\"description\":\"Emisora COPE de radio local con emisi\u00f3n online. Pont de Sant Jordi 8-10 03803 Alcoy\",\"potentialAction\":[{\"@type\":\"SearchAction\",\"target\":{\"@type\":\"EntryPoint\",\"urlTemplate\":\"https:\\\/\\\/www.copealcoy.es\\\/es\\\/?s={search_term_string}\"},\"query-input\":{\"@type\":\"PropertyValueSpecification\",\"valueRequired\":true,\"valueName\":\"search_term_string\"}}],\"inLanguage\":\"es\"},{\"@type\":\"Person\",\"@id\":\"https:\\\/\\\/www.copealcoy.es\\\/es\\\/#\\\/schema\\\/person\\\/e777c87fa024e57d40170af9df39882c\",\"name\":\"Cope Alcoy\",\"image\":{\"@type\":\"ImageObject\",\"inLanguage\":\"es\",\"@id\":\"https:\\\/\\\/secure.gravatar.com\\\/avatar\\\/bb65d0283347e303893ba14f0692005417c1e0e690a325a4c5d8bb2b3943ee14?s=96&d=mm&r=g\",\"url\":\"https:\\\/\\\/secure.gravatar.com\\\/avatar\\\/bb65d0283347e303893ba14f0692005417c1e0e690a325a4c5d8bb2b3943ee14?s=96&d=mm&r=g\",\"contentUrl\":\"https:\\\/\\\/secure.gravatar.com\\\/avatar\\\/bb65d0283347e303893ba14f0692005417c1e0e690a325a4c5d8bb2b3943ee14?s=96&d=mm&r=g\",\"caption\":\"Cope Alcoy\"}}]}<\/script>\n<!-- \/ Yoast SEO plugin. -->","yoast_head_json":{"title":"Todo preparado para el reencuentro con la patrona en la Font Roja - COPE Alcoy","robots":{"index":"index","follow":"follow","max-snippet":"max-snippet:-1","max-image-preview":"max-image-preview:large","max-video-preview":"max-video-preview:-1"},"canonical":"https:\/\/www.copealcoy.es\/es\/todo-preparado-para-el-reencuentro-con-la-patrona-en-la-font-roja\/","og_locale":"es_ES","og_type":"article","og_title":"Todo preparado para el reencuentro con la patrona en la Font Roja - COPE Alcoy","og_description":"Alcoy ultima los preparativos para rendir durante este fin de semana un merecido homenaje a su patrona, la Virgen de...","og_url":"https:\/\/www.copealcoy.es\/es\/todo-preparado-para-el-reencuentro-con-la-patrona-en-la-font-roja\/","og_site_name":"COPE Alcoy","article_published_time":"2021-09-17T14:31:46+00:00","article_modified_time":"2021-09-17T14:51:46+00:00","og_image":[{"width":682,"height":455,"url":"https:\/\/www.copealcoy.es\/wp-content\/uploads\/2020\/08\/virgen-de-los-lirios-e1631889095862.jpg","type":"image\/jpeg"}],"author":"Cope Alcoy","twitter_misc":{"Escrito por":"Cope Alcoy","Tiempo de lectura":"2 minutos"},"schema":{"@context":"https:\/\/schema.org","@graph":[{"@type":"Article","@id":"https:\/\/www.copealcoy.es\/es\/todo-preparado-para-el-reencuentro-con-la-patrona-en-la-font-roja\/#article","isPartOf":{"@id":"https:\/\/www.copealcoy.es\/es\/todo-preparado-para-el-reencuentro-con-la-patrona-en-la-font-roja\/"},"author":{"name":"Cope Alcoy","@id":"https:\/\/www.copealcoy.es\/es\/#\/schema\/person\/e777c87fa024e57d40170af9df39882c"},"headline":"Todo preparado para el reencuentro con la patrona en la Font Roja","datePublished":"2021-09-17T14:31:46+00:00","dateModified":"2021-09-17T14:51:46+00:00","mainEntityOfPage":{"@id":"https:\/\/www.copealcoy.es\/es\/todo-preparado-para-el-reencuentro-con-la-patrona-en-la-font-roja\/"},"wordCount":369,"commentCount":0,"image":{"@id":"https:\/\/www.copealcoy.es\/es\/todo-preparado-para-el-reencuentro-con-la-patrona-en-la-font-roja\/#primaryimage"},"thumbnailUrl":"https:\/\/www.copealcoy.es\/wp-content\/uploads\/2020\/08\/virgen-de-los-lirios-e1631889095862.jpg","keywords":["Alcoy","Font Roja","patrona","reencuentro","Romer\u00eda","Virgen de los Lirios"],"articleSection":["Alcoy","Fiesta y Cultura","Noticias"],"inLanguage":"es"},{"@type":"WebPage","@id":"https:\/\/www.copealcoy.es\/es\/todo-preparado-para-el-reencuentro-con-la-patrona-en-la-font-roja\/","url":"https:\/\/www.copealcoy.es\/es\/todo-preparado-para-el-reencuentro-con-la-patrona-en-la-font-roja\/","name":"Todo preparado para el reencuentro con la patrona en la Font Roja - COPE Alcoy","isPartOf":{"@id":"https:\/\/www.copealcoy.es\/es\/#website"},"primaryImageOfPage":{"@id":"https:\/\/www.copealcoy.es\/es\/todo-preparado-para-el-reencuentro-con-la-patrona-en-la-font-roja\/#primaryimage"},"image":{"@id":"https:\/\/www.copealcoy.es\/es\/todo-preparado-para-el-reencuentro-con-la-patrona-en-la-font-roja\/#primaryimage"},"thumbnailUrl":"https:\/\/www.copealcoy.es\/wp-content\/uploads\/2020\/08\/virgen-de-los-lirios-e1631889095862.jpg","datePublished":"2021-09-17T14:31:46+00:00","dateModified":"2021-09-17T14:51:46+00:00","author":{"@id":"https:\/\/www.copealcoy.es\/es\/#\/schema\/person\/e777c87fa024e57d40170af9df39882c"},"breadcrumb":{"@id":"https:\/\/www.copealcoy.es\/es\/todo-preparado-para-el-reencuentro-con-la-patrona-en-la-font-roja\/#breadcrumb"},"inLanguage":"es","potentialAction":[{"@type":"ReadAction","target":["https:\/\/www.copealcoy.es\/es\/todo-preparado-para-el-reencuentro-con-la-patrona-en-la-font-roja\/"]}]},{"@type":"ImageObject","inLanguage":"es","@id":"https:\/\/www.copealcoy.es\/es\/todo-preparado-para-el-reencuentro-con-la-patrona-en-la-font-roja\/#primaryimage","url":"https:\/\/www.copealcoy.es\/wp-content\/uploads\/2020\/08\/virgen-de-los-lirios-e1631889095862.jpg","contentUrl":"https:\/\/www.copealcoy.es\/wp-content\/uploads\/2020\/08\/virgen-de-los-lirios-e1631889095862.jpg","width":682,"height":455},{"@type":"BreadcrumbList","@id":"https:\/\/www.copealcoy.es\/es\/todo-preparado-para-el-reencuentro-con-la-patrona-en-la-font-roja\/#breadcrumb","itemListElement":[{"@type":"ListItem","position":1,"name":"Portada","item":"https:\/\/www.copealcoy.es\/es\/"},{"@type":"ListItem","position":2,"name":"Todo preparado para el reencuentro con la patrona en la Font Roja"}]},{"@type":"WebSite","@id":"https:\/\/www.copealcoy.es\/es\/#website","url":"https:\/\/www.copealcoy.es\/es\/","name":"COPE Alcoy","description":"Emisora COPE de radio local con emisi\u00f3n online. Pont de Sant Jordi 8-10 03803 Alcoy","potentialAction":[{"@type":"SearchAction","target":{"@type":"EntryPoint","urlTemplate":"https:\/\/www.copealcoy.es\/es\/?s={search_term_string}"},"query-input":{"@type":"PropertyValueSpecification","valueRequired":true,"valueName":"search_term_string"}}],"inLanguage":"es"},{"@type":"Person","@id":"https:\/\/www.copealcoy.es\/es\/#\/schema\/person\/e777c87fa024e57d40170af9df39882c","name":"Cope Alcoy","image":{"@type":"ImageObject","inLanguage":"es","@id":"https:\/\/secure.gravatar.com\/avatar\/bb65d0283347e303893ba14f0692005417c1e0e690a325a4c5d8bb2b3943ee14?s=96&d=mm&r=g","url":"https:\/\/secure.gravatar.com\/avatar\/bb65d0283347e303893ba14f0692005417c1e0e690a325a4c5d8bb2b3943ee14?s=96&d=mm&r=g","contentUrl":"https:\/\/secure.gravatar.com\/avatar\/bb65d0283347e303893ba14f0692005417c1e0e690a325a4c5d8bb2b3943ee14?s=96&d=mm&r=g","caption":"Cope Alcoy"}}]}},"_links":{"self":[{"href":"https:\/\/www.copealcoy.es\/es\/wp-json\/wp\/v2\/posts\/77793","targetHints":{"allow":["GET"]}}],"collection":[{"href":"https:\/\/www.copealcoy.es\/es\/wp-json\/wp\/v2\/posts"}],"about":[{"href":"https:\/\/www.copealcoy.es\/es\/wp-json\/wp\/v2\/types\/post"}],"author":[{"embeddable":true,"href":"https:\/\/www.copealcoy.es\/es\/wp-json\/wp\/v2\/users\/1"}],"replies":[{"embeddable":true,"href":"https:\/\/www.copealcoy.es\/es\/wp-json\/wp\/v2\/comments?post=77793"}],"version-history":[{"count":0,"href":"https:\/\/www.copealcoy.es\/es\/wp-json\/wp\/v2\/posts\/77793\/revisions"}],"wp:featuredmedia":[{"embeddable":true,"href":"https:\/\/www.copealcoy.es\/es\/wp-json\/wp\/v2\/media\/64832"}],"wp:attachment":[{"href":"https:\/\/www.copealcoy.es\/es\/wp-json\/wp\/v2\/media?parent=77793"}],"wp:term":[{"taxonomy":"category","embeddable":true,"href":"https:\/\/www.copealcoy.es\/es\/wp-json\/wp\/v2\/categories?post=77793"},{"taxonomy":"post_tag","embeddable":true,"href":"https:\/\/www.copealcoy.es\/es\/wp-json\/wp\/v2\/tags?post=77793"}],"curies":[{"name":"wp","href":"https:\/\/api.w.org\/{rel}","templated":true}]}}