{"id":77674,"date":"2021-09-15T17:35:50","date_gmt":"2021-09-15T16:35:50","guid":{"rendered":"https:\/\/www.copealcoy.es\/?p=77674"},"modified":"2021-09-15T17:48:09","modified_gmt":"2021-09-15T16:48:09","slug":"gabriel-guillem-pregona-a-la-virgen-de-los-lirios","status":"publish","type":"post","link":"https:\/\/www.copealcoy.es\/es\/gabriel-guillem-pregona-a-la-virgen-de-los-lirios\/","title":{"rendered":"Gabriel Guillem pregona a la Virgen de los Lirios"},"content":{"rendered":"<p style=\"text-align: justify;\">Los actos de la<strong> semana grande en honor a la Virgen de los Lirios<\/strong> siguen sucedi\u00e9ndose en nuestra ciudad y ayer martes tuvo lugar <strong>el Preg\u00f3n de las fiestas patronales en la Parroquia de San Mauro y San Francisco<\/strong>. La cita fue a cargo del historiador local, <strong>Gabriel Guillem<\/strong>, y en su intervenci\u00f3n el Pregonero hizo referencia a <strong>diferentes cuestiones relativas a la religiosidad popular<\/strong> de nuestra ciudad, <strong>la devoci\u00f3n que Alcoy le profesa a la Mare de D\u00e9u de la Font Roja<\/strong> o<strong> las tradiciones<\/strong> que dan forma a estos festejos.\u00a0 El Preg\u00f3n finaliz\u00f3 con <strong>el aplauso un\u00e1nime de todos los presentes<\/strong> y seguidamente la Presidenta de la Archicofrad\u00eda, <strong>Maite Pinilla<\/strong>, entreg\u00f3 a Gabriel Guillem <strong>un detalle<\/strong> en recuerdo de esta jornada especial.<\/p>\n<p style=\"text-align: justify;\">La programaci\u00f3n religiosa en honor a la Virgen de los Lirios sigue con <strong>el Triduo<\/strong>, unos oficios religiosos que <strong>tendr\u00e1n lugar desde hoy hasta el viernes<\/strong> y que incluir\u00e1n<strong> el Rezo de La Sabatina<\/strong> a las 19:30h as\u00ed como <strong>la misa solemne<\/strong> a las 20:00h. En esta eucarist\u00eda participar\u00e1n de forma activa <strong>los j\u00f3venes el mi\u00e9rcoles, las camareras de la Virgen el jueves y las familias el viernes<\/strong>.<\/p>\n","protected":false},"excerpt":{"rendered":"<p>Los actos de la semana grande en honor a la Virgen de los Lirios siguen sucedi\u00e9ndose en nuestra ciudad y&#8230;<\/p>\n","protected":false},"author":1,"featured_media":77675,"comment_status":"open","ping_status":"open","sticky":false,"template":"","format":"standard","meta":{"footnotes":""},"categories":[97,78,75],"tags":[1494,9977,9659,11761,566],"class_list":["post-77674","post","type-post","status-publish","format-standard","has-post-thumbnail","hentry","category-alcoy","category-fiestaycultura","category-noticias","tag-alcoy","tag-gabriel-guillem","tag-maite-pinilla","tag-pregon-virgen-de-los-lirios","tag-romeria"],"yoast_head":"<!-- This site is optimized with the Yoast SEO plugin v27.3 - https:\/\/yoast.com\/product\/yoast-seo-wordpress\/ -->\n<title>Gabriel Guillem pregona a la Virgen de los Lirios - COPE Alcoy<\/title>\n<meta name=\"robots\" content=\"index, follow, max-snippet:-1, max-image-preview:large, max-video-preview:-1\" \/>\n<link rel=\"canonical\" href=\"https:\/\/www.copealcoy.es\/es\/gabriel-guillem-pregona-a-la-virgen-de-los-lirios\/\" \/>\n<meta property=\"og:locale\" content=\"es_ES\" \/>\n<meta property=\"og:type\" content=\"article\" \/>\n<meta property=\"og:title\" content=\"Gabriel Guillem pregona a la Virgen de los Lirios - COPE Alcoy\" \/>\n<meta property=\"og:description\" content=\"Los actos de la semana grande en honor a la Virgen de los Lirios siguen sucedi\u00e9ndose en nuestra ciudad y...\" \/>\n<meta property=\"og:url\" content=\"https:\/\/www.copealcoy.es\/es\/gabriel-guillem-pregona-a-la-virgen-de-los-lirios\/\" \/>\n<meta property=\"og:site_name\" content=\"COPE Alcoy\" \/>\n<meta property=\"article:published_time\" content=\"2021-09-15T16:35:50+00:00\" \/>\n<meta property=\"article:modified_time\" content=\"2021-09-15T16:48:09+00:00\" \/>\n<meta property=\"og:image\" content=\"https:\/\/www.copealcoy.es\/wp-content\/uploads\/2021\/09\/unnamed-5.jpg\" \/>\n\t<meta property=\"og:image:width\" content=\"1361\" \/>\n\t<meta property=\"og:image:height\" content=\"940\" \/>\n\t<meta property=\"og:image:type\" content=\"image\/jpeg\" \/>\n<meta name=\"author\" content=\"Cope Alcoy\" \/>\n<meta name=\"twitter:label1\" content=\"Escrito por\" \/>\n\t<meta name=\"twitter:data1\" content=\"Cope Alcoy\" \/>\n\t<meta name=\"twitter:label2\" content=\"Tiempo de lectura\" \/>\n\t<meta name=\"twitter:data2\" content=\"1 minuto\" \/>\n<script type=\"application\/ld+json\" class=\"yoast-schema-graph\">{\"@context\":\"https:\\\/\\\/schema.org\",\"@graph\":[{\"@type\":\"Article\",\"@id\":\"https:\\\/\\\/www.copealcoy.es\\\/es\\\/gabriel-guillem-pregona-a-la-virgen-de-los-lirios\\\/#article\",\"isPartOf\":{\"@id\":\"https:\\\/\\\/www.copealcoy.es\\\/es\\\/gabriel-guillem-pregona-a-la-virgen-de-los-lirios\\\/\"},\"author\":{\"name\":\"Cope Alcoy\",\"@id\":\"https:\\\/\\\/www.copealcoy.es\\\/es\\\/#\\\/schema\\\/person\\\/e777c87fa024e57d40170af9df39882c\"},\"headline\":\"Gabriel Guillem pregona a la Virgen de los Lirios\",\"datePublished\":\"2021-09-15T16:35:50+00:00\",\"dateModified\":\"2021-09-15T16:48:09+00:00\",\"mainEntityOfPage\":{\"@id\":\"https:\\\/\\\/www.copealcoy.es\\\/es\\\/gabriel-guillem-pregona-a-la-virgen-de-los-lirios\\\/\"},\"wordCount\":216,\"commentCount\":0,\"image\":{\"@id\":\"https:\\\/\\\/www.copealcoy.es\\\/es\\\/gabriel-guillem-pregona-a-la-virgen-de-los-lirios\\\/#primaryimage\"},\"thumbnailUrl\":\"https:\\\/\\\/www.copealcoy.es\\\/wp-content\\\/uploads\\\/2021\\\/09\\\/unnamed-5.jpg\",\"keywords\":[\"Alcoy\",\"Gabriel Guillem\",\"Maite Pinilla\",\"Preg\u00f3n. Virgen de los Lirios\",\"Romer\u00eda\"],\"articleSection\":[\"Alcoy\",\"Fiesta y Cultura\",\"Noticias\"],\"inLanguage\":\"es\"},{\"@type\":\"WebPage\",\"@id\":\"https:\\\/\\\/www.copealcoy.es\\\/es\\\/gabriel-guillem-pregona-a-la-virgen-de-los-lirios\\\/\",\"url\":\"https:\\\/\\\/www.copealcoy.es\\\/es\\\/gabriel-guillem-pregona-a-la-virgen-de-los-lirios\\\/\",\"name\":\"Gabriel Guillem pregona a la Virgen de los Lirios - COPE Alcoy\",\"isPartOf\":{\"@id\":\"https:\\\/\\\/www.copealcoy.es\\\/es\\\/#website\"},\"primaryImageOfPage\":{\"@id\":\"https:\\\/\\\/www.copealcoy.es\\\/es\\\/gabriel-guillem-pregona-a-la-virgen-de-los-lirios\\\/#primaryimage\"},\"image\":{\"@id\":\"https:\\\/\\\/www.copealcoy.es\\\/es\\\/gabriel-guillem-pregona-a-la-virgen-de-los-lirios\\\/#primaryimage\"},\"thumbnailUrl\":\"https:\\\/\\\/www.copealcoy.es\\\/wp-content\\\/uploads\\\/2021\\\/09\\\/unnamed-5.jpg\",\"datePublished\":\"2021-09-15T16:35:50+00:00\",\"dateModified\":\"2021-09-15T16:48:09+00:00\",\"author\":{\"@id\":\"https:\\\/\\\/www.copealcoy.es\\\/es\\\/#\\\/schema\\\/person\\\/e777c87fa024e57d40170af9df39882c\"},\"breadcrumb\":{\"@id\":\"https:\\\/\\\/www.copealcoy.es\\\/es\\\/gabriel-guillem-pregona-a-la-virgen-de-los-lirios\\\/#breadcrumb\"},\"inLanguage\":\"es\",\"potentialAction\":[{\"@type\":\"ReadAction\",\"target\":[\"https:\\\/\\\/www.copealcoy.es\\\/es\\\/gabriel-guillem-pregona-a-la-virgen-de-los-lirios\\\/\"]}]},{\"@type\":\"ImageObject\",\"inLanguage\":\"es\",\"@id\":\"https:\\\/\\\/www.copealcoy.es\\\/es\\\/gabriel-guillem-pregona-a-la-virgen-de-los-lirios\\\/#primaryimage\",\"url\":\"https:\\\/\\\/www.copealcoy.es\\\/wp-content\\\/uploads\\\/2021\\\/09\\\/unnamed-5.jpg\",\"contentUrl\":\"https:\\\/\\\/www.copealcoy.es\\\/wp-content\\\/uploads\\\/2021\\\/09\\\/unnamed-5.jpg\",\"width\":1361,\"height\":940},{\"@type\":\"BreadcrumbList\",\"@id\":\"https:\\\/\\\/www.copealcoy.es\\\/es\\\/gabriel-guillem-pregona-a-la-virgen-de-los-lirios\\\/#breadcrumb\",\"itemListElement\":[{\"@type\":\"ListItem\",\"position\":1,\"name\":\"Portada\",\"item\":\"https:\\\/\\\/www.copealcoy.es\\\/es\\\/\"},{\"@type\":\"ListItem\",\"position\":2,\"name\":\"Gabriel Guillem pregona a la Virgen de los Lirios\"}]},{\"@type\":\"WebSite\",\"@id\":\"https:\\\/\\\/www.copealcoy.es\\\/es\\\/#website\",\"url\":\"https:\\\/\\\/www.copealcoy.es\\\/es\\\/\",\"name\":\"COPE Alcoy\",\"description\":\"Emisora COPE de radio local con emisi\u00f3n online. Pont de Sant Jordi 8-10 03803 Alcoy\",\"potentialAction\":[{\"@type\":\"SearchAction\",\"target\":{\"@type\":\"EntryPoint\",\"urlTemplate\":\"https:\\\/\\\/www.copealcoy.es\\\/es\\\/?s={search_term_string}\"},\"query-input\":{\"@type\":\"PropertyValueSpecification\",\"valueRequired\":true,\"valueName\":\"search_term_string\"}}],\"inLanguage\":\"es\"},{\"@type\":\"Person\",\"@id\":\"https:\\\/\\\/www.copealcoy.es\\\/es\\\/#\\\/schema\\\/person\\\/e777c87fa024e57d40170af9df39882c\",\"name\":\"Cope Alcoy\",\"image\":{\"@type\":\"ImageObject\",\"inLanguage\":\"es\",\"@id\":\"https:\\\/\\\/secure.gravatar.com\\\/avatar\\\/bb65d0283347e303893ba14f0692005417c1e0e690a325a4c5d8bb2b3943ee14?s=96&d=mm&r=g\",\"url\":\"https:\\\/\\\/secure.gravatar.com\\\/avatar\\\/bb65d0283347e303893ba14f0692005417c1e0e690a325a4c5d8bb2b3943ee14?s=96&d=mm&r=g\",\"contentUrl\":\"https:\\\/\\\/secure.gravatar.com\\\/avatar\\\/bb65d0283347e303893ba14f0692005417c1e0e690a325a4c5d8bb2b3943ee14?s=96&d=mm&r=g\",\"caption\":\"Cope Alcoy\"}}]}<\/script>\n<!-- \/ Yoast SEO plugin. -->","yoast_head_json":{"title":"Gabriel Guillem pregona a la Virgen de los Lirios - COPE Alcoy","robots":{"index":"index","follow":"follow","max-snippet":"max-snippet:-1","max-image-preview":"max-image-preview:large","max-video-preview":"max-video-preview:-1"},"canonical":"https:\/\/www.copealcoy.es\/es\/gabriel-guillem-pregona-a-la-virgen-de-los-lirios\/","og_locale":"es_ES","og_type":"article","og_title":"Gabriel Guillem pregona a la Virgen de los Lirios - COPE Alcoy","og_description":"Los actos de la semana grande en honor a la Virgen de los Lirios siguen sucedi\u00e9ndose en nuestra ciudad y...","og_url":"https:\/\/www.copealcoy.es\/es\/gabriel-guillem-pregona-a-la-virgen-de-los-lirios\/","og_site_name":"COPE Alcoy","article_published_time":"2021-09-15T16:35:50+00:00","article_modified_time":"2021-09-15T16:48:09+00:00","og_image":[{"width":1361,"height":940,"url":"https:\/\/www.copealcoy.es\/wp-content\/uploads\/2021\/09\/unnamed-5.jpg","type":"image\/jpeg"}],"author":"Cope Alcoy","twitter_misc":{"Escrito por":"Cope Alcoy","Tiempo de lectura":"1 minuto"},"schema":{"@context":"https:\/\/schema.org","@graph":[{"@type":"Article","@id":"https:\/\/www.copealcoy.es\/es\/gabriel-guillem-pregona-a-la-virgen-de-los-lirios\/#article","isPartOf":{"@id":"https:\/\/www.copealcoy.es\/es\/gabriel-guillem-pregona-a-la-virgen-de-los-lirios\/"},"author":{"name":"Cope Alcoy","@id":"https:\/\/www.copealcoy.es\/es\/#\/schema\/person\/e777c87fa024e57d40170af9df39882c"},"headline":"Gabriel Guillem pregona a la Virgen de los Lirios","datePublished":"2021-09-15T16:35:50+00:00","dateModified":"2021-09-15T16:48:09+00:00","mainEntityOfPage":{"@id":"https:\/\/www.copealcoy.es\/es\/gabriel-guillem-pregona-a-la-virgen-de-los-lirios\/"},"wordCount":216,"commentCount":0,"image":{"@id":"https:\/\/www.copealcoy.es\/es\/gabriel-guillem-pregona-a-la-virgen-de-los-lirios\/#primaryimage"},"thumbnailUrl":"https:\/\/www.copealcoy.es\/wp-content\/uploads\/2021\/09\/unnamed-5.jpg","keywords":["Alcoy","Gabriel Guillem","Maite Pinilla","Preg\u00f3n. Virgen de los Lirios","Romer\u00eda"],"articleSection":["Alcoy","Fiesta y Cultura","Noticias"],"inLanguage":"es"},{"@type":"WebPage","@id":"https:\/\/www.copealcoy.es\/es\/gabriel-guillem-pregona-a-la-virgen-de-los-lirios\/","url":"https:\/\/www.copealcoy.es\/es\/gabriel-guillem-pregona-a-la-virgen-de-los-lirios\/","name":"Gabriel Guillem pregona a la Virgen de los Lirios - COPE Alcoy","isPartOf":{"@id":"https:\/\/www.copealcoy.es\/es\/#website"},"primaryImageOfPage":{"@id":"https:\/\/www.copealcoy.es\/es\/gabriel-guillem-pregona-a-la-virgen-de-los-lirios\/#primaryimage"},"image":{"@id":"https:\/\/www.copealcoy.es\/es\/gabriel-guillem-pregona-a-la-virgen-de-los-lirios\/#primaryimage"},"thumbnailUrl":"https:\/\/www.copealcoy.es\/wp-content\/uploads\/2021\/09\/unnamed-5.jpg","datePublished":"2021-09-15T16:35:50+00:00","dateModified":"2021-09-15T16:48:09+00:00","author":{"@id":"https:\/\/www.copealcoy.es\/es\/#\/schema\/person\/e777c87fa024e57d40170af9df39882c"},"breadcrumb":{"@id":"https:\/\/www.copealcoy.es\/es\/gabriel-guillem-pregona-a-la-virgen-de-los-lirios\/#breadcrumb"},"inLanguage":"es","potentialAction":[{"@type":"ReadAction","target":["https:\/\/www.copealcoy.es\/es\/gabriel-guillem-pregona-a-la-virgen-de-los-lirios\/"]}]},{"@type":"ImageObject","inLanguage":"es","@id":"https:\/\/www.copealcoy.es\/es\/gabriel-guillem-pregona-a-la-virgen-de-los-lirios\/#primaryimage","url":"https:\/\/www.copealcoy.es\/wp-content\/uploads\/2021\/09\/unnamed-5.jpg","contentUrl":"https:\/\/www.copealcoy.es\/wp-content\/uploads\/2021\/09\/unnamed-5.jpg","width":1361,"height":940},{"@type":"BreadcrumbList","@id":"https:\/\/www.copealcoy.es\/es\/gabriel-guillem-pregona-a-la-virgen-de-los-lirios\/#breadcrumb","itemListElement":[{"@type":"ListItem","position":1,"name":"Portada","item":"https:\/\/www.copealcoy.es\/es\/"},{"@type":"ListItem","position":2,"name":"Gabriel Guillem pregona a la Virgen de los Lirios"}]},{"@type":"WebSite","@id":"https:\/\/www.copealcoy.es\/es\/#website","url":"https:\/\/www.copealcoy.es\/es\/","name":"COPE Alcoy","description":"Emisora COPE de radio local con emisi\u00f3n online. Pont de Sant Jordi 8-10 03803 Alcoy","potentialAction":[{"@type":"SearchAction","target":{"@type":"EntryPoint","urlTemplate":"https:\/\/www.copealcoy.es\/es\/?s={search_term_string}"},"query-input":{"@type":"PropertyValueSpecification","valueRequired":true,"valueName":"search_term_string"}}],"inLanguage":"es"},{"@type":"Person","@id":"https:\/\/www.copealcoy.es\/es\/#\/schema\/person\/e777c87fa024e57d40170af9df39882c","name":"Cope Alcoy","image":{"@type":"ImageObject","inLanguage":"es","@id":"https:\/\/secure.gravatar.com\/avatar\/bb65d0283347e303893ba14f0692005417c1e0e690a325a4c5d8bb2b3943ee14?s=96&d=mm&r=g","url":"https:\/\/secure.gravatar.com\/avatar\/bb65d0283347e303893ba14f0692005417c1e0e690a325a4c5d8bb2b3943ee14?s=96&d=mm&r=g","contentUrl":"https:\/\/secure.gravatar.com\/avatar\/bb65d0283347e303893ba14f0692005417c1e0e690a325a4c5d8bb2b3943ee14?s=96&d=mm&r=g","caption":"Cope Alcoy"}}]}},"_links":{"self":[{"href":"https:\/\/www.copealcoy.es\/es\/wp-json\/wp\/v2\/posts\/77674","targetHints":{"allow":["GET"]}}],"collection":[{"href":"https:\/\/www.copealcoy.es\/es\/wp-json\/wp\/v2\/posts"}],"about":[{"href":"https:\/\/www.copealcoy.es\/es\/wp-json\/wp\/v2\/types\/post"}],"author":[{"embeddable":true,"href":"https:\/\/www.copealcoy.es\/es\/wp-json\/wp\/v2\/users\/1"}],"replies":[{"embeddable":true,"href":"https:\/\/www.copealcoy.es\/es\/wp-json\/wp\/v2\/comments?post=77674"}],"version-history":[{"count":0,"href":"https:\/\/www.copealcoy.es\/es\/wp-json\/wp\/v2\/posts\/77674\/revisions"}],"wp:featuredmedia":[{"embeddable":true,"href":"https:\/\/www.copealcoy.es\/es\/wp-json\/wp\/v2\/media\/77675"}],"wp:attachment":[{"href":"https:\/\/www.copealcoy.es\/es\/wp-json\/wp\/v2\/media?parent=77674"}],"wp:term":[{"taxonomy":"category","embeddable":true,"href":"https:\/\/www.copealcoy.es\/es\/wp-json\/wp\/v2\/categories?post=77674"},{"taxonomy":"post_tag","embeddable":true,"href":"https:\/\/www.copealcoy.es\/es\/wp-json\/wp\/v2\/tags?post=77674"}],"curies":[{"name":"wp","href":"https:\/\/api.w.org\/{rel}","templated":true}]}}