{"id":77553,"date":"2021-09-13T15:20:58","date_gmt":"2021-09-13T14:20:58","guid":{"rendered":"https:\/\/www.copealcoy.es\/?p=77553"},"modified":"2021-09-13T15:51:49","modified_gmt":"2021-09-13T14:51:49","slug":"la-fira-modernista-de-alcoy-regresa-adaptada-a-la-pandemia","status":"publish","type":"post","link":"https:\/\/www.copealcoy.es\/es\/la-fira-modernista-de-alcoy-regresa-adaptada-a-la-pandemia\/","title":{"rendered":"La Fira Modernista de Alcoy regresa adaptada a la pandemia"},"content":{"rendered":"<p style=\"text-align: justify;\">Alcoy ultima <strong>los preparativos<\/strong> para <strong>retomar la Feria Modernista<\/strong>, un evento que regresa <strong>tras haber quedado suspendido el pasado a\u00f1o<\/strong> a causa de la pandemia del Coronavirus. En esta ocasi\u00f3n el certamen <strong>se adapta al contexto sanitario<\/strong> contar\u00e1 con numerosas actividades en las que <strong>se van a cumplir las medidas que actualmente est\u00e1n en vigor<\/strong> para as\u00ed evitar la aparici\u00f3n de nuevos brotes de Covid-19.<\/p>\n<p style=\"text-align: justify;\">La <strong>principal novedad<\/strong> radica en que <strong>se habilitar\u00e1n dos grandes escenarios al aire libre<\/strong> que se situar\u00e1n en la Plaza de Espa\u00f1a as\u00ed como en la Plaza de Ferr\u00e1ndiz y Carbonell con el fin de que las entidades participantes en las actividades ofrezcan sus actuaciones. Ambos espacios <strong>estar\u00e1n cortados<\/strong> para garantizar el cumplimiento de aforos y <strong>se habilitar\u00e1n sillas<\/strong> para que el p\u00fablico pueda seguir los actos sin producir aglomeraciones &#8220;<em>se podr\u00e1 disfrutar de de todo reservando previamente la entrada, de una iniciativa en concreto o de todas al mismo tiempo, y esta reserva se har\u00e1 de forma gratuita en la web ticketalcoi.com. Cada recinto estar\u00e1 vigilado y cuando acaben las propuestas se desinfectar\u00e1n las sillas para garantizar el m\u00e1ximo la seguridad<\/em>&#8220;, detallaba este lunes la edil de Turismo en el Ayuntamiento de Alcoy; <strong>Lorena Zamorano<\/strong>.<\/p>\n<p style=\"text-align: justify;\">La Fira Modernista <strong>no tendr\u00e1 este a\u00f1o desfiles, recreaci\u00f3n de manifestaciones, pasacalles o el preg\u00f3n inaugural<\/strong> ya que el principal objetivo es garantizar que el p\u00fablico disfrute de una festividad plenamente integrada en las exigencias que nos impone actualmente la pandemia. Adem\u00e1s <strong>en La Glorieta tambi\u00e9n habr\u00e1 espacio para actuaciones<\/strong> mientras que <strong>volver\u00e1 a desarrollarse la Feria<\/strong> para que podamos disfrutar de productos t\u00edpicos o conocer la oferta de ciudades con un importante pasado modernista como <strong>Barcelona<\/strong> &#8220;<em>queremos que la gente se vuelva a vestir, para crear ambiente, pero apelamos a la responsabilidad individual de cada uno porque de lo hagamos estos d\u00edas depender\u00e1 que puedan regresar eventos futuros como la programaci\u00f3n &#8216;Alcoi, Ciutat del Nadal&#8217;. Adem\u00e1s este a\u00f1o no hemos hecho promoci\u00f3n fuera de Alcoy para evitar grandes concentraciones de turistas<\/em>&#8220;; manifestaba <strong>Zamorano<\/strong>.<\/p>\n<p style=\"text-align: justify;\">Toda <strong>la programaci\u00f3n de la Fira Modernista del 2021<\/strong> se puede consultar <a href=\"https:\/\/alcoyturismo.com\/alcoy\/uploaded\/Agenda%20Cultural\/Agenda_Feria_Modernista_Cas21.pdf\"><strong><span style=\"color: #0000ff;\">aqu\u00ed<\/span> <\/strong><\/a>en formato digital mientras que <strong>en la Oficina de Turismo podremos encontrar la misma en papel<\/strong>. Desde el Consistorio remarcan que <strong>se han editado pocos vol\u00famenes de este programa oficial<\/strong> acatando as\u00ed los protocolos sanitarios vigentes.<\/p>\n","protected":false},"excerpt":{"rendered":"<p>Alcoy ultima los preparativos para retomar la Feria Modernista, un evento que regresa tras haber quedado suspendido el pasado a\u00f1o&#8230;<\/p>\n","protected":false},"author":1,"featured_media":45610,"comment_status":"open","ping_status":"open","sticky":false,"template":"","format":"standard","meta":{"footnotes":""},"categories":[6909,97,78,75,125],"tags":[1494,7281,7397,4643,338,7477,747],"class_list":["post-77553","post","type-post","status-publish","format-standard","has-post-thumbnail","hentry","category-actualidad","category-alcoy","category-fiestaycultura","category-noticias","category-portada","tag-alcoy","tag-coronavirus","tag-covid-19","tag-feria-modernista","tag-novedades","tag-pandemia","tag-programacion"],"yoast_head":"<!-- This site is optimized with the Yoast SEO plugin v27.3 - https:\/\/yoast.com\/product\/yoast-seo-wordpress\/ -->\n<title>La Fira Modernista de Alcoy regresa adaptada a la pandemia - COPE Alcoy<\/title>\n<meta name=\"robots\" content=\"index, follow, max-snippet:-1, max-image-preview:large, max-video-preview:-1\" \/>\n<link rel=\"canonical\" href=\"https:\/\/www.copealcoy.es\/es\/la-fira-modernista-de-alcoy-regresa-adaptada-a-la-pandemia\/\" \/>\n<meta property=\"og:locale\" content=\"es_ES\" \/>\n<meta property=\"og:type\" content=\"article\" \/>\n<meta property=\"og:title\" content=\"La Fira Modernista de Alcoy regresa adaptada a la pandemia - COPE Alcoy\" \/>\n<meta property=\"og:description\" content=\"Alcoy ultima los preparativos para retomar la Feria Modernista, un evento que regresa tras haber quedado suspendido el pasado a\u00f1o...\" \/>\n<meta property=\"og:url\" content=\"https:\/\/www.copealcoy.es\/es\/la-fira-modernista-de-alcoy-regresa-adaptada-a-la-pandemia\/\" \/>\n<meta property=\"og:site_name\" content=\"COPE Alcoy\" \/>\n<meta property=\"article:published_time\" content=\"2021-09-13T14:20:58+00:00\" \/>\n<meta property=\"article:modified_time\" content=\"2021-09-13T14:51:49+00:00\" \/>\n<meta property=\"og:image\" content=\"https:\/\/www.copealcoy.es\/wp-content\/uploads\/2018\/09\/42349670_10217144564746910_2881519925690630144_n-e1537633074477.jpg\" \/>\n\t<meta property=\"og:image:width\" content=\"916\" \/>\n\t<meta property=\"og:image:height\" content=\"496\" \/>\n\t<meta property=\"og:image:type\" content=\"image\/jpeg\" \/>\n<meta name=\"author\" content=\"Cope Alcoy\" \/>\n<meta name=\"twitter:label1\" content=\"Escrito por\" \/>\n\t<meta name=\"twitter:data1\" content=\"Cope Alcoy\" \/>\n\t<meta name=\"twitter:label2\" content=\"Tiempo de lectura\" \/>\n\t<meta name=\"twitter:data2\" content=\"2 minutos\" \/>\n<script type=\"application\/ld+json\" class=\"yoast-schema-graph\">{\"@context\":\"https:\\\/\\\/schema.org\",\"@graph\":[{\"@type\":\"Article\",\"@id\":\"https:\\\/\\\/www.copealcoy.es\\\/es\\\/la-fira-modernista-de-alcoy-regresa-adaptada-a-la-pandemia\\\/#article\",\"isPartOf\":{\"@id\":\"https:\\\/\\\/www.copealcoy.es\\\/es\\\/la-fira-modernista-de-alcoy-regresa-adaptada-a-la-pandemia\\\/\"},\"author\":{\"name\":\"Cope Alcoy\",\"@id\":\"https:\\\/\\\/www.copealcoy.es\\\/es\\\/#\\\/schema\\\/person\\\/e777c87fa024e57d40170af9df39882c\"},\"headline\":\"La Fira Modernista de Alcoy regresa adaptada a la pandemia\",\"datePublished\":\"2021-09-13T14:20:58+00:00\",\"dateModified\":\"2021-09-13T14:51:49+00:00\",\"mainEntityOfPage\":{\"@id\":\"https:\\\/\\\/www.copealcoy.es\\\/es\\\/la-fira-modernista-de-alcoy-regresa-adaptada-a-la-pandemia\\\/\"},\"wordCount\":421,\"commentCount\":0,\"image\":{\"@id\":\"https:\\\/\\\/www.copealcoy.es\\\/es\\\/la-fira-modernista-de-alcoy-regresa-adaptada-a-la-pandemia\\\/#primaryimage\"},\"thumbnailUrl\":\"https:\\\/\\\/www.copealcoy.es\\\/wp-content\\\/uploads\\\/2018\\\/09\\\/42349670_10217144564746910_2881519925690630144_n-e1537633074477.jpg\",\"keywords\":[\"Alcoy\",\"Coronavirus\",\"Covid-19\",\"Feria Modernista\",\"Novedades\",\"pandemia\",\"Programaci\u00f3n\"],\"articleSection\":[\"Actualidad\",\"Alcoy\",\"Fiesta y Cultura\",\"Noticias\",\"Portada\"],\"inLanguage\":\"es\"},{\"@type\":\"WebPage\",\"@id\":\"https:\\\/\\\/www.copealcoy.es\\\/es\\\/la-fira-modernista-de-alcoy-regresa-adaptada-a-la-pandemia\\\/\",\"url\":\"https:\\\/\\\/www.copealcoy.es\\\/es\\\/la-fira-modernista-de-alcoy-regresa-adaptada-a-la-pandemia\\\/\",\"name\":\"La Fira Modernista de Alcoy regresa adaptada a la pandemia - COPE Alcoy\",\"isPartOf\":{\"@id\":\"https:\\\/\\\/www.copealcoy.es\\\/es\\\/#website\"},\"primaryImageOfPage\":{\"@id\":\"https:\\\/\\\/www.copealcoy.es\\\/es\\\/la-fira-modernista-de-alcoy-regresa-adaptada-a-la-pandemia\\\/#primaryimage\"},\"image\":{\"@id\":\"https:\\\/\\\/www.copealcoy.es\\\/es\\\/la-fira-modernista-de-alcoy-regresa-adaptada-a-la-pandemia\\\/#primaryimage\"},\"thumbnailUrl\":\"https:\\\/\\\/www.copealcoy.es\\\/wp-content\\\/uploads\\\/2018\\\/09\\\/42349670_10217144564746910_2881519925690630144_n-e1537633074477.jpg\",\"datePublished\":\"2021-09-13T14:20:58+00:00\",\"dateModified\":\"2021-09-13T14:51:49+00:00\",\"author\":{\"@id\":\"https:\\\/\\\/www.copealcoy.es\\\/es\\\/#\\\/schema\\\/person\\\/e777c87fa024e57d40170af9df39882c\"},\"breadcrumb\":{\"@id\":\"https:\\\/\\\/www.copealcoy.es\\\/es\\\/la-fira-modernista-de-alcoy-regresa-adaptada-a-la-pandemia\\\/#breadcrumb\"},\"inLanguage\":\"es\",\"potentialAction\":[{\"@type\":\"ReadAction\",\"target\":[\"https:\\\/\\\/www.copealcoy.es\\\/es\\\/la-fira-modernista-de-alcoy-regresa-adaptada-a-la-pandemia\\\/\"]}]},{\"@type\":\"ImageObject\",\"inLanguage\":\"es\",\"@id\":\"https:\\\/\\\/www.copealcoy.es\\\/es\\\/la-fira-modernista-de-alcoy-regresa-adaptada-a-la-pandemia\\\/#primaryimage\",\"url\":\"https:\\\/\\\/www.copealcoy.es\\\/wp-content\\\/uploads\\\/2018\\\/09\\\/42349670_10217144564746910_2881519925690630144_n-e1537633074477.jpg\",\"contentUrl\":\"https:\\\/\\\/www.copealcoy.es\\\/wp-content\\\/uploads\\\/2018\\\/09\\\/42349670_10217144564746910_2881519925690630144_n-e1537633074477.jpg\",\"width\":916,\"height\":496,\"caption\":\"La Manifestaci\u00f3n Obrera recorri\u00f3 las calles del Centro \\\/ Foto: G. Pascual\"},{\"@type\":\"BreadcrumbList\",\"@id\":\"https:\\\/\\\/www.copealcoy.es\\\/es\\\/la-fira-modernista-de-alcoy-regresa-adaptada-a-la-pandemia\\\/#breadcrumb\",\"itemListElement\":[{\"@type\":\"ListItem\",\"position\":1,\"name\":\"Portada\",\"item\":\"https:\\\/\\\/www.copealcoy.es\\\/es\\\/\"},{\"@type\":\"ListItem\",\"position\":2,\"name\":\"La Fira Modernista de Alcoy regresa adaptada a la pandemia\"}]},{\"@type\":\"WebSite\",\"@id\":\"https:\\\/\\\/www.copealcoy.es\\\/es\\\/#website\",\"url\":\"https:\\\/\\\/www.copealcoy.es\\\/es\\\/\",\"name\":\"COPE Alcoy\",\"description\":\"Emisora COPE de radio local con emisi\u00f3n online. Pont de Sant Jordi 8-10 03803 Alcoy\",\"potentialAction\":[{\"@type\":\"SearchAction\",\"target\":{\"@type\":\"EntryPoint\",\"urlTemplate\":\"https:\\\/\\\/www.copealcoy.es\\\/es\\\/?s={search_term_string}\"},\"query-input\":{\"@type\":\"PropertyValueSpecification\",\"valueRequired\":true,\"valueName\":\"search_term_string\"}}],\"inLanguage\":\"es\"},{\"@type\":\"Person\",\"@id\":\"https:\\\/\\\/www.copealcoy.es\\\/es\\\/#\\\/schema\\\/person\\\/e777c87fa024e57d40170af9df39882c\",\"name\":\"Cope Alcoy\",\"image\":{\"@type\":\"ImageObject\",\"inLanguage\":\"es\",\"@id\":\"https:\\\/\\\/secure.gravatar.com\\\/avatar\\\/bb65d0283347e303893ba14f0692005417c1e0e690a325a4c5d8bb2b3943ee14?s=96&d=mm&r=g\",\"url\":\"https:\\\/\\\/secure.gravatar.com\\\/avatar\\\/bb65d0283347e303893ba14f0692005417c1e0e690a325a4c5d8bb2b3943ee14?s=96&d=mm&r=g\",\"contentUrl\":\"https:\\\/\\\/secure.gravatar.com\\\/avatar\\\/bb65d0283347e303893ba14f0692005417c1e0e690a325a4c5d8bb2b3943ee14?s=96&d=mm&r=g\",\"caption\":\"Cope Alcoy\"}}]}<\/script>\n<!-- \/ Yoast SEO plugin. -->","yoast_head_json":{"title":"La Fira Modernista de Alcoy regresa adaptada a la pandemia - COPE Alcoy","robots":{"index":"index","follow":"follow","max-snippet":"max-snippet:-1","max-image-preview":"max-image-preview:large","max-video-preview":"max-video-preview:-1"},"canonical":"https:\/\/www.copealcoy.es\/es\/la-fira-modernista-de-alcoy-regresa-adaptada-a-la-pandemia\/","og_locale":"es_ES","og_type":"article","og_title":"La Fira Modernista de Alcoy regresa adaptada a la pandemia - COPE Alcoy","og_description":"Alcoy ultima los preparativos para retomar la Feria Modernista, un evento que regresa tras haber quedado suspendido el pasado a\u00f1o...","og_url":"https:\/\/www.copealcoy.es\/es\/la-fira-modernista-de-alcoy-regresa-adaptada-a-la-pandemia\/","og_site_name":"COPE Alcoy","article_published_time":"2021-09-13T14:20:58+00:00","article_modified_time":"2021-09-13T14:51:49+00:00","og_image":[{"width":916,"height":496,"url":"https:\/\/www.copealcoy.es\/wp-content\/uploads\/2018\/09\/42349670_10217144564746910_2881519925690630144_n-e1537633074477.jpg","type":"image\/jpeg"}],"author":"Cope Alcoy","twitter_misc":{"Escrito por":"Cope Alcoy","Tiempo de lectura":"2 minutos"},"schema":{"@context":"https:\/\/schema.org","@graph":[{"@type":"Article","@id":"https:\/\/www.copealcoy.es\/es\/la-fira-modernista-de-alcoy-regresa-adaptada-a-la-pandemia\/#article","isPartOf":{"@id":"https:\/\/www.copealcoy.es\/es\/la-fira-modernista-de-alcoy-regresa-adaptada-a-la-pandemia\/"},"author":{"name":"Cope Alcoy","@id":"https:\/\/www.copealcoy.es\/es\/#\/schema\/person\/e777c87fa024e57d40170af9df39882c"},"headline":"La Fira Modernista de Alcoy regresa adaptada a la pandemia","datePublished":"2021-09-13T14:20:58+00:00","dateModified":"2021-09-13T14:51:49+00:00","mainEntityOfPage":{"@id":"https:\/\/www.copealcoy.es\/es\/la-fira-modernista-de-alcoy-regresa-adaptada-a-la-pandemia\/"},"wordCount":421,"commentCount":0,"image":{"@id":"https:\/\/www.copealcoy.es\/es\/la-fira-modernista-de-alcoy-regresa-adaptada-a-la-pandemia\/#primaryimage"},"thumbnailUrl":"https:\/\/www.copealcoy.es\/wp-content\/uploads\/2018\/09\/42349670_10217144564746910_2881519925690630144_n-e1537633074477.jpg","keywords":["Alcoy","Coronavirus","Covid-19","Feria Modernista","Novedades","pandemia","Programaci\u00f3n"],"articleSection":["Actualidad","Alcoy","Fiesta y Cultura","Noticias","Portada"],"inLanguage":"es"},{"@type":"WebPage","@id":"https:\/\/www.copealcoy.es\/es\/la-fira-modernista-de-alcoy-regresa-adaptada-a-la-pandemia\/","url":"https:\/\/www.copealcoy.es\/es\/la-fira-modernista-de-alcoy-regresa-adaptada-a-la-pandemia\/","name":"La Fira Modernista de Alcoy regresa adaptada a la pandemia - COPE Alcoy","isPartOf":{"@id":"https:\/\/www.copealcoy.es\/es\/#website"},"primaryImageOfPage":{"@id":"https:\/\/www.copealcoy.es\/es\/la-fira-modernista-de-alcoy-regresa-adaptada-a-la-pandemia\/#primaryimage"},"image":{"@id":"https:\/\/www.copealcoy.es\/es\/la-fira-modernista-de-alcoy-regresa-adaptada-a-la-pandemia\/#primaryimage"},"thumbnailUrl":"https:\/\/www.copealcoy.es\/wp-content\/uploads\/2018\/09\/42349670_10217144564746910_2881519925690630144_n-e1537633074477.jpg","datePublished":"2021-09-13T14:20:58+00:00","dateModified":"2021-09-13T14:51:49+00:00","author":{"@id":"https:\/\/www.copealcoy.es\/es\/#\/schema\/person\/e777c87fa024e57d40170af9df39882c"},"breadcrumb":{"@id":"https:\/\/www.copealcoy.es\/es\/la-fira-modernista-de-alcoy-regresa-adaptada-a-la-pandemia\/#breadcrumb"},"inLanguage":"es","potentialAction":[{"@type":"ReadAction","target":["https:\/\/www.copealcoy.es\/es\/la-fira-modernista-de-alcoy-regresa-adaptada-a-la-pandemia\/"]}]},{"@type":"ImageObject","inLanguage":"es","@id":"https:\/\/www.copealcoy.es\/es\/la-fira-modernista-de-alcoy-regresa-adaptada-a-la-pandemia\/#primaryimage","url":"https:\/\/www.copealcoy.es\/wp-content\/uploads\/2018\/09\/42349670_10217144564746910_2881519925690630144_n-e1537633074477.jpg","contentUrl":"https:\/\/www.copealcoy.es\/wp-content\/uploads\/2018\/09\/42349670_10217144564746910_2881519925690630144_n-e1537633074477.jpg","width":916,"height":496,"caption":"La Manifestaci\u00f3n Obrera recorri\u00f3 las calles del Centro \/ Foto: G. Pascual"},{"@type":"BreadcrumbList","@id":"https:\/\/www.copealcoy.es\/es\/la-fira-modernista-de-alcoy-regresa-adaptada-a-la-pandemia\/#breadcrumb","itemListElement":[{"@type":"ListItem","position":1,"name":"Portada","item":"https:\/\/www.copealcoy.es\/es\/"},{"@type":"ListItem","position":2,"name":"La Fira Modernista de Alcoy regresa adaptada a la pandemia"}]},{"@type":"WebSite","@id":"https:\/\/www.copealcoy.es\/es\/#website","url":"https:\/\/www.copealcoy.es\/es\/","name":"COPE Alcoy","description":"Emisora COPE de radio local con emisi\u00f3n online. Pont de Sant Jordi 8-10 03803 Alcoy","potentialAction":[{"@type":"SearchAction","target":{"@type":"EntryPoint","urlTemplate":"https:\/\/www.copealcoy.es\/es\/?s={search_term_string}"},"query-input":{"@type":"PropertyValueSpecification","valueRequired":true,"valueName":"search_term_string"}}],"inLanguage":"es"},{"@type":"Person","@id":"https:\/\/www.copealcoy.es\/es\/#\/schema\/person\/e777c87fa024e57d40170af9df39882c","name":"Cope Alcoy","image":{"@type":"ImageObject","inLanguage":"es","@id":"https:\/\/secure.gravatar.com\/avatar\/bb65d0283347e303893ba14f0692005417c1e0e690a325a4c5d8bb2b3943ee14?s=96&d=mm&r=g","url":"https:\/\/secure.gravatar.com\/avatar\/bb65d0283347e303893ba14f0692005417c1e0e690a325a4c5d8bb2b3943ee14?s=96&d=mm&r=g","contentUrl":"https:\/\/secure.gravatar.com\/avatar\/bb65d0283347e303893ba14f0692005417c1e0e690a325a4c5d8bb2b3943ee14?s=96&d=mm&r=g","caption":"Cope Alcoy"}}]}},"_links":{"self":[{"href":"https:\/\/www.copealcoy.es\/es\/wp-json\/wp\/v2\/posts\/77553","targetHints":{"allow":["GET"]}}],"collection":[{"href":"https:\/\/www.copealcoy.es\/es\/wp-json\/wp\/v2\/posts"}],"about":[{"href":"https:\/\/www.copealcoy.es\/es\/wp-json\/wp\/v2\/types\/post"}],"author":[{"embeddable":true,"href":"https:\/\/www.copealcoy.es\/es\/wp-json\/wp\/v2\/users\/1"}],"replies":[{"embeddable":true,"href":"https:\/\/www.copealcoy.es\/es\/wp-json\/wp\/v2\/comments?post=77553"}],"version-history":[{"count":0,"href":"https:\/\/www.copealcoy.es\/es\/wp-json\/wp\/v2\/posts\/77553\/revisions"}],"wp:featuredmedia":[{"embeddable":true,"href":"https:\/\/www.copealcoy.es\/es\/wp-json\/wp\/v2\/media\/45610"}],"wp:attachment":[{"href":"https:\/\/www.copealcoy.es\/es\/wp-json\/wp\/v2\/media?parent=77553"}],"wp:term":[{"taxonomy":"category","embeddable":true,"href":"https:\/\/www.copealcoy.es\/es\/wp-json\/wp\/v2\/categories?post=77553"},{"taxonomy":"post_tag","embeddable":true,"href":"https:\/\/www.copealcoy.es\/es\/wp-json\/wp\/v2\/tags?post=77553"}],"curies":[{"name":"wp","href":"https:\/\/api.w.org\/{rel}","templated":true}]}}