{"id":77540,"date":"2021-09-12T19:50:18","date_gmt":"2021-09-12T18:50:18","guid":{"rendered":"https:\/\/www.copealcoy.es\/?p=77540"},"modified":"2021-09-12T20:01:26","modified_gmt":"2021-09-12T19:01:26","slug":"el-casal-fija-en-2022-la-recuperacion-de-la-festa-de-alcoy","status":"publish","type":"post","link":"https:\/\/www.copealcoy.es\/es\/el-casal-fija-en-2022-la-recuperacion-de-la-festa-de-alcoy\/","title":{"rendered":"El Casal fija en 2022 la recuperaci\u00f3n de la Festa de Alcoy"},"content":{"rendered":"<p style=\"text-align: justify;\">La <strong>Asociaci\u00f3n de San Jorge<\/strong> mantuvo una interesante reuni\u00f3n el pasado jueves con <strong>los 28 &#8216;Primers Trons&#8217;<\/strong> en la que se acord\u00f3 <strong>la recuperaci\u00f3n de las Fiestas de Moros y Cristianos para 2022<\/strong> tras los meses m\u00e1s duros de la pandemia del Coronavirus. Esta propuesta<strong> tan solo ser\u00e1 revocada<\/strong>, matizan desde El Casal, en el caso de que<strong> la situaci\u00f3n sanitaria se complicase en los pr\u00f3ximos meses<\/strong> y la Conselleria de Sanitat <strong>obligara a suspender de nuevo los festejos<\/strong> en los diferentes municipios de la Comunitat Valenciana.<\/p>\n<p style=\"text-align: justify;\">El Presidente de la instituci\u00f3n <strong>aplaude el acuerdo<\/strong> y <strong>defiende la necesidad de que las Fiestas vuelvan a la calle<\/strong> para devolver la ilusi\u00f3n a los festeros, a la ciudad en general as\u00ed como a los sectores econ\u00f3micos implicados en la Festa y que tan mal lo est\u00e1n pasando debido a la crisis sanitaria. Adem\u00e1s indica que en los pr\u00f3ximos d\u00edas<strong> se va a concretar una reuni\u00f3n de trabajo con la Conselleria de Sanitat<\/strong> para participar del protocolo que regir\u00e1 los actos del pr\u00f3ximo Mig Any &#8220;<em>estamos muy ilusionados porque en el horizonte encontramos una fecha clave, abril de 2022. La Festa ser\u00e1 capaz de adaptarse al momento sanitario, pero no estamos dispuestos a pasar un a\u00f1o sin Moros y Cristinos. Estamos realmente felices y animamos al pueblo de Alcoy a compartir y vivir con alegr\u00eda este nuevo rato. Hace dos a\u00f1os que ansiamos poder afirmar que, Alcoi tindr\u00e0 Festes&#8221;<\/em>, manifestaba <strong>Juan Jos\u00e9 Olcina<\/strong>.<\/p>\n<p style=\"text-align: justify;\">Indicar que para el citado Mig Any, la Asociaci\u00f3n de San Jorge ha acordado con los mencionados &#8216;Primers Trons&#8217; propuestas como <strong>celebrar el Concurso de Olleta en La Glorieta<\/strong> con aforo limitado as\u00ed como restricciones e incluso <strong>&#8216;Entraetes&#8217; los fines de semana por Sant Nicolau y Sant Llorens<\/strong>. Finalmente <strong>se rechaz\u00f3 la propuesta de la &#8216;Gloria Infantil&#8217;<\/strong> y se mantienen la representaci\u00f3n del sainete fester, la programaci\u00f3n de una gala moro-cristiana, el concurso de cotos e incluso la posibilidad de sacar alg\u00fan acto a la calle en el fin de semana central del mismo Mig Any. Todas estas actividades, previstas por la ASJ, <strong>deber\u00e1n estar ratificadas por la Conselleria<\/strong>.<\/p>\n","protected":false},"excerpt":{"rendered":"<p>La Asociaci\u00f3n de San Jorge mantuvo una interesante reuni\u00f3n el pasado jueves con los 28 &#8216;Primers Trons&#8217; en la que&#8230;<\/p>\n","protected":false},"author":1,"featured_media":30569,"comment_status":"open","ping_status":"open","sticky":false,"template":"","format":"standard","meta":{"footnotes":""},"categories":[6909,97,78,75,125],"tags":[1494,1771,198,565,609,4810],"class_list":["post-77540","post","type-post","status-publish","format-standard","has-post-thumbnail","hentry","category-actualidad","category-alcoy","category-fiestaycultura","category-noticias","category-portada","tag-alcoy","tag-asociacion-de-san-jorge","tag-casal","tag-fiestas","tag-moros-y-cristianos","tag-recuperacion"],"yoast_head":"<!-- This site is optimized with the Yoast SEO plugin v27.3 - https:\/\/yoast.com\/product\/yoast-seo-wordpress\/ -->\n<title>El Casal fija en 2022 la recuperaci\u00f3n de la Festa de Alcoy - COPE Alcoy<\/title>\n<meta name=\"robots\" content=\"index, follow, max-snippet:-1, max-image-preview:large, max-video-preview:-1\" \/>\n<link rel=\"canonical\" href=\"https:\/\/www.copealcoy.es\/es\/el-casal-fija-en-2022-la-recuperacion-de-la-festa-de-alcoy\/\" \/>\n<meta property=\"og:locale\" content=\"es_ES\" \/>\n<meta property=\"og:type\" content=\"article\" \/>\n<meta property=\"og:title\" content=\"El Casal fija en 2022 la recuperaci\u00f3n de la Festa de Alcoy - COPE Alcoy\" \/>\n<meta property=\"og:description\" content=\"La Asociaci\u00f3n de San Jorge mantuvo una interesante reuni\u00f3n el pasado jueves con los 28 &#8216;Primers Trons&#8217; en la que...\" \/>\n<meta property=\"og:url\" content=\"https:\/\/www.copealcoy.es\/es\/el-casal-fija-en-2022-la-recuperacion-de-la-festa-de-alcoy\/\" \/>\n<meta property=\"og:site_name\" content=\"COPE Alcoy\" \/>\n<meta property=\"article:published_time\" content=\"2021-09-12T18:50:18+00:00\" \/>\n<meta property=\"article:modified_time\" content=\"2021-09-12T19:01:26+00:00\" \/>\n<meta property=\"og:image\" content=\"https:\/\/www.copealcoy.es\/wp-content\/uploads\/2017\/04\/Alcoy-Alicante-Moros-y-Cristianos-Entrada-Mora-3-.jpg\" \/>\n\t<meta property=\"og:image:width\" content=\"570\" \/>\n\t<meta property=\"og:image:height\" content=\"382\" \/>\n\t<meta property=\"og:image:type\" content=\"image\/jpeg\" \/>\n<meta name=\"author\" content=\"Cope Alcoy\" \/>\n<meta name=\"twitter:label1\" content=\"Escrito por\" \/>\n\t<meta name=\"twitter:data1\" content=\"Cope Alcoy\" \/>\n\t<meta name=\"twitter:label2\" content=\"Tiempo de lectura\" \/>\n\t<meta name=\"twitter:data2\" content=\"2 minutos\" \/>\n<script type=\"application\/ld+json\" class=\"yoast-schema-graph\">{\"@context\":\"https:\\\/\\\/schema.org\",\"@graph\":[{\"@type\":\"Article\",\"@id\":\"https:\\\/\\\/www.copealcoy.es\\\/es\\\/el-casal-fija-en-2022-la-recuperacion-de-la-festa-de-alcoy\\\/#article\",\"isPartOf\":{\"@id\":\"https:\\\/\\\/www.copealcoy.es\\\/es\\\/el-casal-fija-en-2022-la-recuperacion-de-la-festa-de-alcoy\\\/\"},\"author\":{\"name\":\"Cope Alcoy\",\"@id\":\"https:\\\/\\\/www.copealcoy.es\\\/es\\\/#\\\/schema\\\/person\\\/e777c87fa024e57d40170af9df39882c\"},\"headline\":\"El Casal fija en 2022 la recuperaci\u00f3n de la Festa de Alcoy\",\"datePublished\":\"2021-09-12T18:50:18+00:00\",\"dateModified\":\"2021-09-12T19:01:26+00:00\",\"mainEntityOfPage\":{\"@id\":\"https:\\\/\\\/www.copealcoy.es\\\/es\\\/el-casal-fija-en-2022-la-recuperacion-de-la-festa-de-alcoy\\\/\"},\"wordCount\":382,\"commentCount\":0,\"image\":{\"@id\":\"https:\\\/\\\/www.copealcoy.es\\\/es\\\/el-casal-fija-en-2022-la-recuperacion-de-la-festa-de-alcoy\\\/#primaryimage\"},\"thumbnailUrl\":\"https:\\\/\\\/www.copealcoy.es\\\/wp-content\\\/uploads\\\/2017\\\/04\\\/Alcoy-Alicante-Moros-y-Cristianos-Entrada-Mora-3-.jpg\",\"keywords\":[\"Alcoy\",\"Asociaci\u00f3n de San Jorge\",\"Casal\",\"Fiestas\",\"Moros Y Cristianos\",\"recuperaci\u00f3n\"],\"articleSection\":[\"Actualidad\",\"Alcoy\",\"Fiesta y Cultura\",\"Noticias\",\"Portada\"],\"inLanguage\":\"es\"},{\"@type\":\"WebPage\",\"@id\":\"https:\\\/\\\/www.copealcoy.es\\\/es\\\/el-casal-fija-en-2022-la-recuperacion-de-la-festa-de-alcoy\\\/\",\"url\":\"https:\\\/\\\/www.copealcoy.es\\\/es\\\/el-casal-fija-en-2022-la-recuperacion-de-la-festa-de-alcoy\\\/\",\"name\":\"El Casal fija en 2022 la recuperaci\u00f3n de la Festa de Alcoy - COPE Alcoy\",\"isPartOf\":{\"@id\":\"https:\\\/\\\/www.copealcoy.es\\\/es\\\/#website\"},\"primaryImageOfPage\":{\"@id\":\"https:\\\/\\\/www.copealcoy.es\\\/es\\\/el-casal-fija-en-2022-la-recuperacion-de-la-festa-de-alcoy\\\/#primaryimage\"},\"image\":{\"@id\":\"https:\\\/\\\/www.copealcoy.es\\\/es\\\/el-casal-fija-en-2022-la-recuperacion-de-la-festa-de-alcoy\\\/#primaryimage\"},\"thumbnailUrl\":\"https:\\\/\\\/www.copealcoy.es\\\/wp-content\\\/uploads\\\/2017\\\/04\\\/Alcoy-Alicante-Moros-y-Cristianos-Entrada-Mora-3-.jpg\",\"datePublished\":\"2021-09-12T18:50:18+00:00\",\"dateModified\":\"2021-09-12T19:01:26+00:00\",\"author\":{\"@id\":\"https:\\\/\\\/www.copealcoy.es\\\/es\\\/#\\\/schema\\\/person\\\/e777c87fa024e57d40170af9df39882c\"},\"breadcrumb\":{\"@id\":\"https:\\\/\\\/www.copealcoy.es\\\/es\\\/el-casal-fija-en-2022-la-recuperacion-de-la-festa-de-alcoy\\\/#breadcrumb\"},\"inLanguage\":\"es\",\"potentialAction\":[{\"@type\":\"ReadAction\",\"target\":[\"https:\\\/\\\/www.copealcoy.es\\\/es\\\/el-casal-fija-en-2022-la-recuperacion-de-la-festa-de-alcoy\\\/\"]}]},{\"@type\":\"ImageObject\",\"inLanguage\":\"es\",\"@id\":\"https:\\\/\\\/www.copealcoy.es\\\/es\\\/el-casal-fija-en-2022-la-recuperacion-de-la-festa-de-alcoy\\\/#primaryimage\",\"url\":\"https:\\\/\\\/www.copealcoy.es\\\/wp-content\\\/uploads\\\/2017\\\/04\\\/Alcoy-Alicante-Moros-y-Cristianos-Entrada-Mora-3-.jpg\",\"contentUrl\":\"https:\\\/\\\/www.copealcoy.es\\\/wp-content\\\/uploads\\\/2017\\\/04\\\/Alcoy-Alicante-Moros-y-Cristianos-Entrada-Mora-3-.jpg\",\"width\":570,\"height\":382},{\"@type\":\"BreadcrumbList\",\"@id\":\"https:\\\/\\\/www.copealcoy.es\\\/es\\\/el-casal-fija-en-2022-la-recuperacion-de-la-festa-de-alcoy\\\/#breadcrumb\",\"itemListElement\":[{\"@type\":\"ListItem\",\"position\":1,\"name\":\"Portada\",\"item\":\"https:\\\/\\\/www.copealcoy.es\\\/es\\\/\"},{\"@type\":\"ListItem\",\"position\":2,\"name\":\"El Casal fija en 2022 la recuperaci\u00f3n de la Festa de Alcoy\"}]},{\"@type\":\"WebSite\",\"@id\":\"https:\\\/\\\/www.copealcoy.es\\\/es\\\/#website\",\"url\":\"https:\\\/\\\/www.copealcoy.es\\\/es\\\/\",\"name\":\"COPE Alcoy\",\"description\":\"Emisora COPE de radio local con emisi\u00f3n online. Pont de Sant Jordi 8-10 03803 Alcoy\",\"potentialAction\":[{\"@type\":\"SearchAction\",\"target\":{\"@type\":\"EntryPoint\",\"urlTemplate\":\"https:\\\/\\\/www.copealcoy.es\\\/es\\\/?s={search_term_string}\"},\"query-input\":{\"@type\":\"PropertyValueSpecification\",\"valueRequired\":true,\"valueName\":\"search_term_string\"}}],\"inLanguage\":\"es\"},{\"@type\":\"Person\",\"@id\":\"https:\\\/\\\/www.copealcoy.es\\\/es\\\/#\\\/schema\\\/person\\\/e777c87fa024e57d40170af9df39882c\",\"name\":\"Cope Alcoy\",\"image\":{\"@type\":\"ImageObject\",\"inLanguage\":\"es\",\"@id\":\"https:\\\/\\\/secure.gravatar.com\\\/avatar\\\/bb65d0283347e303893ba14f0692005417c1e0e690a325a4c5d8bb2b3943ee14?s=96&d=mm&r=g\",\"url\":\"https:\\\/\\\/secure.gravatar.com\\\/avatar\\\/bb65d0283347e303893ba14f0692005417c1e0e690a325a4c5d8bb2b3943ee14?s=96&d=mm&r=g\",\"contentUrl\":\"https:\\\/\\\/secure.gravatar.com\\\/avatar\\\/bb65d0283347e303893ba14f0692005417c1e0e690a325a4c5d8bb2b3943ee14?s=96&d=mm&r=g\",\"caption\":\"Cope Alcoy\"}}]}<\/script>\n<!-- \/ Yoast SEO plugin. -->","yoast_head_json":{"title":"El Casal fija en 2022 la recuperaci\u00f3n de la Festa de Alcoy - COPE Alcoy","robots":{"index":"index","follow":"follow","max-snippet":"max-snippet:-1","max-image-preview":"max-image-preview:large","max-video-preview":"max-video-preview:-1"},"canonical":"https:\/\/www.copealcoy.es\/es\/el-casal-fija-en-2022-la-recuperacion-de-la-festa-de-alcoy\/","og_locale":"es_ES","og_type":"article","og_title":"El Casal fija en 2022 la recuperaci\u00f3n de la Festa de Alcoy - COPE Alcoy","og_description":"La Asociaci\u00f3n de San Jorge mantuvo una interesante reuni\u00f3n el pasado jueves con los 28 &#8216;Primers Trons&#8217; en la que...","og_url":"https:\/\/www.copealcoy.es\/es\/el-casal-fija-en-2022-la-recuperacion-de-la-festa-de-alcoy\/","og_site_name":"COPE Alcoy","article_published_time":"2021-09-12T18:50:18+00:00","article_modified_time":"2021-09-12T19:01:26+00:00","og_image":[{"width":570,"height":382,"url":"https:\/\/www.copealcoy.es\/wp-content\/uploads\/2017\/04\/Alcoy-Alicante-Moros-y-Cristianos-Entrada-Mora-3-.jpg","type":"image\/jpeg"}],"author":"Cope Alcoy","twitter_misc":{"Escrito por":"Cope Alcoy","Tiempo de lectura":"2 minutos"},"schema":{"@context":"https:\/\/schema.org","@graph":[{"@type":"Article","@id":"https:\/\/www.copealcoy.es\/es\/el-casal-fija-en-2022-la-recuperacion-de-la-festa-de-alcoy\/#article","isPartOf":{"@id":"https:\/\/www.copealcoy.es\/es\/el-casal-fija-en-2022-la-recuperacion-de-la-festa-de-alcoy\/"},"author":{"name":"Cope Alcoy","@id":"https:\/\/www.copealcoy.es\/es\/#\/schema\/person\/e777c87fa024e57d40170af9df39882c"},"headline":"El Casal fija en 2022 la recuperaci\u00f3n de la Festa de Alcoy","datePublished":"2021-09-12T18:50:18+00:00","dateModified":"2021-09-12T19:01:26+00:00","mainEntityOfPage":{"@id":"https:\/\/www.copealcoy.es\/es\/el-casal-fija-en-2022-la-recuperacion-de-la-festa-de-alcoy\/"},"wordCount":382,"commentCount":0,"image":{"@id":"https:\/\/www.copealcoy.es\/es\/el-casal-fija-en-2022-la-recuperacion-de-la-festa-de-alcoy\/#primaryimage"},"thumbnailUrl":"https:\/\/www.copealcoy.es\/wp-content\/uploads\/2017\/04\/Alcoy-Alicante-Moros-y-Cristianos-Entrada-Mora-3-.jpg","keywords":["Alcoy","Asociaci\u00f3n de San Jorge","Casal","Fiestas","Moros Y Cristianos","recuperaci\u00f3n"],"articleSection":["Actualidad","Alcoy","Fiesta y Cultura","Noticias","Portada"],"inLanguage":"es"},{"@type":"WebPage","@id":"https:\/\/www.copealcoy.es\/es\/el-casal-fija-en-2022-la-recuperacion-de-la-festa-de-alcoy\/","url":"https:\/\/www.copealcoy.es\/es\/el-casal-fija-en-2022-la-recuperacion-de-la-festa-de-alcoy\/","name":"El Casal fija en 2022 la recuperaci\u00f3n de la Festa de Alcoy - COPE Alcoy","isPartOf":{"@id":"https:\/\/www.copealcoy.es\/es\/#website"},"primaryImageOfPage":{"@id":"https:\/\/www.copealcoy.es\/es\/el-casal-fija-en-2022-la-recuperacion-de-la-festa-de-alcoy\/#primaryimage"},"image":{"@id":"https:\/\/www.copealcoy.es\/es\/el-casal-fija-en-2022-la-recuperacion-de-la-festa-de-alcoy\/#primaryimage"},"thumbnailUrl":"https:\/\/www.copealcoy.es\/wp-content\/uploads\/2017\/04\/Alcoy-Alicante-Moros-y-Cristianos-Entrada-Mora-3-.jpg","datePublished":"2021-09-12T18:50:18+00:00","dateModified":"2021-09-12T19:01:26+00:00","author":{"@id":"https:\/\/www.copealcoy.es\/es\/#\/schema\/person\/e777c87fa024e57d40170af9df39882c"},"breadcrumb":{"@id":"https:\/\/www.copealcoy.es\/es\/el-casal-fija-en-2022-la-recuperacion-de-la-festa-de-alcoy\/#breadcrumb"},"inLanguage":"es","potentialAction":[{"@type":"ReadAction","target":["https:\/\/www.copealcoy.es\/es\/el-casal-fija-en-2022-la-recuperacion-de-la-festa-de-alcoy\/"]}]},{"@type":"ImageObject","inLanguage":"es","@id":"https:\/\/www.copealcoy.es\/es\/el-casal-fija-en-2022-la-recuperacion-de-la-festa-de-alcoy\/#primaryimage","url":"https:\/\/www.copealcoy.es\/wp-content\/uploads\/2017\/04\/Alcoy-Alicante-Moros-y-Cristianos-Entrada-Mora-3-.jpg","contentUrl":"https:\/\/www.copealcoy.es\/wp-content\/uploads\/2017\/04\/Alcoy-Alicante-Moros-y-Cristianos-Entrada-Mora-3-.jpg","width":570,"height":382},{"@type":"BreadcrumbList","@id":"https:\/\/www.copealcoy.es\/es\/el-casal-fija-en-2022-la-recuperacion-de-la-festa-de-alcoy\/#breadcrumb","itemListElement":[{"@type":"ListItem","position":1,"name":"Portada","item":"https:\/\/www.copealcoy.es\/es\/"},{"@type":"ListItem","position":2,"name":"El Casal fija en 2022 la recuperaci\u00f3n de la Festa de Alcoy"}]},{"@type":"WebSite","@id":"https:\/\/www.copealcoy.es\/es\/#website","url":"https:\/\/www.copealcoy.es\/es\/","name":"COPE Alcoy","description":"Emisora COPE de radio local con emisi\u00f3n online. Pont de Sant Jordi 8-10 03803 Alcoy","potentialAction":[{"@type":"SearchAction","target":{"@type":"EntryPoint","urlTemplate":"https:\/\/www.copealcoy.es\/es\/?s={search_term_string}"},"query-input":{"@type":"PropertyValueSpecification","valueRequired":true,"valueName":"search_term_string"}}],"inLanguage":"es"},{"@type":"Person","@id":"https:\/\/www.copealcoy.es\/es\/#\/schema\/person\/e777c87fa024e57d40170af9df39882c","name":"Cope Alcoy","image":{"@type":"ImageObject","inLanguage":"es","@id":"https:\/\/secure.gravatar.com\/avatar\/bb65d0283347e303893ba14f0692005417c1e0e690a325a4c5d8bb2b3943ee14?s=96&d=mm&r=g","url":"https:\/\/secure.gravatar.com\/avatar\/bb65d0283347e303893ba14f0692005417c1e0e690a325a4c5d8bb2b3943ee14?s=96&d=mm&r=g","contentUrl":"https:\/\/secure.gravatar.com\/avatar\/bb65d0283347e303893ba14f0692005417c1e0e690a325a4c5d8bb2b3943ee14?s=96&d=mm&r=g","caption":"Cope Alcoy"}}]}},"_links":{"self":[{"href":"https:\/\/www.copealcoy.es\/es\/wp-json\/wp\/v2\/posts\/77540","targetHints":{"allow":["GET"]}}],"collection":[{"href":"https:\/\/www.copealcoy.es\/es\/wp-json\/wp\/v2\/posts"}],"about":[{"href":"https:\/\/www.copealcoy.es\/es\/wp-json\/wp\/v2\/types\/post"}],"author":[{"embeddable":true,"href":"https:\/\/www.copealcoy.es\/es\/wp-json\/wp\/v2\/users\/1"}],"replies":[{"embeddable":true,"href":"https:\/\/www.copealcoy.es\/es\/wp-json\/wp\/v2\/comments?post=77540"}],"version-history":[{"count":0,"href":"https:\/\/www.copealcoy.es\/es\/wp-json\/wp\/v2\/posts\/77540\/revisions"}],"wp:featuredmedia":[{"embeddable":true,"href":"https:\/\/www.copealcoy.es\/es\/wp-json\/wp\/v2\/media\/30569"}],"wp:attachment":[{"href":"https:\/\/www.copealcoy.es\/es\/wp-json\/wp\/v2\/media?parent=77540"}],"wp:term":[{"taxonomy":"category","embeddable":true,"href":"https:\/\/www.copealcoy.es\/es\/wp-json\/wp\/v2\/categories?post=77540"},{"taxonomy":"post_tag","embeddable":true,"href":"https:\/\/www.copealcoy.es\/es\/wp-json\/wp\/v2\/tags?post=77540"}],"curies":[{"name":"wp","href":"https:\/\/api.w.org\/{rel}","templated":true}]}}