{"id":77531,"date":"2021-09-12T19:24:37","date_gmt":"2021-09-12T18:24:37","guid":{"rendered":"https:\/\/www.copealcoy.es\/?p=77531"},"modified":"2021-09-12T19:32:42","modified_gmt":"2021-09-12T18:32:42","slug":"upv-y-ayuntamiento-de-alcoy-firman-la-catedra-industria-digital","status":"publish","type":"post","link":"https:\/\/www.copealcoy.es\/es\/upv-y-ayuntamiento-de-alcoy-firman-la-catedra-industria-digital\/","title":{"rendered":"UPV y Ayuntamiento de Alcoy firman la &#8216;C\u00e1tedra Industria Digital&#8217;"},"content":{"rendered":"<p style=\"text-align: justify;\">El <strong>Campus de Alcoy de la Universidad Polit\u00e9cnica de Valencia<\/strong> fue escenario la pasada semana de <strong>la firma&nbsp; de la &#8216;C\u00e1tedra Industria Digital&#8217;<\/strong>, un acto que protagonizaron representantes de la misma UPV y del Ayuntamiento de nuestra ciudad.<\/p>\n<p style=\"text-align: justify;\">El mismo rector de la UPV, <b>Jos\u00e9 E. Capilla<\/b>, destac\u00f3 la importancia de esta r\u00fabrica y afirm\u00f3 que est\u00e1 \u201c<i>convencido<\/i>\u201d de que \u201c<i>el Campus de Alcoy es el mejor aliado del territorio. Vamos<\/i> a establecer sinergias <i>unto a actores p\u00fablicos y privados del entorno<\/i>&#8220;, dijo.&nbsp; Por su parte <b>Pau Bernabeu<\/b>, Director del Campus de Alcoy de la UPV, indic\u00f3 que \u201c<i>el Ayuntamiento ha querido que con esta C\u00e1tedra el Campus lidere junto al Consistorio todos los retos de transformaci\u00f3n tanto de las empresas como de la sociedad en su conjunto<\/i>\u201d. Finalmente el alcalde, <strong>Antonio Franc\u00e9s<\/strong>, enumer\u00f3 que durante la jornada hab\u00edan hablado con la UPV de \u201c<i>proyectos de futuro como esta C\u00e1tedra, que ser\u00e1 la tercera que tenemos con este Campus, la del Conocimiento, la C\u00e1tedra Smart city y ahora est\u00e1 de industria digital, conscientes del important\u00edsimo reto que tiene nuestro tejido empresarial y especialmente el industrial como ciudad y comarca industrial que somos para poder ganar en competitividad, para poder hacer frente a esa mejora competitiva por la que hemos de apostar con nuestra industria<\/i>\u201d, concluy\u00f3.<\/p>\n<p style=\"text-align: justify;\">Indicar que <strong>esta c\u00e1tedra nace<\/strong>, entre otros aspectos, para colaborar en m\u00e1steres y otras actividades, becas de colaboraci\u00f3n, premios a proyectos fin de carrera, trabajos y concursos de ideas, fomentar pr\u00e1cticas en empresa, visitas a empresas, promoci\u00f3n de acontecimientos cient\u00edficos, t\u00e9cnicos y art\u00edsticos o estudios de temas ambientales y de sostenibilidad. Adem\u00e1s <strong>se pretende concienciar de las necesidades<\/strong> de digitalizar las empresas, sobretodo, fomentar la digitalizaci\u00f3n de la administraci\u00f3n, pymes y promover las competencias digitales de los ciudadanos. La c\u00e1tedra tambi\u00e9n tiene como objetivo formar a los estudiantes del Campus de Alcoy de la UPV en marketing digital o ciberseguridad.<\/p>\n<p style=\"text-align: justify;\">La C\u00e1tedra de Industria Digital <strong>ayudar\u00e1 a impulsar la creaci\u00f3n de sinergias entre el Campus de Alcoy, el Ayuntamiento de Alcoy y las empresas tractoras de base tecnol\u00f3gica<\/strong> para potenciar la sede de Distrito Digital del futuro parque tecnol\u00f3gico de Rodes.<\/p>\n","protected":false},"excerpt":{"rendered":"<p>El Campus de Alcoy de la Universidad Polit\u00e9cnica de Valencia fue escenario la pasada semana de la firma&nbsp; de la&#8230;<\/p>\n","protected":false},"author":1,"featured_media":77538,"comment_status":"open","ping_status":"open","sticky":false,"template":"","format":"standard","meta":{"footnotes":""},"categories":[97,900,75],"tags":[11747,1494,229,1560,5444],"class_list":["post-77531","post","type-post","status-publish","format-standard","has-post-thumbnail","hentry","category-alcoy","category-educacion","category-noticias","tag-catedra-industria-digital","tag-alcoy","tag-ayuntamiento","tag-campus-upv","tag-firma"],"yoast_head":"<!-- This site is optimized with the Yoast SEO plugin v27.3 - https:\/\/yoast.com\/product\/yoast-seo-wordpress\/ -->\n<title>UPV y Ayuntamiento de Alcoy firman la &#039;C\u00e1tedra Industria Digital&#039; - COPE Alcoy<\/title>\n<meta name=\"robots\" content=\"index, follow, max-snippet:-1, max-image-preview:large, max-video-preview:-1\" \/>\n<link rel=\"canonical\" href=\"https:\/\/www.copealcoy.es\/es\/upv-y-ayuntamiento-de-alcoy-firman-la-catedra-industria-digital\/\" \/>\n<meta property=\"og:locale\" content=\"es_ES\" \/>\n<meta property=\"og:type\" content=\"article\" \/>\n<meta property=\"og:title\" content=\"UPV y Ayuntamiento de Alcoy firman la &#039;C\u00e1tedra Industria Digital&#039; - COPE Alcoy\" \/>\n<meta property=\"og:description\" content=\"El Campus de Alcoy de la Universidad Polit\u00e9cnica de Valencia fue escenario la pasada semana de la firma&nbsp; de la...\" \/>\n<meta property=\"og:url\" content=\"https:\/\/www.copealcoy.es\/es\/upv-y-ayuntamiento-de-alcoy-firman-la-catedra-industria-digital\/\" \/>\n<meta property=\"og:site_name\" content=\"COPE Alcoy\" \/>\n<meta property=\"article:published_time\" content=\"2021-09-12T18:24:37+00:00\" \/>\n<meta property=\"article:modified_time\" content=\"2021-09-12T18:32:42+00:00\" \/>\n<meta property=\"og:image\" content=\"https:\/\/www.copealcoy.es\/wp-content\/uploads\/2021\/09\/unnamed-1-4.jpg\" \/>\n\t<meta property=\"og:image:width\" content=\"1600\" \/>\n\t<meta property=\"og:image:height\" content=\"1066\" \/>\n\t<meta property=\"og:image:type\" content=\"image\/jpeg\" \/>\n<meta name=\"author\" content=\"Cope Alcoy\" \/>\n<meta name=\"twitter:label1\" content=\"Escrito por\" \/>\n\t<meta name=\"twitter:data1\" content=\"Cope Alcoy\" \/>\n\t<meta name=\"twitter:label2\" content=\"Tiempo de lectura\" \/>\n\t<meta name=\"twitter:data2\" content=\"2 minutos\" \/>\n<script type=\"application\/ld+json\" class=\"yoast-schema-graph\">{\"@context\":\"https:\\\/\\\/schema.org\",\"@graph\":[{\"@type\":\"Article\",\"@id\":\"https:\\\/\\\/www.copealcoy.es\\\/es\\\/upv-y-ayuntamiento-de-alcoy-firman-la-catedra-industria-digital\\\/#article\",\"isPartOf\":{\"@id\":\"https:\\\/\\\/www.copealcoy.es\\\/es\\\/upv-y-ayuntamiento-de-alcoy-firman-la-catedra-industria-digital\\\/\"},\"author\":{\"name\":\"Cope Alcoy\",\"@id\":\"https:\\\/\\\/www.copealcoy.es\\\/es\\\/#\\\/schema\\\/person\\\/e777c87fa024e57d40170af9df39882c\"},\"headline\":\"UPV y Ayuntamiento de Alcoy firman la &#8216;C\u00e1tedra Industria Digital&#8217;\",\"datePublished\":\"2021-09-12T18:24:37+00:00\",\"dateModified\":\"2021-09-12T18:32:42+00:00\",\"mainEntityOfPage\":{\"@id\":\"https:\\\/\\\/www.copealcoy.es\\\/es\\\/upv-y-ayuntamiento-de-alcoy-firman-la-catedra-industria-digital\\\/\"},\"wordCount\":397,\"commentCount\":0,\"image\":{\"@id\":\"https:\\\/\\\/www.copealcoy.es\\\/es\\\/upv-y-ayuntamiento-de-alcoy-firman-la-catedra-industria-digital\\\/#primaryimage\"},\"thumbnailUrl\":\"https:\\\/\\\/www.copealcoy.es\\\/wp-content\\\/uploads\\\/2021\\\/09\\\/unnamed-1-4.jpg\",\"keywords\":[\"'C\u00e1tedra Industria Digital'\",\"Alcoy\",\"Ayuntamiento\",\"Campus UPV\",\"firma\"],\"articleSection\":[\"Alcoy\",\"Educaci\u00f3n\",\"Noticias\"],\"inLanguage\":\"es\"},{\"@type\":\"WebPage\",\"@id\":\"https:\\\/\\\/www.copealcoy.es\\\/es\\\/upv-y-ayuntamiento-de-alcoy-firman-la-catedra-industria-digital\\\/\",\"url\":\"https:\\\/\\\/www.copealcoy.es\\\/es\\\/upv-y-ayuntamiento-de-alcoy-firman-la-catedra-industria-digital\\\/\",\"name\":\"UPV y Ayuntamiento de Alcoy firman la 'C\u00e1tedra Industria Digital' - COPE Alcoy\",\"isPartOf\":{\"@id\":\"https:\\\/\\\/www.copealcoy.es\\\/es\\\/#website\"},\"primaryImageOfPage\":{\"@id\":\"https:\\\/\\\/www.copealcoy.es\\\/es\\\/upv-y-ayuntamiento-de-alcoy-firman-la-catedra-industria-digital\\\/#primaryimage\"},\"image\":{\"@id\":\"https:\\\/\\\/www.copealcoy.es\\\/es\\\/upv-y-ayuntamiento-de-alcoy-firman-la-catedra-industria-digital\\\/#primaryimage\"},\"thumbnailUrl\":\"https:\\\/\\\/www.copealcoy.es\\\/wp-content\\\/uploads\\\/2021\\\/09\\\/unnamed-1-4.jpg\",\"datePublished\":\"2021-09-12T18:24:37+00:00\",\"dateModified\":\"2021-09-12T18:32:42+00:00\",\"author\":{\"@id\":\"https:\\\/\\\/www.copealcoy.es\\\/es\\\/#\\\/schema\\\/person\\\/e777c87fa024e57d40170af9df39882c\"},\"breadcrumb\":{\"@id\":\"https:\\\/\\\/www.copealcoy.es\\\/es\\\/upv-y-ayuntamiento-de-alcoy-firman-la-catedra-industria-digital\\\/#breadcrumb\"},\"inLanguage\":\"es\",\"potentialAction\":[{\"@type\":\"ReadAction\",\"target\":[\"https:\\\/\\\/www.copealcoy.es\\\/es\\\/upv-y-ayuntamiento-de-alcoy-firman-la-catedra-industria-digital\\\/\"]}]},{\"@type\":\"ImageObject\",\"inLanguage\":\"es\",\"@id\":\"https:\\\/\\\/www.copealcoy.es\\\/es\\\/upv-y-ayuntamiento-de-alcoy-firman-la-catedra-industria-digital\\\/#primaryimage\",\"url\":\"https:\\\/\\\/www.copealcoy.es\\\/wp-content\\\/uploads\\\/2021\\\/09\\\/unnamed-1-4.jpg\",\"contentUrl\":\"https:\\\/\\\/www.copealcoy.es\\\/wp-content\\\/uploads\\\/2021\\\/09\\\/unnamed-1-4.jpg\",\"width\":1600,\"height\":1066},{\"@type\":\"BreadcrumbList\",\"@id\":\"https:\\\/\\\/www.copealcoy.es\\\/es\\\/upv-y-ayuntamiento-de-alcoy-firman-la-catedra-industria-digital\\\/#breadcrumb\",\"itemListElement\":[{\"@type\":\"ListItem\",\"position\":1,\"name\":\"Portada\",\"item\":\"https:\\\/\\\/www.copealcoy.es\\\/es\\\/\"},{\"@type\":\"ListItem\",\"position\":2,\"name\":\"UPV y Ayuntamiento de Alcoy firman la &#8216;C\u00e1tedra Industria Digital&#8217;\"}]},{\"@type\":\"WebSite\",\"@id\":\"https:\\\/\\\/www.copealcoy.es\\\/es\\\/#website\",\"url\":\"https:\\\/\\\/www.copealcoy.es\\\/es\\\/\",\"name\":\"COPE Alcoy\",\"description\":\"Emisora COPE de radio local con emisi\u00f3n online. Pont de Sant Jordi 8-10 03803 Alcoy\",\"potentialAction\":[{\"@type\":\"SearchAction\",\"target\":{\"@type\":\"EntryPoint\",\"urlTemplate\":\"https:\\\/\\\/www.copealcoy.es\\\/es\\\/?s={search_term_string}\"},\"query-input\":{\"@type\":\"PropertyValueSpecification\",\"valueRequired\":true,\"valueName\":\"search_term_string\"}}],\"inLanguage\":\"es\"},{\"@type\":\"Person\",\"@id\":\"https:\\\/\\\/www.copealcoy.es\\\/es\\\/#\\\/schema\\\/person\\\/e777c87fa024e57d40170af9df39882c\",\"name\":\"Cope Alcoy\",\"image\":{\"@type\":\"ImageObject\",\"inLanguage\":\"es\",\"@id\":\"https:\\\/\\\/secure.gravatar.com\\\/avatar\\\/bb65d0283347e303893ba14f0692005417c1e0e690a325a4c5d8bb2b3943ee14?s=96&d=mm&r=g\",\"url\":\"https:\\\/\\\/secure.gravatar.com\\\/avatar\\\/bb65d0283347e303893ba14f0692005417c1e0e690a325a4c5d8bb2b3943ee14?s=96&d=mm&r=g\",\"contentUrl\":\"https:\\\/\\\/secure.gravatar.com\\\/avatar\\\/bb65d0283347e303893ba14f0692005417c1e0e690a325a4c5d8bb2b3943ee14?s=96&d=mm&r=g\",\"caption\":\"Cope Alcoy\"}}]}<\/script>\n<!-- \/ Yoast SEO plugin. -->","yoast_head_json":{"title":"UPV y Ayuntamiento de Alcoy firman la 'C\u00e1tedra Industria Digital' - COPE Alcoy","robots":{"index":"index","follow":"follow","max-snippet":"max-snippet:-1","max-image-preview":"max-image-preview:large","max-video-preview":"max-video-preview:-1"},"canonical":"https:\/\/www.copealcoy.es\/es\/upv-y-ayuntamiento-de-alcoy-firman-la-catedra-industria-digital\/","og_locale":"es_ES","og_type":"article","og_title":"UPV y Ayuntamiento de Alcoy firman la 'C\u00e1tedra Industria Digital' - COPE Alcoy","og_description":"El Campus de Alcoy de la Universidad Polit\u00e9cnica de Valencia fue escenario la pasada semana de la firma&nbsp; de la...","og_url":"https:\/\/www.copealcoy.es\/es\/upv-y-ayuntamiento-de-alcoy-firman-la-catedra-industria-digital\/","og_site_name":"COPE Alcoy","article_published_time":"2021-09-12T18:24:37+00:00","article_modified_time":"2021-09-12T18:32:42+00:00","og_image":[{"width":1600,"height":1066,"url":"https:\/\/www.copealcoy.es\/wp-content\/uploads\/2021\/09\/unnamed-1-4.jpg","type":"image\/jpeg"}],"author":"Cope Alcoy","twitter_misc":{"Escrito por":"Cope Alcoy","Tiempo de lectura":"2 minutos"},"schema":{"@context":"https:\/\/schema.org","@graph":[{"@type":"Article","@id":"https:\/\/www.copealcoy.es\/es\/upv-y-ayuntamiento-de-alcoy-firman-la-catedra-industria-digital\/#article","isPartOf":{"@id":"https:\/\/www.copealcoy.es\/es\/upv-y-ayuntamiento-de-alcoy-firman-la-catedra-industria-digital\/"},"author":{"name":"Cope Alcoy","@id":"https:\/\/www.copealcoy.es\/es\/#\/schema\/person\/e777c87fa024e57d40170af9df39882c"},"headline":"UPV y Ayuntamiento de Alcoy firman la &#8216;C\u00e1tedra Industria Digital&#8217;","datePublished":"2021-09-12T18:24:37+00:00","dateModified":"2021-09-12T18:32:42+00:00","mainEntityOfPage":{"@id":"https:\/\/www.copealcoy.es\/es\/upv-y-ayuntamiento-de-alcoy-firman-la-catedra-industria-digital\/"},"wordCount":397,"commentCount":0,"image":{"@id":"https:\/\/www.copealcoy.es\/es\/upv-y-ayuntamiento-de-alcoy-firman-la-catedra-industria-digital\/#primaryimage"},"thumbnailUrl":"https:\/\/www.copealcoy.es\/wp-content\/uploads\/2021\/09\/unnamed-1-4.jpg","keywords":["'C\u00e1tedra Industria Digital'","Alcoy","Ayuntamiento","Campus UPV","firma"],"articleSection":["Alcoy","Educaci\u00f3n","Noticias"],"inLanguage":"es"},{"@type":"WebPage","@id":"https:\/\/www.copealcoy.es\/es\/upv-y-ayuntamiento-de-alcoy-firman-la-catedra-industria-digital\/","url":"https:\/\/www.copealcoy.es\/es\/upv-y-ayuntamiento-de-alcoy-firman-la-catedra-industria-digital\/","name":"UPV y Ayuntamiento de Alcoy firman la 'C\u00e1tedra Industria Digital' - COPE Alcoy","isPartOf":{"@id":"https:\/\/www.copealcoy.es\/es\/#website"},"primaryImageOfPage":{"@id":"https:\/\/www.copealcoy.es\/es\/upv-y-ayuntamiento-de-alcoy-firman-la-catedra-industria-digital\/#primaryimage"},"image":{"@id":"https:\/\/www.copealcoy.es\/es\/upv-y-ayuntamiento-de-alcoy-firman-la-catedra-industria-digital\/#primaryimage"},"thumbnailUrl":"https:\/\/www.copealcoy.es\/wp-content\/uploads\/2021\/09\/unnamed-1-4.jpg","datePublished":"2021-09-12T18:24:37+00:00","dateModified":"2021-09-12T18:32:42+00:00","author":{"@id":"https:\/\/www.copealcoy.es\/es\/#\/schema\/person\/e777c87fa024e57d40170af9df39882c"},"breadcrumb":{"@id":"https:\/\/www.copealcoy.es\/es\/upv-y-ayuntamiento-de-alcoy-firman-la-catedra-industria-digital\/#breadcrumb"},"inLanguage":"es","potentialAction":[{"@type":"ReadAction","target":["https:\/\/www.copealcoy.es\/es\/upv-y-ayuntamiento-de-alcoy-firman-la-catedra-industria-digital\/"]}]},{"@type":"ImageObject","inLanguage":"es","@id":"https:\/\/www.copealcoy.es\/es\/upv-y-ayuntamiento-de-alcoy-firman-la-catedra-industria-digital\/#primaryimage","url":"https:\/\/www.copealcoy.es\/wp-content\/uploads\/2021\/09\/unnamed-1-4.jpg","contentUrl":"https:\/\/www.copealcoy.es\/wp-content\/uploads\/2021\/09\/unnamed-1-4.jpg","width":1600,"height":1066},{"@type":"BreadcrumbList","@id":"https:\/\/www.copealcoy.es\/es\/upv-y-ayuntamiento-de-alcoy-firman-la-catedra-industria-digital\/#breadcrumb","itemListElement":[{"@type":"ListItem","position":1,"name":"Portada","item":"https:\/\/www.copealcoy.es\/es\/"},{"@type":"ListItem","position":2,"name":"UPV y Ayuntamiento de Alcoy firman la &#8216;C\u00e1tedra Industria Digital&#8217;"}]},{"@type":"WebSite","@id":"https:\/\/www.copealcoy.es\/es\/#website","url":"https:\/\/www.copealcoy.es\/es\/","name":"COPE Alcoy","description":"Emisora COPE de radio local con emisi\u00f3n online. Pont de Sant Jordi 8-10 03803 Alcoy","potentialAction":[{"@type":"SearchAction","target":{"@type":"EntryPoint","urlTemplate":"https:\/\/www.copealcoy.es\/es\/?s={search_term_string}"},"query-input":{"@type":"PropertyValueSpecification","valueRequired":true,"valueName":"search_term_string"}}],"inLanguage":"es"},{"@type":"Person","@id":"https:\/\/www.copealcoy.es\/es\/#\/schema\/person\/e777c87fa024e57d40170af9df39882c","name":"Cope Alcoy","image":{"@type":"ImageObject","inLanguage":"es","@id":"https:\/\/secure.gravatar.com\/avatar\/bb65d0283347e303893ba14f0692005417c1e0e690a325a4c5d8bb2b3943ee14?s=96&d=mm&r=g","url":"https:\/\/secure.gravatar.com\/avatar\/bb65d0283347e303893ba14f0692005417c1e0e690a325a4c5d8bb2b3943ee14?s=96&d=mm&r=g","contentUrl":"https:\/\/secure.gravatar.com\/avatar\/bb65d0283347e303893ba14f0692005417c1e0e690a325a4c5d8bb2b3943ee14?s=96&d=mm&r=g","caption":"Cope Alcoy"}}]}},"_links":{"self":[{"href":"https:\/\/www.copealcoy.es\/es\/wp-json\/wp\/v2\/posts\/77531","targetHints":{"allow":["GET"]}}],"collection":[{"href":"https:\/\/www.copealcoy.es\/es\/wp-json\/wp\/v2\/posts"}],"about":[{"href":"https:\/\/www.copealcoy.es\/es\/wp-json\/wp\/v2\/types\/post"}],"author":[{"embeddable":true,"href":"https:\/\/www.copealcoy.es\/es\/wp-json\/wp\/v2\/users\/1"}],"replies":[{"embeddable":true,"href":"https:\/\/www.copealcoy.es\/es\/wp-json\/wp\/v2\/comments?post=77531"}],"version-history":[{"count":0,"href":"https:\/\/www.copealcoy.es\/es\/wp-json\/wp\/v2\/posts\/77531\/revisions"}],"wp:featuredmedia":[{"embeddable":true,"href":"https:\/\/www.copealcoy.es\/es\/wp-json\/wp\/v2\/media\/77538"}],"wp:attachment":[{"href":"https:\/\/www.copealcoy.es\/es\/wp-json\/wp\/v2\/media?parent=77531"}],"wp:term":[{"taxonomy":"category","embeddable":true,"href":"https:\/\/www.copealcoy.es\/es\/wp-json\/wp\/v2\/categories?post=77531"},{"taxonomy":"post_tag","embeddable":true,"href":"https:\/\/www.copealcoy.es\/es\/wp-json\/wp\/v2\/tags?post=77531"}],"curies":[{"name":"wp","href":"https:\/\/api.w.org\/{rel}","templated":true}]}}