{"id":77523,"date":"2021-09-13T12:02:03","date_gmt":"2021-09-13T11:02:03","guid":{"rendered":"https:\/\/www.copealcoy.es\/?p=77523"},"modified":"2021-09-12T19:14:10","modified_gmt":"2021-09-12T18:14:10","slug":"las-vacunas-covid-19-que-sanidad-administrara-esta-semana-en-la-comunitat-a-los-que-acudan-sin-cita-previa","status":"publish","type":"post","link":"https:\/\/www.copealcoy.es\/es\/las-vacunas-covid-19-que-sanidad-administrara-esta-semana-en-la-comunitat-a-los-que-acudan-sin-cita-previa\/","title":{"rendered":"Las vacunas Covid-19 que Sanidad administrar\u00e1 esta semana en la Comunitat a los que acudan sin cita previa"},"content":{"rendered":"<p style=\"text-align: justify;\">La <strong>Conselleria de Sanidad Universal y Salud P\u00fablica\u00a0<\/strong>administrar\u00e1 un total de\u00a0<strong>83.737 dosis de la vacuna contra la Covid-19 durante esta pr\u00f3xima semana, del 13 al 19 de septiembre<\/strong>, la\u00a0<strong>segunda <\/strong>en la que est\u00e1 habilitada la inmunizaci\u00f3n sin cita previa.<\/p>\n<p style=\"text-align: justify;\">As\u00ed, el departamento de encabeza<strong>\u00a0la consellera Ana Barcel\u00f3<\/strong>\u00a0mantendr\u00e1 por segunda semana consecutiva <strong>la vacunaci\u00f3n sin cita<\/strong> a cualquier persona de 12 a\u00f1os o m\u00e1s que est\u00e9 pendiente de recibir la primera dosis.<\/p>\n<p style=\"text-align: justify;\">En concreto,<strong>\u00a0en los pr\u00f3ximos siete d\u00edas est\u00e1 previsto administrar 83.737 dosis dentro del plan de vacunaci\u00f3n programada, que se centra en las personas que hab\u00edan indicado a Sanidad que no podr\u00edan vacunarse hasta ahora al encontrarse de vacaciones<\/strong>, seg\u00fan ha informado este domingo la Conselleria en un comunicado.<\/p>\n<p style=\"text-align: justify;\"><strong>La vacunaci\u00f3n sin cita arranc\u00f3 el pasado 7 de septiembre y se mantendr\u00e1 esta semana y durante todo el mes para facilitar <\/strong><em>&#8220;al m\u00e1ximo&#8221;<\/em><strong> el acceso a la primera dosis<\/strong>\u00a0a todas aquellas personas que a\u00fan no la han recibido &#8220;<em>por el motivo que sea<\/em>&#8220;. As\u00ed, cualquier persona mayor de 12 a\u00f1os que est\u00e9 pendiente de esa primera dosis puede acudir sin cita a un punto de vacunaci\u00f3n.<\/p>\n<p><span style=\"color: #0000ff;\"><strong>Desglose por vacunas<\/strong><\/span><\/p>\n<p style=\"text-align: justify;\">Por otra parte, dentro de la campa\u00f1a vacunaci\u00f3n con cita, la mayor\u00eda de las dosis que se van a inocular esta semana son de\u00a0<strong>Pfizer<\/strong>, en concreto m\u00e1s de 54.000, e ir\u00e1n destinadas a las personas de entre 39 a 12 a\u00f1os que ya han recibido una dosis de la vacuna pero est\u00e1n pendientes de completar la pauta \u00f3ptima.<\/p>\n<p style=\"text-align: justify;\">Con las dosis de Pfizer tambi\u00e9n se han programado, en el marco de la estrategia de repesca, cerca de 14.000 citaciones de personas que est\u00e1n pendientes de vacunar.<\/p>\n<p style=\"text-align: justify;\">En cuanto a la vacuna de\u00a0<strong>Moderna<\/strong>, esta semana se destinar\u00e1n 29.155 dosis para personas de entre 39 a 12 a\u00f1os que tienen que completar la pauta con su segunda dosis.<\/p>\n<p style=\"text-align: justify;\">Adem\u00e1s, se va a administrar la vacuna de\u00a0<strong>AstraZeneca<\/strong>\u00a0a las personas que tienen pendiente la segunda dosis.<\/p>\n<p style=\"text-align: justify;\">Por <strong>laboratorios<\/strong>, durante esta semana est\u00e1 planificada la administraci\u00f3n de 54.068 dosis de la vacuna contra la Covid desarrollada por el laboratorio Pfizer, 29.287 dosis de la vacuna de Moderna y 382 dosis de AstraZeneca.<\/p>\n","protected":false},"excerpt":{"rendered":"<p>La Conselleria de Sanidad Universal y Salud P\u00fablica\u00a0administrar\u00e1 un total de\u00a083.737 dosis de la vacuna contra la Covid-19 durante esta&#8230;<\/p>\n","protected":false},"author":1,"featured_media":72663,"comment_status":"open","ping_status":"open","sticky":false,"template":"","format":"standard","meta":{"footnotes":""},"categories":[6909,75,79],"tags":[11745,7379,7317,994,11746,10758],"class_list":["post-77523","post","type-post","status-publish","format-standard","has-post-thumbnail","hentry","category-actualidad","category-noticias","category-politicayeconomia","tag-administracion-dosis","tag-ana-barcelo","tag-conselleria-de-sanitat","tag-generalitat-valenciana","tag-laboratorios","tag-vacunas"],"yoast_head":"<!-- This site is optimized with the Yoast SEO plugin v27.3 - https:\/\/yoast.com\/product\/yoast-seo-wordpress\/ -->\n<title>Las vacunas Covid-19 que Sanidad administrar\u00e1 esta semana en la Comunitat a los que acudan sin cita previa - COPE Alcoy<\/title>\n<meta name=\"robots\" content=\"index, follow, max-snippet:-1, max-image-preview:large, max-video-preview:-1\" \/>\n<link rel=\"canonical\" href=\"https:\/\/www.copealcoy.es\/es\/las-vacunas-covid-19-que-sanidad-administrara-esta-semana-en-la-comunitat-a-los-que-acudan-sin-cita-previa\/\" \/>\n<meta property=\"og:locale\" content=\"es_ES\" \/>\n<meta property=\"og:type\" content=\"article\" \/>\n<meta property=\"og:title\" content=\"Las vacunas Covid-19 que Sanidad administrar\u00e1 esta semana en la Comunitat a los que acudan sin cita previa - COPE Alcoy\" \/>\n<meta property=\"og:description\" content=\"La Conselleria de Sanidad Universal y Salud P\u00fablica\u00a0administrar\u00e1 un total de\u00a083.737 dosis de la vacuna contra la Covid-19 durante esta...\" \/>\n<meta property=\"og:url\" content=\"https:\/\/www.copealcoy.es\/es\/las-vacunas-covid-19-que-sanidad-administrara-esta-semana-en-la-comunitat-a-los-que-acudan-sin-cita-previa\/\" \/>\n<meta property=\"og:site_name\" content=\"COPE Alcoy\" \/>\n<meta property=\"article:published_time\" content=\"2021-09-13T11:02:03+00:00\" \/>\n<meta property=\"og:image\" content=\"https:\/\/www.copealcoy.es\/wp-content\/uploads\/2021\/04\/167355503_5945163545509780_3409223777316464782_n.jpg\" \/>\n\t<meta property=\"og:image:width\" content=\"2048\" \/>\n\t<meta property=\"og:image:height\" content=\"1536\" \/>\n\t<meta property=\"og:image:type\" content=\"image\/jpeg\" \/>\n<meta name=\"author\" content=\"Cope Alcoy\" \/>\n<meta name=\"twitter:label1\" content=\"Escrito por\" \/>\n\t<meta name=\"twitter:data1\" content=\"Cope Alcoy\" \/>\n\t<meta name=\"twitter:label2\" content=\"Tiempo de lectura\" \/>\n\t<meta name=\"twitter:data2\" content=\"2 minutos\" \/>\n<script type=\"application\/ld+json\" class=\"yoast-schema-graph\">{\"@context\":\"https:\\\/\\\/schema.org\",\"@graph\":[{\"@type\":\"Article\",\"@id\":\"https:\\\/\\\/www.copealcoy.es\\\/es\\\/las-vacunas-covid-19-que-sanidad-administrara-esta-semana-en-la-comunitat-a-los-que-acudan-sin-cita-previa\\\/#article\",\"isPartOf\":{\"@id\":\"https:\\\/\\\/www.copealcoy.es\\\/es\\\/las-vacunas-covid-19-que-sanidad-administrara-esta-semana-en-la-comunitat-a-los-que-acudan-sin-cita-previa\\\/\"},\"author\":{\"name\":\"Cope Alcoy\",\"@id\":\"https:\\\/\\\/www.copealcoy.es\\\/es\\\/#\\\/schema\\\/person\\\/e777c87fa024e57d40170af9df39882c\"},\"headline\":\"Las vacunas Covid-19 que Sanidad administrar\u00e1 esta semana en la Comunitat a los que acudan sin cita previa\",\"datePublished\":\"2021-09-13T11:02:03+00:00\",\"mainEntityOfPage\":{\"@id\":\"https:\\\/\\\/www.copealcoy.es\\\/es\\\/las-vacunas-covid-19-que-sanidad-administrara-esta-semana-en-la-comunitat-a-los-que-acudan-sin-cita-previa\\\/\"},\"wordCount\":398,\"commentCount\":0,\"image\":{\"@id\":\"https:\\\/\\\/www.copealcoy.es\\\/es\\\/las-vacunas-covid-19-que-sanidad-administrara-esta-semana-en-la-comunitat-a-los-que-acudan-sin-cita-previa\\\/#primaryimage\"},\"thumbnailUrl\":\"https:\\\/\\\/www.copealcoy.es\\\/wp-content\\\/uploads\\\/2021\\\/04\\\/167355503_5945163545509780_3409223777316464782_n.jpg\",\"keywords\":[\"administraci\u00f3n dosis\",\"Ana Barcel\u00f3\",\"Conselleria de Sanitat\",\"Generalitat Valenciana\",\"laboratorios\",\"vacunas\"],\"articleSection\":[\"Actualidad\",\"Noticias\",\"Pol\u00edtica y Econom\u00eda\"],\"inLanguage\":\"es\"},{\"@type\":\"WebPage\",\"@id\":\"https:\\\/\\\/www.copealcoy.es\\\/es\\\/las-vacunas-covid-19-que-sanidad-administrara-esta-semana-en-la-comunitat-a-los-que-acudan-sin-cita-previa\\\/\",\"url\":\"https:\\\/\\\/www.copealcoy.es\\\/es\\\/las-vacunas-covid-19-que-sanidad-administrara-esta-semana-en-la-comunitat-a-los-que-acudan-sin-cita-previa\\\/\",\"name\":\"Las vacunas Covid-19 que Sanidad administrar\u00e1 esta semana en la Comunitat a los que acudan sin cita previa - COPE Alcoy\",\"isPartOf\":{\"@id\":\"https:\\\/\\\/www.copealcoy.es\\\/es\\\/#website\"},\"primaryImageOfPage\":{\"@id\":\"https:\\\/\\\/www.copealcoy.es\\\/es\\\/las-vacunas-covid-19-que-sanidad-administrara-esta-semana-en-la-comunitat-a-los-que-acudan-sin-cita-previa\\\/#primaryimage\"},\"image\":{\"@id\":\"https:\\\/\\\/www.copealcoy.es\\\/es\\\/las-vacunas-covid-19-que-sanidad-administrara-esta-semana-en-la-comunitat-a-los-que-acudan-sin-cita-previa\\\/#primaryimage\"},\"thumbnailUrl\":\"https:\\\/\\\/www.copealcoy.es\\\/wp-content\\\/uploads\\\/2021\\\/04\\\/167355503_5945163545509780_3409223777316464782_n.jpg\",\"datePublished\":\"2021-09-13T11:02:03+00:00\",\"author\":{\"@id\":\"https:\\\/\\\/www.copealcoy.es\\\/es\\\/#\\\/schema\\\/person\\\/e777c87fa024e57d40170af9df39882c\"},\"breadcrumb\":{\"@id\":\"https:\\\/\\\/www.copealcoy.es\\\/es\\\/las-vacunas-covid-19-que-sanidad-administrara-esta-semana-en-la-comunitat-a-los-que-acudan-sin-cita-previa\\\/#breadcrumb\"},\"inLanguage\":\"es\",\"potentialAction\":[{\"@type\":\"ReadAction\",\"target\":[\"https:\\\/\\\/www.copealcoy.es\\\/es\\\/las-vacunas-covid-19-que-sanidad-administrara-esta-semana-en-la-comunitat-a-los-que-acudan-sin-cita-previa\\\/\"]}]},{\"@type\":\"ImageObject\",\"inLanguage\":\"es\",\"@id\":\"https:\\\/\\\/www.copealcoy.es\\\/es\\\/las-vacunas-covid-19-que-sanidad-administrara-esta-semana-en-la-comunitat-a-los-que-acudan-sin-cita-previa\\\/#primaryimage\",\"url\":\"https:\\\/\\\/www.copealcoy.es\\\/wp-content\\\/uploads\\\/2021\\\/04\\\/167355503_5945163545509780_3409223777316464782_n.jpg\",\"contentUrl\":\"https:\\\/\\\/www.copealcoy.es\\\/wp-content\\\/uploads\\\/2021\\\/04\\\/167355503_5945163545509780_3409223777316464782_n.jpg\",\"width\":2048,\"height\":1536},{\"@type\":\"BreadcrumbList\",\"@id\":\"https:\\\/\\\/www.copealcoy.es\\\/es\\\/las-vacunas-covid-19-que-sanidad-administrara-esta-semana-en-la-comunitat-a-los-que-acudan-sin-cita-previa\\\/#breadcrumb\",\"itemListElement\":[{\"@type\":\"ListItem\",\"position\":1,\"name\":\"Portada\",\"item\":\"https:\\\/\\\/www.copealcoy.es\\\/es\\\/\"},{\"@type\":\"ListItem\",\"position\":2,\"name\":\"Las vacunas Covid-19 que Sanidad administrar\u00e1 esta semana en la Comunitat a los que acudan sin cita previa\"}]},{\"@type\":\"WebSite\",\"@id\":\"https:\\\/\\\/www.copealcoy.es\\\/es\\\/#website\",\"url\":\"https:\\\/\\\/www.copealcoy.es\\\/es\\\/\",\"name\":\"COPE Alcoy\",\"description\":\"Emisora COPE de radio local con emisi\u00f3n online. Pont de Sant Jordi 8-10 03803 Alcoy\",\"potentialAction\":[{\"@type\":\"SearchAction\",\"target\":{\"@type\":\"EntryPoint\",\"urlTemplate\":\"https:\\\/\\\/www.copealcoy.es\\\/es\\\/?s={search_term_string}\"},\"query-input\":{\"@type\":\"PropertyValueSpecification\",\"valueRequired\":true,\"valueName\":\"search_term_string\"}}],\"inLanguage\":\"es\"},{\"@type\":\"Person\",\"@id\":\"https:\\\/\\\/www.copealcoy.es\\\/es\\\/#\\\/schema\\\/person\\\/e777c87fa024e57d40170af9df39882c\",\"name\":\"Cope Alcoy\",\"image\":{\"@type\":\"ImageObject\",\"inLanguage\":\"es\",\"@id\":\"https:\\\/\\\/secure.gravatar.com\\\/avatar\\\/bb65d0283347e303893ba14f0692005417c1e0e690a325a4c5d8bb2b3943ee14?s=96&d=mm&r=g\",\"url\":\"https:\\\/\\\/secure.gravatar.com\\\/avatar\\\/bb65d0283347e303893ba14f0692005417c1e0e690a325a4c5d8bb2b3943ee14?s=96&d=mm&r=g\",\"contentUrl\":\"https:\\\/\\\/secure.gravatar.com\\\/avatar\\\/bb65d0283347e303893ba14f0692005417c1e0e690a325a4c5d8bb2b3943ee14?s=96&d=mm&r=g\",\"caption\":\"Cope Alcoy\"}}]}<\/script>\n<!-- \/ Yoast SEO plugin. -->","yoast_head_json":{"title":"Las vacunas Covid-19 que Sanidad administrar\u00e1 esta semana en la Comunitat a los que acudan sin cita previa - COPE Alcoy","robots":{"index":"index","follow":"follow","max-snippet":"max-snippet:-1","max-image-preview":"max-image-preview:large","max-video-preview":"max-video-preview:-1"},"canonical":"https:\/\/www.copealcoy.es\/es\/las-vacunas-covid-19-que-sanidad-administrara-esta-semana-en-la-comunitat-a-los-que-acudan-sin-cita-previa\/","og_locale":"es_ES","og_type":"article","og_title":"Las vacunas Covid-19 que Sanidad administrar\u00e1 esta semana en la Comunitat a los que acudan sin cita previa - COPE Alcoy","og_description":"La Conselleria de Sanidad Universal y Salud P\u00fablica\u00a0administrar\u00e1 un total de\u00a083.737 dosis de la vacuna contra la Covid-19 durante esta...","og_url":"https:\/\/www.copealcoy.es\/es\/las-vacunas-covid-19-que-sanidad-administrara-esta-semana-en-la-comunitat-a-los-que-acudan-sin-cita-previa\/","og_site_name":"COPE Alcoy","article_published_time":"2021-09-13T11:02:03+00:00","og_image":[{"width":2048,"height":1536,"url":"https:\/\/www.copealcoy.es\/wp-content\/uploads\/2021\/04\/167355503_5945163545509780_3409223777316464782_n.jpg","type":"image\/jpeg"}],"author":"Cope Alcoy","twitter_misc":{"Escrito por":"Cope Alcoy","Tiempo de lectura":"2 minutos"},"schema":{"@context":"https:\/\/schema.org","@graph":[{"@type":"Article","@id":"https:\/\/www.copealcoy.es\/es\/las-vacunas-covid-19-que-sanidad-administrara-esta-semana-en-la-comunitat-a-los-que-acudan-sin-cita-previa\/#article","isPartOf":{"@id":"https:\/\/www.copealcoy.es\/es\/las-vacunas-covid-19-que-sanidad-administrara-esta-semana-en-la-comunitat-a-los-que-acudan-sin-cita-previa\/"},"author":{"name":"Cope Alcoy","@id":"https:\/\/www.copealcoy.es\/es\/#\/schema\/person\/e777c87fa024e57d40170af9df39882c"},"headline":"Las vacunas Covid-19 que Sanidad administrar\u00e1 esta semana en la Comunitat a los que acudan sin cita previa","datePublished":"2021-09-13T11:02:03+00:00","mainEntityOfPage":{"@id":"https:\/\/www.copealcoy.es\/es\/las-vacunas-covid-19-que-sanidad-administrara-esta-semana-en-la-comunitat-a-los-que-acudan-sin-cita-previa\/"},"wordCount":398,"commentCount":0,"image":{"@id":"https:\/\/www.copealcoy.es\/es\/las-vacunas-covid-19-que-sanidad-administrara-esta-semana-en-la-comunitat-a-los-que-acudan-sin-cita-previa\/#primaryimage"},"thumbnailUrl":"https:\/\/www.copealcoy.es\/wp-content\/uploads\/2021\/04\/167355503_5945163545509780_3409223777316464782_n.jpg","keywords":["administraci\u00f3n dosis","Ana Barcel\u00f3","Conselleria de Sanitat","Generalitat Valenciana","laboratorios","vacunas"],"articleSection":["Actualidad","Noticias","Pol\u00edtica y Econom\u00eda"],"inLanguage":"es"},{"@type":"WebPage","@id":"https:\/\/www.copealcoy.es\/es\/las-vacunas-covid-19-que-sanidad-administrara-esta-semana-en-la-comunitat-a-los-que-acudan-sin-cita-previa\/","url":"https:\/\/www.copealcoy.es\/es\/las-vacunas-covid-19-que-sanidad-administrara-esta-semana-en-la-comunitat-a-los-que-acudan-sin-cita-previa\/","name":"Las vacunas Covid-19 que Sanidad administrar\u00e1 esta semana en la Comunitat a los que acudan sin cita previa - COPE Alcoy","isPartOf":{"@id":"https:\/\/www.copealcoy.es\/es\/#website"},"primaryImageOfPage":{"@id":"https:\/\/www.copealcoy.es\/es\/las-vacunas-covid-19-que-sanidad-administrara-esta-semana-en-la-comunitat-a-los-que-acudan-sin-cita-previa\/#primaryimage"},"image":{"@id":"https:\/\/www.copealcoy.es\/es\/las-vacunas-covid-19-que-sanidad-administrara-esta-semana-en-la-comunitat-a-los-que-acudan-sin-cita-previa\/#primaryimage"},"thumbnailUrl":"https:\/\/www.copealcoy.es\/wp-content\/uploads\/2021\/04\/167355503_5945163545509780_3409223777316464782_n.jpg","datePublished":"2021-09-13T11:02:03+00:00","author":{"@id":"https:\/\/www.copealcoy.es\/es\/#\/schema\/person\/e777c87fa024e57d40170af9df39882c"},"breadcrumb":{"@id":"https:\/\/www.copealcoy.es\/es\/las-vacunas-covid-19-que-sanidad-administrara-esta-semana-en-la-comunitat-a-los-que-acudan-sin-cita-previa\/#breadcrumb"},"inLanguage":"es","potentialAction":[{"@type":"ReadAction","target":["https:\/\/www.copealcoy.es\/es\/las-vacunas-covid-19-que-sanidad-administrara-esta-semana-en-la-comunitat-a-los-que-acudan-sin-cita-previa\/"]}]},{"@type":"ImageObject","inLanguage":"es","@id":"https:\/\/www.copealcoy.es\/es\/las-vacunas-covid-19-que-sanidad-administrara-esta-semana-en-la-comunitat-a-los-que-acudan-sin-cita-previa\/#primaryimage","url":"https:\/\/www.copealcoy.es\/wp-content\/uploads\/2021\/04\/167355503_5945163545509780_3409223777316464782_n.jpg","contentUrl":"https:\/\/www.copealcoy.es\/wp-content\/uploads\/2021\/04\/167355503_5945163545509780_3409223777316464782_n.jpg","width":2048,"height":1536},{"@type":"BreadcrumbList","@id":"https:\/\/www.copealcoy.es\/es\/las-vacunas-covid-19-que-sanidad-administrara-esta-semana-en-la-comunitat-a-los-que-acudan-sin-cita-previa\/#breadcrumb","itemListElement":[{"@type":"ListItem","position":1,"name":"Portada","item":"https:\/\/www.copealcoy.es\/es\/"},{"@type":"ListItem","position":2,"name":"Las vacunas Covid-19 que Sanidad administrar\u00e1 esta semana en la Comunitat a los que acudan sin cita previa"}]},{"@type":"WebSite","@id":"https:\/\/www.copealcoy.es\/es\/#website","url":"https:\/\/www.copealcoy.es\/es\/","name":"COPE Alcoy","description":"Emisora COPE de radio local con emisi\u00f3n online. Pont de Sant Jordi 8-10 03803 Alcoy","potentialAction":[{"@type":"SearchAction","target":{"@type":"EntryPoint","urlTemplate":"https:\/\/www.copealcoy.es\/es\/?s={search_term_string}"},"query-input":{"@type":"PropertyValueSpecification","valueRequired":true,"valueName":"search_term_string"}}],"inLanguage":"es"},{"@type":"Person","@id":"https:\/\/www.copealcoy.es\/es\/#\/schema\/person\/e777c87fa024e57d40170af9df39882c","name":"Cope Alcoy","image":{"@type":"ImageObject","inLanguage":"es","@id":"https:\/\/secure.gravatar.com\/avatar\/bb65d0283347e303893ba14f0692005417c1e0e690a325a4c5d8bb2b3943ee14?s=96&d=mm&r=g","url":"https:\/\/secure.gravatar.com\/avatar\/bb65d0283347e303893ba14f0692005417c1e0e690a325a4c5d8bb2b3943ee14?s=96&d=mm&r=g","contentUrl":"https:\/\/secure.gravatar.com\/avatar\/bb65d0283347e303893ba14f0692005417c1e0e690a325a4c5d8bb2b3943ee14?s=96&d=mm&r=g","caption":"Cope Alcoy"}}]}},"_links":{"self":[{"href":"https:\/\/www.copealcoy.es\/es\/wp-json\/wp\/v2\/posts\/77523","targetHints":{"allow":["GET"]}}],"collection":[{"href":"https:\/\/www.copealcoy.es\/es\/wp-json\/wp\/v2\/posts"}],"about":[{"href":"https:\/\/www.copealcoy.es\/es\/wp-json\/wp\/v2\/types\/post"}],"author":[{"embeddable":true,"href":"https:\/\/www.copealcoy.es\/es\/wp-json\/wp\/v2\/users\/1"}],"replies":[{"embeddable":true,"href":"https:\/\/www.copealcoy.es\/es\/wp-json\/wp\/v2\/comments?post=77523"}],"version-history":[{"count":0,"href":"https:\/\/www.copealcoy.es\/es\/wp-json\/wp\/v2\/posts\/77523\/revisions"}],"wp:featuredmedia":[{"embeddable":true,"href":"https:\/\/www.copealcoy.es\/es\/wp-json\/wp\/v2\/media\/72663"}],"wp:attachment":[{"href":"https:\/\/www.copealcoy.es\/es\/wp-json\/wp\/v2\/media?parent=77523"}],"wp:term":[{"taxonomy":"category","embeddable":true,"href":"https:\/\/www.copealcoy.es\/es\/wp-json\/wp\/v2\/categories?post=77523"},{"taxonomy":"post_tag","embeddable":true,"href":"https:\/\/www.copealcoy.es\/es\/wp-json\/wp\/v2\/tags?post=77523"}],"curies":[{"name":"wp","href":"https:\/\/api.w.org\/{rel}","templated":true}]}}