{"id":77511,"date":"2021-09-12T18:37:32","date_gmt":"2021-09-12T17:37:32","guid":{"rendered":"https:\/\/www.copealcoy.es\/?p=77511"},"modified":"2021-09-13T06:21:08","modified_gmt":"2021-09-13T05:21:08","slug":"alcoyano-y-sabadell-empatan-1-1","status":"publish","type":"post","link":"https:\/\/www.copealcoy.es\/es\/alcoyano-y-sabadell-empatan-1-1\/","title":{"rendered":"Alcoyano y Sabadell empatan 1-1"},"content":{"rendered":"<p class=\"selectionShareable\" style=\"text-align: justify;\">El&nbsp;<strong>Alcoyano&nbsp;<\/strong>continuar\u00e1 una semana m\u00e1s imbatido en la&nbsp;<strong>Primera RFEF<\/strong>&nbsp;y, lo que es m\u00e1s importante, ocupando una c\u00f3moda posici\u00f3n en la tabla del complicado&nbsp;<strong>grupo 2<\/strong>.<\/p>\n<p class=\"selectionShareable\" style=\"text-align: justify;\">El equipo de&nbsp;<strong>Vicente Parras<\/strong>&nbsp;y el&nbsp;<strong>Sabadell&nbsp;<\/strong>cerraban con empate a un gol este s\u00e1bado el duelo de hist\u00f3ricos del f\u00fatbol espa\u00f1ol que coprotagonizaban en&nbsp;<strong>El Collao<\/strong>. Un choque con alternativas, en el que los arlequinados se adelantaban en el arranque, gracias a que&nbsp;<strong>Diego Caballo&nbsp;<\/strong>sacaba partido a una falta mal defendida por los blanquiazules, pero estos lograban restablecer el empate en la segunda mitad, por mediaci\u00f3n de&nbsp;<strong>\u00c1ngel S\u00e1nchez<\/strong>, que convert\u00eda en gol un soberbio centro de&nbsp;<strong>Andy Escudero<\/strong>.<\/p>\n<p class=\"selectionShareable\" style=\"text-align: justify;\">Se hab\u00edan cumplido solo tres minutos de juego cuando en la disputa por un bal\u00f3n largo en los tres cuartos,&nbsp;<strong>Carlos Blanco<\/strong>&nbsp;ve\u00eda como el \u00e1rbitro albacete\u00f1o&nbsp;<strong>Collado L\u00f3pez<\/strong>&nbsp;le se\u00f1alaba una rigurosa falta sobre el visitante&nbsp;<strong>Kaxe<\/strong>.&nbsp;<strong>Aar\u00f3n Rey<\/strong>&nbsp;la botaba en corto y&nbsp;<strong>Diego Caballo<\/strong>, ante la tibia oposici\u00f3n de la zaga alcoyana, bat\u00eda a<strong>&nbsp;Jos\u00e9 Juan<\/strong>&nbsp;con un zurdazo desde la media distancia.<\/p>\n<p class=\"selectionShareable\" style=\"text-align: justify;\">Aunque el Alcoyano trat\u00f3 de restablecer el empate por la v\u00eda r\u00e1pida, las ocasiones protagonizadas por&nbsp;<strong>\u00c1ngel L\u00f3pez<\/strong>&nbsp;y&nbsp;<strong>Mourad&nbsp;<\/strong>poco antes del ecuador del primer acto fueron desbaratadas por un acertado&nbsp;<strong>Kike Royo<\/strong>: primero se topaba con el meta visitante el extremo saje\u00f1o que, tras rescatar un saque de banda&nbsp;<strong>Jona&nbsp;<\/strong>en la l\u00ednea de fondo, trataba de adelantar a los suyos con un disparo dentro del \u00e1rea que Royo salvaba con los pies. A rengl\u00f3n seguido, era Mourad, con un remate de cabeza a centro de&nbsp;<strong>Fran Miranda<\/strong>, el que pon\u00eda a prueba al portero del Sabadell.<\/p>\n<p class=\"selectionShareable\" style=\"text-align: justify;\">El Alcoyano cargaba el juego por el costado derecho de su ataque, con&nbsp;<strong>Lillo Castellano&nbsp;<\/strong>y&nbsp;<strong>Dani Vega<\/strong>&nbsp;muy intensos. Precisamente en esa banda iba a nacer la tercera ocasi\u00f3n clara del encuentro para los de Parras, cuando en un centro del lateral derecho al \u00e1rea peque\u00f1a, Mourad no acertaba a superar a Kike Royo. Corr\u00eda el minuto 36 de partido y los locales ya merec\u00edan un mejor resultado, que finalmente conseguir\u00edan tras el paso por vestuarios, superada ampliamente la hora de partido y despu\u00e9s de que el Sabadell se hiciera acreedor del 0-2: primero&nbsp;<strong>Jacobo&nbsp;<\/strong>estrellaba un bal\u00f3n en el travesa\u00f1o de la meta de Jos\u00e9 Juan y, casi a continuaci\u00f3n, el meta vigu\u00e9s evitaba el tanto arlequinado en un disparo cruzado dentro del \u00e1rea a&nbsp;<strong>Alfred Planas<\/strong>.<\/p>\n<p class=\"selectionShareable\" style=\"text-align: justify;\">Parras, que aprovechando el descanso hab\u00eda retocado su dibujo, dando entrada a&nbsp;<strong>Primi F\u00e9rriz<\/strong>&nbsp;y&nbsp;<strong>Andy Escudero<\/strong>, en el minuto 60 sustitu\u00eda a un agotado Dani Vega por&nbsp;<strong>\u00c1ngel S\u00e1nchez<\/strong>&nbsp;y poco despu\u00e9s a Jona por&nbsp;<strong>Juli<\/strong>. Futbolistas que no solo le dar\u00edan otro aire a las bandas y ataque del Alcoyano, es que resultar\u00edan claves en la acci\u00f3n del empate: en el minuto 67,&nbsp;<strong>Imanol&nbsp;<\/strong>ganaba un despeje de la zaga del Sabadell a un centro-chut de Juli y asist\u00eda a Andy que, desde la izquierda, pon\u00eda un fenomenal centro al segundo palo donde \u00c1ngel S\u00e1nchez, gan\u00e1ndole la espalda a&nbsp;<strong>Morgado<\/strong>, bat\u00eda al fin a Royo de cabeza.<\/p>\n<p class=\"selectionShareable\" style=\"text-align: justify;\">Aunque con el 1-1, ambos conjuntos tuvieron en las botas de Juli y&nbsp;<strong>Xavi Boniquet<\/strong>, con disparos desde fuera del \u00e1rea (el del futbolista alcoyano propiciado por un grave error de la zaga visitante), dos buenas opciones para desnivelar el marcador, este ya no se mover\u00eda.<\/p>\n<p class=\"selectionShareable\" style=\"text-align: justify;\"><strong>5 puntos de 9 y visita al Sevilla Atl\u00e9tico<\/strong><\/p>\n<p class=\"selectionShareable\" style=\"text-align: justify;\">Merced al empate, el Alcoyano continuar\u00e1 tras tres jornadas en la parte alta de la clasificaci\u00f3n del&nbsp;<strong>grupo 2<\/strong>&nbsp;de la&nbsp;<strong>Primera RFEF<\/strong>, ahora con 5 puntos. El pr\u00f3ximo fin de semana (el domingo 19, desde las 12 horas), los de Parras jugar\u00e1n en la&nbsp;<strong>Ciudad Deportiva del Sevilla<\/strong>&nbsp;contra su filial.<\/p>\n","protected":false},"excerpt":{"rendered":"<p>El&nbsp;Alcoyano&nbsp;continuar\u00e1 una semana m\u00e1s imbatido en la&nbsp;Primera RFEF&nbsp;y, lo que es m\u00e1s importante, ocupando una c\u00f3moda posici\u00f3n en la tabla&#8230;<\/p>\n","protected":false},"author":1,"featured_media":77547,"comment_status":"open","ping_status":"open","sticky":false,"template":"","format":"standard","meta":{"footnotes":""},"categories":[92,75],"tags":[140,284,346,1547],"class_list":["post-77511","post","type-post","status-publish","format-standard","has-post-thumbnail","hentry","category-deportes","category-noticias","tag-alcoyano","tag-collao","tag-empate","tag-sabadell"],"yoast_head":"<!-- This site is optimized with the Yoast SEO plugin v27.3 - https:\/\/yoast.com\/product\/yoast-seo-wordpress\/ -->\n<title>Alcoyano y Sabadell empatan 1-1 - COPE Alcoy<\/title>\n<meta name=\"robots\" content=\"index, follow, max-snippet:-1, max-image-preview:large, max-video-preview:-1\" \/>\n<link rel=\"canonical\" href=\"https:\/\/www.copealcoy.es\/es\/alcoyano-y-sabadell-empatan-1-1\/\" \/>\n<meta property=\"og:locale\" content=\"es_ES\" \/>\n<meta property=\"og:type\" content=\"article\" \/>\n<meta property=\"og:title\" content=\"Alcoyano y Sabadell empatan 1-1 - COPE Alcoy\" \/>\n<meta property=\"og:description\" content=\"El&nbsp;Alcoyano&nbsp;continuar\u00e1 una semana m\u00e1s imbatido en la&nbsp;Primera RFEF&nbsp;y, lo que es m\u00e1s importante, ocupando una c\u00f3moda posici\u00f3n en la tabla...\" \/>\n<meta property=\"og:url\" content=\"https:\/\/www.copealcoy.es\/es\/alcoyano-y-sabadell-empatan-1-1\/\" \/>\n<meta property=\"og:site_name\" content=\"COPE Alcoy\" \/>\n<meta property=\"article:published_time\" content=\"2021-09-12T17:37:32+00:00\" \/>\n<meta property=\"article:modified_time\" content=\"2021-09-13T05:21:08+00:00\" \/>\n<meta property=\"og:image\" content=\"https:\/\/www.copealcoy.es\/wp-content\/uploads\/2021\/09\/unnamed.jpg\" \/>\n\t<meta property=\"og:image:width\" content=\"683\" \/>\n\t<meta property=\"og:image:height\" content=\"397\" \/>\n\t<meta property=\"og:image:type\" content=\"image\/jpeg\" \/>\n<meta name=\"author\" content=\"Cope Alcoy\" \/>\n<meta name=\"twitter:label1\" content=\"Escrito por\" \/>\n\t<meta name=\"twitter:data1\" content=\"Cope Alcoy\" \/>\n\t<meta name=\"twitter:label2\" content=\"Tiempo de lectura\" \/>\n\t<meta name=\"twitter:data2\" content=\"3 minutos\" \/>\n<script type=\"application\/ld+json\" class=\"yoast-schema-graph\">{\"@context\":\"https:\\\/\\\/schema.org\",\"@graph\":[{\"@type\":\"Article\",\"@id\":\"https:\\\/\\\/www.copealcoy.es\\\/es\\\/alcoyano-y-sabadell-empatan-1-1\\\/#article\",\"isPartOf\":{\"@id\":\"https:\\\/\\\/www.copealcoy.es\\\/es\\\/alcoyano-y-sabadell-empatan-1-1\\\/\"},\"author\":{\"name\":\"Cope Alcoy\",\"@id\":\"https:\\\/\\\/www.copealcoy.es\\\/es\\\/#\\\/schema\\\/person\\\/e777c87fa024e57d40170af9df39882c\"},\"headline\":\"Alcoyano y Sabadell empatan 1-1\",\"datePublished\":\"2021-09-12T17:37:32+00:00\",\"dateModified\":\"2021-09-13T05:21:08+00:00\",\"mainEntityOfPage\":{\"@id\":\"https:\\\/\\\/www.copealcoy.es\\\/es\\\/alcoyano-y-sabadell-empatan-1-1\\\/\"},\"wordCount\":724,\"commentCount\":0,\"image\":{\"@id\":\"https:\\\/\\\/www.copealcoy.es\\\/es\\\/alcoyano-y-sabadell-empatan-1-1\\\/#primaryimage\"},\"thumbnailUrl\":\"https:\\\/\\\/www.copealcoy.es\\\/wp-content\\\/uploads\\\/2021\\\/09\\\/unnamed.jpg\",\"keywords\":[\"Alcoyano\",\"Collao\",\"empate\",\"Sabadell\"],\"articleSection\":[\"Deportes\",\"Noticias\"],\"inLanguage\":\"es\"},{\"@type\":\"WebPage\",\"@id\":\"https:\\\/\\\/www.copealcoy.es\\\/es\\\/alcoyano-y-sabadell-empatan-1-1\\\/\",\"url\":\"https:\\\/\\\/www.copealcoy.es\\\/es\\\/alcoyano-y-sabadell-empatan-1-1\\\/\",\"name\":\"Alcoyano y Sabadell empatan 1-1 - COPE Alcoy\",\"isPartOf\":{\"@id\":\"https:\\\/\\\/www.copealcoy.es\\\/es\\\/#website\"},\"primaryImageOfPage\":{\"@id\":\"https:\\\/\\\/www.copealcoy.es\\\/es\\\/alcoyano-y-sabadell-empatan-1-1\\\/#primaryimage\"},\"image\":{\"@id\":\"https:\\\/\\\/www.copealcoy.es\\\/es\\\/alcoyano-y-sabadell-empatan-1-1\\\/#primaryimage\"},\"thumbnailUrl\":\"https:\\\/\\\/www.copealcoy.es\\\/wp-content\\\/uploads\\\/2021\\\/09\\\/unnamed.jpg\",\"datePublished\":\"2021-09-12T17:37:32+00:00\",\"dateModified\":\"2021-09-13T05:21:08+00:00\",\"author\":{\"@id\":\"https:\\\/\\\/www.copealcoy.es\\\/es\\\/#\\\/schema\\\/person\\\/e777c87fa024e57d40170af9df39882c\"},\"breadcrumb\":{\"@id\":\"https:\\\/\\\/www.copealcoy.es\\\/es\\\/alcoyano-y-sabadell-empatan-1-1\\\/#breadcrumb\"},\"inLanguage\":\"es\",\"potentialAction\":[{\"@type\":\"ReadAction\",\"target\":[\"https:\\\/\\\/www.copealcoy.es\\\/es\\\/alcoyano-y-sabadell-empatan-1-1\\\/\"]}]},{\"@type\":\"ImageObject\",\"inLanguage\":\"es\",\"@id\":\"https:\\\/\\\/www.copealcoy.es\\\/es\\\/alcoyano-y-sabadell-empatan-1-1\\\/#primaryimage\",\"url\":\"https:\\\/\\\/www.copealcoy.es\\\/wp-content\\\/uploads\\\/2021\\\/09\\\/unnamed.jpg\",\"contentUrl\":\"https:\\\/\\\/www.copealcoy.es\\\/wp-content\\\/uploads\\\/2021\\\/09\\\/unnamed.jpg\",\"width\":683,\"height\":397},{\"@type\":\"BreadcrumbList\",\"@id\":\"https:\\\/\\\/www.copealcoy.es\\\/es\\\/alcoyano-y-sabadell-empatan-1-1\\\/#breadcrumb\",\"itemListElement\":[{\"@type\":\"ListItem\",\"position\":1,\"name\":\"Portada\",\"item\":\"https:\\\/\\\/www.copealcoy.es\\\/es\\\/\"},{\"@type\":\"ListItem\",\"position\":2,\"name\":\"Alcoyano y Sabadell empatan 1-1\"}]},{\"@type\":\"WebSite\",\"@id\":\"https:\\\/\\\/www.copealcoy.es\\\/es\\\/#website\",\"url\":\"https:\\\/\\\/www.copealcoy.es\\\/es\\\/\",\"name\":\"COPE Alcoy\",\"description\":\"Emisora COPE de radio local con emisi\u00f3n online. Pont de Sant Jordi 8-10 03803 Alcoy\",\"potentialAction\":[{\"@type\":\"SearchAction\",\"target\":{\"@type\":\"EntryPoint\",\"urlTemplate\":\"https:\\\/\\\/www.copealcoy.es\\\/es\\\/?s={search_term_string}\"},\"query-input\":{\"@type\":\"PropertyValueSpecification\",\"valueRequired\":true,\"valueName\":\"search_term_string\"}}],\"inLanguage\":\"es\"},{\"@type\":\"Person\",\"@id\":\"https:\\\/\\\/www.copealcoy.es\\\/es\\\/#\\\/schema\\\/person\\\/e777c87fa024e57d40170af9df39882c\",\"name\":\"Cope Alcoy\",\"image\":{\"@type\":\"ImageObject\",\"inLanguage\":\"es\",\"@id\":\"https:\\\/\\\/secure.gravatar.com\\\/avatar\\\/bb65d0283347e303893ba14f0692005417c1e0e690a325a4c5d8bb2b3943ee14?s=96&d=mm&r=g\",\"url\":\"https:\\\/\\\/secure.gravatar.com\\\/avatar\\\/bb65d0283347e303893ba14f0692005417c1e0e690a325a4c5d8bb2b3943ee14?s=96&d=mm&r=g\",\"contentUrl\":\"https:\\\/\\\/secure.gravatar.com\\\/avatar\\\/bb65d0283347e303893ba14f0692005417c1e0e690a325a4c5d8bb2b3943ee14?s=96&d=mm&r=g\",\"caption\":\"Cope Alcoy\"}}]}<\/script>\n<!-- \/ Yoast SEO plugin. -->","yoast_head_json":{"title":"Alcoyano y Sabadell empatan 1-1 - COPE Alcoy","robots":{"index":"index","follow":"follow","max-snippet":"max-snippet:-1","max-image-preview":"max-image-preview:large","max-video-preview":"max-video-preview:-1"},"canonical":"https:\/\/www.copealcoy.es\/es\/alcoyano-y-sabadell-empatan-1-1\/","og_locale":"es_ES","og_type":"article","og_title":"Alcoyano y Sabadell empatan 1-1 - COPE Alcoy","og_description":"El&nbsp;Alcoyano&nbsp;continuar\u00e1 una semana m\u00e1s imbatido en la&nbsp;Primera RFEF&nbsp;y, lo que es m\u00e1s importante, ocupando una c\u00f3moda posici\u00f3n en la tabla...","og_url":"https:\/\/www.copealcoy.es\/es\/alcoyano-y-sabadell-empatan-1-1\/","og_site_name":"COPE Alcoy","article_published_time":"2021-09-12T17:37:32+00:00","article_modified_time":"2021-09-13T05:21:08+00:00","og_image":[{"width":683,"height":397,"url":"https:\/\/www.copealcoy.es\/wp-content\/uploads\/2021\/09\/unnamed.jpg","type":"image\/jpeg"}],"author":"Cope Alcoy","twitter_misc":{"Escrito por":"Cope Alcoy","Tiempo de lectura":"3 minutos"},"schema":{"@context":"https:\/\/schema.org","@graph":[{"@type":"Article","@id":"https:\/\/www.copealcoy.es\/es\/alcoyano-y-sabadell-empatan-1-1\/#article","isPartOf":{"@id":"https:\/\/www.copealcoy.es\/es\/alcoyano-y-sabadell-empatan-1-1\/"},"author":{"name":"Cope Alcoy","@id":"https:\/\/www.copealcoy.es\/es\/#\/schema\/person\/e777c87fa024e57d40170af9df39882c"},"headline":"Alcoyano y Sabadell empatan 1-1","datePublished":"2021-09-12T17:37:32+00:00","dateModified":"2021-09-13T05:21:08+00:00","mainEntityOfPage":{"@id":"https:\/\/www.copealcoy.es\/es\/alcoyano-y-sabadell-empatan-1-1\/"},"wordCount":724,"commentCount":0,"image":{"@id":"https:\/\/www.copealcoy.es\/es\/alcoyano-y-sabadell-empatan-1-1\/#primaryimage"},"thumbnailUrl":"https:\/\/www.copealcoy.es\/wp-content\/uploads\/2021\/09\/unnamed.jpg","keywords":["Alcoyano","Collao","empate","Sabadell"],"articleSection":["Deportes","Noticias"],"inLanguage":"es"},{"@type":"WebPage","@id":"https:\/\/www.copealcoy.es\/es\/alcoyano-y-sabadell-empatan-1-1\/","url":"https:\/\/www.copealcoy.es\/es\/alcoyano-y-sabadell-empatan-1-1\/","name":"Alcoyano y Sabadell empatan 1-1 - COPE Alcoy","isPartOf":{"@id":"https:\/\/www.copealcoy.es\/es\/#website"},"primaryImageOfPage":{"@id":"https:\/\/www.copealcoy.es\/es\/alcoyano-y-sabadell-empatan-1-1\/#primaryimage"},"image":{"@id":"https:\/\/www.copealcoy.es\/es\/alcoyano-y-sabadell-empatan-1-1\/#primaryimage"},"thumbnailUrl":"https:\/\/www.copealcoy.es\/wp-content\/uploads\/2021\/09\/unnamed.jpg","datePublished":"2021-09-12T17:37:32+00:00","dateModified":"2021-09-13T05:21:08+00:00","author":{"@id":"https:\/\/www.copealcoy.es\/es\/#\/schema\/person\/e777c87fa024e57d40170af9df39882c"},"breadcrumb":{"@id":"https:\/\/www.copealcoy.es\/es\/alcoyano-y-sabadell-empatan-1-1\/#breadcrumb"},"inLanguage":"es","potentialAction":[{"@type":"ReadAction","target":["https:\/\/www.copealcoy.es\/es\/alcoyano-y-sabadell-empatan-1-1\/"]}]},{"@type":"ImageObject","inLanguage":"es","@id":"https:\/\/www.copealcoy.es\/es\/alcoyano-y-sabadell-empatan-1-1\/#primaryimage","url":"https:\/\/www.copealcoy.es\/wp-content\/uploads\/2021\/09\/unnamed.jpg","contentUrl":"https:\/\/www.copealcoy.es\/wp-content\/uploads\/2021\/09\/unnamed.jpg","width":683,"height":397},{"@type":"BreadcrumbList","@id":"https:\/\/www.copealcoy.es\/es\/alcoyano-y-sabadell-empatan-1-1\/#breadcrumb","itemListElement":[{"@type":"ListItem","position":1,"name":"Portada","item":"https:\/\/www.copealcoy.es\/es\/"},{"@type":"ListItem","position":2,"name":"Alcoyano y Sabadell empatan 1-1"}]},{"@type":"WebSite","@id":"https:\/\/www.copealcoy.es\/es\/#website","url":"https:\/\/www.copealcoy.es\/es\/","name":"COPE Alcoy","description":"Emisora COPE de radio local con emisi\u00f3n online. Pont de Sant Jordi 8-10 03803 Alcoy","potentialAction":[{"@type":"SearchAction","target":{"@type":"EntryPoint","urlTemplate":"https:\/\/www.copealcoy.es\/es\/?s={search_term_string}"},"query-input":{"@type":"PropertyValueSpecification","valueRequired":true,"valueName":"search_term_string"}}],"inLanguage":"es"},{"@type":"Person","@id":"https:\/\/www.copealcoy.es\/es\/#\/schema\/person\/e777c87fa024e57d40170af9df39882c","name":"Cope Alcoy","image":{"@type":"ImageObject","inLanguage":"es","@id":"https:\/\/secure.gravatar.com\/avatar\/bb65d0283347e303893ba14f0692005417c1e0e690a325a4c5d8bb2b3943ee14?s=96&d=mm&r=g","url":"https:\/\/secure.gravatar.com\/avatar\/bb65d0283347e303893ba14f0692005417c1e0e690a325a4c5d8bb2b3943ee14?s=96&d=mm&r=g","contentUrl":"https:\/\/secure.gravatar.com\/avatar\/bb65d0283347e303893ba14f0692005417c1e0e690a325a4c5d8bb2b3943ee14?s=96&d=mm&r=g","caption":"Cope Alcoy"}}]}},"_links":{"self":[{"href":"https:\/\/www.copealcoy.es\/es\/wp-json\/wp\/v2\/posts\/77511","targetHints":{"allow":["GET"]}}],"collection":[{"href":"https:\/\/www.copealcoy.es\/es\/wp-json\/wp\/v2\/posts"}],"about":[{"href":"https:\/\/www.copealcoy.es\/es\/wp-json\/wp\/v2\/types\/post"}],"author":[{"embeddable":true,"href":"https:\/\/www.copealcoy.es\/es\/wp-json\/wp\/v2\/users\/1"}],"replies":[{"embeddable":true,"href":"https:\/\/www.copealcoy.es\/es\/wp-json\/wp\/v2\/comments?post=77511"}],"version-history":[{"count":0,"href":"https:\/\/www.copealcoy.es\/es\/wp-json\/wp\/v2\/posts\/77511\/revisions"}],"wp:featuredmedia":[{"embeddable":true,"href":"https:\/\/www.copealcoy.es\/es\/wp-json\/wp\/v2\/media\/77547"}],"wp:attachment":[{"href":"https:\/\/www.copealcoy.es\/es\/wp-json\/wp\/v2\/media?parent=77511"}],"wp:term":[{"taxonomy":"category","embeddable":true,"href":"https:\/\/www.copealcoy.es\/es\/wp-json\/wp\/v2\/categories?post=77511"},{"taxonomy":"post_tag","embeddable":true,"href":"https:\/\/www.copealcoy.es\/es\/wp-json\/wp\/v2\/tags?post=77511"}],"curies":[{"name":"wp","href":"https:\/\/api.w.org\/{rel}","templated":true}]}}