{"id":77471,"date":"2021-09-10T18:28:46","date_gmt":"2021-09-10T17:28:46","guid":{"rendered":"https:\/\/www.copealcoy.es\/?p=77471"},"modified":"2021-09-12T18:34:08","modified_gmt":"2021-09-12T17:34:08","slug":"sanidad-autoriza-la-romeria-a-la-font-roja-para-el-19-de-septiembre","status":"publish","type":"post","link":"https:\/\/www.copealcoy.es\/es\/sanidad-autoriza-la-romeria-a-la-font-roja-para-el-19-de-septiembre\/","title":{"rendered":"Sanidad autoriza la Romer\u00eda a la Font Roja para el 19 de septiembre"},"content":{"rendered":"<p style=\"text-align: justify;\">La <strong>Conselleria de Sanidad<\/strong> ha autorizado<strong> la celebraci\u00f3n de la Romer\u00eda a la Font Roja<\/strong>, una fiesta que se ha previsto para el pr\u00f3ximo 19 de septiembre con el fin de <strong>rendir homenaje a la patrona de Alcoy<\/strong>. Este ser\u00e1 el \u00fanico acto en honor a la Virgen de los Lirios que se realice al exterior ya que el resto, entre ellos la ofrenda del pr\u00f3ximo s\u00e1bado, <strong>tendr\u00e1n lugar dentro de la Parroquia de San Mauro y San Francisco<\/strong>.<\/p>\n<p style=\"text-align: justify;\">Desde la Generalitat Valenciana han recordado que el Ayuntamiento <strong>tiene la obligaci\u00f3n de hacer cumplir las <a href=\"https:\/\/coronavirus.san.gva.es\/documents\/469630\/886621\/nuevas_medidas_cas.pdf\"><span style=\"color: #0000ff;\">medidas preventivas<\/span> <\/a>contra la propagaci\u00f3n de la Covid-19<\/strong> que est\u00e1n en vigor en estos momentos. <span style=\"font-size: revert; color: initial; font-family: -apple-system, BlinkMacSystemFont, 'Segoe UI', Roboto, Oxygen-Sans, Ubuntu, Cantarell, 'Helvetica Neue', sans-serif;\">En este sentido se recuerda la importancia de llevar mascarillas en el evento, a excepci\u00f3n de las personas menores de 6 a\u00f1os, y evitar aglomeraciones as\u00ed como garantizar que se mantienen los aforos establecidos &#8220;<em>nos alegra mucho poder a volver a celebrar una de nuestras tradiciones m\u00e1s arraigadas y apreciadas por el pueblo de Alcoy y estamos convencidos de que la ciudadan\u00eda demostrar\u00e1 responsabilidad y respetar\u00e1 estas recomendaciones, haciendo que nuestra Romer\u00eda se desarrolle de forma tranquila y segura<\/em>&#8220;, afirma el alcalde; <strong>Antonio Franc\u00e9s<\/strong>.<\/span><\/p>\n<p style=\"text-align: justify;\">Finalmente desde la Conselleria de Sanitat se ha indicado que el<strong> Consistorio tambi\u00e9n tienen que garantizar el cumplimiento<\/strong> del <span style=\"color: #0000ff;\"><strong><a style=\"color: #0000ff;\" href=\"https:\/\/coronavirus.san.gva.es\/documents\/469630\/1417807\/PLA+SANITARI+PER+A+LES+CELEBRACIONS+POPULARS.pdf\/c08617fa-0307-fa39-16cc-d980c571b284?t=1630066244989\">Plan Sanitario para las celebraciones populares<\/a><\/strong><\/span>.<\/p>\n","protected":false},"excerpt":{"rendered":"<p>La Conselleria de Sanidad ha autorizado la celebraci\u00f3n de la Romer\u00eda a la Font Roja, una fiesta que se ha&#8230;<\/p>\n","protected":false},"author":1,"featured_media":24935,"comment_status":"open","ping_status":"open","sticky":false,"template":"","format":"standard","meta":{"footnotes":""},"categories":[97,78,75],"tags":[1494,4374,437,566],"class_list":["post-77471","post","type-post","status-publish","format-standard","has-post-thumbnail","hentry","category-alcoy","category-fiestaycultura","category-noticias","tag-alcoy","tag-conselleria-de-sanidad","tag-font-roja","tag-romeria"],"yoast_head":"<!-- This site is optimized with the Yoast SEO plugin v27.3 - https:\/\/yoast.com\/product\/yoast-seo-wordpress\/ -->\n<title>Sanidad autoriza la Romer\u00eda a la Font Roja para el 19 de septiembre - COPE Alcoy<\/title>\n<meta name=\"robots\" content=\"index, follow, max-snippet:-1, max-image-preview:large, max-video-preview:-1\" \/>\n<link rel=\"canonical\" href=\"https:\/\/www.copealcoy.es\/es\/sanidad-autoriza-la-romeria-a-la-font-roja-para-el-19-de-septiembre\/\" \/>\n<meta property=\"og:locale\" content=\"es_ES\" \/>\n<meta property=\"og:type\" content=\"article\" \/>\n<meta property=\"og:title\" content=\"Sanidad autoriza la Romer\u00eda a la Font Roja para el 19 de septiembre - COPE Alcoy\" \/>\n<meta property=\"og:description\" content=\"La Conselleria de Sanidad ha autorizado la celebraci\u00f3n de la Romer\u00eda a la Font Roja, una fiesta que se ha...\" \/>\n<meta property=\"og:url\" content=\"https:\/\/www.copealcoy.es\/es\/sanidad-autoriza-la-romeria-a-la-font-roja-para-el-19-de-septiembre\/\" \/>\n<meta property=\"og:site_name\" content=\"COPE Alcoy\" \/>\n<meta property=\"article:published_time\" content=\"2021-09-10T17:28:46+00:00\" \/>\n<meta property=\"article:modified_time\" content=\"2021-09-12T17:34:08+00:00\" \/>\n<meta property=\"og:image\" content=\"https:\/\/www.copealcoy.es\/wp-content\/uploads\/2016\/09\/14344209_1129656563795722_1460083785278523228_n-e1474209853593.jpg\" \/>\n\t<meta property=\"og:image:width\" content=\"856\" \/>\n\t<meta property=\"og:image:height\" content=\"504\" \/>\n\t<meta property=\"og:image:type\" content=\"image\/jpeg\" \/>\n<meta name=\"author\" content=\"Cope Alcoy\" \/>\n<meta name=\"twitter:label1\" content=\"Escrito por\" \/>\n\t<meta name=\"twitter:data1\" content=\"Cope Alcoy\" \/>\n\t<meta name=\"twitter:label2\" content=\"Tiempo de lectura\" \/>\n\t<meta name=\"twitter:data2\" content=\"1 minuto\" \/>\n<script type=\"application\/ld+json\" class=\"yoast-schema-graph\">{\"@context\":\"https:\\\/\\\/schema.org\",\"@graph\":[{\"@type\":\"Article\",\"@id\":\"https:\\\/\\\/www.copealcoy.es\\\/es\\\/sanidad-autoriza-la-romeria-a-la-font-roja-para-el-19-de-septiembre\\\/#article\",\"isPartOf\":{\"@id\":\"https:\\\/\\\/www.copealcoy.es\\\/es\\\/sanidad-autoriza-la-romeria-a-la-font-roja-para-el-19-de-septiembre\\\/\"},\"author\":{\"name\":\"Cope Alcoy\",\"@id\":\"https:\\\/\\\/www.copealcoy.es\\\/es\\\/#\\\/schema\\\/person\\\/e777c87fa024e57d40170af9df39882c\"},\"headline\":\"Sanidad autoriza la Romer\u00eda a la Font Roja para el 19 de septiembre\",\"datePublished\":\"2021-09-10T17:28:46+00:00\",\"dateModified\":\"2021-09-12T17:34:08+00:00\",\"mainEntityOfPage\":{\"@id\":\"https:\\\/\\\/www.copealcoy.es\\\/es\\\/sanidad-autoriza-la-romeria-a-la-font-roja-para-el-19-de-septiembre\\\/\"},\"wordCount\":246,\"commentCount\":0,\"image\":{\"@id\":\"https:\\\/\\\/www.copealcoy.es\\\/es\\\/sanidad-autoriza-la-romeria-a-la-font-roja-para-el-19-de-septiembre\\\/#primaryimage\"},\"thumbnailUrl\":\"https:\\\/\\\/www.copealcoy.es\\\/wp-content\\\/uploads\\\/2016\\\/09\\\/14344209_1129656563795722_1460083785278523228_n-e1474209853593.jpg\",\"keywords\":[\"Alcoy\",\"Conselleria de Sanidad\",\"Font Roja\",\"Romer\u00eda\"],\"articleSection\":[\"Alcoy\",\"Fiesta y Cultura\",\"Noticias\"],\"inLanguage\":\"es\"},{\"@type\":\"WebPage\",\"@id\":\"https:\\\/\\\/www.copealcoy.es\\\/es\\\/sanidad-autoriza-la-romeria-a-la-font-roja-para-el-19-de-septiembre\\\/\",\"url\":\"https:\\\/\\\/www.copealcoy.es\\\/es\\\/sanidad-autoriza-la-romeria-a-la-font-roja-para-el-19-de-septiembre\\\/\",\"name\":\"Sanidad autoriza la Romer\u00eda a la Font Roja para el 19 de septiembre - COPE Alcoy\",\"isPartOf\":{\"@id\":\"https:\\\/\\\/www.copealcoy.es\\\/es\\\/#website\"},\"primaryImageOfPage\":{\"@id\":\"https:\\\/\\\/www.copealcoy.es\\\/es\\\/sanidad-autoriza-la-romeria-a-la-font-roja-para-el-19-de-septiembre\\\/#primaryimage\"},\"image\":{\"@id\":\"https:\\\/\\\/www.copealcoy.es\\\/es\\\/sanidad-autoriza-la-romeria-a-la-font-roja-para-el-19-de-septiembre\\\/#primaryimage\"},\"thumbnailUrl\":\"https:\\\/\\\/www.copealcoy.es\\\/wp-content\\\/uploads\\\/2016\\\/09\\\/14344209_1129656563795722_1460083785278523228_n-e1474209853593.jpg\",\"datePublished\":\"2021-09-10T17:28:46+00:00\",\"dateModified\":\"2021-09-12T17:34:08+00:00\",\"author\":{\"@id\":\"https:\\\/\\\/www.copealcoy.es\\\/es\\\/#\\\/schema\\\/person\\\/e777c87fa024e57d40170af9df39882c\"},\"breadcrumb\":{\"@id\":\"https:\\\/\\\/www.copealcoy.es\\\/es\\\/sanidad-autoriza-la-romeria-a-la-font-roja-para-el-19-de-septiembre\\\/#breadcrumb\"},\"inLanguage\":\"es\",\"potentialAction\":[{\"@type\":\"ReadAction\",\"target\":[\"https:\\\/\\\/www.copealcoy.es\\\/es\\\/sanidad-autoriza-la-romeria-a-la-font-roja-para-el-19-de-septiembre\\\/\"]}]},{\"@type\":\"ImageObject\",\"inLanguage\":\"es\",\"@id\":\"https:\\\/\\\/www.copealcoy.es\\\/es\\\/sanidad-autoriza-la-romeria-a-la-font-roja-para-el-19-de-septiembre\\\/#primaryimage\",\"url\":\"https:\\\/\\\/www.copealcoy.es\\\/wp-content\\\/uploads\\\/2016\\\/09\\\/14344209_1129656563795722_1460083785278523228_n-e1474209853593.jpg\",\"contentUrl\":\"https:\\\/\\\/www.copealcoy.es\\\/wp-content\\\/uploads\\\/2016\\\/09\\\/14344209_1129656563795722_1460083785278523228_n-e1474209853593.jpg\",\"width\":856,\"height\":504,\"caption\":\"La Virgen ha llegado al Carrascal portada por numerosos fieles \\\/ Foto: Rafa Grau\"},{\"@type\":\"BreadcrumbList\",\"@id\":\"https:\\\/\\\/www.copealcoy.es\\\/es\\\/sanidad-autoriza-la-romeria-a-la-font-roja-para-el-19-de-septiembre\\\/#breadcrumb\",\"itemListElement\":[{\"@type\":\"ListItem\",\"position\":1,\"name\":\"Portada\",\"item\":\"https:\\\/\\\/www.copealcoy.es\\\/es\\\/\"},{\"@type\":\"ListItem\",\"position\":2,\"name\":\"Sanidad autoriza la Romer\u00eda a la Font Roja para el 19 de septiembre\"}]},{\"@type\":\"WebSite\",\"@id\":\"https:\\\/\\\/www.copealcoy.es\\\/es\\\/#website\",\"url\":\"https:\\\/\\\/www.copealcoy.es\\\/es\\\/\",\"name\":\"COPE Alcoy\",\"description\":\"Emisora COPE de radio local con emisi\u00f3n online. Pont de Sant Jordi 8-10 03803 Alcoy\",\"potentialAction\":[{\"@type\":\"SearchAction\",\"target\":{\"@type\":\"EntryPoint\",\"urlTemplate\":\"https:\\\/\\\/www.copealcoy.es\\\/es\\\/?s={search_term_string}\"},\"query-input\":{\"@type\":\"PropertyValueSpecification\",\"valueRequired\":true,\"valueName\":\"search_term_string\"}}],\"inLanguage\":\"es\"},{\"@type\":\"Person\",\"@id\":\"https:\\\/\\\/www.copealcoy.es\\\/es\\\/#\\\/schema\\\/person\\\/e777c87fa024e57d40170af9df39882c\",\"name\":\"Cope Alcoy\",\"image\":{\"@type\":\"ImageObject\",\"inLanguage\":\"es\",\"@id\":\"https:\\\/\\\/secure.gravatar.com\\\/avatar\\\/bb65d0283347e303893ba14f0692005417c1e0e690a325a4c5d8bb2b3943ee14?s=96&d=mm&r=g\",\"url\":\"https:\\\/\\\/secure.gravatar.com\\\/avatar\\\/bb65d0283347e303893ba14f0692005417c1e0e690a325a4c5d8bb2b3943ee14?s=96&d=mm&r=g\",\"contentUrl\":\"https:\\\/\\\/secure.gravatar.com\\\/avatar\\\/bb65d0283347e303893ba14f0692005417c1e0e690a325a4c5d8bb2b3943ee14?s=96&d=mm&r=g\",\"caption\":\"Cope Alcoy\"}}]}<\/script>\n<!-- \/ Yoast SEO plugin. -->","yoast_head_json":{"title":"Sanidad autoriza la Romer\u00eda a la Font Roja para el 19 de septiembre - COPE Alcoy","robots":{"index":"index","follow":"follow","max-snippet":"max-snippet:-1","max-image-preview":"max-image-preview:large","max-video-preview":"max-video-preview:-1"},"canonical":"https:\/\/www.copealcoy.es\/es\/sanidad-autoriza-la-romeria-a-la-font-roja-para-el-19-de-septiembre\/","og_locale":"es_ES","og_type":"article","og_title":"Sanidad autoriza la Romer\u00eda a la Font Roja para el 19 de septiembre - COPE Alcoy","og_description":"La Conselleria de Sanidad ha autorizado la celebraci\u00f3n de la Romer\u00eda a la Font Roja, una fiesta que se ha...","og_url":"https:\/\/www.copealcoy.es\/es\/sanidad-autoriza-la-romeria-a-la-font-roja-para-el-19-de-septiembre\/","og_site_name":"COPE Alcoy","article_published_time":"2021-09-10T17:28:46+00:00","article_modified_time":"2021-09-12T17:34:08+00:00","og_image":[{"width":856,"height":504,"url":"https:\/\/www.copealcoy.es\/wp-content\/uploads\/2016\/09\/14344209_1129656563795722_1460083785278523228_n-e1474209853593.jpg","type":"image\/jpeg"}],"author":"Cope Alcoy","twitter_misc":{"Escrito por":"Cope Alcoy","Tiempo de lectura":"1 minuto"},"schema":{"@context":"https:\/\/schema.org","@graph":[{"@type":"Article","@id":"https:\/\/www.copealcoy.es\/es\/sanidad-autoriza-la-romeria-a-la-font-roja-para-el-19-de-septiembre\/#article","isPartOf":{"@id":"https:\/\/www.copealcoy.es\/es\/sanidad-autoriza-la-romeria-a-la-font-roja-para-el-19-de-septiembre\/"},"author":{"name":"Cope Alcoy","@id":"https:\/\/www.copealcoy.es\/es\/#\/schema\/person\/e777c87fa024e57d40170af9df39882c"},"headline":"Sanidad autoriza la Romer\u00eda a la Font Roja para el 19 de septiembre","datePublished":"2021-09-10T17:28:46+00:00","dateModified":"2021-09-12T17:34:08+00:00","mainEntityOfPage":{"@id":"https:\/\/www.copealcoy.es\/es\/sanidad-autoriza-la-romeria-a-la-font-roja-para-el-19-de-septiembre\/"},"wordCount":246,"commentCount":0,"image":{"@id":"https:\/\/www.copealcoy.es\/es\/sanidad-autoriza-la-romeria-a-la-font-roja-para-el-19-de-septiembre\/#primaryimage"},"thumbnailUrl":"https:\/\/www.copealcoy.es\/wp-content\/uploads\/2016\/09\/14344209_1129656563795722_1460083785278523228_n-e1474209853593.jpg","keywords":["Alcoy","Conselleria de Sanidad","Font Roja","Romer\u00eda"],"articleSection":["Alcoy","Fiesta y Cultura","Noticias"],"inLanguage":"es"},{"@type":"WebPage","@id":"https:\/\/www.copealcoy.es\/es\/sanidad-autoriza-la-romeria-a-la-font-roja-para-el-19-de-septiembre\/","url":"https:\/\/www.copealcoy.es\/es\/sanidad-autoriza-la-romeria-a-la-font-roja-para-el-19-de-septiembre\/","name":"Sanidad autoriza la Romer\u00eda a la Font Roja para el 19 de septiembre - COPE Alcoy","isPartOf":{"@id":"https:\/\/www.copealcoy.es\/es\/#website"},"primaryImageOfPage":{"@id":"https:\/\/www.copealcoy.es\/es\/sanidad-autoriza-la-romeria-a-la-font-roja-para-el-19-de-septiembre\/#primaryimage"},"image":{"@id":"https:\/\/www.copealcoy.es\/es\/sanidad-autoriza-la-romeria-a-la-font-roja-para-el-19-de-septiembre\/#primaryimage"},"thumbnailUrl":"https:\/\/www.copealcoy.es\/wp-content\/uploads\/2016\/09\/14344209_1129656563795722_1460083785278523228_n-e1474209853593.jpg","datePublished":"2021-09-10T17:28:46+00:00","dateModified":"2021-09-12T17:34:08+00:00","author":{"@id":"https:\/\/www.copealcoy.es\/es\/#\/schema\/person\/e777c87fa024e57d40170af9df39882c"},"breadcrumb":{"@id":"https:\/\/www.copealcoy.es\/es\/sanidad-autoriza-la-romeria-a-la-font-roja-para-el-19-de-septiembre\/#breadcrumb"},"inLanguage":"es","potentialAction":[{"@type":"ReadAction","target":["https:\/\/www.copealcoy.es\/es\/sanidad-autoriza-la-romeria-a-la-font-roja-para-el-19-de-septiembre\/"]}]},{"@type":"ImageObject","inLanguage":"es","@id":"https:\/\/www.copealcoy.es\/es\/sanidad-autoriza-la-romeria-a-la-font-roja-para-el-19-de-septiembre\/#primaryimage","url":"https:\/\/www.copealcoy.es\/wp-content\/uploads\/2016\/09\/14344209_1129656563795722_1460083785278523228_n-e1474209853593.jpg","contentUrl":"https:\/\/www.copealcoy.es\/wp-content\/uploads\/2016\/09\/14344209_1129656563795722_1460083785278523228_n-e1474209853593.jpg","width":856,"height":504,"caption":"La Virgen ha llegado al Carrascal portada por numerosos fieles \/ Foto: Rafa Grau"},{"@type":"BreadcrumbList","@id":"https:\/\/www.copealcoy.es\/es\/sanidad-autoriza-la-romeria-a-la-font-roja-para-el-19-de-septiembre\/#breadcrumb","itemListElement":[{"@type":"ListItem","position":1,"name":"Portada","item":"https:\/\/www.copealcoy.es\/es\/"},{"@type":"ListItem","position":2,"name":"Sanidad autoriza la Romer\u00eda a la Font Roja para el 19 de septiembre"}]},{"@type":"WebSite","@id":"https:\/\/www.copealcoy.es\/es\/#website","url":"https:\/\/www.copealcoy.es\/es\/","name":"COPE Alcoy","description":"Emisora COPE de radio local con emisi\u00f3n online. Pont de Sant Jordi 8-10 03803 Alcoy","potentialAction":[{"@type":"SearchAction","target":{"@type":"EntryPoint","urlTemplate":"https:\/\/www.copealcoy.es\/es\/?s={search_term_string}"},"query-input":{"@type":"PropertyValueSpecification","valueRequired":true,"valueName":"search_term_string"}}],"inLanguage":"es"},{"@type":"Person","@id":"https:\/\/www.copealcoy.es\/es\/#\/schema\/person\/e777c87fa024e57d40170af9df39882c","name":"Cope Alcoy","image":{"@type":"ImageObject","inLanguage":"es","@id":"https:\/\/secure.gravatar.com\/avatar\/bb65d0283347e303893ba14f0692005417c1e0e690a325a4c5d8bb2b3943ee14?s=96&d=mm&r=g","url":"https:\/\/secure.gravatar.com\/avatar\/bb65d0283347e303893ba14f0692005417c1e0e690a325a4c5d8bb2b3943ee14?s=96&d=mm&r=g","contentUrl":"https:\/\/secure.gravatar.com\/avatar\/bb65d0283347e303893ba14f0692005417c1e0e690a325a4c5d8bb2b3943ee14?s=96&d=mm&r=g","caption":"Cope Alcoy"}}]}},"_links":{"self":[{"href":"https:\/\/www.copealcoy.es\/es\/wp-json\/wp\/v2\/posts\/77471","targetHints":{"allow":["GET"]}}],"collection":[{"href":"https:\/\/www.copealcoy.es\/es\/wp-json\/wp\/v2\/posts"}],"about":[{"href":"https:\/\/www.copealcoy.es\/es\/wp-json\/wp\/v2\/types\/post"}],"author":[{"embeddable":true,"href":"https:\/\/www.copealcoy.es\/es\/wp-json\/wp\/v2\/users\/1"}],"replies":[{"embeddable":true,"href":"https:\/\/www.copealcoy.es\/es\/wp-json\/wp\/v2\/comments?post=77471"}],"version-history":[{"count":0,"href":"https:\/\/www.copealcoy.es\/es\/wp-json\/wp\/v2\/posts\/77471\/revisions"}],"wp:featuredmedia":[{"embeddable":true,"href":"https:\/\/www.copealcoy.es\/es\/wp-json\/wp\/v2\/media\/24935"}],"wp:attachment":[{"href":"https:\/\/www.copealcoy.es\/es\/wp-json\/wp\/v2\/media?parent=77471"}],"wp:term":[{"taxonomy":"category","embeddable":true,"href":"https:\/\/www.copealcoy.es\/es\/wp-json\/wp\/v2\/categories?post=77471"},{"taxonomy":"post_tag","embeddable":true,"href":"https:\/\/www.copealcoy.es\/es\/wp-json\/wp\/v2\/tags?post=77471"}],"curies":[{"name":"wp","href":"https:\/\/api.w.org\/{rel}","templated":true}]}}