{"id":77444,"date":"2021-09-10T17:41:49","date_gmt":"2021-09-10T16:41:49","guid":{"rendered":"https:\/\/www.copealcoy.es\/?p=77444"},"modified":"2021-09-10T17:45:15","modified_gmt":"2021-09-10T16:45:15","slug":"hector-illueca-asume-la-vicepresidencia-de-la-generalitat-valenciana","status":"publish","type":"post","link":"https:\/\/www.copealcoy.es\/es\/hector-illueca-asume-la-vicepresidencia-de-la-generalitat-valenciana\/","title":{"rendered":"H\u00e9ctor Illueca asume la vicepresidencia de la Generalitat Valenciana"},"content":{"rendered":"<p style=\"text-align: justify;\">Han sido como 30 segundos de cerrada ovaci\u00f3n para la\u00a0<strong>despedida del vicepresidente Rub\u00e9n Mart\u00ednez Dalmau<\/strong>. El acto de cambio de carteras se ha celebrado en el Palau de Pineda ante la presencia de los ministros\u00a0<strong>Alberto Garz\u00f3n\u00a0<\/strong>y de\u00a0<strong>Ione Belarra<\/strong>\u00a0quien no ha sabido o podido cerrar la herida en Podemos que precipita el adi\u00f3s de su m\u00e1s alto representante en el Consell.<\/p>\n<p class=\"voc-paragraph\" style=\"text-align: justify;\">La\u00a0<strong>marcha de Dalmau<\/strong> fue una repetici\u00f3n de los discursos de los \u00faltimos d\u00edas -anunci\u00f3 su salida hace 15 d\u00edas- con especial \u00e9nfasis en su pol\u00edtica de vivienda p\u00fablica que ha asegurado que se ha convertido en referentes de otras autonom\u00edas. Ha hablado de la necesidad de llegar a <strong>&#8220;consensos&#8221;<\/strong>\u00a0en este tipo de pol\u00edticas. Precisamente lo que no ha logrado en su propio partido.<\/p>\n<p class=\"voc-paragraph\" style=\"text-align: justify;\">Le ha relevado en el atril,\u00a0<strong>H\u00e9ctor Illueca<\/strong>, quien ha subrayado su <strong>&#8220;lealtad institucional&#8221;<\/strong> y se ha presentado como un <strong>pol\u00edtico de izquierdas, feminista, republicano y ecologista<\/strong>. Ha subrayado la necesidad de una correcta financiaci\u00f3n y ha adelantado que propone una especie de revoluci\u00f3n en la construcci\u00f3n con la sustituci\u00f3n de algunos materiales para alcanzar una sostenibilidad <strong>&#8220;rendir\u00e9 cuentas a la ciudadan\u00eda desde ya&#8221;<\/strong>, ha anunciado.<\/p>\n<p class=\"voc-paragraph\" style=\"text-align: justify;\">Tras los discursos oficiales, Illueca ha atendido a los medios de comunicaci\u00f3n. Su posici\u00f3n ser\u00e1 la de\u00a0<strong>&#8220;lealtad&#8221; en el Consell<\/strong>\u00a0con la intenci\u00f3n de reforzar el Bot\u00e1nico. Para aclarar el concepto quiso subrayar que se trata de decir la verdad a los socios. No ha especificado si eso supondr\u00e1 una posici\u00f3n m\u00e1s reivindicativa en el gobierno valenciano. Ha admitido, <strong>tras la\u00a0<a href=\"https:\/\/www.lasprovincias.es\/politica\/salida-dalmau-consell-20210907120711-nt.html\" data-voc-vtm-id=\"in-text-traffic\">enorme crisis de la formaci\u00f3n<\/a><\/strong>, que su partido necesita <strong>&#8220;di\u00e1logo&#8221;<\/strong> porque carecen de una &#8220;<strong>trayectoria de 100 a\u00f1os<\/strong>&#8220;. En cualquier caso, <strong>ha querido cerrar esta fase tan convulsa<\/strong> en la formaci\u00f3n con un \u00abel pasado es pasado y ahora comienza una nueva etapa\u00bb.<\/p>\n","protected":false},"excerpt":{"rendered":"<p>Han sido como 30 segundos de cerrada ovaci\u00f3n para la\u00a0despedida del vicepresidente Rub\u00e9n Mart\u00ednez Dalmau. El acto de cambio de&#8230;<\/p>\n","protected":false},"author":1,"featured_media":77445,"comment_status":"open","ping_status":"open","sticky":false,"template":"","format":"standard","meta":{"footnotes":""},"categories":[97,75,79],"tags":[479,994,11730,11729,8918],"class_list":["post-77444","post","type-post","status-publish","format-standard","has-post-thumbnail","hentry","category-alcoy","category-noticias","category-politicayeconomia","tag-consell","tag-generalitat-valenciana","tag-govern-del-botanic","tag-hector-illueca","tag-vicepresidencia"],"yoast_head":"<!-- This site is optimized with the Yoast SEO plugin v27.3 - https:\/\/yoast.com\/product\/yoast-seo-wordpress\/ -->\n<title>H\u00e9ctor Illueca asume la vicepresidencia de la Generalitat Valenciana - COPE Alcoy<\/title>\n<meta name=\"robots\" content=\"index, follow, max-snippet:-1, max-image-preview:large, max-video-preview:-1\" \/>\n<link rel=\"canonical\" href=\"https:\/\/www.copealcoy.es\/es\/hector-illueca-asume-la-vicepresidencia-de-la-generalitat-valenciana\/\" \/>\n<meta property=\"og:locale\" content=\"es_ES\" \/>\n<meta property=\"og:type\" content=\"article\" \/>\n<meta property=\"og:title\" content=\"H\u00e9ctor Illueca asume la vicepresidencia de la Generalitat Valenciana - COPE Alcoy\" \/>\n<meta property=\"og:description\" content=\"Han sido como 30 segundos de cerrada ovaci\u00f3n para la\u00a0despedida del vicepresidente Rub\u00e9n Mart\u00ednez Dalmau. El acto de cambio de...\" \/>\n<meta property=\"og:url\" content=\"https:\/\/www.copealcoy.es\/es\/hector-illueca-asume-la-vicepresidencia-de-la-generalitat-valenciana\/\" \/>\n<meta property=\"og:site_name\" content=\"COPE Alcoy\" \/>\n<meta property=\"article:published_time\" content=\"2021-09-10T16:41:49+00:00\" \/>\n<meta property=\"article:modified_time\" content=\"2021-09-10T16:45:15+00:00\" \/>\n<meta property=\"og:image\" content=\"https:\/\/www.copealcoy.es\/wp-content\/uploads\/2021\/09\/illueca-ka0-U150483010191CtE-624x385@Las-Provincias.jpg\" \/>\n\t<meta property=\"og:image:width\" content=\"624\" \/>\n\t<meta property=\"og:image:height\" content=\"385\" \/>\n\t<meta property=\"og:image:type\" content=\"image\/jpeg\" \/>\n<meta name=\"author\" content=\"Cope Alcoy\" \/>\n<meta name=\"twitter:label1\" content=\"Escrito por\" \/>\n\t<meta name=\"twitter:data1\" content=\"Cope Alcoy\" \/>\n\t<meta name=\"twitter:label2\" content=\"Tiempo de lectura\" \/>\n\t<meta name=\"twitter:data2\" content=\"2 minutos\" \/>\n<script type=\"application\/ld+json\" class=\"yoast-schema-graph\">{\"@context\":\"https:\\\/\\\/schema.org\",\"@graph\":[{\"@type\":\"Article\",\"@id\":\"https:\\\/\\\/www.copealcoy.es\\\/es\\\/hector-illueca-asume-la-vicepresidencia-de-la-generalitat-valenciana\\\/#article\",\"isPartOf\":{\"@id\":\"https:\\\/\\\/www.copealcoy.es\\\/es\\\/hector-illueca-asume-la-vicepresidencia-de-la-generalitat-valenciana\\\/\"},\"author\":{\"name\":\"Cope Alcoy\",\"@id\":\"https:\\\/\\\/www.copealcoy.es\\\/es\\\/#\\\/schema\\\/person\\\/e777c87fa024e57d40170af9df39882c\"},\"headline\":\"H\u00e9ctor Illueca asume la vicepresidencia de la Generalitat Valenciana\",\"datePublished\":\"2021-09-10T16:41:49+00:00\",\"dateModified\":\"2021-09-10T16:45:15+00:00\",\"mainEntityOfPage\":{\"@id\":\"https:\\\/\\\/www.copealcoy.es\\\/es\\\/hector-illueca-asume-la-vicepresidencia-de-la-generalitat-valenciana\\\/\"},\"wordCount\":338,\"commentCount\":0,\"image\":{\"@id\":\"https:\\\/\\\/www.copealcoy.es\\\/es\\\/hector-illueca-asume-la-vicepresidencia-de-la-generalitat-valenciana\\\/#primaryimage\"},\"thumbnailUrl\":\"https:\\\/\\\/www.copealcoy.es\\\/wp-content\\\/uploads\\\/2021\\\/09\\\/illueca-ka0-U150483010191CtE-624x385@Las-Provincias.jpg\",\"keywords\":[\"Consell\",\"Generalitat Valenciana\",\"Govern del Bot\u00e0nic\",\"H\u00e9ctor Illueca\",\"Vicepresidencia\"],\"articleSection\":[\"Alcoy\",\"Noticias\",\"Pol\u00edtica y Econom\u00eda\"],\"inLanguage\":\"es\"},{\"@type\":\"WebPage\",\"@id\":\"https:\\\/\\\/www.copealcoy.es\\\/es\\\/hector-illueca-asume-la-vicepresidencia-de-la-generalitat-valenciana\\\/\",\"url\":\"https:\\\/\\\/www.copealcoy.es\\\/es\\\/hector-illueca-asume-la-vicepresidencia-de-la-generalitat-valenciana\\\/\",\"name\":\"H\u00e9ctor Illueca asume la vicepresidencia de la Generalitat Valenciana - COPE Alcoy\",\"isPartOf\":{\"@id\":\"https:\\\/\\\/www.copealcoy.es\\\/es\\\/#website\"},\"primaryImageOfPage\":{\"@id\":\"https:\\\/\\\/www.copealcoy.es\\\/es\\\/hector-illueca-asume-la-vicepresidencia-de-la-generalitat-valenciana\\\/#primaryimage\"},\"image\":{\"@id\":\"https:\\\/\\\/www.copealcoy.es\\\/es\\\/hector-illueca-asume-la-vicepresidencia-de-la-generalitat-valenciana\\\/#primaryimage\"},\"thumbnailUrl\":\"https:\\\/\\\/www.copealcoy.es\\\/wp-content\\\/uploads\\\/2021\\\/09\\\/illueca-ka0-U150483010191CtE-624x385@Las-Provincias.jpg\",\"datePublished\":\"2021-09-10T16:41:49+00:00\",\"dateModified\":\"2021-09-10T16:45:15+00:00\",\"author\":{\"@id\":\"https:\\\/\\\/www.copealcoy.es\\\/es\\\/#\\\/schema\\\/person\\\/e777c87fa024e57d40170af9df39882c\"},\"breadcrumb\":{\"@id\":\"https:\\\/\\\/www.copealcoy.es\\\/es\\\/hector-illueca-asume-la-vicepresidencia-de-la-generalitat-valenciana\\\/#breadcrumb\"},\"inLanguage\":\"es\",\"potentialAction\":[{\"@type\":\"ReadAction\",\"target\":[\"https:\\\/\\\/www.copealcoy.es\\\/es\\\/hector-illueca-asume-la-vicepresidencia-de-la-generalitat-valenciana\\\/\"]}]},{\"@type\":\"ImageObject\",\"inLanguage\":\"es\",\"@id\":\"https:\\\/\\\/www.copealcoy.es\\\/es\\\/hector-illueca-asume-la-vicepresidencia-de-la-generalitat-valenciana\\\/#primaryimage\",\"url\":\"https:\\\/\\\/www.copealcoy.es\\\/wp-content\\\/uploads\\\/2021\\\/09\\\/illueca-ka0-U150483010191CtE-624x385@Las-Provincias.jpg\",\"contentUrl\":\"https:\\\/\\\/www.copealcoy.es\\\/wp-content\\\/uploads\\\/2021\\\/09\\\/illueca-ka0-U150483010191CtE-624x385@Las-Provincias.jpg\",\"width\":624,\"height\":385},{\"@type\":\"BreadcrumbList\",\"@id\":\"https:\\\/\\\/www.copealcoy.es\\\/es\\\/hector-illueca-asume-la-vicepresidencia-de-la-generalitat-valenciana\\\/#breadcrumb\",\"itemListElement\":[{\"@type\":\"ListItem\",\"position\":1,\"name\":\"Portada\",\"item\":\"https:\\\/\\\/www.copealcoy.es\\\/es\\\/\"},{\"@type\":\"ListItem\",\"position\":2,\"name\":\"H\u00e9ctor Illueca asume la vicepresidencia de la Generalitat Valenciana\"}]},{\"@type\":\"WebSite\",\"@id\":\"https:\\\/\\\/www.copealcoy.es\\\/es\\\/#website\",\"url\":\"https:\\\/\\\/www.copealcoy.es\\\/es\\\/\",\"name\":\"COPE Alcoy\",\"description\":\"Emisora COPE de radio local con emisi\u00f3n online. Pont de Sant Jordi 8-10 03803 Alcoy\",\"potentialAction\":[{\"@type\":\"SearchAction\",\"target\":{\"@type\":\"EntryPoint\",\"urlTemplate\":\"https:\\\/\\\/www.copealcoy.es\\\/es\\\/?s={search_term_string}\"},\"query-input\":{\"@type\":\"PropertyValueSpecification\",\"valueRequired\":true,\"valueName\":\"search_term_string\"}}],\"inLanguage\":\"es\"},{\"@type\":\"Person\",\"@id\":\"https:\\\/\\\/www.copealcoy.es\\\/es\\\/#\\\/schema\\\/person\\\/e777c87fa024e57d40170af9df39882c\",\"name\":\"Cope Alcoy\",\"image\":{\"@type\":\"ImageObject\",\"inLanguage\":\"es\",\"@id\":\"https:\\\/\\\/secure.gravatar.com\\\/avatar\\\/bb65d0283347e303893ba14f0692005417c1e0e690a325a4c5d8bb2b3943ee14?s=96&d=mm&r=g\",\"url\":\"https:\\\/\\\/secure.gravatar.com\\\/avatar\\\/bb65d0283347e303893ba14f0692005417c1e0e690a325a4c5d8bb2b3943ee14?s=96&d=mm&r=g\",\"contentUrl\":\"https:\\\/\\\/secure.gravatar.com\\\/avatar\\\/bb65d0283347e303893ba14f0692005417c1e0e690a325a4c5d8bb2b3943ee14?s=96&d=mm&r=g\",\"caption\":\"Cope Alcoy\"}}]}<\/script>\n<!-- \/ Yoast SEO plugin. -->","yoast_head_json":{"title":"H\u00e9ctor Illueca asume la vicepresidencia de la Generalitat Valenciana - COPE Alcoy","robots":{"index":"index","follow":"follow","max-snippet":"max-snippet:-1","max-image-preview":"max-image-preview:large","max-video-preview":"max-video-preview:-1"},"canonical":"https:\/\/www.copealcoy.es\/es\/hector-illueca-asume-la-vicepresidencia-de-la-generalitat-valenciana\/","og_locale":"es_ES","og_type":"article","og_title":"H\u00e9ctor Illueca asume la vicepresidencia de la Generalitat Valenciana - COPE Alcoy","og_description":"Han sido como 30 segundos de cerrada ovaci\u00f3n para la\u00a0despedida del vicepresidente Rub\u00e9n Mart\u00ednez Dalmau. El acto de cambio de...","og_url":"https:\/\/www.copealcoy.es\/es\/hector-illueca-asume-la-vicepresidencia-de-la-generalitat-valenciana\/","og_site_name":"COPE Alcoy","article_published_time":"2021-09-10T16:41:49+00:00","article_modified_time":"2021-09-10T16:45:15+00:00","og_image":[{"width":624,"height":385,"url":"https:\/\/www.copealcoy.es\/wp-content\/uploads\/2021\/09\/illueca-ka0-U150483010191CtE-624x385@Las-Provincias.jpg","type":"image\/jpeg"}],"author":"Cope Alcoy","twitter_misc":{"Escrito por":"Cope Alcoy","Tiempo de lectura":"2 minutos"},"schema":{"@context":"https:\/\/schema.org","@graph":[{"@type":"Article","@id":"https:\/\/www.copealcoy.es\/es\/hector-illueca-asume-la-vicepresidencia-de-la-generalitat-valenciana\/#article","isPartOf":{"@id":"https:\/\/www.copealcoy.es\/es\/hector-illueca-asume-la-vicepresidencia-de-la-generalitat-valenciana\/"},"author":{"name":"Cope Alcoy","@id":"https:\/\/www.copealcoy.es\/es\/#\/schema\/person\/e777c87fa024e57d40170af9df39882c"},"headline":"H\u00e9ctor Illueca asume la vicepresidencia de la Generalitat Valenciana","datePublished":"2021-09-10T16:41:49+00:00","dateModified":"2021-09-10T16:45:15+00:00","mainEntityOfPage":{"@id":"https:\/\/www.copealcoy.es\/es\/hector-illueca-asume-la-vicepresidencia-de-la-generalitat-valenciana\/"},"wordCount":338,"commentCount":0,"image":{"@id":"https:\/\/www.copealcoy.es\/es\/hector-illueca-asume-la-vicepresidencia-de-la-generalitat-valenciana\/#primaryimage"},"thumbnailUrl":"https:\/\/www.copealcoy.es\/wp-content\/uploads\/2021\/09\/illueca-ka0-U150483010191CtE-624x385@Las-Provincias.jpg","keywords":["Consell","Generalitat Valenciana","Govern del Bot\u00e0nic","H\u00e9ctor Illueca","Vicepresidencia"],"articleSection":["Alcoy","Noticias","Pol\u00edtica y Econom\u00eda"],"inLanguage":"es"},{"@type":"WebPage","@id":"https:\/\/www.copealcoy.es\/es\/hector-illueca-asume-la-vicepresidencia-de-la-generalitat-valenciana\/","url":"https:\/\/www.copealcoy.es\/es\/hector-illueca-asume-la-vicepresidencia-de-la-generalitat-valenciana\/","name":"H\u00e9ctor Illueca asume la vicepresidencia de la Generalitat Valenciana - COPE Alcoy","isPartOf":{"@id":"https:\/\/www.copealcoy.es\/es\/#website"},"primaryImageOfPage":{"@id":"https:\/\/www.copealcoy.es\/es\/hector-illueca-asume-la-vicepresidencia-de-la-generalitat-valenciana\/#primaryimage"},"image":{"@id":"https:\/\/www.copealcoy.es\/es\/hector-illueca-asume-la-vicepresidencia-de-la-generalitat-valenciana\/#primaryimage"},"thumbnailUrl":"https:\/\/www.copealcoy.es\/wp-content\/uploads\/2021\/09\/illueca-ka0-U150483010191CtE-624x385@Las-Provincias.jpg","datePublished":"2021-09-10T16:41:49+00:00","dateModified":"2021-09-10T16:45:15+00:00","author":{"@id":"https:\/\/www.copealcoy.es\/es\/#\/schema\/person\/e777c87fa024e57d40170af9df39882c"},"breadcrumb":{"@id":"https:\/\/www.copealcoy.es\/es\/hector-illueca-asume-la-vicepresidencia-de-la-generalitat-valenciana\/#breadcrumb"},"inLanguage":"es","potentialAction":[{"@type":"ReadAction","target":["https:\/\/www.copealcoy.es\/es\/hector-illueca-asume-la-vicepresidencia-de-la-generalitat-valenciana\/"]}]},{"@type":"ImageObject","inLanguage":"es","@id":"https:\/\/www.copealcoy.es\/es\/hector-illueca-asume-la-vicepresidencia-de-la-generalitat-valenciana\/#primaryimage","url":"https:\/\/www.copealcoy.es\/wp-content\/uploads\/2021\/09\/illueca-ka0-U150483010191CtE-624x385@Las-Provincias.jpg","contentUrl":"https:\/\/www.copealcoy.es\/wp-content\/uploads\/2021\/09\/illueca-ka0-U150483010191CtE-624x385@Las-Provincias.jpg","width":624,"height":385},{"@type":"BreadcrumbList","@id":"https:\/\/www.copealcoy.es\/es\/hector-illueca-asume-la-vicepresidencia-de-la-generalitat-valenciana\/#breadcrumb","itemListElement":[{"@type":"ListItem","position":1,"name":"Portada","item":"https:\/\/www.copealcoy.es\/es\/"},{"@type":"ListItem","position":2,"name":"H\u00e9ctor Illueca asume la vicepresidencia de la Generalitat Valenciana"}]},{"@type":"WebSite","@id":"https:\/\/www.copealcoy.es\/es\/#website","url":"https:\/\/www.copealcoy.es\/es\/","name":"COPE Alcoy","description":"Emisora COPE de radio local con emisi\u00f3n online. Pont de Sant Jordi 8-10 03803 Alcoy","potentialAction":[{"@type":"SearchAction","target":{"@type":"EntryPoint","urlTemplate":"https:\/\/www.copealcoy.es\/es\/?s={search_term_string}"},"query-input":{"@type":"PropertyValueSpecification","valueRequired":true,"valueName":"search_term_string"}}],"inLanguage":"es"},{"@type":"Person","@id":"https:\/\/www.copealcoy.es\/es\/#\/schema\/person\/e777c87fa024e57d40170af9df39882c","name":"Cope Alcoy","image":{"@type":"ImageObject","inLanguage":"es","@id":"https:\/\/secure.gravatar.com\/avatar\/bb65d0283347e303893ba14f0692005417c1e0e690a325a4c5d8bb2b3943ee14?s=96&d=mm&r=g","url":"https:\/\/secure.gravatar.com\/avatar\/bb65d0283347e303893ba14f0692005417c1e0e690a325a4c5d8bb2b3943ee14?s=96&d=mm&r=g","contentUrl":"https:\/\/secure.gravatar.com\/avatar\/bb65d0283347e303893ba14f0692005417c1e0e690a325a4c5d8bb2b3943ee14?s=96&d=mm&r=g","caption":"Cope Alcoy"}}]}},"_links":{"self":[{"href":"https:\/\/www.copealcoy.es\/es\/wp-json\/wp\/v2\/posts\/77444","targetHints":{"allow":["GET"]}}],"collection":[{"href":"https:\/\/www.copealcoy.es\/es\/wp-json\/wp\/v2\/posts"}],"about":[{"href":"https:\/\/www.copealcoy.es\/es\/wp-json\/wp\/v2\/types\/post"}],"author":[{"embeddable":true,"href":"https:\/\/www.copealcoy.es\/es\/wp-json\/wp\/v2\/users\/1"}],"replies":[{"embeddable":true,"href":"https:\/\/www.copealcoy.es\/es\/wp-json\/wp\/v2\/comments?post=77444"}],"version-history":[{"count":0,"href":"https:\/\/www.copealcoy.es\/es\/wp-json\/wp\/v2\/posts\/77444\/revisions"}],"wp:featuredmedia":[{"embeddable":true,"href":"https:\/\/www.copealcoy.es\/es\/wp-json\/wp\/v2\/media\/77445"}],"wp:attachment":[{"href":"https:\/\/www.copealcoy.es\/es\/wp-json\/wp\/v2\/media?parent=77444"}],"wp:term":[{"taxonomy":"category","embeddable":true,"href":"https:\/\/www.copealcoy.es\/es\/wp-json\/wp\/v2\/categories?post=77444"},{"taxonomy":"post_tag","embeddable":true,"href":"https:\/\/www.copealcoy.es\/es\/wp-json\/wp\/v2\/tags?post=77444"}],"curies":[{"name":"wp","href":"https:\/\/api.w.org\/{rel}","templated":true}]}}