{"id":77338,"date":"2021-09-08T17:09:57","date_gmt":"2021-09-08T16:09:57","guid":{"rendered":"https:\/\/www.copealcoy.es\/?p=77338"},"modified":"2021-09-09T18:29:07","modified_gmt":"2021-09-09T17:29:07","slug":"la-comarca-inicia-el-curso-con-la-mirada-puesta-en-nuevas-infraestructuras-educativas","status":"publish","type":"post","link":"https:\/\/www.copealcoy.es\/es\/la-comarca-inicia-el-curso-con-la-mirada-puesta-en-nuevas-infraestructuras-educativas\/","title":{"rendered":"La comarca inicia el curso con la mirada puesta en nuevas infraestructuras educativas"},"content":{"rendered":"<p style=\"text-align: justify;\">La vuelta al cole <strong>tambi\u00e9n ha transcurrido este mi\u00e9rcoles con absoluta normalidad<\/strong> en los diferentes municipios de l&#8217;Alcoi\u00e0 y El Comtat. Estudiantes de <strong>Banyeres de Mariola, Alqueria d&#8217;Asnar, Castalla, Ibi u Onil<\/strong> han regresado a las aulas con <strong>ilusiones renovadas<\/strong> mientras que los centros educativos, al igual que en Alcoy, <strong>siguen aplicando los protocolos anticovid<\/strong> a la espera de poder ir suaviz\u00e1ndolos a medida que avance el as\u00ed como el proceso de vacunaci\u00f3n de los m\u00e1s j\u00f3venes.\u00a0<\/p>\n<p style=\"text-align: justify;\"><strong><span style=\"color: #0000ff;\">El nuevo Bosco de Cocentaina empieza a tomar forma<\/span><\/strong><\/p>\n<p style=\"text-align: justify;\">En <strong>Cocentaina<\/strong> han sido <strong>m\u00e1s de 1.000<\/strong> los alumnos que han regresado a las aulas en los colegios Real Blanc, San Francisco de As\u00eds, el IES Pare Arques y el San Juan Bosco. En este \u00faltimo caso<strong> los estudiantes del Bosco II han vuelto a comenzar el curso en las instalaciones del aulario que estrenaron el a\u00f1o pasado<\/strong> y que el Ayuntamiento de la Villa Condal ubic\u00f3 en las dependencias del antiguo Instituto junto a la actual FPA Beniassent. Todo ello <strong>hasta que acaben las obras del nuevo colegio<\/strong> y que permitir\u00e1n <strong>la unificaci\u00f3n de un centro educativo dividido en dos edificios<\/strong> as\u00ed como separados por m\u00e1s de 800 metros desde hace treinta a\u00f1os. La director del Colegio, <strong>Rosanna Soler<\/strong>, confirmaba en COPE ALCOY esta ma\u00f1ana que el proyecto comienza a ser una realidad:<\/p>\n<audio class=\"wp-audio-shortcode\" id=\"audio-77338-1\" preload=\"none\" style=\"width: 100%;\" controls=\"controls\"><source type=\"audio\/mpeg\" src=\"https:\/\/www.copealcoy.es\/wp-content\/uploads\/2021\/09\/2021.09.08-ROSANA-SOLER-INICIO-CURSO-MEDIODIA.mp3?_=1\" \/><a href=\"https:\/\/www.copealcoy.es\/wp-content\/uploads\/2021\/09\/2021.09.08-ROSANA-SOLER-INICIO-CURSO-MEDIODIA.mp3\">https:\/\/www.copealcoy.es\/wp-content\/uploads\/2021\/09\/2021.09.08-ROSANA-SOLER-INICIO-CURSO-MEDIODIA.mp3<\/a><\/audio>\n<p><span style=\"color: #0000ff;\"><strong>Muro ve con ilusi\u00f3n el nuevo Bracal\u00a0<\/strong><\/span><\/p>\n<p style=\"text-align: justify;\">En <strong>Muro<\/strong> el curso ha arrancado tambi\u00e9n con <strong>m\u00e1xima normalidad y m\u00e1s de 1000 estudiantes<\/strong>, aproximadamente, han retomado sus clases tal como han explicado a COPE ALCOY desde el Ayuntamiento. Los alumnos se reparten por el IES Serra de Mariola as\u00f3 como los Colegios Montcabrer y Bracal. En este \u00faltimo <strong>se abre una etapa de esperanza ya que las obras del futuro centro educativo avanzan a muy buen ritmo<\/strong> y si todo va seg\u00fan lo previsto el curso 2021\/2022 podr\u00eda ser<strong> el de la inauguraci\u00f3n de las nuevas instalaciones<\/strong> como asegura la edil de Educaci\u00f3n del municipio; <strong>Xelo Cascant<\/strong>:<\/p>\n<audio class=\"wp-audio-shortcode\" id=\"audio-77338-2\" preload=\"none\" style=\"width: 100%;\" controls=\"controls\"><source type=\"audio\/mpeg\" src=\"https:\/\/www.copealcoy.es\/wp-content\/uploads\/2021\/09\/2021.09.08-XELO-CASCANT-INICIO-CURSO-MEDIODIA.mp3?_=2\" \/><a href=\"https:\/\/www.copealcoy.es\/wp-content\/uploads\/2021\/09\/2021.09.08-XELO-CASCANT-INICIO-CURSO-MEDIODIA.mp3\">https:\/\/www.copealcoy.es\/wp-content\/uploads\/2021\/09\/2021.09.08-XELO-CASCANT-INICIO-CURSO-MEDIODIA.mp3<\/a><\/audio>\n<p style=\"text-align: justify;\">El curso ha empezado en la comarca con <strong>la implantaci\u00f3n<\/strong> de <a href=\"https:\/\/www.copealcoy.es\/arranca-el-nou-servei-de-transport-per-a-estudiants-de-la-manco\/\"><strong><span style=\"color: #0000ff;\">novedades en el Servicio de Transporte para Estudiantes<\/span><\/strong><\/a>, que impulsa la Mancomunitat de l&#8217;Alcoi\u00e0-Comtat, y que ahora acercar\u00e1 a los estudiantes de FP a los centros en los que cursan sus estudios.\u00a0<\/p>\n\n\n<p><\/p>\n","protected":false},"excerpt":{"rendered":"<p>La vuelta al cole tambi\u00e9n ha transcurrido este mi\u00e9rcoles con absoluta normalidad en los diferentes municipios de l&#8217;Alcoi\u00e0 y El&#8230;<\/p>\n","protected":false},"author":1,"featured_media":77339,"comment_status":"open","ping_status":"open","sticky":false,"template":"","format":"standard","meta":{"footnotes":""},"categories":[98,900,75],"tags":[482,998,132,237,11642,9973,135,1785],"class_list":["post-77338","post","type-post","status-publish","format-standard","has-post-thumbnail","hentry","category-comarcas","category-educacion","category-noticias","tag-alcoia","tag-bracal","tag-cocentaina","tag-comtat","tag-curso-2021-2022","tag-inicio-curso","tag-muro","tag-san-juan-bosco"],"yoast_head":"<!-- This site is optimized with the Yoast SEO plugin v27.3 - https:\/\/yoast.com\/product\/yoast-seo-wordpress\/ -->\n<title>La comarca inicia el curso con la mirada puesta en nuevas infraestructuras educativas - COPE Alcoy<\/title>\n<meta name=\"robots\" content=\"index, follow, max-snippet:-1, max-image-preview:large, max-video-preview:-1\" \/>\n<link rel=\"canonical\" href=\"https:\/\/www.copealcoy.es\/es\/la-comarca-inicia-el-curso-con-la-mirada-puesta-en-nuevas-infraestructuras-educativas\/\" \/>\n<meta property=\"og:locale\" content=\"es_ES\" \/>\n<meta property=\"og:type\" content=\"article\" \/>\n<meta property=\"og:title\" content=\"La comarca inicia el curso con la mirada puesta en nuevas infraestructuras educativas - COPE Alcoy\" \/>\n<meta property=\"og:description\" content=\"La vuelta al cole tambi\u00e9n ha transcurrido este mi\u00e9rcoles con absoluta normalidad en los diferentes municipios de l&#8217;Alcoi\u00e0 y El...\" \/>\n<meta property=\"og:url\" content=\"https:\/\/www.copealcoy.es\/es\/la-comarca-inicia-el-curso-con-la-mirada-puesta-en-nuevas-infraestructuras-educativas\/\" \/>\n<meta property=\"og:site_name\" content=\"COPE Alcoy\" \/>\n<meta property=\"article:published_time\" content=\"2021-09-08T16:09:57+00:00\" \/>\n<meta property=\"article:modified_time\" content=\"2021-09-09T17:29:07+00:00\" \/>\n<meta property=\"og:image\" content=\"https:\/\/www.copealcoy.es\/wp-content\/uploads\/2021\/09\/unnamed-1-2-scaled.jpg\" \/>\n\t<meta property=\"og:image:width\" content=\"2560\" \/>\n\t<meta property=\"og:image:height\" content=\"1920\" \/>\n\t<meta property=\"og:image:type\" content=\"image\/jpeg\" \/>\n<meta name=\"author\" content=\"Cope Alcoy\" \/>\n<meta name=\"twitter:label1\" content=\"Escrito por\" \/>\n\t<meta name=\"twitter:data1\" content=\"Cope Alcoy\" \/>\n\t<meta name=\"twitter:label2\" content=\"Tiempo de lectura\" \/>\n\t<meta name=\"twitter:data2\" content=\"2 minutos\" \/>\n<script type=\"application\/ld+json\" class=\"yoast-schema-graph\">{\"@context\":\"https:\\\/\\\/schema.org\",\"@graph\":[{\"@type\":\"Article\",\"@id\":\"https:\\\/\\\/www.copealcoy.es\\\/es\\\/la-comarca-inicia-el-curso-con-la-mirada-puesta-en-nuevas-infraestructuras-educativas\\\/#article\",\"isPartOf\":{\"@id\":\"https:\\\/\\\/www.copealcoy.es\\\/es\\\/la-comarca-inicia-el-curso-con-la-mirada-puesta-en-nuevas-infraestructuras-educativas\\\/\"},\"author\":{\"name\":\"Cope Alcoy\",\"@id\":\"https:\\\/\\\/www.copealcoy.es\\\/es\\\/#\\\/schema\\\/person\\\/e777c87fa024e57d40170af9df39882c\"},\"headline\":\"La comarca inicia el curso con la mirada puesta en nuevas infraestructuras educativas\",\"datePublished\":\"2021-09-08T16:09:57+00:00\",\"dateModified\":\"2021-09-09T17:29:07+00:00\",\"mainEntityOfPage\":{\"@id\":\"https:\\\/\\\/www.copealcoy.es\\\/es\\\/la-comarca-inicia-el-curso-con-la-mirada-puesta-en-nuevas-infraestructuras-educativas\\\/\"},\"wordCount\":427,\"commentCount\":0,\"image\":{\"@id\":\"https:\\\/\\\/www.copealcoy.es\\\/es\\\/la-comarca-inicia-el-curso-con-la-mirada-puesta-en-nuevas-infraestructuras-educativas\\\/#primaryimage\"},\"thumbnailUrl\":\"https:\\\/\\\/www.copealcoy.es\\\/wp-content\\\/uploads\\\/2021\\\/09\\\/unnamed-1-2-scaled.jpg\",\"keywords\":[\"Alcoi\u00e0\",\"Bracal\",\"Cocentaina\",\"Comtat\",\"curso 2021\\\/2022\",\"inicio curso\",\"Muro\",\"San Juan Bosco\"],\"articleSection\":[\"Comarcas\",\"Educaci\u00f3n\",\"Noticias\"],\"inLanguage\":\"es\"},{\"@type\":\"WebPage\",\"@id\":\"https:\\\/\\\/www.copealcoy.es\\\/es\\\/la-comarca-inicia-el-curso-con-la-mirada-puesta-en-nuevas-infraestructuras-educativas\\\/\",\"url\":\"https:\\\/\\\/www.copealcoy.es\\\/es\\\/la-comarca-inicia-el-curso-con-la-mirada-puesta-en-nuevas-infraestructuras-educativas\\\/\",\"name\":\"La comarca inicia el curso con la mirada puesta en nuevas infraestructuras educativas - COPE Alcoy\",\"isPartOf\":{\"@id\":\"https:\\\/\\\/www.copealcoy.es\\\/es\\\/#website\"},\"primaryImageOfPage\":{\"@id\":\"https:\\\/\\\/www.copealcoy.es\\\/es\\\/la-comarca-inicia-el-curso-con-la-mirada-puesta-en-nuevas-infraestructuras-educativas\\\/#primaryimage\"},\"image\":{\"@id\":\"https:\\\/\\\/www.copealcoy.es\\\/es\\\/la-comarca-inicia-el-curso-con-la-mirada-puesta-en-nuevas-infraestructuras-educativas\\\/#primaryimage\"},\"thumbnailUrl\":\"https:\\\/\\\/www.copealcoy.es\\\/wp-content\\\/uploads\\\/2021\\\/09\\\/unnamed-1-2-scaled.jpg\",\"datePublished\":\"2021-09-08T16:09:57+00:00\",\"dateModified\":\"2021-09-09T17:29:07+00:00\",\"author\":{\"@id\":\"https:\\\/\\\/www.copealcoy.es\\\/es\\\/#\\\/schema\\\/person\\\/e777c87fa024e57d40170af9df39882c\"},\"breadcrumb\":{\"@id\":\"https:\\\/\\\/www.copealcoy.es\\\/es\\\/la-comarca-inicia-el-curso-con-la-mirada-puesta-en-nuevas-infraestructuras-educativas\\\/#breadcrumb\"},\"inLanguage\":\"es\",\"potentialAction\":[{\"@type\":\"ReadAction\",\"target\":[\"https:\\\/\\\/www.copealcoy.es\\\/es\\\/la-comarca-inicia-el-curso-con-la-mirada-puesta-en-nuevas-infraestructuras-educativas\\\/\"]}]},{\"@type\":\"ImageObject\",\"inLanguage\":\"es\",\"@id\":\"https:\\\/\\\/www.copealcoy.es\\\/es\\\/la-comarca-inicia-el-curso-con-la-mirada-puesta-en-nuevas-infraestructuras-educativas\\\/#primaryimage\",\"url\":\"https:\\\/\\\/www.copealcoy.es\\\/wp-content\\\/uploads\\\/2021\\\/09\\\/unnamed-1-2-scaled.jpg\",\"contentUrl\":\"https:\\\/\\\/www.copealcoy.es\\\/wp-content\\\/uploads\\\/2021\\\/09\\\/unnamed-1-2-scaled.jpg\",\"width\":2560,\"height\":1920},{\"@type\":\"BreadcrumbList\",\"@id\":\"https:\\\/\\\/www.copealcoy.es\\\/es\\\/la-comarca-inicia-el-curso-con-la-mirada-puesta-en-nuevas-infraestructuras-educativas\\\/#breadcrumb\",\"itemListElement\":[{\"@type\":\"ListItem\",\"position\":1,\"name\":\"Portada\",\"item\":\"https:\\\/\\\/www.copealcoy.es\\\/es\\\/\"},{\"@type\":\"ListItem\",\"position\":2,\"name\":\"La comarca inicia el curso con la mirada puesta en nuevas infraestructuras educativas\"}]},{\"@type\":\"WebSite\",\"@id\":\"https:\\\/\\\/www.copealcoy.es\\\/es\\\/#website\",\"url\":\"https:\\\/\\\/www.copealcoy.es\\\/es\\\/\",\"name\":\"COPE Alcoy\",\"description\":\"Emisora COPE de radio local con emisi\u00f3n online. Pont de Sant Jordi 8-10 03803 Alcoy\",\"potentialAction\":[{\"@type\":\"SearchAction\",\"target\":{\"@type\":\"EntryPoint\",\"urlTemplate\":\"https:\\\/\\\/www.copealcoy.es\\\/es\\\/?s={search_term_string}\"},\"query-input\":{\"@type\":\"PropertyValueSpecification\",\"valueRequired\":true,\"valueName\":\"search_term_string\"}}],\"inLanguage\":\"es\"},{\"@type\":\"Person\",\"@id\":\"https:\\\/\\\/www.copealcoy.es\\\/es\\\/#\\\/schema\\\/person\\\/e777c87fa024e57d40170af9df39882c\",\"name\":\"Cope Alcoy\",\"image\":{\"@type\":\"ImageObject\",\"inLanguage\":\"es\",\"@id\":\"https:\\\/\\\/secure.gravatar.com\\\/avatar\\\/bb65d0283347e303893ba14f0692005417c1e0e690a325a4c5d8bb2b3943ee14?s=96&d=mm&r=g\",\"url\":\"https:\\\/\\\/secure.gravatar.com\\\/avatar\\\/bb65d0283347e303893ba14f0692005417c1e0e690a325a4c5d8bb2b3943ee14?s=96&d=mm&r=g\",\"contentUrl\":\"https:\\\/\\\/secure.gravatar.com\\\/avatar\\\/bb65d0283347e303893ba14f0692005417c1e0e690a325a4c5d8bb2b3943ee14?s=96&d=mm&r=g\",\"caption\":\"Cope Alcoy\"}}]}<\/script>\n<!-- \/ Yoast SEO plugin. -->","yoast_head_json":{"title":"La comarca inicia el curso con la mirada puesta en nuevas infraestructuras educativas - COPE Alcoy","robots":{"index":"index","follow":"follow","max-snippet":"max-snippet:-1","max-image-preview":"max-image-preview:large","max-video-preview":"max-video-preview:-1"},"canonical":"https:\/\/www.copealcoy.es\/es\/la-comarca-inicia-el-curso-con-la-mirada-puesta-en-nuevas-infraestructuras-educativas\/","og_locale":"es_ES","og_type":"article","og_title":"La comarca inicia el curso con la mirada puesta en nuevas infraestructuras educativas - COPE Alcoy","og_description":"La vuelta al cole tambi\u00e9n ha transcurrido este mi\u00e9rcoles con absoluta normalidad en los diferentes municipios de l&#8217;Alcoi\u00e0 y El...","og_url":"https:\/\/www.copealcoy.es\/es\/la-comarca-inicia-el-curso-con-la-mirada-puesta-en-nuevas-infraestructuras-educativas\/","og_site_name":"COPE Alcoy","article_published_time":"2021-09-08T16:09:57+00:00","article_modified_time":"2021-09-09T17:29:07+00:00","og_image":[{"width":2560,"height":1920,"url":"https:\/\/www.copealcoy.es\/wp-content\/uploads\/2021\/09\/unnamed-1-2-scaled.jpg","type":"image\/jpeg"}],"author":"Cope Alcoy","twitter_misc":{"Escrito por":"Cope Alcoy","Tiempo de lectura":"2 minutos"},"schema":{"@context":"https:\/\/schema.org","@graph":[{"@type":"Article","@id":"https:\/\/www.copealcoy.es\/es\/la-comarca-inicia-el-curso-con-la-mirada-puesta-en-nuevas-infraestructuras-educativas\/#article","isPartOf":{"@id":"https:\/\/www.copealcoy.es\/es\/la-comarca-inicia-el-curso-con-la-mirada-puesta-en-nuevas-infraestructuras-educativas\/"},"author":{"name":"Cope Alcoy","@id":"https:\/\/www.copealcoy.es\/es\/#\/schema\/person\/e777c87fa024e57d40170af9df39882c"},"headline":"La comarca inicia el curso con la mirada puesta en nuevas infraestructuras educativas","datePublished":"2021-09-08T16:09:57+00:00","dateModified":"2021-09-09T17:29:07+00:00","mainEntityOfPage":{"@id":"https:\/\/www.copealcoy.es\/es\/la-comarca-inicia-el-curso-con-la-mirada-puesta-en-nuevas-infraestructuras-educativas\/"},"wordCount":427,"commentCount":0,"image":{"@id":"https:\/\/www.copealcoy.es\/es\/la-comarca-inicia-el-curso-con-la-mirada-puesta-en-nuevas-infraestructuras-educativas\/#primaryimage"},"thumbnailUrl":"https:\/\/www.copealcoy.es\/wp-content\/uploads\/2021\/09\/unnamed-1-2-scaled.jpg","keywords":["Alcoi\u00e0","Bracal","Cocentaina","Comtat","curso 2021\/2022","inicio curso","Muro","San Juan Bosco"],"articleSection":["Comarcas","Educaci\u00f3n","Noticias"],"inLanguage":"es"},{"@type":"WebPage","@id":"https:\/\/www.copealcoy.es\/es\/la-comarca-inicia-el-curso-con-la-mirada-puesta-en-nuevas-infraestructuras-educativas\/","url":"https:\/\/www.copealcoy.es\/es\/la-comarca-inicia-el-curso-con-la-mirada-puesta-en-nuevas-infraestructuras-educativas\/","name":"La comarca inicia el curso con la mirada puesta en nuevas infraestructuras educativas - COPE Alcoy","isPartOf":{"@id":"https:\/\/www.copealcoy.es\/es\/#website"},"primaryImageOfPage":{"@id":"https:\/\/www.copealcoy.es\/es\/la-comarca-inicia-el-curso-con-la-mirada-puesta-en-nuevas-infraestructuras-educativas\/#primaryimage"},"image":{"@id":"https:\/\/www.copealcoy.es\/es\/la-comarca-inicia-el-curso-con-la-mirada-puesta-en-nuevas-infraestructuras-educativas\/#primaryimage"},"thumbnailUrl":"https:\/\/www.copealcoy.es\/wp-content\/uploads\/2021\/09\/unnamed-1-2-scaled.jpg","datePublished":"2021-09-08T16:09:57+00:00","dateModified":"2021-09-09T17:29:07+00:00","author":{"@id":"https:\/\/www.copealcoy.es\/es\/#\/schema\/person\/e777c87fa024e57d40170af9df39882c"},"breadcrumb":{"@id":"https:\/\/www.copealcoy.es\/es\/la-comarca-inicia-el-curso-con-la-mirada-puesta-en-nuevas-infraestructuras-educativas\/#breadcrumb"},"inLanguage":"es","potentialAction":[{"@type":"ReadAction","target":["https:\/\/www.copealcoy.es\/es\/la-comarca-inicia-el-curso-con-la-mirada-puesta-en-nuevas-infraestructuras-educativas\/"]}]},{"@type":"ImageObject","inLanguage":"es","@id":"https:\/\/www.copealcoy.es\/es\/la-comarca-inicia-el-curso-con-la-mirada-puesta-en-nuevas-infraestructuras-educativas\/#primaryimage","url":"https:\/\/www.copealcoy.es\/wp-content\/uploads\/2021\/09\/unnamed-1-2-scaled.jpg","contentUrl":"https:\/\/www.copealcoy.es\/wp-content\/uploads\/2021\/09\/unnamed-1-2-scaled.jpg","width":2560,"height":1920},{"@type":"BreadcrumbList","@id":"https:\/\/www.copealcoy.es\/es\/la-comarca-inicia-el-curso-con-la-mirada-puesta-en-nuevas-infraestructuras-educativas\/#breadcrumb","itemListElement":[{"@type":"ListItem","position":1,"name":"Portada","item":"https:\/\/www.copealcoy.es\/es\/"},{"@type":"ListItem","position":2,"name":"La comarca inicia el curso con la mirada puesta en nuevas infraestructuras educativas"}]},{"@type":"WebSite","@id":"https:\/\/www.copealcoy.es\/es\/#website","url":"https:\/\/www.copealcoy.es\/es\/","name":"COPE Alcoy","description":"Emisora COPE de radio local con emisi\u00f3n online. Pont de Sant Jordi 8-10 03803 Alcoy","potentialAction":[{"@type":"SearchAction","target":{"@type":"EntryPoint","urlTemplate":"https:\/\/www.copealcoy.es\/es\/?s={search_term_string}"},"query-input":{"@type":"PropertyValueSpecification","valueRequired":true,"valueName":"search_term_string"}}],"inLanguage":"es"},{"@type":"Person","@id":"https:\/\/www.copealcoy.es\/es\/#\/schema\/person\/e777c87fa024e57d40170af9df39882c","name":"Cope Alcoy","image":{"@type":"ImageObject","inLanguage":"es","@id":"https:\/\/secure.gravatar.com\/avatar\/bb65d0283347e303893ba14f0692005417c1e0e690a325a4c5d8bb2b3943ee14?s=96&d=mm&r=g","url":"https:\/\/secure.gravatar.com\/avatar\/bb65d0283347e303893ba14f0692005417c1e0e690a325a4c5d8bb2b3943ee14?s=96&d=mm&r=g","contentUrl":"https:\/\/secure.gravatar.com\/avatar\/bb65d0283347e303893ba14f0692005417c1e0e690a325a4c5d8bb2b3943ee14?s=96&d=mm&r=g","caption":"Cope Alcoy"}}]}},"_links":{"self":[{"href":"https:\/\/www.copealcoy.es\/es\/wp-json\/wp\/v2\/posts\/77338","targetHints":{"allow":["GET"]}}],"collection":[{"href":"https:\/\/www.copealcoy.es\/es\/wp-json\/wp\/v2\/posts"}],"about":[{"href":"https:\/\/www.copealcoy.es\/es\/wp-json\/wp\/v2\/types\/post"}],"author":[{"embeddable":true,"href":"https:\/\/www.copealcoy.es\/es\/wp-json\/wp\/v2\/users\/1"}],"replies":[{"embeddable":true,"href":"https:\/\/www.copealcoy.es\/es\/wp-json\/wp\/v2\/comments?post=77338"}],"version-history":[{"count":0,"href":"https:\/\/www.copealcoy.es\/es\/wp-json\/wp\/v2\/posts\/77338\/revisions"}],"wp:featuredmedia":[{"embeddable":true,"href":"https:\/\/www.copealcoy.es\/es\/wp-json\/wp\/v2\/media\/77339"}],"wp:attachment":[{"href":"https:\/\/www.copealcoy.es\/es\/wp-json\/wp\/v2\/media?parent=77338"}],"wp:term":[{"taxonomy":"category","embeddable":true,"href":"https:\/\/www.copealcoy.es\/es\/wp-json\/wp\/v2\/categories?post=77338"},{"taxonomy":"post_tag","embeddable":true,"href":"https:\/\/www.copealcoy.es\/es\/wp-json\/wp\/v2\/tags?post=77338"}],"curies":[{"name":"wp","href":"https:\/\/api.w.org\/{rel}","templated":true}]}}