{"id":77299,"date":"2021-09-08T11:13:36","date_gmt":"2021-09-08T10:13:36","guid":{"rendered":"https:\/\/www.copealcoy.es\/?p=77299"},"modified":"2021-09-14T10:47:16","modified_gmt":"2021-09-14T09:47:16","slug":"comienza-en-la-comunitat-el-curso-con-mas-docentes-menos-alumnos-y-misma-seguridad-anticovid","status":"publish","type":"post","link":"https:\/\/www.copealcoy.es\/es\/comienza-en-la-comunitat-el-curso-con-mas-docentes-menos-alumnos-y-misma-seguridad-anticovid\/","title":{"rendered":"Comienza en la Comunitat el curso con m\u00e1s docentes, menos alumnos y misma seguridad anticovid"},"content":{"rendered":"<p style=\"text-align: justify;\">El<strong>\u00a0curso escolar<\/strong> comienza este mi\u00e9rcoles en la Comunitat Valenciana con <strong>m\u00e1s profesores y menos alumnos<\/strong> en Infantil, Primaria, Secundaria, Bachillerato y FP, nuevos centros escolares previstos en la Comunitat Valenciana y <strong>la misma seguridad<\/strong> frente a la Covid-19.<\/p>\n<p style=\"text-align: justify;\">El curso arranca con <strong>un total de 787.565 alumnos<\/strong> -el 0,35 % menos por el descenso en Infantil y Primaria- y 77.916 docentes, un 2,4 % m\u00e1s que el anterior, 136 obras en marcha en centros escolares y la previsi\u00f3n de que haya 16 nuevos antes de final de curso, seg\u00fan datos de la Conselleria de Educaci\u00f3n.<\/p>\n<p style=\"text-align: justify;\">Para hacer frente a las\u00a0<strong>secuelas psicol\u00f3gicas<\/strong>\u00a0de la pandemia en el alumnado, por primera vez las escuelas contar\u00e1n con personal de orientaci\u00f3n que formar\u00e1 parte del equipo de profesorado de cada centro de Infantil y Primaria, siguiendo el modelo ya establecido en los institutos, y habr\u00e1 1.452 orientadores para atender al alumnado, un 37,2 % m\u00e1s que el curso pasado.<\/p>\n<p style=\"text-align: justify;\">Asimismo, <strong>se han creado nuevas unidades de atenci\u00f3n<\/strong> que asesoran a los equipos y departamentos de orientaci\u00f3n de los centros y un nuevo protocolo de prevenci\u00f3n de suicidios que clarifica las pautas de ayuda e intervenci\u00f3n.<\/p>\n<div class=\"detail-body\">\n<p style=\"text-align: justify;\">El curso se dise\u00f1\u00f3 el pasado mes de julio con\u00a0<strong>5.042 docentes extra<\/strong>\u00a0y <strong>34,9 millones de euros de inversi\u00f3n especifica en material de seguridad y limpieza<\/strong> para garantizar las pautas que marcan las autoridades sanitarias.<\/p>\n<p style=\"text-align: justify;\">Con unas <strong>pautas de seguridad e higiene<\/strong> totalmente interiorizadas, las aulas volver\u00e1n a ser seguras frente a la Covid-19 para la comunidad educativa, con una presencialidad del cien por cien.<\/p>\n<p style=\"text-align: justify;\">En cuanto a la <strong>digitalizaci\u00f3n educativa<\/strong>, se sigue con la implantaci\u00f3n de una nueva plataforma educativa digital que fomenta el uso de herramientas colaborativas de trabajo en el alumnado y el profesorado; la dotaci\u00f3n de m\u00e1s de 80.000 tabletas y ordenadores port\u00e1tiles en las aulas; y el aumento de la formaci\u00f3n del profesorado en TIC.<\/p>\n<p style=\"text-align: justify;\">Durante los primeros d\u00edas del curso 2021-22, <strong>las clases van a coincidir con la inmunizaci\u00f3n<\/strong> de aquellos alumnos que tienen pendiente completar su vacunaci\u00f3n.<\/p>\n<\/div>\n<div class=\"js-comments-box pt-30\">\n<section class=\"styled__Wrapper-sc-135twcm-0 gsYKtH\">\n<div>\n<div class=\"styled__Wrapper-mfq5t0-0 ceCCrb\"><\/div>\n<\/div>\n<\/section>\n<\/div>\n","protected":false},"excerpt":{"rendered":"<p>El\u00a0curso escolar comienza este mi\u00e9rcoles en la Comunitat Valenciana con m\u00e1s profesores y menos alumnos en Infantil, Primaria, Secundaria, Bachillerato&#8230;<\/p>\n","protected":false},"author":1,"featured_media":77300,"comment_status":"open","ping_status":"open","sticky":false,"template":"","format":"standard","meta":{"footnotes":""},"categories":[6909,900,75,79],"tags":[1322,1768,7281,10050,9973,11714,367],"class_list":["post-77299","post","type-post","status-publish","format-standard","has-post-thumbnail","hentry","category-actualidad","category-educacion","category-noticias","category-politicayeconomia","tag-alumnos","tag-comunitat-valenciana","tag-coronavirus","tag-crisis-sanitaria","tag-inicio-curso","tag-protocolo-anticovid","tag-seguridad"],"yoast_head":"<!-- This site is optimized with the Yoast SEO plugin v27.3 - https:\/\/yoast.com\/product\/yoast-seo-wordpress\/ -->\n<title>Comienza en la Comunitat el curso con m\u00e1s docentes, menos alumnos y misma seguridad anticovid - COPE Alcoy<\/title>\n<meta name=\"robots\" content=\"index, follow, max-snippet:-1, max-image-preview:large, max-video-preview:-1\" \/>\n<link rel=\"canonical\" href=\"https:\/\/www.copealcoy.es\/es\/comienza-en-la-comunitat-el-curso-con-mas-docentes-menos-alumnos-y-misma-seguridad-anticovid\/\" \/>\n<meta property=\"og:locale\" content=\"es_ES\" \/>\n<meta property=\"og:type\" content=\"article\" \/>\n<meta property=\"og:title\" content=\"Comienza en la Comunitat el curso con m\u00e1s docentes, menos alumnos y misma seguridad anticovid - COPE Alcoy\" \/>\n<meta property=\"og:description\" content=\"El\u00a0curso escolar comienza este mi\u00e9rcoles en la Comunitat Valenciana con m\u00e1s profesores y menos alumnos en Infantil, Primaria, Secundaria, Bachillerato...\" \/>\n<meta property=\"og:url\" content=\"https:\/\/www.copealcoy.es\/es\/comienza-en-la-comunitat-el-curso-con-mas-docentes-menos-alumnos-y-misma-seguridad-anticovid\/\" \/>\n<meta property=\"og:site_name\" content=\"COPE Alcoy\" \/>\n<meta property=\"article:published_time\" content=\"2021-09-08T10:13:36+00:00\" \/>\n<meta property=\"article:modified_time\" content=\"2021-09-14T09:47:16+00:00\" \/>\n<meta property=\"og:image\" content=\"https:\/\/www.copealcoy.es\/wp-content\/uploads\/2021\/09\/unnamed-1-1.jpg\" \/>\n\t<meta property=\"og:image:width\" content=\"828\" \/>\n\t<meta property=\"og:image:height\" content=\"369\" \/>\n\t<meta property=\"og:image:type\" content=\"image\/jpeg\" \/>\n<meta name=\"author\" content=\"Cope Alcoy\" \/>\n<meta name=\"twitter:label1\" content=\"Escrito por\" \/>\n\t<meta name=\"twitter:data1\" content=\"Cope Alcoy\" \/>\n\t<meta name=\"twitter:label2\" content=\"Tiempo de lectura\" \/>\n\t<meta name=\"twitter:data2\" content=\"2 minutos\" \/>\n<script type=\"application\/ld+json\" class=\"yoast-schema-graph\">{\"@context\":\"https:\\\/\\\/schema.org\",\"@graph\":[{\"@type\":\"Article\",\"@id\":\"https:\\\/\\\/www.copealcoy.es\\\/es\\\/comienza-en-la-comunitat-el-curso-con-mas-docentes-menos-alumnos-y-misma-seguridad-anticovid\\\/#article\",\"isPartOf\":{\"@id\":\"https:\\\/\\\/www.copealcoy.es\\\/es\\\/comienza-en-la-comunitat-el-curso-con-mas-docentes-menos-alumnos-y-misma-seguridad-anticovid\\\/\"},\"author\":{\"name\":\"Cope Alcoy\",\"@id\":\"https:\\\/\\\/www.copealcoy.es\\\/es\\\/#\\\/schema\\\/person\\\/e777c87fa024e57d40170af9df39882c\"},\"headline\":\"Comienza en la Comunitat el curso con m\u00e1s docentes, menos alumnos y misma seguridad anticovid\",\"datePublished\":\"2021-09-08T10:13:36+00:00\",\"dateModified\":\"2021-09-14T09:47:16+00:00\",\"mainEntityOfPage\":{\"@id\":\"https:\\\/\\\/www.copealcoy.es\\\/es\\\/comienza-en-la-comunitat-el-curso-con-mas-docentes-menos-alumnos-y-misma-seguridad-anticovid\\\/\"},\"wordCount\":365,\"commentCount\":0,\"image\":{\"@id\":\"https:\\\/\\\/www.copealcoy.es\\\/es\\\/comienza-en-la-comunitat-el-curso-con-mas-docentes-menos-alumnos-y-misma-seguridad-anticovid\\\/#primaryimage\"},\"thumbnailUrl\":\"https:\\\/\\\/www.copealcoy.es\\\/wp-content\\\/uploads\\\/2021\\\/09\\\/unnamed-1-1.jpg\",\"keywords\":[\"alumnos\",\"Comunitat Valenciana\",\"Coronavirus\",\"crisis sanitaria\",\"inicio curso\",\"protocolo anticovid\",\"Seguridad\"],\"articleSection\":[\"Actualidad\",\"Educaci\u00f3n\",\"Noticias\",\"Pol\u00edtica y Econom\u00eda\"],\"inLanguage\":\"es\"},{\"@type\":\"WebPage\",\"@id\":\"https:\\\/\\\/www.copealcoy.es\\\/es\\\/comienza-en-la-comunitat-el-curso-con-mas-docentes-menos-alumnos-y-misma-seguridad-anticovid\\\/\",\"url\":\"https:\\\/\\\/www.copealcoy.es\\\/es\\\/comienza-en-la-comunitat-el-curso-con-mas-docentes-menos-alumnos-y-misma-seguridad-anticovid\\\/\",\"name\":\"Comienza en la Comunitat el curso con m\u00e1s docentes, menos alumnos y misma seguridad anticovid - COPE Alcoy\",\"isPartOf\":{\"@id\":\"https:\\\/\\\/www.copealcoy.es\\\/es\\\/#website\"},\"primaryImageOfPage\":{\"@id\":\"https:\\\/\\\/www.copealcoy.es\\\/es\\\/comienza-en-la-comunitat-el-curso-con-mas-docentes-menos-alumnos-y-misma-seguridad-anticovid\\\/#primaryimage\"},\"image\":{\"@id\":\"https:\\\/\\\/www.copealcoy.es\\\/es\\\/comienza-en-la-comunitat-el-curso-con-mas-docentes-menos-alumnos-y-misma-seguridad-anticovid\\\/#primaryimage\"},\"thumbnailUrl\":\"https:\\\/\\\/www.copealcoy.es\\\/wp-content\\\/uploads\\\/2021\\\/09\\\/unnamed-1-1.jpg\",\"datePublished\":\"2021-09-08T10:13:36+00:00\",\"dateModified\":\"2021-09-14T09:47:16+00:00\",\"author\":{\"@id\":\"https:\\\/\\\/www.copealcoy.es\\\/es\\\/#\\\/schema\\\/person\\\/e777c87fa024e57d40170af9df39882c\"},\"breadcrumb\":{\"@id\":\"https:\\\/\\\/www.copealcoy.es\\\/es\\\/comienza-en-la-comunitat-el-curso-con-mas-docentes-menos-alumnos-y-misma-seguridad-anticovid\\\/#breadcrumb\"},\"inLanguage\":\"es\",\"potentialAction\":[{\"@type\":\"ReadAction\",\"target\":[\"https:\\\/\\\/www.copealcoy.es\\\/es\\\/comienza-en-la-comunitat-el-curso-con-mas-docentes-menos-alumnos-y-misma-seguridad-anticovid\\\/\"]}]},{\"@type\":\"ImageObject\",\"inLanguage\":\"es\",\"@id\":\"https:\\\/\\\/www.copealcoy.es\\\/es\\\/comienza-en-la-comunitat-el-curso-con-mas-docentes-menos-alumnos-y-misma-seguridad-anticovid\\\/#primaryimage\",\"url\":\"https:\\\/\\\/www.copealcoy.es\\\/wp-content\\\/uploads\\\/2021\\\/09\\\/unnamed-1-1.jpg\",\"contentUrl\":\"https:\\\/\\\/www.copealcoy.es\\\/wp-content\\\/uploads\\\/2021\\\/09\\\/unnamed-1-1.jpg\",\"width\":828,\"height\":369},{\"@type\":\"BreadcrumbList\",\"@id\":\"https:\\\/\\\/www.copealcoy.es\\\/es\\\/comienza-en-la-comunitat-el-curso-con-mas-docentes-menos-alumnos-y-misma-seguridad-anticovid\\\/#breadcrumb\",\"itemListElement\":[{\"@type\":\"ListItem\",\"position\":1,\"name\":\"Portada\",\"item\":\"https:\\\/\\\/www.copealcoy.es\\\/es\\\/\"},{\"@type\":\"ListItem\",\"position\":2,\"name\":\"Comienza en la Comunitat el curso con m\u00e1s docentes, menos alumnos y misma seguridad anticovid\"}]},{\"@type\":\"WebSite\",\"@id\":\"https:\\\/\\\/www.copealcoy.es\\\/es\\\/#website\",\"url\":\"https:\\\/\\\/www.copealcoy.es\\\/es\\\/\",\"name\":\"COPE Alcoy\",\"description\":\"Emisora COPE de radio local con emisi\u00f3n online. Pont de Sant Jordi 8-10 03803 Alcoy\",\"potentialAction\":[{\"@type\":\"SearchAction\",\"target\":{\"@type\":\"EntryPoint\",\"urlTemplate\":\"https:\\\/\\\/www.copealcoy.es\\\/es\\\/?s={search_term_string}\"},\"query-input\":{\"@type\":\"PropertyValueSpecification\",\"valueRequired\":true,\"valueName\":\"search_term_string\"}}],\"inLanguage\":\"es\"},{\"@type\":\"Person\",\"@id\":\"https:\\\/\\\/www.copealcoy.es\\\/es\\\/#\\\/schema\\\/person\\\/e777c87fa024e57d40170af9df39882c\",\"name\":\"Cope Alcoy\",\"image\":{\"@type\":\"ImageObject\",\"inLanguage\":\"es\",\"@id\":\"https:\\\/\\\/secure.gravatar.com\\\/avatar\\\/bb65d0283347e303893ba14f0692005417c1e0e690a325a4c5d8bb2b3943ee14?s=96&d=mm&r=g\",\"url\":\"https:\\\/\\\/secure.gravatar.com\\\/avatar\\\/bb65d0283347e303893ba14f0692005417c1e0e690a325a4c5d8bb2b3943ee14?s=96&d=mm&r=g\",\"contentUrl\":\"https:\\\/\\\/secure.gravatar.com\\\/avatar\\\/bb65d0283347e303893ba14f0692005417c1e0e690a325a4c5d8bb2b3943ee14?s=96&d=mm&r=g\",\"caption\":\"Cope Alcoy\"}}]}<\/script>\n<!-- \/ Yoast SEO plugin. -->","yoast_head_json":{"title":"Comienza en la Comunitat el curso con m\u00e1s docentes, menos alumnos y misma seguridad anticovid - COPE Alcoy","robots":{"index":"index","follow":"follow","max-snippet":"max-snippet:-1","max-image-preview":"max-image-preview:large","max-video-preview":"max-video-preview:-1"},"canonical":"https:\/\/www.copealcoy.es\/es\/comienza-en-la-comunitat-el-curso-con-mas-docentes-menos-alumnos-y-misma-seguridad-anticovid\/","og_locale":"es_ES","og_type":"article","og_title":"Comienza en la Comunitat el curso con m\u00e1s docentes, menos alumnos y misma seguridad anticovid - COPE Alcoy","og_description":"El\u00a0curso escolar comienza este mi\u00e9rcoles en la Comunitat Valenciana con m\u00e1s profesores y menos alumnos en Infantil, Primaria, Secundaria, Bachillerato...","og_url":"https:\/\/www.copealcoy.es\/es\/comienza-en-la-comunitat-el-curso-con-mas-docentes-menos-alumnos-y-misma-seguridad-anticovid\/","og_site_name":"COPE Alcoy","article_published_time":"2021-09-08T10:13:36+00:00","article_modified_time":"2021-09-14T09:47:16+00:00","og_image":[{"width":828,"height":369,"url":"https:\/\/www.copealcoy.es\/wp-content\/uploads\/2021\/09\/unnamed-1-1.jpg","type":"image\/jpeg"}],"author":"Cope Alcoy","twitter_misc":{"Escrito por":"Cope Alcoy","Tiempo de lectura":"2 minutos"},"schema":{"@context":"https:\/\/schema.org","@graph":[{"@type":"Article","@id":"https:\/\/www.copealcoy.es\/es\/comienza-en-la-comunitat-el-curso-con-mas-docentes-menos-alumnos-y-misma-seguridad-anticovid\/#article","isPartOf":{"@id":"https:\/\/www.copealcoy.es\/es\/comienza-en-la-comunitat-el-curso-con-mas-docentes-menos-alumnos-y-misma-seguridad-anticovid\/"},"author":{"name":"Cope Alcoy","@id":"https:\/\/www.copealcoy.es\/es\/#\/schema\/person\/e777c87fa024e57d40170af9df39882c"},"headline":"Comienza en la Comunitat el curso con m\u00e1s docentes, menos alumnos y misma seguridad anticovid","datePublished":"2021-09-08T10:13:36+00:00","dateModified":"2021-09-14T09:47:16+00:00","mainEntityOfPage":{"@id":"https:\/\/www.copealcoy.es\/es\/comienza-en-la-comunitat-el-curso-con-mas-docentes-menos-alumnos-y-misma-seguridad-anticovid\/"},"wordCount":365,"commentCount":0,"image":{"@id":"https:\/\/www.copealcoy.es\/es\/comienza-en-la-comunitat-el-curso-con-mas-docentes-menos-alumnos-y-misma-seguridad-anticovid\/#primaryimage"},"thumbnailUrl":"https:\/\/www.copealcoy.es\/wp-content\/uploads\/2021\/09\/unnamed-1-1.jpg","keywords":["alumnos","Comunitat Valenciana","Coronavirus","crisis sanitaria","inicio curso","protocolo anticovid","Seguridad"],"articleSection":["Actualidad","Educaci\u00f3n","Noticias","Pol\u00edtica y Econom\u00eda"],"inLanguage":"es"},{"@type":"WebPage","@id":"https:\/\/www.copealcoy.es\/es\/comienza-en-la-comunitat-el-curso-con-mas-docentes-menos-alumnos-y-misma-seguridad-anticovid\/","url":"https:\/\/www.copealcoy.es\/es\/comienza-en-la-comunitat-el-curso-con-mas-docentes-menos-alumnos-y-misma-seguridad-anticovid\/","name":"Comienza en la Comunitat el curso con m\u00e1s docentes, menos alumnos y misma seguridad anticovid - COPE Alcoy","isPartOf":{"@id":"https:\/\/www.copealcoy.es\/es\/#website"},"primaryImageOfPage":{"@id":"https:\/\/www.copealcoy.es\/es\/comienza-en-la-comunitat-el-curso-con-mas-docentes-menos-alumnos-y-misma-seguridad-anticovid\/#primaryimage"},"image":{"@id":"https:\/\/www.copealcoy.es\/es\/comienza-en-la-comunitat-el-curso-con-mas-docentes-menos-alumnos-y-misma-seguridad-anticovid\/#primaryimage"},"thumbnailUrl":"https:\/\/www.copealcoy.es\/wp-content\/uploads\/2021\/09\/unnamed-1-1.jpg","datePublished":"2021-09-08T10:13:36+00:00","dateModified":"2021-09-14T09:47:16+00:00","author":{"@id":"https:\/\/www.copealcoy.es\/es\/#\/schema\/person\/e777c87fa024e57d40170af9df39882c"},"breadcrumb":{"@id":"https:\/\/www.copealcoy.es\/es\/comienza-en-la-comunitat-el-curso-con-mas-docentes-menos-alumnos-y-misma-seguridad-anticovid\/#breadcrumb"},"inLanguage":"es","potentialAction":[{"@type":"ReadAction","target":["https:\/\/www.copealcoy.es\/es\/comienza-en-la-comunitat-el-curso-con-mas-docentes-menos-alumnos-y-misma-seguridad-anticovid\/"]}]},{"@type":"ImageObject","inLanguage":"es","@id":"https:\/\/www.copealcoy.es\/es\/comienza-en-la-comunitat-el-curso-con-mas-docentes-menos-alumnos-y-misma-seguridad-anticovid\/#primaryimage","url":"https:\/\/www.copealcoy.es\/wp-content\/uploads\/2021\/09\/unnamed-1-1.jpg","contentUrl":"https:\/\/www.copealcoy.es\/wp-content\/uploads\/2021\/09\/unnamed-1-1.jpg","width":828,"height":369},{"@type":"BreadcrumbList","@id":"https:\/\/www.copealcoy.es\/es\/comienza-en-la-comunitat-el-curso-con-mas-docentes-menos-alumnos-y-misma-seguridad-anticovid\/#breadcrumb","itemListElement":[{"@type":"ListItem","position":1,"name":"Portada","item":"https:\/\/www.copealcoy.es\/es\/"},{"@type":"ListItem","position":2,"name":"Comienza en la Comunitat el curso con m\u00e1s docentes, menos alumnos y misma seguridad anticovid"}]},{"@type":"WebSite","@id":"https:\/\/www.copealcoy.es\/es\/#website","url":"https:\/\/www.copealcoy.es\/es\/","name":"COPE Alcoy","description":"Emisora COPE de radio local con emisi\u00f3n online. Pont de Sant Jordi 8-10 03803 Alcoy","potentialAction":[{"@type":"SearchAction","target":{"@type":"EntryPoint","urlTemplate":"https:\/\/www.copealcoy.es\/es\/?s={search_term_string}"},"query-input":{"@type":"PropertyValueSpecification","valueRequired":true,"valueName":"search_term_string"}}],"inLanguage":"es"},{"@type":"Person","@id":"https:\/\/www.copealcoy.es\/es\/#\/schema\/person\/e777c87fa024e57d40170af9df39882c","name":"Cope Alcoy","image":{"@type":"ImageObject","inLanguage":"es","@id":"https:\/\/secure.gravatar.com\/avatar\/bb65d0283347e303893ba14f0692005417c1e0e690a325a4c5d8bb2b3943ee14?s=96&d=mm&r=g","url":"https:\/\/secure.gravatar.com\/avatar\/bb65d0283347e303893ba14f0692005417c1e0e690a325a4c5d8bb2b3943ee14?s=96&d=mm&r=g","contentUrl":"https:\/\/secure.gravatar.com\/avatar\/bb65d0283347e303893ba14f0692005417c1e0e690a325a4c5d8bb2b3943ee14?s=96&d=mm&r=g","caption":"Cope Alcoy"}}]}},"_links":{"self":[{"href":"https:\/\/www.copealcoy.es\/es\/wp-json\/wp\/v2\/posts\/77299","targetHints":{"allow":["GET"]}}],"collection":[{"href":"https:\/\/www.copealcoy.es\/es\/wp-json\/wp\/v2\/posts"}],"about":[{"href":"https:\/\/www.copealcoy.es\/es\/wp-json\/wp\/v2\/types\/post"}],"author":[{"embeddable":true,"href":"https:\/\/www.copealcoy.es\/es\/wp-json\/wp\/v2\/users\/1"}],"replies":[{"embeddable":true,"href":"https:\/\/www.copealcoy.es\/es\/wp-json\/wp\/v2\/comments?post=77299"}],"version-history":[{"count":0,"href":"https:\/\/www.copealcoy.es\/es\/wp-json\/wp\/v2\/posts\/77299\/revisions"}],"wp:featuredmedia":[{"embeddable":true,"href":"https:\/\/www.copealcoy.es\/es\/wp-json\/wp\/v2\/media\/77300"}],"wp:attachment":[{"href":"https:\/\/www.copealcoy.es\/es\/wp-json\/wp\/v2\/media?parent=77299"}],"wp:term":[{"taxonomy":"category","embeddable":true,"href":"https:\/\/www.copealcoy.es\/es\/wp-json\/wp\/v2\/categories?post=77299"},{"taxonomy":"post_tag","embeddable":true,"href":"https:\/\/www.copealcoy.es\/es\/wp-json\/wp\/v2\/tags?post=77299"}],"curies":[{"name":"wp","href":"https:\/\/api.w.org\/{rel}","templated":true}]}}