{"id":77293,"date":"2021-09-08T10:57:06","date_gmt":"2021-09-08T09:57:06","guid":{"rendered":"https:\/\/www.copealcoy.es\/?p=77293"},"modified":"2021-09-08T11:05:51","modified_gmt":"2021-09-08T10:05:51","slug":"arranca-el-nou-servei-de-transport-per-a-estudiants-de-la-manco","status":"publish","type":"post","link":"https:\/\/www.copealcoy.es\/es\/arranca-el-nou-servei-de-transport-per-a-estudiants-de-la-manco\/","title":{"rendered":"Arranca el nou servei de transport per a estudiants de la Manco"},"content":{"rendered":"<p style=\"text-align: justify;\">Aquest dimecres 8 de setembre <strong>arranca el nou STU+<\/strong>, el <strong>Servei de Transport per a Estudiants<\/strong> que impulsa la <strong>Mancomunitat de l&#8217;Alcoi\u00e0 i el Comtat<\/strong>, i que a partir d&#8217;ara <strong>refor\u00e7a la seua oferta hor\u00e0ria <\/strong>al mateix temps que <strong>incorpora un nou trajecte<\/strong> que uneix les poblacions del Comtat i l\u2019Alcoi\u00e0 amb la Foia de Castalla.<\/p>\n<p style=\"text-align: justify;\">Encara que l\u2019autob\u00fas que uneix Muro, Cocentaina i Alcoi amb la Universitat d\u2019Alacant <strong>fa anys que funciona<\/strong>, el nou servei est\u00e0 pensat per a cobrir tamb\u00e9 <strong>les necessitats de l\u2019alumnat dels centres de Formaci\u00f3 Professional<\/strong>, amb noves parades, trajectes i horaris.<\/p>\n<p style=\"text-align: justify;\">Per tal de fer \u00fas del servei a preu redu\u00eft, <strong>cal complir els requisits d\u2019estar matriculat a un centre formatiu oficial i estar empadronat a qualsevol dels municipis de la Mancomunitat de l\u2019Alcoi\u00e0 i el Comtat<\/strong> i <strong>sol\u00b7licitar la targeta de transport de l\u2019STU+<\/strong> mitjan\u00e7ant la seu electr\u00f2nica de la Mancomunitat. El servei est\u00e0 unificat, de manera que les persones usu\u00e0ries <strong>poden viatjar a qualsevol dels autobusos, horaris i trajectes<\/strong>.<\/p>\n<p style=\"text-align: justify;\">Tota la informaci\u00f3 <strong>sobre horaris, parades, tarifes<\/strong> i com fer<strong> les sol\u00b7licituds d\u2019alta o renovaci\u00f3 de la targeta de transport<\/strong> es pot trobar a la p\u00e0gina web de<span style=\"color: #0000ff;\"><strong> <a style=\"color: #0000ff;\" href=\"https:\/\/lamancomunitat.org\/?lang=es\">la Mancomunitat de l\u2019Alcoi\u00e0 i el Comtat<\/a><\/strong><\/span>.<\/p>\n<p style=\"text-align: justify;\">Les persones que no reunisquen els requisits \u2013\u00e9s a dir, que no estiguen estudiant o no residisquen a algun dels municipis integrants de la Mancomunitat\u2013 <strong>tamb\u00e9 poden emprar el transport<\/strong>, sense necessitat de fer cap sol\u00b7licitud, abonant les tarifes ordin\u00e0ries estipulades al mateix autob\u00fas.<\/p>\n","protected":false},"excerpt":{"rendered":"<p>Aquest dimecres 8 de setembre arranca el nou STU+, el Servei de Transport per a Estudiants que impulsa la Mancomunitat&#8230;<\/p>\n","protected":false},"author":1,"featured_media":52768,"comment_status":"open","ping_status":"open","sticky":false,"template":"","format":"standard","meta":{"footnotes":""},"categories":[98,75],"tags":[482,237,11713,9963,1745,11712,11359],"class_list":["post-77293","post","type-post","status-publish","format-standard","has-post-thumbnail","hentry","category-comarcas","category-noticias","tag-alcoia","tag-comtat","tag-estudiants","tag-inici","tag-mancomunitat","tag-nou-servei","tag-transport-universitari"],"yoast_head":"<!-- This site is optimized with the Yoast SEO plugin v27.3 - https:\/\/yoast.com\/product\/yoast-seo-wordpress\/ -->\n<title>Arranca el nou servei de transport per a estudiants de la Manco - COPE Alcoy<\/title>\n<meta name=\"robots\" content=\"index, follow, max-snippet:-1, max-image-preview:large, max-video-preview:-1\" \/>\n<link rel=\"canonical\" href=\"https:\/\/www.copealcoy.es\/es\/arranca-el-nou-servei-de-transport-per-a-estudiants-de-la-manco\/\" \/>\n<meta property=\"og:locale\" content=\"es_ES\" \/>\n<meta property=\"og:type\" content=\"article\" \/>\n<meta property=\"og:title\" content=\"Arranca el nou servei de transport per a estudiants de la Manco - COPE Alcoy\" \/>\n<meta property=\"og:description\" content=\"Aquest dimecres 8 de setembre arranca el nou STU+, el Servei de Transport per a Estudiants que impulsa la Mancomunitat...\" \/>\n<meta property=\"og:url\" content=\"https:\/\/www.copealcoy.es\/es\/arranca-el-nou-servei-de-transport-per-a-estudiants-de-la-manco\/\" \/>\n<meta property=\"og:site_name\" content=\"COPE Alcoy\" \/>\n<meta property=\"article:published_time\" content=\"2021-09-08T09:57:06+00:00\" \/>\n<meta property=\"article:modified_time\" content=\"2021-09-08T10:05:51+00:00\" \/>\n<meta property=\"og:image\" content=\"https:\/\/www.copealcoy.es\/wp-content\/uploads\/2019\/07\/grp_vectalia_car-1.jpg\" \/>\n\t<meta property=\"og:image:width\" content=\"550\" \/>\n\t<meta property=\"og:image:height\" content=\"267\" \/>\n\t<meta property=\"og:image:type\" content=\"image\/jpeg\" \/>\n<meta name=\"author\" content=\"Cope Alcoy\" \/>\n<meta name=\"twitter:label1\" content=\"Escrito por\" \/>\n\t<meta name=\"twitter:data1\" content=\"Cope Alcoy\" \/>\n\t<meta name=\"twitter:label2\" content=\"Tiempo de lectura\" \/>\n\t<meta name=\"twitter:data2\" content=\"2 minutos\" \/>\n<script type=\"application\/ld+json\" class=\"yoast-schema-graph\">{\"@context\":\"https:\\\/\\\/schema.org\",\"@graph\":[{\"@type\":\"Article\",\"@id\":\"https:\\\/\\\/www.copealcoy.es\\\/es\\\/arranca-el-nou-servei-de-transport-per-a-estudiants-de-la-manco\\\/#article\",\"isPartOf\":{\"@id\":\"https:\\\/\\\/www.copealcoy.es\\\/es\\\/arranca-el-nou-servei-de-transport-per-a-estudiants-de-la-manco\\\/\"},\"author\":{\"name\":\"Cope Alcoy\",\"@id\":\"https:\\\/\\\/www.copealcoy.es\\\/es\\\/#\\\/schema\\\/person\\\/e777c87fa024e57d40170af9df39882c\"},\"headline\":\"Arranca el nou servei de transport per a estudiants de la Manco\",\"datePublished\":\"2021-09-08T09:57:06+00:00\",\"dateModified\":\"2021-09-08T10:05:51+00:00\",\"mainEntityOfPage\":{\"@id\":\"https:\\\/\\\/www.copealcoy.es\\\/es\\\/arranca-el-nou-servei-de-transport-per-a-estudiants-de-la-manco\\\/\"},\"wordCount\":281,\"commentCount\":0,\"image\":{\"@id\":\"https:\\\/\\\/www.copealcoy.es\\\/es\\\/arranca-el-nou-servei-de-transport-per-a-estudiants-de-la-manco\\\/#primaryimage\"},\"thumbnailUrl\":\"https:\\\/\\\/www.copealcoy.es\\\/wp-content\\\/uploads\\\/2019\\\/07\\\/grp_vectalia_car-1.jpg\",\"keywords\":[\"Alcoi\u00e0\",\"Comtat\",\"estudiants\",\"inici\",\"Mancomunitat\",\"nou servei\",\"transport universitari\"],\"articleSection\":[\"Comarcas\",\"Noticias\"],\"inLanguage\":\"es\"},{\"@type\":\"WebPage\",\"@id\":\"https:\\\/\\\/www.copealcoy.es\\\/es\\\/arranca-el-nou-servei-de-transport-per-a-estudiants-de-la-manco\\\/\",\"url\":\"https:\\\/\\\/www.copealcoy.es\\\/es\\\/arranca-el-nou-servei-de-transport-per-a-estudiants-de-la-manco\\\/\",\"name\":\"Arranca el nou servei de transport per a estudiants de la Manco - COPE Alcoy\",\"isPartOf\":{\"@id\":\"https:\\\/\\\/www.copealcoy.es\\\/es\\\/#website\"},\"primaryImageOfPage\":{\"@id\":\"https:\\\/\\\/www.copealcoy.es\\\/es\\\/arranca-el-nou-servei-de-transport-per-a-estudiants-de-la-manco\\\/#primaryimage\"},\"image\":{\"@id\":\"https:\\\/\\\/www.copealcoy.es\\\/es\\\/arranca-el-nou-servei-de-transport-per-a-estudiants-de-la-manco\\\/#primaryimage\"},\"thumbnailUrl\":\"https:\\\/\\\/www.copealcoy.es\\\/wp-content\\\/uploads\\\/2019\\\/07\\\/grp_vectalia_car-1.jpg\",\"datePublished\":\"2021-09-08T09:57:06+00:00\",\"dateModified\":\"2021-09-08T10:05:51+00:00\",\"author\":{\"@id\":\"https:\\\/\\\/www.copealcoy.es\\\/es\\\/#\\\/schema\\\/person\\\/e777c87fa024e57d40170af9df39882c\"},\"breadcrumb\":{\"@id\":\"https:\\\/\\\/www.copealcoy.es\\\/es\\\/arranca-el-nou-servei-de-transport-per-a-estudiants-de-la-manco\\\/#breadcrumb\"},\"inLanguage\":\"es\",\"potentialAction\":[{\"@type\":\"ReadAction\",\"target\":[\"https:\\\/\\\/www.copealcoy.es\\\/es\\\/arranca-el-nou-servei-de-transport-per-a-estudiants-de-la-manco\\\/\"]}]},{\"@type\":\"ImageObject\",\"inLanguage\":\"es\",\"@id\":\"https:\\\/\\\/www.copealcoy.es\\\/es\\\/arranca-el-nou-servei-de-transport-per-a-estudiants-de-la-manco\\\/#primaryimage\",\"url\":\"https:\\\/\\\/www.copealcoy.es\\\/wp-content\\\/uploads\\\/2019\\\/07\\\/grp_vectalia_car-1.jpg\",\"contentUrl\":\"https:\\\/\\\/www.copealcoy.es\\\/wp-content\\\/uploads\\\/2019\\\/07\\\/grp_vectalia_car-1.jpg\",\"width\":550,\"height\":267},{\"@type\":\"BreadcrumbList\",\"@id\":\"https:\\\/\\\/www.copealcoy.es\\\/es\\\/arranca-el-nou-servei-de-transport-per-a-estudiants-de-la-manco\\\/#breadcrumb\",\"itemListElement\":[{\"@type\":\"ListItem\",\"position\":1,\"name\":\"Portada\",\"item\":\"https:\\\/\\\/www.copealcoy.es\\\/es\\\/\"},{\"@type\":\"ListItem\",\"position\":2,\"name\":\"Arranca el nou servei de transport per a estudiants de la Manco\"}]},{\"@type\":\"WebSite\",\"@id\":\"https:\\\/\\\/www.copealcoy.es\\\/es\\\/#website\",\"url\":\"https:\\\/\\\/www.copealcoy.es\\\/es\\\/\",\"name\":\"COPE Alcoy\",\"description\":\"Emisora COPE de radio local con emisi\u00f3n online. Pont de Sant Jordi 8-10 03803 Alcoy\",\"potentialAction\":[{\"@type\":\"SearchAction\",\"target\":{\"@type\":\"EntryPoint\",\"urlTemplate\":\"https:\\\/\\\/www.copealcoy.es\\\/es\\\/?s={search_term_string}\"},\"query-input\":{\"@type\":\"PropertyValueSpecification\",\"valueRequired\":true,\"valueName\":\"search_term_string\"}}],\"inLanguage\":\"es\"},{\"@type\":\"Person\",\"@id\":\"https:\\\/\\\/www.copealcoy.es\\\/es\\\/#\\\/schema\\\/person\\\/e777c87fa024e57d40170af9df39882c\",\"name\":\"Cope Alcoy\",\"image\":{\"@type\":\"ImageObject\",\"inLanguage\":\"es\",\"@id\":\"https:\\\/\\\/secure.gravatar.com\\\/avatar\\\/bb65d0283347e303893ba14f0692005417c1e0e690a325a4c5d8bb2b3943ee14?s=96&d=mm&r=g\",\"url\":\"https:\\\/\\\/secure.gravatar.com\\\/avatar\\\/bb65d0283347e303893ba14f0692005417c1e0e690a325a4c5d8bb2b3943ee14?s=96&d=mm&r=g\",\"contentUrl\":\"https:\\\/\\\/secure.gravatar.com\\\/avatar\\\/bb65d0283347e303893ba14f0692005417c1e0e690a325a4c5d8bb2b3943ee14?s=96&d=mm&r=g\",\"caption\":\"Cope Alcoy\"}}]}<\/script>\n<!-- \/ Yoast SEO plugin. -->","yoast_head_json":{"title":"Arranca el nou servei de transport per a estudiants de la Manco - COPE Alcoy","robots":{"index":"index","follow":"follow","max-snippet":"max-snippet:-1","max-image-preview":"max-image-preview:large","max-video-preview":"max-video-preview:-1"},"canonical":"https:\/\/www.copealcoy.es\/es\/arranca-el-nou-servei-de-transport-per-a-estudiants-de-la-manco\/","og_locale":"es_ES","og_type":"article","og_title":"Arranca el nou servei de transport per a estudiants de la Manco - COPE Alcoy","og_description":"Aquest dimecres 8 de setembre arranca el nou STU+, el Servei de Transport per a Estudiants que impulsa la Mancomunitat...","og_url":"https:\/\/www.copealcoy.es\/es\/arranca-el-nou-servei-de-transport-per-a-estudiants-de-la-manco\/","og_site_name":"COPE Alcoy","article_published_time":"2021-09-08T09:57:06+00:00","article_modified_time":"2021-09-08T10:05:51+00:00","og_image":[{"width":550,"height":267,"url":"https:\/\/www.copealcoy.es\/wp-content\/uploads\/2019\/07\/grp_vectalia_car-1.jpg","type":"image\/jpeg"}],"author":"Cope Alcoy","twitter_misc":{"Escrito por":"Cope Alcoy","Tiempo de lectura":"2 minutos"},"schema":{"@context":"https:\/\/schema.org","@graph":[{"@type":"Article","@id":"https:\/\/www.copealcoy.es\/es\/arranca-el-nou-servei-de-transport-per-a-estudiants-de-la-manco\/#article","isPartOf":{"@id":"https:\/\/www.copealcoy.es\/es\/arranca-el-nou-servei-de-transport-per-a-estudiants-de-la-manco\/"},"author":{"name":"Cope Alcoy","@id":"https:\/\/www.copealcoy.es\/es\/#\/schema\/person\/e777c87fa024e57d40170af9df39882c"},"headline":"Arranca el nou servei de transport per a estudiants de la Manco","datePublished":"2021-09-08T09:57:06+00:00","dateModified":"2021-09-08T10:05:51+00:00","mainEntityOfPage":{"@id":"https:\/\/www.copealcoy.es\/es\/arranca-el-nou-servei-de-transport-per-a-estudiants-de-la-manco\/"},"wordCount":281,"commentCount":0,"image":{"@id":"https:\/\/www.copealcoy.es\/es\/arranca-el-nou-servei-de-transport-per-a-estudiants-de-la-manco\/#primaryimage"},"thumbnailUrl":"https:\/\/www.copealcoy.es\/wp-content\/uploads\/2019\/07\/grp_vectalia_car-1.jpg","keywords":["Alcoi\u00e0","Comtat","estudiants","inici","Mancomunitat","nou servei","transport universitari"],"articleSection":["Comarcas","Noticias"],"inLanguage":"es"},{"@type":"WebPage","@id":"https:\/\/www.copealcoy.es\/es\/arranca-el-nou-servei-de-transport-per-a-estudiants-de-la-manco\/","url":"https:\/\/www.copealcoy.es\/es\/arranca-el-nou-servei-de-transport-per-a-estudiants-de-la-manco\/","name":"Arranca el nou servei de transport per a estudiants de la Manco - COPE Alcoy","isPartOf":{"@id":"https:\/\/www.copealcoy.es\/es\/#website"},"primaryImageOfPage":{"@id":"https:\/\/www.copealcoy.es\/es\/arranca-el-nou-servei-de-transport-per-a-estudiants-de-la-manco\/#primaryimage"},"image":{"@id":"https:\/\/www.copealcoy.es\/es\/arranca-el-nou-servei-de-transport-per-a-estudiants-de-la-manco\/#primaryimage"},"thumbnailUrl":"https:\/\/www.copealcoy.es\/wp-content\/uploads\/2019\/07\/grp_vectalia_car-1.jpg","datePublished":"2021-09-08T09:57:06+00:00","dateModified":"2021-09-08T10:05:51+00:00","author":{"@id":"https:\/\/www.copealcoy.es\/es\/#\/schema\/person\/e777c87fa024e57d40170af9df39882c"},"breadcrumb":{"@id":"https:\/\/www.copealcoy.es\/es\/arranca-el-nou-servei-de-transport-per-a-estudiants-de-la-manco\/#breadcrumb"},"inLanguage":"es","potentialAction":[{"@type":"ReadAction","target":["https:\/\/www.copealcoy.es\/es\/arranca-el-nou-servei-de-transport-per-a-estudiants-de-la-manco\/"]}]},{"@type":"ImageObject","inLanguage":"es","@id":"https:\/\/www.copealcoy.es\/es\/arranca-el-nou-servei-de-transport-per-a-estudiants-de-la-manco\/#primaryimage","url":"https:\/\/www.copealcoy.es\/wp-content\/uploads\/2019\/07\/grp_vectalia_car-1.jpg","contentUrl":"https:\/\/www.copealcoy.es\/wp-content\/uploads\/2019\/07\/grp_vectalia_car-1.jpg","width":550,"height":267},{"@type":"BreadcrumbList","@id":"https:\/\/www.copealcoy.es\/es\/arranca-el-nou-servei-de-transport-per-a-estudiants-de-la-manco\/#breadcrumb","itemListElement":[{"@type":"ListItem","position":1,"name":"Portada","item":"https:\/\/www.copealcoy.es\/es\/"},{"@type":"ListItem","position":2,"name":"Arranca el nou servei de transport per a estudiants de la Manco"}]},{"@type":"WebSite","@id":"https:\/\/www.copealcoy.es\/es\/#website","url":"https:\/\/www.copealcoy.es\/es\/","name":"COPE Alcoy","description":"Emisora COPE de radio local con emisi\u00f3n online. Pont de Sant Jordi 8-10 03803 Alcoy","potentialAction":[{"@type":"SearchAction","target":{"@type":"EntryPoint","urlTemplate":"https:\/\/www.copealcoy.es\/es\/?s={search_term_string}"},"query-input":{"@type":"PropertyValueSpecification","valueRequired":true,"valueName":"search_term_string"}}],"inLanguage":"es"},{"@type":"Person","@id":"https:\/\/www.copealcoy.es\/es\/#\/schema\/person\/e777c87fa024e57d40170af9df39882c","name":"Cope Alcoy","image":{"@type":"ImageObject","inLanguage":"es","@id":"https:\/\/secure.gravatar.com\/avatar\/bb65d0283347e303893ba14f0692005417c1e0e690a325a4c5d8bb2b3943ee14?s=96&d=mm&r=g","url":"https:\/\/secure.gravatar.com\/avatar\/bb65d0283347e303893ba14f0692005417c1e0e690a325a4c5d8bb2b3943ee14?s=96&d=mm&r=g","contentUrl":"https:\/\/secure.gravatar.com\/avatar\/bb65d0283347e303893ba14f0692005417c1e0e690a325a4c5d8bb2b3943ee14?s=96&d=mm&r=g","caption":"Cope Alcoy"}}]}},"_links":{"self":[{"href":"https:\/\/www.copealcoy.es\/es\/wp-json\/wp\/v2\/posts\/77293","targetHints":{"allow":["GET"]}}],"collection":[{"href":"https:\/\/www.copealcoy.es\/es\/wp-json\/wp\/v2\/posts"}],"about":[{"href":"https:\/\/www.copealcoy.es\/es\/wp-json\/wp\/v2\/types\/post"}],"author":[{"embeddable":true,"href":"https:\/\/www.copealcoy.es\/es\/wp-json\/wp\/v2\/users\/1"}],"replies":[{"embeddable":true,"href":"https:\/\/www.copealcoy.es\/es\/wp-json\/wp\/v2\/comments?post=77293"}],"version-history":[{"count":0,"href":"https:\/\/www.copealcoy.es\/es\/wp-json\/wp\/v2\/posts\/77293\/revisions"}],"wp:featuredmedia":[{"embeddable":true,"href":"https:\/\/www.copealcoy.es\/es\/wp-json\/wp\/v2\/media\/52768"}],"wp:attachment":[{"href":"https:\/\/www.copealcoy.es\/es\/wp-json\/wp\/v2\/media?parent=77293"}],"wp:term":[{"taxonomy":"category","embeddable":true,"href":"https:\/\/www.copealcoy.es\/es\/wp-json\/wp\/v2\/categories?post=77293"},{"taxonomy":"post_tag","embeddable":true,"href":"https:\/\/www.copealcoy.es\/es\/wp-json\/wp\/v2\/tags?post=77293"}],"curies":[{"name":"wp","href":"https:\/\/api.w.org\/{rel}","templated":true}]}}